{"id":5643,"date":"2016-07-30T11:25:07","date_gmt":"2016-07-30T09:25:07","guid":{"rendered":"http:\/\/www.altercampagne.net\/?p=5643"},"modified":"2016-08-02T11:28:32","modified_gmt":"2016-08-02T09:28:32","slug":"laltertour-fait-une-halte-a-quimper-lundi-1er-aout","status":"publish","type":"post","link":"https:\/\/www.altercampagne.net\/?p=5643","title":{"rendered":"L&rsquo;Altertour fait une halte \u00e0 Quimper lundi 1er ao\u00fbt"},"content":{"rendered":"<p>L&rsquo;Altertour fera \u00e9tape \u00e0 Quimper le lundi 1er ao\u00fbt. Les associations Kernav\u00e9lo et Actes en Cornouaille accueillent les 60 cyclistes au sein d&rsquo;un forum associatif au jardin de l&rsquo;\u00c9v\u00each\u00e9, entre 12 h et 18 h. Au programme : stands d&rsquo;E-Ker, d&rsquo;Attac, d&rsquo;Eau et Rivi\u00e8res, sortir du Nucl\u00e9aire, conf\u00e9rence de Pierre Mollo, ateliers de discussion, exposition, musique, petite restauration pour le d\u00e9jeuner avec l&rsquo;Effet Papillon&#8230;<\/p>\n<p>L&rsquo;\u00ab Altertour pour une plan\u00e8te sans dopage \u00bb est un parcours cycliste autog\u00e9r\u00e9 en relais, partant \u00e0 la d\u00e9couverte des alternatives r\u00e9gionales au cours de l&rsquo;\u00e9t\u00e9. Le parcours 2016 est breton : de Notre-Dame-des-Landes le 10 juillet, \u00e0 Rennes le 21 ao\u00fbt. C&rsquo;est un espace de rencontre, de d\u00e9bats, ouvert \u00e0 tous, visant \u00e0 promouvoir la r\u00e9flexion, les \u00e9changes de connaissances et d&rsquo;exp\u00e9riences militantes, les t\u00e9moignages de r\u00e9sistance non-violente. Il est organis\u00e9 par l&rsquo;association Altercampagne, n\u00e9e des suites de la mobilisation de 2004 contre les OGM.<\/p>\n<p>Ce lundi 1er ao\u00fbt, entre 12 h et 15 h 30 au Jardin de l&rsquo;\u00c9v\u00each\u00e9. Acc\u00e8s libre et gratuit.<\/p>\n<p>Source : <a href=\"http:\/\/www.ouest-france.fr\/bretagne\/quimper-29000\/laltertour-fait-une-halte-quimper-lundi-1er-aout-4397070\" target=\"_blank\">Ouest France<\/a><\/p>\n","protected":false},"excerpt":{"rendered":"<p>L&rsquo;Altertour fera \u00e9tape \u00e0 Quimper le lundi 1er ao\u00fbt. Les associations Kernav\u00e9lo et Actes en Cornouaille accueillent les 60 cyclistes au sein d&rsquo;un forum associatif au jardin de l&rsquo;\u00c9v\u00each\u00e9, entre 12 h et 18 h. Au programme : stands d&rsquo;E-Ker, d&rsquo;Attac, d&rsquo;Eau et Rivi\u00e8res, sortir du Nucl\u00e9aire, conf\u00e9rence de Pierre &#8230; <\/p>\n<div><a href=\"https:\/\/www.altercampagne.net\/?p=5643\" class=\"more-link\">Read More<\/a><\/div>\n","protected":false},"author":214,"featured_media":0,"comment_status":"closed","ping_status":"closed","sticky":false,"template":"","format":"standard","meta":{"footnotes":""},"categories":[239],"tags":[20,143,383,410,428,471,1008,1652,2543,2544,2546,2581,2587,2592,2593,2594],"class_list":["post-5643","post","type-post","status-publish","format-standard","hentry","category-revue-de-presse","tag-bretagne","tag-ogm","tag-altertour-2016","tag-finistere","tag-sortir-du-nucleaire","tag-ouest-france","tag-attac","tag-1652","tag-quimper","tag-e-ker","tag-pierre-mollo","tag-actes-en-cornouaille","tag-kernavelo","tag-jardin-de-leveche","tag-deau-et-rivieres","tag-effet-papillon","no-post-thumbnail"],"yoast_head":"<!-- This site is optimized with the Yoast SEO plugin v27.3 - https:\/\/yoast.com\/product\/yoast-seo-wordpress\/ -->\n<title>L&#039;Altertour fait une halte \u00e0 Quimper lundi 1er ao\u00fbt - AlterTour<\/title>\n<meta name=\"robots\" content=\"index, follow, max-snippet:-1, max-image-preview:large, max-video-preview:-1\" \/>\n<link rel=\"canonical\" href=\"https:\/\/www.altercampagne.net\/?p=5643\" \/>\n<meta property=\"og:locale\" content=\"fr_FR\" \/>\n<meta property=\"og:type\" content=\"article\" \/>\n<meta property=\"og:title\" content=\"L&#039;Altertour fait une halte \u00e0 Quimper lundi 1er ao\u00fbt - AlterTour\" \/>\n<meta property=\"og:description\" content=\"L&rsquo;Altertour fera \u00e9tape \u00e0 Quimper le lundi 1er ao\u00fbt. Les associations Kernav\u00e9lo et Actes en Cornouaille accueillent les 60 cyclistes au sein d&rsquo;un forum associatif au jardin de l&rsquo;\u00c9v\u00each\u00e9, entre 12 h et 18 h. Au programme : stands d&rsquo;E-Ker, d&rsquo;Attac, d&rsquo;Eau et Rivi\u00e8res, sortir du Nucl\u00e9aire, conf\u00e9rence de Pierre ... Read More\" \/>\n<meta property=\"og:url\" content=\"https:\/\/www.altercampagne.net\/?p=5643\" \/>\n<meta property=\"og:site_name\" content=\"AlterTour\" \/>\n<meta property=\"article:published_time\" content=\"2016-07-30T09:25:07+00:00\" \/>\n<meta property=\"article:modified_time\" content=\"2016-08-02T09:28:32+00:00\" \/>\n<meta name=\"author\" content=\"Mathieu\" \/>\n<meta name=\"twitter:card\" content=\"summary_large_image\" \/>\n<meta name=\"twitter:label1\" content=\"\u00c9crit par\" \/>\n\t<meta name=\"twitter:data1\" content=\"Mathieu\" \/>\n\t<meta name=\"twitter:label2\" content=\"Dur\u00e9e de lecture estim\u00e9e\" \/>\n\t<meta name=\"twitter:data2\" content=\"1 minute\" \/>\n<script type=\"application\/ld+json\" class=\"yoast-schema-graph\">{\"@context\":\"https:\\\/\\\/schema.org\",\"@graph\":[{\"@type\":\"Article\",\"@id\":\"https:\\\/\\\/www.altercampagne.net\\\/?p=5643#article\",\"isPartOf\":{\"@id\":\"https:\\\/\\\/www.altercampagne.net\\\/?p=5643\"},\"author\":{\"name\":\"Mathieu\",\"@id\":\"https:\\\/\\\/www.altercampagne.net\\\/#\\\/schema\\\/person\\\/0f261460c09e430caa0f9bcffa319109\"},\"headline\":\"L&rsquo;Altertour fait une halte \u00e0 Quimper lundi 1er ao\u00fbt\",\"datePublished\":\"2016-07-30T09:25:07+00:00\",\"dateModified\":\"2016-08-02T09:28:32+00:00\",\"mainEntityOfPage\":{\"@id\":\"https:\\\/\\\/www.altercampagne.net\\\/?p=5643\"},\"wordCount\":197,\"keywords\":[\"bretagne\",\"ogm\",\"AlterTour 2016\",\"finist\u00e8re\",\"sortir du nucl\u00e9aire\",\"ouest france\",\"Attac\",\"2016\",\"quimper\",\"E-Ker\",\"Pierre Mollo\",\"Actes en Cornouaille\",\"Kernav\u00e9lo\",\"jardin de l'\u00c9v\u00each\u00e9\",\"d'Eau et Rivi\u00e8res\",\"Effet Papillon\"],\"articleSection\":[\"Revue de presse\"],\"inLanguage\":\"fr-FR\"},{\"@type\":\"WebPage\",\"@id\":\"https:\\\/\\\/www.altercampagne.net\\\/?p=5643\",\"url\":\"https:\\\/\\\/www.altercampagne.net\\\/?p=5643\",\"name\":\"L'Altertour fait une halte \u00e0 Quimper lundi 1er ao\u00fbt - AlterTour\",\"isPartOf\":{\"@id\":\"https:\\\/\\\/www.altercampagne.net\\\/#website\"},\"datePublished\":\"2016-07-30T09:25:07+00:00\",\"dateModified\":\"2016-08-02T09:28:32+00:00\",\"author\":{\"@id\":\"https:\\\/\\\/www.altercampagne.net\\\/#\\\/schema\\\/person\\\/0f261460c09e430caa0f9bcffa319109\"},\"breadcrumb\":{\"@id\":\"https:\\\/\\\/www.altercampagne.net\\\/?p=5643#breadcrumb\"},\"inLanguage\":\"fr-FR\",\"potentialAction\":[{\"@type\":\"ReadAction\",\"target\":[\"https:\\\/\\\/www.altercampagne.net\\\/?p=5643\"]}]},{\"@type\":\"BreadcrumbList\",\"@id\":\"https:\\\/\\\/www.altercampagne.net\\\/?p=5643#breadcrumb\",\"itemListElement\":[{\"@type\":\"ListItem\",\"position\":1,\"name\":\"Accueil\",\"item\":\"https:\\\/\\\/www.altercampagne.net\\\/\"},{\"@type\":\"ListItem\",\"position\":2,\"name\":\"L&rsquo;Altertour fait une halte \u00e0 Quimper lundi 1er ao\u00fbt\"}]},{\"@type\":\"WebSite\",\"@id\":\"https:\\\/\\\/www.altercampagne.net\\\/#website\",\"url\":\"https:\\\/\\\/www.altercampagne.net\\\/\",\"name\":\"AlterTour\",\"description\":\"Reliez les Alternatives \u00e0 v\u00e9lo\",\"potentialAction\":[{\"@type\":\"SearchAction\",\"target\":{\"@type\":\"EntryPoint\",\"urlTemplate\":\"https:\\\/\\\/www.altercampagne.net\\\/?s={search_term_string}\"},\"query-input\":{\"@type\":\"PropertyValueSpecification\",\"valueRequired\":true,\"valueName\":\"search_term_string\"}}],\"inLanguage\":\"fr-FR\"},{\"@type\":\"Person\",\"@id\":\"https:\\\/\\\/www.altercampagne.net\\\/#\\\/schema\\\/person\\\/0f261460c09e430caa0f9bcffa319109\",\"name\":\"Mathieu\",\"image\":{\"@type\":\"ImageObject\",\"inLanguage\":\"fr-FR\",\"@id\":\"https:\\\/\\\/secure.gravatar.com\\\/avatar\\\/aa9d3d24c83f2141e5e2709d0f63d09a99f6be6bb7a50abc4915838d9f54501a?s=96&d=mm&r=g\",\"url\":\"https:\\\/\\\/secure.gravatar.com\\\/avatar\\\/aa9d3d24c83f2141e5e2709d0f63d09a99f6be6bb7a50abc4915838d9f54501a?s=96&d=mm&r=g\",\"contentUrl\":\"https:\\\/\\\/secure.gravatar.com\\\/avatar\\\/aa9d3d24c83f2141e5e2709d0f63d09a99f6be6bb7a50abc4915838d9f54501a?s=96&d=mm&r=g\",\"caption\":\"Mathieu\"},\"url\":\"https:\\\/\\\/www.altercampagne.net\\\/?author=214\"}]}<\/script>\n<!-- \/ Yoast SEO plugin. -->","yoast_head_json":{"title":"L'Altertour fait une halte \u00e0 Quimper lundi 1er ao\u00fbt - AlterTour","robots":{"index":"index","follow":"follow","max-snippet":"max-snippet:-1","max-image-preview":"max-image-preview:large","max-video-preview":"max-video-preview:-1"},"canonical":"https:\/\/www.altercampagne.net\/?p=5643","og_locale":"fr_FR","og_type":"article","og_title":"L'Altertour fait une halte \u00e0 Quimper lundi 1er ao\u00fbt - AlterTour","og_description":"L&rsquo;Altertour fera \u00e9tape \u00e0 Quimper le lundi 1er ao\u00fbt. Les associations Kernav\u00e9lo et Actes en Cornouaille accueillent les 60 cyclistes au sein d&rsquo;un forum associatif au jardin de l&rsquo;\u00c9v\u00each\u00e9, entre 12 h et 18 h. Au programme : stands d&rsquo;E-Ker, d&rsquo;Attac, d&rsquo;Eau et Rivi\u00e8res, sortir du Nucl\u00e9aire, conf\u00e9rence de Pierre ... Read More","og_url":"https:\/\/www.altercampagne.net\/?p=5643","og_site_name":"AlterTour","article_published_time":"2016-07-30T09:25:07+00:00","article_modified_time":"2016-08-02T09:28:32+00:00","author":"Mathieu","twitter_card":"summary_large_image","twitter_misc":{"\u00c9crit par":"Mathieu","Dur\u00e9e de lecture estim\u00e9e":"1 minute"},"schema":{"@context":"https:\/\/schema.org","@graph":[{"@type":"Article","@id":"https:\/\/www.altercampagne.net\/?p=5643#article","isPartOf":{"@id":"https:\/\/www.altercampagne.net\/?p=5643"},"author":{"name":"Mathieu","@id":"https:\/\/www.altercampagne.net\/#\/schema\/person\/0f261460c09e430caa0f9bcffa319109"},"headline":"L&rsquo;Altertour fait une halte \u00e0 Quimper lundi 1er ao\u00fbt","datePublished":"2016-07-30T09:25:07+00:00","dateModified":"2016-08-02T09:28:32+00:00","mainEntityOfPage":{"@id":"https:\/\/www.altercampagne.net\/?p=5643"},"wordCount":197,"keywords":["bretagne","ogm","AlterTour 2016","finist\u00e8re","sortir du nucl\u00e9aire","ouest france","Attac","2016","quimper","E-Ker","Pierre Mollo","Actes en Cornouaille","Kernav\u00e9lo","jardin de l'\u00c9v\u00each\u00e9","d'Eau et Rivi\u00e8res","Effet Papillon"],"articleSection":["Revue de presse"],"inLanguage":"fr-FR"},{"@type":"WebPage","@id":"https:\/\/www.altercampagne.net\/?p=5643","url":"https:\/\/www.altercampagne.net\/?p=5643","name":"L'Altertour fait une halte \u00e0 Quimper lundi 1er ao\u00fbt - AlterTour","isPartOf":{"@id":"https:\/\/www.altercampagne.net\/#website"},"datePublished":"2016-07-30T09:25:07+00:00","dateModified":"2016-08-02T09:28:32+00:00","author":{"@id":"https:\/\/www.altercampagne.net\/#\/schema\/person\/0f261460c09e430caa0f9bcffa319109"},"breadcrumb":{"@id":"https:\/\/www.altercampagne.net\/?p=5643#breadcrumb"},"inLanguage":"fr-FR","potentialAction":[{"@type":"ReadAction","target":["https:\/\/www.altercampagne.net\/?p=5643"]}]},{"@type":"BreadcrumbList","@id":"https:\/\/www.altercampagne.net\/?p=5643#breadcrumb","itemListElement":[{"@type":"ListItem","position":1,"name":"Accueil","item":"https:\/\/www.altercampagne.net\/"},{"@type":"ListItem","position":2,"name":"L&rsquo;Altertour fait une halte \u00e0 Quimper lundi 1er ao\u00fbt"}]},{"@type":"WebSite","@id":"https:\/\/www.altercampagne.net\/#website","url":"https:\/\/www.altercampagne.net\/","name":"AlterTour","description":"Reliez les Alternatives \u00e0 v\u00e9lo","potentialAction":[{"@type":"SearchAction","target":{"@type":"EntryPoint","urlTemplate":"https:\/\/www.altercampagne.net\/?s={search_term_string}"},"query-input":{"@type":"PropertyValueSpecification","valueRequired":true,"valueName":"search_term_string"}}],"inLanguage":"fr-FR"},{"@type":"Person","@id":"https:\/\/www.altercampagne.net\/#\/schema\/person\/0f261460c09e430caa0f9bcffa319109","name":"Mathieu","image":{"@type":"ImageObject","inLanguage":"fr-FR","@id":"https:\/\/secure.gravatar.com\/avatar\/aa9d3d24c83f2141e5e2709d0f63d09a99f6be6bb7a50abc4915838d9f54501a?s=96&d=mm&r=g","url":"https:\/\/secure.gravatar.com\/avatar\/aa9d3d24c83f2141e5e2709d0f63d09a99f6be6bb7a50abc4915838d9f54501a?s=96&d=mm&r=g","contentUrl":"https:\/\/secure.gravatar.com\/avatar\/aa9d3d24c83f2141e5e2709d0f63d09a99f6be6bb7a50abc4915838d9f54501a?s=96&d=mm&r=g","caption":"Mathieu"},"url":"https:\/\/www.altercampagne.net\/?author=214"}]}},"_links":{"self":[{"href":"https:\/\/www.altercampagne.net\/index.php?rest_route=\/wp\/v2\/posts\/5643","targetHints":{"allow":["GET"]}}],"collection":[{"href":"https:\/\/www.altercampagne.net\/index.php?rest_route=\/wp\/v2\/posts"}],"about":[{"href":"https:\/\/www.altercampagne.net\/index.php?rest_route=\/wp\/v2\/types\/post"}],"author":[{"embeddable":true,"href":"https:\/\/www.altercampagne.net\/index.php?rest_route=\/wp\/v2\/users\/214"}],"replies":[{"embeddable":true,"href":"https:\/\/www.altercampagne.net\/index.php?rest_route=%2Fwp%2Fv2%2Fcomments&post=5643"}],"version-history":[{"count":0,"href":"https:\/\/www.altercampagne.net\/index.php?rest_route=\/wp\/v2\/posts\/5643\/revisions"}],"wp:attachment":[{"href":"https:\/\/www.altercampagne.net\/index.php?rest_route=%2Fwp%2Fv2%2Fmedia&parent=5643"}],"wp:term":[{"taxonomy":"category","embeddable":true,"href":"https:\/\/www.altercampagne.net\/index.php?rest_route=%2Fwp%2Fv2%2Fcategories&post=5643"},{"taxonomy":"post_tag","embeddable":true,"href":"https:\/\/www.altercampagne.net\/index.php?rest_route=%2Fwp%2Fv2%2Ftags&post=5643"}],"curies":[{"name":"wp","href":"https:\/\/api.w.org\/{rel}","templated":true}]}}