{"id":5647,"date":"2016-08-01T11:44:50","date_gmt":"2016-08-01T09:44:50","guid":{"rendered":"http:\/\/www.altercampagne.net\/?p=5647"},"modified":"2019-09-13T17:14:35","modified_gmt":"2019-09-13T15:14:35","slug":"le-petit-noyer-plante-lors-du-passage-de-laltertour-a-languedias-se-porte-a-merveille","status":"publish","type":"post","link":"https:\/\/www.altercampagne.net\/?p=5647","title":{"rendered":"Le petit noyer plant\u00e9 lors du passage de l&rsquo;AlterTour \u00e0 Langu\u00e9dias se porte \u00e0 merveille."},"content":{"rendered":"<p>Le petit noyer plant\u00e9 lors du passage de l&rsquo;alter tour \u00e0 Langu\u00e9dias (22 juillet) se porte \u00e0 merveille.<\/p>\n<p>Les balan\u00e7oires pour les petits sont en place Le BRF est en place pour amortir les ch\u00fbtes et emp\u00eacher la croissance des adventices.<\/p>\n<p>Le parking attend l&rsquo;inauguration du 21 septembre, les cars d&rsquo;enfants, les parents qui, le matin conduise les enfants \u00e0 l&rsquo;\u00e9cole, les cars de ramassage scolaire (l&rsquo;\u00e9cole est au fond)<\/p>\n<p>Il reste \u00e0 creuser la tranch\u00e9e pour amener eau et \u00e9lectricit\u00e9 dans la serre.<\/p>\n<p>Je suis pass\u00e9 samedi, ai plant\u00e9 une vigne dans la serre, ai apport\u00e9 un Kalancol\u00e9 et des boutures de feuilles de plantes grasses.<\/p>\n<p>Tout avance pour le mieux<\/p>\n<p style=\"text-align: right;\"><strong>Emmanuel Rolland<\/strong><\/p>\n","protected":false},"excerpt":{"rendered":"<p>Le petit noyer plant\u00e9 lors du passage de l&rsquo;alter tour \u00e0 Langu\u00e9dias (22 juillet) se porte \u00e0 merveille. Les balan\u00e7oires pour les petits sont en place Le BRF est en place pour amortir les ch\u00fbtes et emp\u00eacher la croissance des adventices. Le parking attend l&rsquo;inauguration du 21 septembre, les cars &#8230; <\/p>\n<div><a href=\"https:\/\/www.altercampagne.net\/?p=5647\" class=\"more-link\">Read More<\/a><\/div>\n","protected":false},"author":214,"featured_media":15513,"comment_status":"closed","ping_status":"closed","sticky":false,"template":"","format":"standard","meta":{"footnotes":""},"categories":[3472,3938,3486,3459],"tags":[20,383,411,856,1652,2393,2398,2846,2849,2850,2851],"class_list":["post-5647","post","type-post","status-publish","format-standard","has-post-thumbnail","hentry","category-bretagne","category-education","category-environnement","category-edition-2016","tag-bretagne","tag-altertour-2016","tag-cote-darmor","tag-brf","tag-1652","tag-languedias","tag-emmanuel-rolland","tag-accueillant","tag-accueillant2016","tag-accueillant-2016","tag-altertour2016"],"yoast_head":"<!-- This site is optimized with the Yoast SEO plugin v27.3 - https:\/\/yoast.com\/product\/yoast-seo-wordpress\/ -->\n<title>Le petit noyer plant\u00e9 lors du passage de l&#039;AlterTour \u00e0 Langu\u00e9dias se porte \u00e0 merveille. - AlterTour<\/title>\n<meta name=\"robots\" content=\"index, follow, max-snippet:-1, max-image-preview:large, max-video-preview:-1\" \/>\n<link rel=\"canonical\" href=\"https:\/\/www.altercampagne.net\/?p=5647\" \/>\n<meta property=\"og:locale\" content=\"fr_FR\" \/>\n<meta property=\"og:type\" content=\"article\" \/>\n<meta property=\"og:title\" content=\"Le petit noyer plant\u00e9 lors du passage de l&#039;AlterTour \u00e0 Langu\u00e9dias se porte \u00e0 merveille. - AlterTour\" \/>\n<meta property=\"og:description\" content=\"Le petit noyer plant\u00e9 lors du passage de l&rsquo;alter tour \u00e0 Langu\u00e9dias (22 juillet) se porte \u00e0 merveille. Les balan\u00e7oires pour les petits sont en place Le BRF est en place pour amortir les ch\u00fbtes et emp\u00eacher la croissance des adventices. Le parking attend l&rsquo;inauguration du 21 septembre, les cars ... Read More\" \/>\n<meta property=\"og:url\" content=\"https:\/\/www.altercampagne.net\/?p=5647\" \/>\n<meta property=\"og:site_name\" content=\"AlterTour\" \/>\n<meta property=\"article:published_time\" content=\"2016-08-01T09:44:50+00:00\" \/>\n<meta property=\"article:modified_time\" content=\"2019-09-13T15:14:35+00:00\" \/>\n<meta property=\"og:image\" content=\"https:\/\/www.altercampagne.net\/wp-content\/uploads\/2016\/08\/2016-07-22_12.07.jpg\" \/>\n\t<meta property=\"og:image:width\" content=\"902\" \/>\n\t<meta property=\"og:image:height\" content=\"472\" \/>\n\t<meta property=\"og:image:type\" content=\"image\/jpeg\" \/>\n<meta name=\"author\" content=\"Mathieu\" \/>\n<meta name=\"twitter:card\" content=\"summary_large_image\" \/>\n<meta name=\"twitter:label1\" content=\"\u00c9crit par\" \/>\n\t<meta name=\"twitter:data1\" content=\"Mathieu\" \/>\n\t<meta name=\"twitter:label2\" content=\"Dur\u00e9e de lecture estim\u00e9e\" \/>\n\t<meta name=\"twitter:data2\" content=\"1 minute\" \/>\n<script type=\"application\/ld+json\" class=\"yoast-schema-graph\">{\"@context\":\"https:\\\/\\\/schema.org\",\"@graph\":[{\"@type\":\"Article\",\"@id\":\"https:\\\/\\\/www.altercampagne.net\\\/?p=5647#article\",\"isPartOf\":{\"@id\":\"https:\\\/\\\/www.altercampagne.net\\\/?p=5647\"},\"author\":{\"name\":\"Mathieu\",\"@id\":\"https:\\\/\\\/www.altercampagne.net\\\/#\\\/schema\\\/person\\\/0f261460c09e430caa0f9bcffa319109\"},\"headline\":\"Le petit noyer plant\u00e9 lors du passage de l&rsquo;AlterTour \u00e0 Langu\u00e9dias se porte \u00e0 merveille.\",\"datePublished\":\"2016-08-01T09:44:50+00:00\",\"dateModified\":\"2019-09-13T15:14:35+00:00\",\"mainEntityOfPage\":{\"@id\":\"https:\\\/\\\/www.altercampagne.net\\\/?p=5647\"},\"wordCount\":133,\"image\":{\"@id\":\"https:\\\/\\\/www.altercampagne.net\\\/?p=5647#primaryimage\"},\"thumbnailUrl\":\"https:\\\/\\\/www.altercampagne.net\\\/wp-content\\\/uploads\\\/2016\\\/08\\\/2016-07-22_12.07.jpg\",\"keywords\":[\"bretagne\",\"AlterTour 2016\",\"cote d'armor\",\"BRF\",\"2016\",\"langu\u00e9dias\",\"Emmanuel ROLLAND\",\"accueillant\",\"accueillant2016\",\"accueillant 2016\",\"AlterTour2016\"],\"articleSection\":[\"Bretagne\",\"Education\",\"Environnement\",\"\u00c9dition 2016\"],\"inLanguage\":\"fr-FR\"},{\"@type\":\"WebPage\",\"@id\":\"https:\\\/\\\/www.altercampagne.net\\\/?p=5647\",\"url\":\"https:\\\/\\\/www.altercampagne.net\\\/?p=5647\",\"name\":\"Le petit noyer plant\u00e9 lors du passage de l'AlterTour \u00e0 Langu\u00e9dias se porte \u00e0 merveille. - AlterTour\",\"isPartOf\":{\"@id\":\"https:\\\/\\\/www.altercampagne.net\\\/#website\"},\"primaryImageOfPage\":{\"@id\":\"https:\\\/\\\/www.altercampagne.net\\\/?p=5647#primaryimage\"},\"image\":{\"@id\":\"https:\\\/\\\/www.altercampagne.net\\\/?p=5647#primaryimage\"},\"thumbnailUrl\":\"https:\\\/\\\/www.altercampagne.net\\\/wp-content\\\/uploads\\\/2016\\\/08\\\/2016-07-22_12.07.jpg\",\"datePublished\":\"2016-08-01T09:44:50+00:00\",\"dateModified\":\"2019-09-13T15:14:35+00:00\",\"author\":{\"@id\":\"https:\\\/\\\/www.altercampagne.net\\\/#\\\/schema\\\/person\\\/0f261460c09e430caa0f9bcffa319109\"},\"breadcrumb\":{\"@id\":\"https:\\\/\\\/www.altercampagne.net\\\/?p=5647#breadcrumb\"},\"inLanguage\":\"fr-FR\",\"potentialAction\":[{\"@type\":\"ReadAction\",\"target\":[\"https:\\\/\\\/www.altercampagne.net\\\/?p=5647\"]}]},{\"@type\":\"ImageObject\",\"inLanguage\":\"fr-FR\",\"@id\":\"https:\\\/\\\/www.altercampagne.net\\\/?p=5647#primaryimage\",\"url\":\"https:\\\/\\\/www.altercampagne.net\\\/wp-content\\\/uploads\\\/2016\\\/08\\\/2016-07-22_12.07.jpg\",\"contentUrl\":\"https:\\\/\\\/www.altercampagne.net\\\/wp-content\\\/uploads\\\/2016\\\/08\\\/2016-07-22_12.07.jpg\",\"width\":902,\"height\":472},{\"@type\":\"BreadcrumbList\",\"@id\":\"https:\\\/\\\/www.altercampagne.net\\\/?p=5647#breadcrumb\",\"itemListElement\":[{\"@type\":\"ListItem\",\"position\":1,\"name\":\"Accueil\",\"item\":\"https:\\\/\\\/www.altercampagne.net\\\/\"},{\"@type\":\"ListItem\",\"position\":2,\"name\":\"Le petit noyer plant\u00e9 lors du passage de l&rsquo;AlterTour \u00e0 Langu\u00e9dias se porte \u00e0 merveille.\"}]},{\"@type\":\"WebSite\",\"@id\":\"https:\\\/\\\/www.altercampagne.net\\\/#website\",\"url\":\"https:\\\/\\\/www.altercampagne.net\\\/\",\"name\":\"AlterTour\",\"description\":\"Reliez les Alternatives \u00e0 v\u00e9lo\",\"potentialAction\":[{\"@type\":\"SearchAction\",\"target\":{\"@type\":\"EntryPoint\",\"urlTemplate\":\"https:\\\/\\\/www.altercampagne.net\\\/?s={search_term_string}\"},\"query-input\":{\"@type\":\"PropertyValueSpecification\",\"valueRequired\":true,\"valueName\":\"search_term_string\"}}],\"inLanguage\":\"fr-FR\"},{\"@type\":\"Person\",\"@id\":\"https:\\\/\\\/www.altercampagne.net\\\/#\\\/schema\\\/person\\\/0f261460c09e430caa0f9bcffa319109\",\"name\":\"Mathieu\",\"image\":{\"@type\":\"ImageObject\",\"inLanguage\":\"fr-FR\",\"@id\":\"https:\\\/\\\/secure.gravatar.com\\\/avatar\\\/aa9d3d24c83f2141e5e2709d0f63d09a99f6be6bb7a50abc4915838d9f54501a?s=96&d=mm&r=g\",\"url\":\"https:\\\/\\\/secure.gravatar.com\\\/avatar\\\/aa9d3d24c83f2141e5e2709d0f63d09a99f6be6bb7a50abc4915838d9f54501a?s=96&d=mm&r=g\",\"contentUrl\":\"https:\\\/\\\/secure.gravatar.com\\\/avatar\\\/aa9d3d24c83f2141e5e2709d0f63d09a99f6be6bb7a50abc4915838d9f54501a?s=96&d=mm&r=g\",\"caption\":\"Mathieu\"},\"url\":\"https:\\\/\\\/www.altercampagne.net\\\/?author=214\"}]}<\/script>\n<!-- \/ Yoast SEO plugin. -->","yoast_head_json":{"title":"Le petit noyer plant\u00e9 lors du passage de l'AlterTour \u00e0 Langu\u00e9dias se porte \u00e0 merveille. - AlterTour","robots":{"index":"index","follow":"follow","max-snippet":"max-snippet:-1","max-image-preview":"max-image-preview:large","max-video-preview":"max-video-preview:-1"},"canonical":"https:\/\/www.altercampagne.net\/?p=5647","og_locale":"fr_FR","og_type":"article","og_title":"Le petit noyer plant\u00e9 lors du passage de l'AlterTour \u00e0 Langu\u00e9dias se porte \u00e0 merveille. - AlterTour","og_description":"Le petit noyer plant\u00e9 lors du passage de l&rsquo;alter tour \u00e0 Langu\u00e9dias (22 juillet) se porte \u00e0 merveille. Les balan\u00e7oires pour les petits sont en place Le BRF est en place pour amortir les ch\u00fbtes et emp\u00eacher la croissance des adventices. Le parking attend l&rsquo;inauguration du 21 septembre, les cars ... Read More","og_url":"https:\/\/www.altercampagne.net\/?p=5647","og_site_name":"AlterTour","article_published_time":"2016-08-01T09:44:50+00:00","article_modified_time":"2019-09-13T15:14:35+00:00","og_image":[{"width":902,"height":472,"url":"https:\/\/www.altercampagne.net\/wp-content\/uploads\/2016\/08\/2016-07-22_12.07.jpg","type":"image\/jpeg"}],"author":"Mathieu","twitter_card":"summary_large_image","twitter_misc":{"\u00c9crit par":"Mathieu","Dur\u00e9e de lecture estim\u00e9e":"1 minute"},"schema":{"@context":"https:\/\/schema.org","@graph":[{"@type":"Article","@id":"https:\/\/www.altercampagne.net\/?p=5647#article","isPartOf":{"@id":"https:\/\/www.altercampagne.net\/?p=5647"},"author":{"name":"Mathieu","@id":"https:\/\/www.altercampagne.net\/#\/schema\/person\/0f261460c09e430caa0f9bcffa319109"},"headline":"Le petit noyer plant\u00e9 lors du passage de l&rsquo;AlterTour \u00e0 Langu\u00e9dias se porte \u00e0 merveille.","datePublished":"2016-08-01T09:44:50+00:00","dateModified":"2019-09-13T15:14:35+00:00","mainEntityOfPage":{"@id":"https:\/\/www.altercampagne.net\/?p=5647"},"wordCount":133,"image":{"@id":"https:\/\/www.altercampagne.net\/?p=5647#primaryimage"},"thumbnailUrl":"https:\/\/www.altercampagne.net\/wp-content\/uploads\/2016\/08\/2016-07-22_12.07.jpg","keywords":["bretagne","AlterTour 2016","cote d'armor","BRF","2016","langu\u00e9dias","Emmanuel ROLLAND","accueillant","accueillant2016","accueillant 2016","AlterTour2016"],"articleSection":["Bretagne","Education","Environnement","\u00c9dition 2016"],"inLanguage":"fr-FR"},{"@type":"WebPage","@id":"https:\/\/www.altercampagne.net\/?p=5647","url":"https:\/\/www.altercampagne.net\/?p=5647","name":"Le petit noyer plant\u00e9 lors du passage de l'AlterTour \u00e0 Langu\u00e9dias se porte \u00e0 merveille. - AlterTour","isPartOf":{"@id":"https:\/\/www.altercampagne.net\/#website"},"primaryImageOfPage":{"@id":"https:\/\/www.altercampagne.net\/?p=5647#primaryimage"},"image":{"@id":"https:\/\/www.altercampagne.net\/?p=5647#primaryimage"},"thumbnailUrl":"https:\/\/www.altercampagne.net\/wp-content\/uploads\/2016\/08\/2016-07-22_12.07.jpg","datePublished":"2016-08-01T09:44:50+00:00","dateModified":"2019-09-13T15:14:35+00:00","author":{"@id":"https:\/\/www.altercampagne.net\/#\/schema\/person\/0f261460c09e430caa0f9bcffa319109"},"breadcrumb":{"@id":"https:\/\/www.altercampagne.net\/?p=5647#breadcrumb"},"inLanguage":"fr-FR","potentialAction":[{"@type":"ReadAction","target":["https:\/\/www.altercampagne.net\/?p=5647"]}]},{"@type":"ImageObject","inLanguage":"fr-FR","@id":"https:\/\/www.altercampagne.net\/?p=5647#primaryimage","url":"https:\/\/www.altercampagne.net\/wp-content\/uploads\/2016\/08\/2016-07-22_12.07.jpg","contentUrl":"https:\/\/www.altercampagne.net\/wp-content\/uploads\/2016\/08\/2016-07-22_12.07.jpg","width":902,"height":472},{"@type":"BreadcrumbList","@id":"https:\/\/www.altercampagne.net\/?p=5647#breadcrumb","itemListElement":[{"@type":"ListItem","position":1,"name":"Accueil","item":"https:\/\/www.altercampagne.net\/"},{"@type":"ListItem","position":2,"name":"Le petit noyer plant\u00e9 lors du passage de l&rsquo;AlterTour \u00e0 Langu\u00e9dias se porte \u00e0 merveille."}]},{"@type":"WebSite","@id":"https:\/\/www.altercampagne.net\/#website","url":"https:\/\/www.altercampagne.net\/","name":"AlterTour","description":"Reliez les Alternatives \u00e0 v\u00e9lo","potentialAction":[{"@type":"SearchAction","target":{"@type":"EntryPoint","urlTemplate":"https:\/\/www.altercampagne.net\/?s={search_term_string}"},"query-input":{"@type":"PropertyValueSpecification","valueRequired":true,"valueName":"search_term_string"}}],"inLanguage":"fr-FR"},{"@type":"Person","@id":"https:\/\/www.altercampagne.net\/#\/schema\/person\/0f261460c09e430caa0f9bcffa319109","name":"Mathieu","image":{"@type":"ImageObject","inLanguage":"fr-FR","@id":"https:\/\/secure.gravatar.com\/avatar\/aa9d3d24c83f2141e5e2709d0f63d09a99f6be6bb7a50abc4915838d9f54501a?s=96&d=mm&r=g","url":"https:\/\/secure.gravatar.com\/avatar\/aa9d3d24c83f2141e5e2709d0f63d09a99f6be6bb7a50abc4915838d9f54501a?s=96&d=mm&r=g","contentUrl":"https:\/\/secure.gravatar.com\/avatar\/aa9d3d24c83f2141e5e2709d0f63d09a99f6be6bb7a50abc4915838d9f54501a?s=96&d=mm&r=g","caption":"Mathieu"},"url":"https:\/\/www.altercampagne.net\/?author=214"}]}},"_links":{"self":[{"href":"https:\/\/www.altercampagne.net\/index.php?rest_route=\/wp\/v2\/posts\/5647","targetHints":{"allow":["GET"]}}],"collection":[{"href":"https:\/\/www.altercampagne.net\/index.php?rest_route=\/wp\/v2\/posts"}],"about":[{"href":"https:\/\/www.altercampagne.net\/index.php?rest_route=\/wp\/v2\/types\/post"}],"author":[{"embeddable":true,"href":"https:\/\/www.altercampagne.net\/index.php?rest_route=\/wp\/v2\/users\/214"}],"replies":[{"embeddable":true,"href":"https:\/\/www.altercampagne.net\/index.php?rest_route=%2Fwp%2Fv2%2Fcomments&post=5647"}],"version-history":[{"count":0,"href":"https:\/\/www.altercampagne.net\/index.php?rest_route=\/wp\/v2\/posts\/5647\/revisions"}],"wp:featuredmedia":[{"embeddable":true,"href":"https:\/\/www.altercampagne.net\/index.php?rest_route=\/wp\/v2\/media\/15513"}],"wp:attachment":[{"href":"https:\/\/www.altercampagne.net\/index.php?rest_route=%2Fwp%2Fv2%2Fmedia&parent=5647"}],"wp:term":[{"taxonomy":"category","embeddable":true,"href":"https:\/\/www.altercampagne.net\/index.php?rest_route=%2Fwp%2Fv2%2Fcategories&post=5647"},{"taxonomy":"post_tag","embeddable":true,"href":"https:\/\/www.altercampagne.net\/index.php?rest_route=%2Fwp%2Fv2%2Ftags&post=5647"}],"curies":[{"name":"wp","href":"https:\/\/api.w.org\/{rel}","templated":true}]}}