{"id":5659,"date":"2016-08-02T13:53:44","date_gmt":"2016-08-02T11:53:44","guid":{"rendered":"http:\/\/www.altercampagne.net\/?p=5659"},"modified":"2019-09-13T17:19:32","modified_gmt":"2019-09-13T15:19:32","slug":"laltertour-a-fait-etape-a-douarnenez-et-dans-le-cap-sizun","status":"publish","type":"post","link":"https:\/\/www.altercampagne.net\/?p=5659","title":{"rendered":"L&rsquo;AlterTour a fait \u00e9tape \u00e0 Douarnenez et dans le Cap-Sizun"},"content":{"rendered":"<p>Parti le 10 juillet de Notre-Dame-des-Landes, ce tour cycliste alternatif est pass\u00e9 ce mardi 2 ao\u00fbt par Mahalon, avant de faire \u00e9tape \u00e0 Douarnenez. Le but des participants est de rencontrer les associations locales tout au long du parcours.<\/p>\n<p>Ils sont une cinquantaine \u00e0 \u00eatre partis \u00e0 v\u00e9lo le 10 juillet de Notre-Dame-des-Landes (Loire-Atlantique) pour l\u2019AlterTour 2016, qui se terminera le 21 ao\u00fbt. On y croise des Fran\u00e7ais, des Suisses, Belges, Espagnols, en commun une bonne humeur et l\u2019envie de partager une belle exp\u00e9rience de rencontres. Depuis 2008, l\u2019AlterTour parcourt diff\u00e9rentes r\u00e9gions de France chaque \u00e9t\u00e9.<\/p>\n<p>Ce mardi 2 ao\u00fbt 2016, une partie du groupe (environ 25 personnes) fait \u00e9tape \u00e0 Douarnenez (Finist\u00e8re), apr\u00e8s avoir sillonn\u00e9 le Cap-Sizun dans la matin\u00e9e.<\/p>\n<p>L&rsquo;AlterTour est un parcours \u00e0 v\u00e9lo itin\u00e9rant accessible \u00e0 tous. Les participants inscrivent le nombre de jours de participation \u00e0 leur convenance. Les altercyclistes rencontrent des personnes porteuses d\u2019alternatives concr\u00e8tes dans tous les domaines de l\u2019agriculture, l\u2019environnement, le social ou bien encore culturel.<\/p>\n<p>Apr\u00e8s avoir d\u00e9jeun\u00e9 \u00e0 l&rsquo;atelier v\u00e9lo participatif Penn Rustin de Douarnenez, les altercyclistes seront \u00e0 partir de 17 h \u00e0 la librairie L&rsquo;Ivraie, pour une session de concerts de rue avec Cristine M\u00e9rienne.<\/p>\n<p>Source : <a href=\"http:\/\/www.ouest-france.fr\/bretagne\/douarnenez-29100\/laltertour-fait-etape-douarnenez-et-dans-le-cap-sizun-4399018\" target=\"_blank\" rel=\"noopener noreferrer\">Ouest France<\/a><\/p>\n","protected":false},"excerpt":{"rendered":"<p>Parti le 10 juillet de Notre-Dame-des-Landes, ce tour cycliste alternatif est pass\u00e9 ce mardi 2 ao\u00fbt par Mahalon, avant de faire \u00e9tape \u00e0 Douarnenez. Le but des participants est de rencontrer les associations locales tout au long du parcours. Ils sont une cinquantaine \u00e0 \u00eatre partis \u00e0 v\u00e9lo le 10 &#8230; <\/p>\n<div><a href=\"https:\/\/www.altercampagne.net\/?p=5659\" class=\"more-link\">Read More<\/a><\/div>\n","protected":false},"author":214,"featured_media":15518,"comment_status":"closed","ping_status":"closed","sticky":false,"template":"","format":"standard","meta":{"footnotes":""},"categories":[3472,239,3459],"tags":[20,383,410,471,1652,2423,2597,2598,2599,2600,2846,2849,2850,2851],"class_list":["post-5659","post","type-post","status-publish","format-standard","has-post-thumbnail","hentry","category-bretagne","category-revue-de-presse","category-edition-2016","tag-bretagne","tag-altertour-2016","tag-finistere","tag-ouest-france","tag-1652","tag-douarnenez","tag-cap-sizun","tag-penn-rustin","tag-ivraie","tag-cristine-merienne","tag-accueillant","tag-accueillant2016","tag-accueillant-2016","tag-altertour2016"],"yoast_head":"<!-- This site is optimized with the Yoast SEO plugin v27.3 - https:\/\/yoast.com\/product\/yoast-seo-wordpress\/ -->\n<title>L&#039;AlterTour a fait \u00e9tape \u00e0 Douarnenez et dans le Cap-Sizun - AlterTour<\/title>\n<meta name=\"robots\" content=\"index, follow, max-snippet:-1, max-image-preview:large, max-video-preview:-1\" \/>\n<link rel=\"canonical\" href=\"https:\/\/www.altercampagne.net\/?p=5659\" \/>\n<meta property=\"og:locale\" content=\"fr_FR\" \/>\n<meta property=\"og:type\" content=\"article\" \/>\n<meta property=\"og:title\" content=\"L&#039;AlterTour a fait \u00e9tape \u00e0 Douarnenez et dans le Cap-Sizun - AlterTour\" \/>\n<meta property=\"og:description\" content=\"Parti le 10 juillet de Notre-Dame-des-Landes, ce tour cycliste alternatif est pass\u00e9 ce mardi 2 ao\u00fbt par Mahalon, avant de faire \u00e9tape \u00e0 Douarnenez. Le but des participants est de rencontrer les associations locales tout au long du parcours. Ils sont une cinquantaine \u00e0 \u00eatre partis \u00e0 v\u00e9lo le 10 ... Read More\" \/>\n<meta property=\"og:url\" content=\"https:\/\/www.altercampagne.net\/?p=5659\" \/>\n<meta property=\"og:site_name\" content=\"AlterTour\" \/>\n<meta property=\"article:published_time\" content=\"2016-08-02T11:53:44+00:00\" \/>\n<meta property=\"article:modified_time\" content=\"2019-09-13T15:19:32+00:00\" \/>\n<meta property=\"og:image\" content=\"https:\/\/www.altercampagne.net\/wp-content\/uploads\/2016\/08\/laltertour-fait-etape-douarnenez-et-dans-le-cap-sizun1.jpg\" \/>\n\t<meta property=\"og:image:width\" content=\"640\" \/>\n\t<meta property=\"og:image:height\" content=\"360\" \/>\n\t<meta property=\"og:image:type\" content=\"image\/jpeg\" \/>\n<meta name=\"author\" content=\"Mathieu\" \/>\n<meta name=\"twitter:card\" content=\"summary_large_image\" \/>\n<meta name=\"twitter:label1\" content=\"\u00c9crit par\" \/>\n\t<meta name=\"twitter:data1\" content=\"Mathieu\" \/>\n\t<meta name=\"twitter:label2\" content=\"Dur\u00e9e de lecture estim\u00e9e\" \/>\n\t<meta name=\"twitter:data2\" content=\"1 minute\" \/>\n<script type=\"application\/ld+json\" class=\"yoast-schema-graph\">{\"@context\":\"https:\\\/\\\/schema.org\",\"@graph\":[{\"@type\":\"Article\",\"@id\":\"https:\\\/\\\/www.altercampagne.net\\\/?p=5659#article\",\"isPartOf\":{\"@id\":\"https:\\\/\\\/www.altercampagne.net\\\/?p=5659\"},\"author\":{\"name\":\"Mathieu\",\"@id\":\"https:\\\/\\\/www.altercampagne.net\\\/#\\\/schema\\\/person\\\/0f261460c09e430caa0f9bcffa319109\"},\"headline\":\"L&rsquo;AlterTour a fait \u00e9tape \u00e0 Douarnenez et dans le Cap-Sizun\",\"datePublished\":\"2016-08-02T11:53:44+00:00\",\"dateModified\":\"2019-09-13T15:19:32+00:00\",\"mainEntityOfPage\":{\"@id\":\"https:\\\/\\\/www.altercampagne.net\\\/?p=5659\"},\"wordCount\":217,\"image\":{\"@id\":\"https:\\\/\\\/www.altercampagne.net\\\/?p=5659#primaryimage\"},\"thumbnailUrl\":\"https:\\\/\\\/www.altercampagne.net\\\/wp-content\\\/uploads\\\/2016\\\/08\\\/laltertour-fait-etape-douarnenez-et-dans-le-cap-sizun1.jpg\",\"keywords\":[\"bretagne\",\"AlterTour 2016\",\"finist\u00e8re\",\"ouest france\",\"2016\",\"Douarnenez\",\"Cap-Sizun\",\"Penn Rustin\",\"Ivraie\",\"Cristine M\u00e9rienne\",\"accueillant\",\"accueillant2016\",\"accueillant 2016\",\"AlterTour2016\"],\"articleSection\":[\"Bretagne\",\"Revue de presse\",\"\u00c9dition 2016\"],\"inLanguage\":\"fr-FR\"},{\"@type\":\"WebPage\",\"@id\":\"https:\\\/\\\/www.altercampagne.net\\\/?p=5659\",\"url\":\"https:\\\/\\\/www.altercampagne.net\\\/?p=5659\",\"name\":\"L'AlterTour a fait \u00e9tape \u00e0 Douarnenez et dans le Cap-Sizun - AlterTour\",\"isPartOf\":{\"@id\":\"https:\\\/\\\/www.altercampagne.net\\\/#website\"},\"primaryImageOfPage\":{\"@id\":\"https:\\\/\\\/www.altercampagne.net\\\/?p=5659#primaryimage\"},\"image\":{\"@id\":\"https:\\\/\\\/www.altercampagne.net\\\/?p=5659#primaryimage\"},\"thumbnailUrl\":\"https:\\\/\\\/www.altercampagne.net\\\/wp-content\\\/uploads\\\/2016\\\/08\\\/laltertour-fait-etape-douarnenez-et-dans-le-cap-sizun1.jpg\",\"datePublished\":\"2016-08-02T11:53:44+00:00\",\"dateModified\":\"2019-09-13T15:19:32+00:00\",\"author\":{\"@id\":\"https:\\\/\\\/www.altercampagne.net\\\/#\\\/schema\\\/person\\\/0f261460c09e430caa0f9bcffa319109\"},\"breadcrumb\":{\"@id\":\"https:\\\/\\\/www.altercampagne.net\\\/?p=5659#breadcrumb\"},\"inLanguage\":\"fr-FR\",\"potentialAction\":[{\"@type\":\"ReadAction\",\"target\":[\"https:\\\/\\\/www.altercampagne.net\\\/?p=5659\"]}]},{\"@type\":\"ImageObject\",\"inLanguage\":\"fr-FR\",\"@id\":\"https:\\\/\\\/www.altercampagne.net\\\/?p=5659#primaryimage\",\"url\":\"https:\\\/\\\/www.altercampagne.net\\\/wp-content\\\/uploads\\\/2016\\\/08\\\/laltertour-fait-etape-douarnenez-et-dans-le-cap-sizun1.jpg\",\"contentUrl\":\"https:\\\/\\\/www.altercampagne.net\\\/wp-content\\\/uploads\\\/2016\\\/08\\\/laltertour-fait-etape-douarnenez-et-dans-le-cap-sizun1.jpg\",\"width\":640,\"height\":360},{\"@type\":\"BreadcrumbList\",\"@id\":\"https:\\\/\\\/www.altercampagne.net\\\/?p=5659#breadcrumb\",\"itemListElement\":[{\"@type\":\"ListItem\",\"position\":1,\"name\":\"Accueil\",\"item\":\"https:\\\/\\\/www.altercampagne.net\\\/\"},{\"@type\":\"ListItem\",\"position\":2,\"name\":\"L&rsquo;AlterTour a fait \u00e9tape \u00e0 Douarnenez et dans le Cap-Sizun\"}]},{\"@type\":\"WebSite\",\"@id\":\"https:\\\/\\\/www.altercampagne.net\\\/#website\",\"url\":\"https:\\\/\\\/www.altercampagne.net\\\/\",\"name\":\"AlterTour\",\"description\":\"Reliez les Alternatives \u00e0 v\u00e9lo\",\"potentialAction\":[{\"@type\":\"SearchAction\",\"target\":{\"@type\":\"EntryPoint\",\"urlTemplate\":\"https:\\\/\\\/www.altercampagne.net\\\/?s={search_term_string}\"},\"query-input\":{\"@type\":\"PropertyValueSpecification\",\"valueRequired\":true,\"valueName\":\"search_term_string\"}}],\"inLanguage\":\"fr-FR\"},{\"@type\":\"Person\",\"@id\":\"https:\\\/\\\/www.altercampagne.net\\\/#\\\/schema\\\/person\\\/0f261460c09e430caa0f9bcffa319109\",\"name\":\"Mathieu\",\"image\":{\"@type\":\"ImageObject\",\"inLanguage\":\"fr-FR\",\"@id\":\"https:\\\/\\\/secure.gravatar.com\\\/avatar\\\/aa9d3d24c83f2141e5e2709d0f63d09a99f6be6bb7a50abc4915838d9f54501a?s=96&d=mm&r=g\",\"url\":\"https:\\\/\\\/secure.gravatar.com\\\/avatar\\\/aa9d3d24c83f2141e5e2709d0f63d09a99f6be6bb7a50abc4915838d9f54501a?s=96&d=mm&r=g\",\"contentUrl\":\"https:\\\/\\\/secure.gravatar.com\\\/avatar\\\/aa9d3d24c83f2141e5e2709d0f63d09a99f6be6bb7a50abc4915838d9f54501a?s=96&d=mm&r=g\",\"caption\":\"Mathieu\"},\"url\":\"https:\\\/\\\/www.altercampagne.net\\\/?author=214\"}]}<\/script>\n<!-- \/ Yoast SEO plugin. -->","yoast_head_json":{"title":"L'AlterTour a fait \u00e9tape \u00e0 Douarnenez et dans le Cap-Sizun - AlterTour","robots":{"index":"index","follow":"follow","max-snippet":"max-snippet:-1","max-image-preview":"max-image-preview:large","max-video-preview":"max-video-preview:-1"},"canonical":"https:\/\/www.altercampagne.net\/?p=5659","og_locale":"fr_FR","og_type":"article","og_title":"L'AlterTour a fait \u00e9tape \u00e0 Douarnenez et dans le Cap-Sizun - AlterTour","og_description":"Parti le 10 juillet de Notre-Dame-des-Landes, ce tour cycliste alternatif est pass\u00e9 ce mardi 2 ao\u00fbt par Mahalon, avant de faire \u00e9tape \u00e0 Douarnenez. Le but des participants est de rencontrer les associations locales tout au long du parcours. Ils sont une cinquantaine \u00e0 \u00eatre partis \u00e0 v\u00e9lo le 10 ... Read More","og_url":"https:\/\/www.altercampagne.net\/?p=5659","og_site_name":"AlterTour","article_published_time":"2016-08-02T11:53:44+00:00","article_modified_time":"2019-09-13T15:19:32+00:00","og_image":[{"width":640,"height":360,"url":"https:\/\/www.altercampagne.net\/wp-content\/uploads\/2016\/08\/laltertour-fait-etape-douarnenez-et-dans-le-cap-sizun1.jpg","type":"image\/jpeg"}],"author":"Mathieu","twitter_card":"summary_large_image","twitter_misc":{"\u00c9crit par":"Mathieu","Dur\u00e9e de lecture estim\u00e9e":"1 minute"},"schema":{"@context":"https:\/\/schema.org","@graph":[{"@type":"Article","@id":"https:\/\/www.altercampagne.net\/?p=5659#article","isPartOf":{"@id":"https:\/\/www.altercampagne.net\/?p=5659"},"author":{"name":"Mathieu","@id":"https:\/\/www.altercampagne.net\/#\/schema\/person\/0f261460c09e430caa0f9bcffa319109"},"headline":"L&rsquo;AlterTour a fait \u00e9tape \u00e0 Douarnenez et dans le Cap-Sizun","datePublished":"2016-08-02T11:53:44+00:00","dateModified":"2019-09-13T15:19:32+00:00","mainEntityOfPage":{"@id":"https:\/\/www.altercampagne.net\/?p=5659"},"wordCount":217,"image":{"@id":"https:\/\/www.altercampagne.net\/?p=5659#primaryimage"},"thumbnailUrl":"https:\/\/www.altercampagne.net\/wp-content\/uploads\/2016\/08\/laltertour-fait-etape-douarnenez-et-dans-le-cap-sizun1.jpg","keywords":["bretagne","AlterTour 2016","finist\u00e8re","ouest france","2016","Douarnenez","Cap-Sizun","Penn Rustin","Ivraie","Cristine M\u00e9rienne","accueillant","accueillant2016","accueillant 2016","AlterTour2016"],"articleSection":["Bretagne","Revue de presse","\u00c9dition 2016"],"inLanguage":"fr-FR"},{"@type":"WebPage","@id":"https:\/\/www.altercampagne.net\/?p=5659","url":"https:\/\/www.altercampagne.net\/?p=5659","name":"L'AlterTour a fait \u00e9tape \u00e0 Douarnenez et dans le Cap-Sizun - AlterTour","isPartOf":{"@id":"https:\/\/www.altercampagne.net\/#website"},"primaryImageOfPage":{"@id":"https:\/\/www.altercampagne.net\/?p=5659#primaryimage"},"image":{"@id":"https:\/\/www.altercampagne.net\/?p=5659#primaryimage"},"thumbnailUrl":"https:\/\/www.altercampagne.net\/wp-content\/uploads\/2016\/08\/laltertour-fait-etape-douarnenez-et-dans-le-cap-sizun1.jpg","datePublished":"2016-08-02T11:53:44+00:00","dateModified":"2019-09-13T15:19:32+00:00","author":{"@id":"https:\/\/www.altercampagne.net\/#\/schema\/person\/0f261460c09e430caa0f9bcffa319109"},"breadcrumb":{"@id":"https:\/\/www.altercampagne.net\/?p=5659#breadcrumb"},"inLanguage":"fr-FR","potentialAction":[{"@type":"ReadAction","target":["https:\/\/www.altercampagne.net\/?p=5659"]}]},{"@type":"ImageObject","inLanguage":"fr-FR","@id":"https:\/\/www.altercampagne.net\/?p=5659#primaryimage","url":"https:\/\/www.altercampagne.net\/wp-content\/uploads\/2016\/08\/laltertour-fait-etape-douarnenez-et-dans-le-cap-sizun1.jpg","contentUrl":"https:\/\/www.altercampagne.net\/wp-content\/uploads\/2016\/08\/laltertour-fait-etape-douarnenez-et-dans-le-cap-sizun1.jpg","width":640,"height":360},{"@type":"BreadcrumbList","@id":"https:\/\/www.altercampagne.net\/?p=5659#breadcrumb","itemListElement":[{"@type":"ListItem","position":1,"name":"Accueil","item":"https:\/\/www.altercampagne.net\/"},{"@type":"ListItem","position":2,"name":"L&rsquo;AlterTour a fait \u00e9tape \u00e0 Douarnenez et dans le Cap-Sizun"}]},{"@type":"WebSite","@id":"https:\/\/www.altercampagne.net\/#website","url":"https:\/\/www.altercampagne.net\/","name":"AlterTour","description":"Reliez les Alternatives \u00e0 v\u00e9lo","potentialAction":[{"@type":"SearchAction","target":{"@type":"EntryPoint","urlTemplate":"https:\/\/www.altercampagne.net\/?s={search_term_string}"},"query-input":{"@type":"PropertyValueSpecification","valueRequired":true,"valueName":"search_term_string"}}],"inLanguage":"fr-FR"},{"@type":"Person","@id":"https:\/\/www.altercampagne.net\/#\/schema\/person\/0f261460c09e430caa0f9bcffa319109","name":"Mathieu","image":{"@type":"ImageObject","inLanguage":"fr-FR","@id":"https:\/\/secure.gravatar.com\/avatar\/aa9d3d24c83f2141e5e2709d0f63d09a99f6be6bb7a50abc4915838d9f54501a?s=96&d=mm&r=g","url":"https:\/\/secure.gravatar.com\/avatar\/aa9d3d24c83f2141e5e2709d0f63d09a99f6be6bb7a50abc4915838d9f54501a?s=96&d=mm&r=g","contentUrl":"https:\/\/secure.gravatar.com\/avatar\/aa9d3d24c83f2141e5e2709d0f63d09a99f6be6bb7a50abc4915838d9f54501a?s=96&d=mm&r=g","caption":"Mathieu"},"url":"https:\/\/www.altercampagne.net\/?author=214"}]}},"_links":{"self":[{"href":"https:\/\/www.altercampagne.net\/index.php?rest_route=\/wp\/v2\/posts\/5659","targetHints":{"allow":["GET"]}}],"collection":[{"href":"https:\/\/www.altercampagne.net\/index.php?rest_route=\/wp\/v2\/posts"}],"about":[{"href":"https:\/\/www.altercampagne.net\/index.php?rest_route=\/wp\/v2\/types\/post"}],"author":[{"embeddable":true,"href":"https:\/\/www.altercampagne.net\/index.php?rest_route=\/wp\/v2\/users\/214"}],"replies":[{"embeddable":true,"href":"https:\/\/www.altercampagne.net\/index.php?rest_route=%2Fwp%2Fv2%2Fcomments&post=5659"}],"version-history":[{"count":0,"href":"https:\/\/www.altercampagne.net\/index.php?rest_route=\/wp\/v2\/posts\/5659\/revisions"}],"wp:featuredmedia":[{"embeddable":true,"href":"https:\/\/www.altercampagne.net\/index.php?rest_route=\/wp\/v2\/media\/15518"}],"wp:attachment":[{"href":"https:\/\/www.altercampagne.net\/index.php?rest_route=%2Fwp%2Fv2%2Fmedia&parent=5659"}],"wp:term":[{"taxonomy":"category","embeddable":true,"href":"https:\/\/www.altercampagne.net\/index.php?rest_route=%2Fwp%2Fv2%2Fcategories&post=5659"},{"taxonomy":"post_tag","embeddable":true,"href":"https:\/\/www.altercampagne.net\/index.php?rest_route=%2Fwp%2Fv2%2Ftags&post=5659"}],"curies":[{"name":"wp","href":"https:\/\/api.w.org\/{rel}","templated":true}]}}