{"id":5665,"date":"2016-08-01T14:03:02","date_gmt":"2016-08-01T12:03:02","guid":{"rendered":"http:\/\/www.altercampagne.net\/?p=5665"},"modified":"2019-09-13T14:16:14","modified_gmt":"2019-09-13T12:16:14","slug":"tremargat-lalter-tour-nen-finit-pas-de-sillonner-le-centre-bretagne","status":"publish","type":"post","link":"https:\/\/www.altercampagne.net\/?p=5665","title":{"rendered":"Tr\u00e9margat  &#8211; L&rsquo;Alter-tour n&rsquo;en finit pas de sillonner le Centre-Bretagne"},"content":{"rendered":"<p>Pour sa 9e \u00e9dition, 250 \u00e0 300 \u00ab altercyclistes \u00bb se relaient pour sillonner les routes de Bretagne. Mercredi, en fin d&rsquo;apr\u00e8s-midi, l&rsquo;Alter-tour arrivait dans la commune, au th\u00e9\u00e2tre de verdure.<\/p>\n<p>Leur objectif est de montrer que d&rsquo;autres modes de vie et de relations sont possibles, plus solidaires, \u00e9cologiquement et socialement durables. Une invitation \u00e0 vivre le monde autrement et \u00e9changer autour de la th\u00e9matique \u00ab Bien vivre, bien (s) commun (s) \u00bb.<\/p>\n<p>Le groupe Altavoz, aux sonorit\u00e9s psych\u00e9d\u00e9liques, inspir\u00e9es des disques de Pink Floyd ou de Garage rock 60&rsquo;s, \u00e9tait en concert, sous le chapiteau, pour accompagner la soir\u00e9e.<\/p>\n<p>Source : <a href=\"http:\/\/www.ouest-france.fr\/bretagne\/tremargat-22110\/lalter-tour-nen-finit-pas-de-sillonner-le-centre-bretagne-4399567\" target=\"_blank\" rel=\"noopener noreferrer\">Ouest France<\/a><\/p>\n","protected":false},"excerpt":{"rendered":"<p>Pour sa 9e \u00e9dition, 250 \u00e0 300 \u00ab altercyclistes \u00bb se relaient pour sillonner les routes de Bretagne. Mercredi, en fin d&rsquo;apr\u00e8s-midi, l&rsquo;Alter-tour arrivait dans la commune, au th\u00e9\u00e2tre de verdure. Leur objectif est de montrer que d&rsquo;autres modes de vie et de relations sont possibles, plus solidaires, \u00e9cologiquement et &#8230; <\/p>\n<div><a href=\"https:\/\/www.altercampagne.net\/?p=5665\" class=\"more-link\">Read More<\/a><\/div>\n","protected":false},"author":214,"featured_media":15403,"comment_status":"closed","ping_status":"closed","sticky":false,"template":"","format":"standard","meta":{"footnotes":""},"categories":[3472,239,3459],"tags":[20,383,396,471,1652,1669,2601],"class_list":["post-5665","post","type-post","status-publish","format-standard","has-post-thumbnail","hentry","category-bretagne","category-revue-de-presse","category-edition-2016","tag-bretagne","tag-altertour-2016","tag-tremargat","tag-ouest-france","tag-1652","tag-cotes-darmor","tag-altavoz"],"yoast_head":"<!-- This site is optimized with the Yoast SEO plugin v27.3 - https:\/\/yoast.com\/product\/yoast-seo-wordpress\/ -->\n<title>Tr\u00e9margat - L&#039;Alter-tour n&#039;en finit pas de sillonner le Centre-Bretagne - AlterTour<\/title>\n<meta name=\"robots\" content=\"index, follow, max-snippet:-1, max-image-preview:large, max-video-preview:-1\" \/>\n<link rel=\"canonical\" href=\"https:\/\/www.altercampagne.net\/?p=5665\" \/>\n<meta property=\"og:locale\" content=\"fr_FR\" \/>\n<meta property=\"og:type\" content=\"article\" \/>\n<meta property=\"og:title\" content=\"Tr\u00e9margat - L&#039;Alter-tour n&#039;en finit pas de sillonner le Centre-Bretagne - AlterTour\" \/>\n<meta property=\"og:description\" content=\"Pour sa 9e \u00e9dition, 250 \u00e0 300 \u00ab altercyclistes \u00bb se relaient pour sillonner les routes de Bretagne. Mercredi, en fin d&rsquo;apr\u00e8s-midi, l&rsquo;Alter-tour arrivait dans la commune, au th\u00e9\u00e2tre de verdure. Leur objectif est de montrer que d&rsquo;autres modes de vie et de relations sont possibles, plus solidaires, \u00e9cologiquement et ... Read More\" \/>\n<meta property=\"og:url\" content=\"https:\/\/www.altercampagne.net\/?p=5665\" \/>\n<meta property=\"og:site_name\" content=\"AlterTour\" \/>\n<meta property=\"article:published_time\" content=\"2016-08-01T12:03:02+00:00\" \/>\n<meta property=\"article:modified_time\" content=\"2019-09-13T12:16:14+00:00\" \/>\n<meta property=\"og:image\" content=\"https:\/\/www.altercampagne.net\/wp-content\/uploads\/2016\/08\/2016-07-27_17.46.jpg\" \/>\n\t<meta property=\"og:image:width\" content=\"902\" \/>\n\t<meta property=\"og:image:height\" content=\"472\" \/>\n\t<meta property=\"og:image:type\" content=\"image\/jpeg\" \/>\n<meta name=\"author\" content=\"Mathieu\" \/>\n<meta name=\"twitter:card\" content=\"summary_large_image\" \/>\n<meta name=\"twitter:label1\" content=\"\u00c9crit par\" \/>\n\t<meta name=\"twitter:data1\" content=\"Mathieu\" \/>\n\t<meta name=\"twitter:label2\" content=\"Dur\u00e9e de lecture estim\u00e9e\" \/>\n\t<meta name=\"twitter:data2\" content=\"1 minute\" \/>\n<script type=\"application\/ld+json\" class=\"yoast-schema-graph\">{\"@context\":\"https:\\\/\\\/schema.org\",\"@graph\":[{\"@type\":\"Article\",\"@id\":\"https:\\\/\\\/www.altercampagne.net\\\/?p=5665#article\",\"isPartOf\":{\"@id\":\"https:\\\/\\\/www.altercampagne.net\\\/?p=5665\"},\"author\":{\"name\":\"Mathieu\",\"@id\":\"https:\\\/\\\/www.altercampagne.net\\\/#\\\/schema\\\/person\\\/0f261460c09e430caa0f9bcffa319109\"},\"headline\":\"Tr\u00e9margat &#8211; L&rsquo;Alter-tour n&rsquo;en finit pas de sillonner le Centre-Bretagne\",\"datePublished\":\"2016-08-01T12:03:02+00:00\",\"dateModified\":\"2019-09-13T12:16:14+00:00\",\"mainEntityOfPage\":{\"@id\":\"https:\\\/\\\/www.altercampagne.net\\\/?p=5665\"},\"wordCount\":119,\"image\":{\"@id\":\"https:\\\/\\\/www.altercampagne.net\\\/?p=5665#primaryimage\"},\"thumbnailUrl\":\"https:\\\/\\\/www.altercampagne.net\\\/wp-content\\\/uploads\\\/2016\\\/08\\\/2016-07-27_17.46.jpg\",\"keywords\":[\"bretagne\",\"AlterTour 2016\",\"tr\u00e9margat\",\"ouest france\",\"2016\",\"C\u00f4tes-d'Armor\",\"Altavoz\"],\"articleSection\":[\"Bretagne\",\"Revue de presse\",\"\u00c9dition 2016\"],\"inLanguage\":\"fr-FR\"},{\"@type\":\"WebPage\",\"@id\":\"https:\\\/\\\/www.altercampagne.net\\\/?p=5665\",\"url\":\"https:\\\/\\\/www.altercampagne.net\\\/?p=5665\",\"name\":\"Tr\u00e9margat - L'Alter-tour n'en finit pas de sillonner le Centre-Bretagne - AlterTour\",\"isPartOf\":{\"@id\":\"https:\\\/\\\/www.altercampagne.net\\\/#website\"},\"primaryImageOfPage\":{\"@id\":\"https:\\\/\\\/www.altercampagne.net\\\/?p=5665#primaryimage\"},\"image\":{\"@id\":\"https:\\\/\\\/www.altercampagne.net\\\/?p=5665#primaryimage\"},\"thumbnailUrl\":\"https:\\\/\\\/www.altercampagne.net\\\/wp-content\\\/uploads\\\/2016\\\/08\\\/2016-07-27_17.46.jpg\",\"datePublished\":\"2016-08-01T12:03:02+00:00\",\"dateModified\":\"2019-09-13T12:16:14+00:00\",\"author\":{\"@id\":\"https:\\\/\\\/www.altercampagne.net\\\/#\\\/schema\\\/person\\\/0f261460c09e430caa0f9bcffa319109\"},\"breadcrumb\":{\"@id\":\"https:\\\/\\\/www.altercampagne.net\\\/?p=5665#breadcrumb\"},\"inLanguage\":\"fr-FR\",\"potentialAction\":[{\"@type\":\"ReadAction\",\"target\":[\"https:\\\/\\\/www.altercampagne.net\\\/?p=5665\"]}]},{\"@type\":\"ImageObject\",\"inLanguage\":\"fr-FR\",\"@id\":\"https:\\\/\\\/www.altercampagne.net\\\/?p=5665#primaryimage\",\"url\":\"https:\\\/\\\/www.altercampagne.net\\\/wp-content\\\/uploads\\\/2016\\\/08\\\/2016-07-27_17.46.jpg\",\"contentUrl\":\"https:\\\/\\\/www.altercampagne.net\\\/wp-content\\\/uploads\\\/2016\\\/08\\\/2016-07-27_17.46.jpg\",\"width\":902,\"height\":472},{\"@type\":\"BreadcrumbList\",\"@id\":\"https:\\\/\\\/www.altercampagne.net\\\/?p=5665#breadcrumb\",\"itemListElement\":[{\"@type\":\"ListItem\",\"position\":1,\"name\":\"Accueil\",\"item\":\"https:\\\/\\\/www.altercampagne.net\\\/\"},{\"@type\":\"ListItem\",\"position\":2,\"name\":\"Tr\u00e9margat &#8211; L&rsquo;Alter-tour n&rsquo;en finit pas de sillonner le Centre-Bretagne\"}]},{\"@type\":\"WebSite\",\"@id\":\"https:\\\/\\\/www.altercampagne.net\\\/#website\",\"url\":\"https:\\\/\\\/www.altercampagne.net\\\/\",\"name\":\"AlterTour\",\"description\":\"Reliez les Alternatives \u00e0 v\u00e9lo\",\"potentialAction\":[{\"@type\":\"SearchAction\",\"target\":{\"@type\":\"EntryPoint\",\"urlTemplate\":\"https:\\\/\\\/www.altercampagne.net\\\/?s={search_term_string}\"},\"query-input\":{\"@type\":\"PropertyValueSpecification\",\"valueRequired\":true,\"valueName\":\"search_term_string\"}}],\"inLanguage\":\"fr-FR\"},{\"@type\":\"Person\",\"@id\":\"https:\\\/\\\/www.altercampagne.net\\\/#\\\/schema\\\/person\\\/0f261460c09e430caa0f9bcffa319109\",\"name\":\"Mathieu\",\"image\":{\"@type\":\"ImageObject\",\"inLanguage\":\"fr-FR\",\"@id\":\"https:\\\/\\\/secure.gravatar.com\\\/avatar\\\/aa9d3d24c83f2141e5e2709d0f63d09a99f6be6bb7a50abc4915838d9f54501a?s=96&d=mm&r=g\",\"url\":\"https:\\\/\\\/secure.gravatar.com\\\/avatar\\\/aa9d3d24c83f2141e5e2709d0f63d09a99f6be6bb7a50abc4915838d9f54501a?s=96&d=mm&r=g\",\"contentUrl\":\"https:\\\/\\\/secure.gravatar.com\\\/avatar\\\/aa9d3d24c83f2141e5e2709d0f63d09a99f6be6bb7a50abc4915838d9f54501a?s=96&d=mm&r=g\",\"caption\":\"Mathieu\"},\"url\":\"https:\\\/\\\/www.altercampagne.net\\\/?author=214\"}]}<\/script>\n<!-- \/ Yoast SEO plugin. -->","yoast_head_json":{"title":"Tr\u00e9margat - L'Alter-tour n'en finit pas de sillonner le Centre-Bretagne - AlterTour","robots":{"index":"index","follow":"follow","max-snippet":"max-snippet:-1","max-image-preview":"max-image-preview:large","max-video-preview":"max-video-preview:-1"},"canonical":"https:\/\/www.altercampagne.net\/?p=5665","og_locale":"fr_FR","og_type":"article","og_title":"Tr\u00e9margat - L'Alter-tour n'en finit pas de sillonner le Centre-Bretagne - AlterTour","og_description":"Pour sa 9e \u00e9dition, 250 \u00e0 300 \u00ab altercyclistes \u00bb se relaient pour sillonner les routes de Bretagne. Mercredi, en fin d&rsquo;apr\u00e8s-midi, l&rsquo;Alter-tour arrivait dans la commune, au th\u00e9\u00e2tre de verdure. Leur objectif est de montrer que d&rsquo;autres modes de vie et de relations sont possibles, plus solidaires, \u00e9cologiquement et ... Read More","og_url":"https:\/\/www.altercampagne.net\/?p=5665","og_site_name":"AlterTour","article_published_time":"2016-08-01T12:03:02+00:00","article_modified_time":"2019-09-13T12:16:14+00:00","og_image":[{"width":902,"height":472,"url":"https:\/\/www.altercampagne.net\/wp-content\/uploads\/2016\/08\/2016-07-27_17.46.jpg","type":"image\/jpeg"}],"author":"Mathieu","twitter_card":"summary_large_image","twitter_misc":{"\u00c9crit par":"Mathieu","Dur\u00e9e de lecture estim\u00e9e":"1 minute"},"schema":{"@context":"https:\/\/schema.org","@graph":[{"@type":"Article","@id":"https:\/\/www.altercampagne.net\/?p=5665#article","isPartOf":{"@id":"https:\/\/www.altercampagne.net\/?p=5665"},"author":{"name":"Mathieu","@id":"https:\/\/www.altercampagne.net\/#\/schema\/person\/0f261460c09e430caa0f9bcffa319109"},"headline":"Tr\u00e9margat &#8211; L&rsquo;Alter-tour n&rsquo;en finit pas de sillonner le Centre-Bretagne","datePublished":"2016-08-01T12:03:02+00:00","dateModified":"2019-09-13T12:16:14+00:00","mainEntityOfPage":{"@id":"https:\/\/www.altercampagne.net\/?p=5665"},"wordCount":119,"image":{"@id":"https:\/\/www.altercampagne.net\/?p=5665#primaryimage"},"thumbnailUrl":"https:\/\/www.altercampagne.net\/wp-content\/uploads\/2016\/08\/2016-07-27_17.46.jpg","keywords":["bretagne","AlterTour 2016","tr\u00e9margat","ouest france","2016","C\u00f4tes-d'Armor","Altavoz"],"articleSection":["Bretagne","Revue de presse","\u00c9dition 2016"],"inLanguage":"fr-FR"},{"@type":"WebPage","@id":"https:\/\/www.altercampagne.net\/?p=5665","url":"https:\/\/www.altercampagne.net\/?p=5665","name":"Tr\u00e9margat - L'Alter-tour n'en finit pas de sillonner le Centre-Bretagne - AlterTour","isPartOf":{"@id":"https:\/\/www.altercampagne.net\/#website"},"primaryImageOfPage":{"@id":"https:\/\/www.altercampagne.net\/?p=5665#primaryimage"},"image":{"@id":"https:\/\/www.altercampagne.net\/?p=5665#primaryimage"},"thumbnailUrl":"https:\/\/www.altercampagne.net\/wp-content\/uploads\/2016\/08\/2016-07-27_17.46.jpg","datePublished":"2016-08-01T12:03:02+00:00","dateModified":"2019-09-13T12:16:14+00:00","author":{"@id":"https:\/\/www.altercampagne.net\/#\/schema\/person\/0f261460c09e430caa0f9bcffa319109"},"breadcrumb":{"@id":"https:\/\/www.altercampagne.net\/?p=5665#breadcrumb"},"inLanguage":"fr-FR","potentialAction":[{"@type":"ReadAction","target":["https:\/\/www.altercampagne.net\/?p=5665"]}]},{"@type":"ImageObject","inLanguage":"fr-FR","@id":"https:\/\/www.altercampagne.net\/?p=5665#primaryimage","url":"https:\/\/www.altercampagne.net\/wp-content\/uploads\/2016\/08\/2016-07-27_17.46.jpg","contentUrl":"https:\/\/www.altercampagne.net\/wp-content\/uploads\/2016\/08\/2016-07-27_17.46.jpg","width":902,"height":472},{"@type":"BreadcrumbList","@id":"https:\/\/www.altercampagne.net\/?p=5665#breadcrumb","itemListElement":[{"@type":"ListItem","position":1,"name":"Accueil","item":"https:\/\/www.altercampagne.net\/"},{"@type":"ListItem","position":2,"name":"Tr\u00e9margat &#8211; L&rsquo;Alter-tour n&rsquo;en finit pas de sillonner le Centre-Bretagne"}]},{"@type":"WebSite","@id":"https:\/\/www.altercampagne.net\/#website","url":"https:\/\/www.altercampagne.net\/","name":"AlterTour","description":"Reliez les Alternatives \u00e0 v\u00e9lo","potentialAction":[{"@type":"SearchAction","target":{"@type":"EntryPoint","urlTemplate":"https:\/\/www.altercampagne.net\/?s={search_term_string}"},"query-input":{"@type":"PropertyValueSpecification","valueRequired":true,"valueName":"search_term_string"}}],"inLanguage":"fr-FR"},{"@type":"Person","@id":"https:\/\/www.altercampagne.net\/#\/schema\/person\/0f261460c09e430caa0f9bcffa319109","name":"Mathieu","image":{"@type":"ImageObject","inLanguage":"fr-FR","@id":"https:\/\/secure.gravatar.com\/avatar\/aa9d3d24c83f2141e5e2709d0f63d09a99f6be6bb7a50abc4915838d9f54501a?s=96&d=mm&r=g","url":"https:\/\/secure.gravatar.com\/avatar\/aa9d3d24c83f2141e5e2709d0f63d09a99f6be6bb7a50abc4915838d9f54501a?s=96&d=mm&r=g","contentUrl":"https:\/\/secure.gravatar.com\/avatar\/aa9d3d24c83f2141e5e2709d0f63d09a99f6be6bb7a50abc4915838d9f54501a?s=96&d=mm&r=g","caption":"Mathieu"},"url":"https:\/\/www.altercampagne.net\/?author=214"}]}},"_links":{"self":[{"href":"https:\/\/www.altercampagne.net\/index.php?rest_route=\/wp\/v2\/posts\/5665","targetHints":{"allow":["GET"]}}],"collection":[{"href":"https:\/\/www.altercampagne.net\/index.php?rest_route=\/wp\/v2\/posts"}],"about":[{"href":"https:\/\/www.altercampagne.net\/index.php?rest_route=\/wp\/v2\/types\/post"}],"author":[{"embeddable":true,"href":"https:\/\/www.altercampagne.net\/index.php?rest_route=\/wp\/v2\/users\/214"}],"replies":[{"embeddable":true,"href":"https:\/\/www.altercampagne.net\/index.php?rest_route=%2Fwp%2Fv2%2Fcomments&post=5665"}],"version-history":[{"count":0,"href":"https:\/\/www.altercampagne.net\/index.php?rest_route=\/wp\/v2\/posts\/5665\/revisions"}],"wp:featuredmedia":[{"embeddable":true,"href":"https:\/\/www.altercampagne.net\/index.php?rest_route=\/wp\/v2\/media\/15403"}],"wp:attachment":[{"href":"https:\/\/www.altercampagne.net\/index.php?rest_route=%2Fwp%2Fv2%2Fmedia&parent=5665"}],"wp:term":[{"taxonomy":"category","embeddable":true,"href":"https:\/\/www.altercampagne.net\/index.php?rest_route=%2Fwp%2Fv2%2Fcategories&post=5665"},{"taxonomy":"post_tag","embeddable":true,"href":"https:\/\/www.altercampagne.net\/index.php?rest_route=%2Fwp%2Fv2%2Ftags&post=5665"}],"curies":[{"name":"wp","href":"https:\/\/api.w.org\/{rel}","templated":true}]}}