{"id":5697,"date":"2016-08-03T22:38:25","date_gmt":"2016-08-03T20:38:25","guid":{"rendered":"http:\/\/www.altercampagne.net\/?p=5697"},"modified":"2019-09-13T18:19:22","modified_gmt":"2019-09-13T16:19:22","slug":"etape-du-3-aout-2016-la-recyclerie-du-pays-de-daoulas-a-irvillac","status":"publish","type":"post","link":"https:\/\/www.altercampagne.net\/?p=5697","title":{"rendered":"\u00c9tape du 3 aout 2016 : La Recyclerie du Pays de Daoulas \u00e0 Irvillac"},"content":{"rendered":"<p>D\u00e8s l\u2019entr\u00e9e dans la ressourcerie l\u2019esprit associatif est palpable, un joli tableau noir indique\u00a0: 17007 kg d\u2019objets r\u00e9colt\u00e9s, 4600 kg d\u2019objets remis en circulation depuis l\u2019ouverture du lieu (le 2 f\u00e9vrier 2016). On trouve \u00e9galement des petites annonces de don et de recherche d\u2019objets sp\u00e9cifique. Jeanne recherche un motoculteur, St\u00e9phane donne un r\u00e9frig\u00e9rateur, Pierrot donne une machine \u00e0 laver\u2026 Bien en vue, tr\u00f4ne la recyclette\u00a0: une roue de v\u00e9lo sur laquelle sont fix\u00e9s des petits panneaux de bois avec les mots cl\u00e9s : relooker, r\u00e9employer, recycler, r\u00e9duire, r\u00e9parer, r\u00e9utiliser\u2026\u00a0 On prend un objet, on tourne la roue et le hasard choisit pour nous la nouvelle destination de l\u2019objet.<\/p>\n<p>Ici la vaisselle, les livres et de nombreux objets se vendent au poids, un bon moyen de ne pas se prendre la t\u00eate sur les prix. Nous avons achet\u00e9 une trentaine de verres pour l\u2019AlterTour \u00e0 1 \u20ac le kg soit 3 \u20ac le lot.<\/p>\n<p>Dans cette partie du Finist\u00e8re, quand on a une id\u00e9e, on ne d\u00e9bat pas pendant des ann\u00e9es, on la met en pratique et on se fait plaisir\u00a0! C\u2019est ainsi qu\u2019\u00e0 Logonna-Daoulas l\u2019association des consomm\u2019acteurs et l\u2019association des producteurs ont cr\u00e9\u00e9 <strong><a href=\"http:\/\/goasven.fr\/\" target=\"_blank\" rel=\"noopener noreferrer\">Goasven<\/a><\/strong>, un lieu dans lequel on retrouve : un magasin de producteurs bio, un bar associatif et un atelier d\u2019auto-r\u00e9paration v\u00e9lo mobile. A force de voir les v\u00e9los arriver en assez bon \u00e9tat Patrick, Rosine, Gilles, Michelle, Mathias, Philippe, Fran\u00e7ois-Gilles, Fiona et Charles se sont dit que les greniers pouvaient contenir d\u2019autres objets inutilis\u00e9s mais toujours fonctionnels. En quelques semaines ils investissent l\u2019association Ribine, trouvent un hangar \u00e0 louer, organisent des r\u00e9unions publiques pour faire conna\u00eetre le projet et financer sont lancement. Pour payer les 6 premiers loyers une vingtaine de personnes pr\u00eatent \u00e0 l\u2019association 20 \u20ac par mois pendant 6 mois. Le propri\u00e9taire des lieux est lui aussi mis \u00e0 contribution, il avance le co\u00fbt des mat\u00e9riaux de r\u00e9novation et l\u2019association organise des chantiers participatifs pour les travaux. Pendant ce temps, l\u2019activit\u00e9 g\u00e9n\u00e8re de la tr\u00e9sorerie pour rembourser tout ce petit monde. Les travaux permettent une mise aux normes des locaux en vue de recevoir du public. Apr\u00e8s r\u00e9novation, les locaux prendront de la valeur et tout le monde sera content.<\/p>\n<p>Le mois de janvier a permit de collecter un maximum d\u2019objet, le premier week-end f\u00e9vrier l\u2019association a organis\u00e9e une grande vente inaugurale qui a rassembl\u00e9e 300 personnes. D\u00e8s le d\u00e9but l\u2019\u00e9quipe b\u00e9n\u00e9vole \u00e0 choisit de larges plages d\u2019ouvertures pour accueillir un maximum de personnes. Le d\u00e9p\u00f4t est ouvert du mardi au samedi de 14h \u00e0 18h30 et la vente le mercredi et le samedi apr\u00e8s-midi. Une fois par mois, une quarantaine de kg de fruits et l\u00e9gumes invendus sont r\u00e9cup\u00e9r\u00e9 \u00e0 la Biocoop de Landernau, un appel \u00e0 volontaire est lanc\u00e9 pour pr\u00e9parer un repas et une cantine solidaire est mise en place. \u00e7a cr\u00e9\u00e9 du lien, de la convivialit\u00e9 et c\u2019est assez simple \u00e0 mettre en place puisque la Recyclerie poss\u00e8de tout le mat\u00e9riel n\u00e9cessaire \u00e0 la pr\u00e9paration d\u2019un repas.<\/p>\n<p>Issu de r\u00e9seau militant, la quinzaine de b\u00e9n\u00e9vole est ravie de faire venir sur le lieu des personnes de tout horizon. Et les bonnes habitudes sont d\u00e9j\u00e0 prises, les habitants passent par la ressourcerie avant d\u2019aller \u00e0 la d\u00e9ch\u00e8terie. Ils se d\u00e9lestent aussi de tout ce qui est encore en \u00e9tat, \u00e7a fr\u00f4le le circuit court\u00a0!!<\/p>\n<p>A terme, Patrick envisage d\u2019installer dans la Recyclerie, un atelier d\u2019autor\u00e9paration de v\u00e9lo, ce qui compl\u00e9terait l\u2019activit\u00e9 de l\u2019atelier mobile de Goasven \u00e0 Logonna-Daoulas (\u00e0 5 km). D\u2019ici 3 ans, l\u2019id\u00e9e serait de d\u00e9m\u00e9nager dans des locaux plus grands, \u00e0 proximit\u00e9 de la d\u00e9ch\u00e8terie. La collecte d\u2019objet serait facilit\u00e9e et la d\u00e9chetterie pourrait financer la Recyclerie \u00e0 hauteur de l\u2019\u00e9conomie r\u00e9alis\u00e9e sur le volume d\u2019objet non pris en charge par la d\u00e9chetterie.<\/p>\n","protected":false},"excerpt":{"rendered":"<p>D\u00e8s l\u2019entr\u00e9e dans la ressourcerie l\u2019esprit associatif est palpable, un joli tableau noir indique\u00a0: 17007 kg d\u2019objets r\u00e9colt\u00e9s, 4600 kg d\u2019objets remis en circulation depuis l\u2019ouverture du lieu (le 2 f\u00e9vrier 2016). On trouve \u00e9galement des petites annonces de don et de recherche d\u2019objets sp\u00e9cifique. Jeanne recherche un motoculteur, St\u00e9phane &#8230; <\/p>\n<div><a href=\"https:\/\/www.altercampagne.net\/?p=5697\" class=\"more-link\">Read More<\/a><\/div>\n","protected":false},"author":214,"featured_media":15523,"comment_status":"closed","ping_status":"closed","sticky":false,"template":"","format":"standard","meta":{"footnotes":""},"categories":[3489,3472,3459],"tags":[2604,2851,2850,2849,2846,2704,2610,2609,2608,2607,2606,2605,20,2603,2602,2579,2568,2566,2430,1652,1625,410,383],"class_list":["post-5697","post","type-post","status-publish","format-standard","has-post-thumbnail","hentry","category-alimentation","category-bretagne","category-edition-2016","tag-bar-associatif","tag-altertour2016","tag-accueillant-2016","tag-accueillant2016","tag-accueillant","tag-alterjournaliste","tag-consommacteurs","tag-recyclerie-du-pays-de-daoulas","tag-reyclerie","tag-recyclette","tag-landernau","tag-atelier","tag-bretagne","tag-magasin-de-producteurs","tag-ribine","tag-logonna-daoulas","tag-irvillac","tag-goasven","tag-brest","tag-1652","tag-auto-reparation-velo","tag-finistere","tag-altertour-2016"],"yoast_head":"<!-- This site is optimized with the Yoast SEO plugin v27.3 - https:\/\/yoast.com\/product\/yoast-seo-wordpress\/ -->\n<title>\u00c9tape du 3 aout 2016 : La Recyclerie du Pays de Daoulas \u00e0 Irvillac - AlterTour<\/title>\n<meta name=\"robots\" content=\"index, follow, max-snippet:-1, max-image-preview:large, max-video-preview:-1\" \/>\n<link rel=\"canonical\" href=\"https:\/\/www.altercampagne.net\/?p=5697\" \/>\n<meta property=\"og:locale\" content=\"fr_FR\" \/>\n<meta property=\"og:type\" content=\"article\" \/>\n<meta property=\"og:title\" content=\"\u00c9tape du 3 aout 2016 : La Recyclerie du Pays de Daoulas \u00e0 Irvillac - AlterTour\" \/>\n<meta property=\"og:description\" content=\"D\u00e8s l\u2019entr\u00e9e dans la ressourcerie l\u2019esprit associatif est palpable, un joli tableau noir indique\u00a0: 17007 kg d\u2019objets r\u00e9colt\u00e9s, 4600 kg d\u2019objets remis en circulation depuis l\u2019ouverture du lieu (le 2 f\u00e9vrier 2016). On trouve \u00e9galement des petites annonces de don et de recherche d\u2019objets sp\u00e9cifique. Jeanne recherche un motoculteur, St\u00e9phane ... Read More\" \/>\n<meta property=\"og:url\" content=\"https:\/\/www.altercampagne.net\/?p=5697\" \/>\n<meta property=\"og:site_name\" content=\"AlterTour\" \/>\n<meta property=\"article:published_time\" content=\"2016-08-03T20:38:25+00:00\" \/>\n<meta property=\"article:modified_time\" content=\"2019-09-13T16:19:22+00:00\" \/>\n<meta property=\"og:image\" content=\"https:\/\/www.altercampagne.net\/wp-content\/uploads\/2016\/08\/2016-08-03-P1030404.jpg\" \/>\n\t<meta property=\"og:image:width\" content=\"900\" \/>\n\t<meta property=\"og:image:height\" content=\"470\" \/>\n\t<meta property=\"og:image:type\" content=\"image\/jpeg\" \/>\n<meta name=\"author\" content=\"Mathieu\" \/>\n<meta name=\"twitter:card\" content=\"summary_large_image\" \/>\n<meta name=\"twitter:label1\" content=\"\u00c9crit par\" \/>\n\t<meta name=\"twitter:data1\" content=\"Mathieu\" \/>\n\t<meta name=\"twitter:label2\" content=\"Dur\u00e9e de lecture estim\u00e9e\" \/>\n\t<meta name=\"twitter:data2\" content=\"4 minutes\" \/>\n<script type=\"application\/ld+json\" class=\"yoast-schema-graph\">{\"@context\":\"https:\\\/\\\/schema.org\",\"@graph\":[{\"@type\":\"Article\",\"@id\":\"https:\\\/\\\/www.altercampagne.net\\\/?p=5697#article\",\"isPartOf\":{\"@id\":\"https:\\\/\\\/www.altercampagne.net\\\/?p=5697\"},\"author\":{\"name\":\"Mathieu\",\"@id\":\"https:\\\/\\\/www.altercampagne.net\\\/#\\\/schema\\\/person\\\/0f261460c09e430caa0f9bcffa319109\"},\"headline\":\"\u00c9tape du 3 aout 2016 : La Recyclerie du Pays de Daoulas \u00e0 Irvillac\",\"datePublished\":\"2016-08-03T20:38:25+00:00\",\"dateModified\":\"2019-09-13T16:19:22+00:00\",\"mainEntityOfPage\":{\"@id\":\"https:\\\/\\\/www.altercampagne.net\\\/?p=5697\"},\"wordCount\":713,\"image\":{\"@id\":\"https:\\\/\\\/www.altercampagne.net\\\/?p=5697#primaryimage\"},\"thumbnailUrl\":\"https:\\\/\\\/www.altercampagne.net\\\/wp-content\\\/uploads\\\/2016\\\/08\\\/2016-08-03-P1030404.jpg\",\"keywords\":[\"bar associatif\",\"AlterTour2016\",\"accueillant 2016\",\"accueillant2016\",\"accueillant\",\"alterjournaliste\",\"consomm\u2019acteurs\",\"Recyclerie du Pays de Daoulas\",\"Reyclerie\",\"recyclette\",\"Landernau\",\"atelier\",\"bretagne\",\"magasin de producteurs\",\"Ribine\",\"Logonna-Daoulas\",\"Irvillac\",\"Goasven\",\"Brest\",\"2016\",\"auto-r\u00e9paration v\u00e9lo\",\"finist\u00e8re\",\"AlterTour 2016\"],\"articleSection\":[\"Alimentation\",\"Bretagne\",\"\u00c9dition 2016\"],\"inLanguage\":\"fr-FR\"},{\"@type\":\"WebPage\",\"@id\":\"https:\\\/\\\/www.altercampagne.net\\\/?p=5697\",\"url\":\"https:\\\/\\\/www.altercampagne.net\\\/?p=5697\",\"name\":\"\u00c9tape du 3 aout 2016 : La Recyclerie du Pays de Daoulas \u00e0 Irvillac - AlterTour\",\"isPartOf\":{\"@id\":\"https:\\\/\\\/www.altercampagne.net\\\/#website\"},\"primaryImageOfPage\":{\"@id\":\"https:\\\/\\\/www.altercampagne.net\\\/?p=5697#primaryimage\"},\"image\":{\"@id\":\"https:\\\/\\\/www.altercampagne.net\\\/?p=5697#primaryimage\"},\"thumbnailUrl\":\"https:\\\/\\\/www.altercampagne.net\\\/wp-content\\\/uploads\\\/2016\\\/08\\\/2016-08-03-P1030404.jpg\",\"datePublished\":\"2016-08-03T20:38:25+00:00\",\"dateModified\":\"2019-09-13T16:19:22+00:00\",\"author\":{\"@id\":\"https:\\\/\\\/www.altercampagne.net\\\/#\\\/schema\\\/person\\\/0f261460c09e430caa0f9bcffa319109\"},\"breadcrumb\":{\"@id\":\"https:\\\/\\\/www.altercampagne.net\\\/?p=5697#breadcrumb\"},\"inLanguage\":\"fr-FR\",\"potentialAction\":[{\"@type\":\"ReadAction\",\"target\":[\"https:\\\/\\\/www.altercampagne.net\\\/?p=5697\"]}]},{\"@type\":\"ImageObject\",\"inLanguage\":\"fr-FR\",\"@id\":\"https:\\\/\\\/www.altercampagne.net\\\/?p=5697#primaryimage\",\"url\":\"https:\\\/\\\/www.altercampagne.net\\\/wp-content\\\/uploads\\\/2016\\\/08\\\/2016-08-03-P1030404.jpg\",\"contentUrl\":\"https:\\\/\\\/www.altercampagne.net\\\/wp-content\\\/uploads\\\/2016\\\/08\\\/2016-08-03-P1030404.jpg\",\"width\":900,\"height\":470},{\"@type\":\"BreadcrumbList\",\"@id\":\"https:\\\/\\\/www.altercampagne.net\\\/?p=5697#breadcrumb\",\"itemListElement\":[{\"@type\":\"ListItem\",\"position\":1,\"name\":\"Accueil\",\"item\":\"https:\\\/\\\/www.altercampagne.net\\\/\"},{\"@type\":\"ListItem\",\"position\":2,\"name\":\"\u00c9tape du 3 aout 2016 : La Recyclerie du Pays de Daoulas \u00e0 Irvillac\"}]},{\"@type\":\"WebSite\",\"@id\":\"https:\\\/\\\/www.altercampagne.net\\\/#website\",\"url\":\"https:\\\/\\\/www.altercampagne.net\\\/\",\"name\":\"AlterTour\",\"description\":\"Reliez les Alternatives \u00e0 v\u00e9lo\",\"potentialAction\":[{\"@type\":\"SearchAction\",\"target\":{\"@type\":\"EntryPoint\",\"urlTemplate\":\"https:\\\/\\\/www.altercampagne.net\\\/?s={search_term_string}\"},\"query-input\":{\"@type\":\"PropertyValueSpecification\",\"valueRequired\":true,\"valueName\":\"search_term_string\"}}],\"inLanguage\":\"fr-FR\"},{\"@type\":\"Person\",\"@id\":\"https:\\\/\\\/www.altercampagne.net\\\/#\\\/schema\\\/person\\\/0f261460c09e430caa0f9bcffa319109\",\"name\":\"Mathieu\",\"image\":{\"@type\":\"ImageObject\",\"inLanguage\":\"fr-FR\",\"@id\":\"https:\\\/\\\/secure.gravatar.com\\\/avatar\\\/aa9d3d24c83f2141e5e2709d0f63d09a99f6be6bb7a50abc4915838d9f54501a?s=96&d=mm&r=g\",\"url\":\"https:\\\/\\\/secure.gravatar.com\\\/avatar\\\/aa9d3d24c83f2141e5e2709d0f63d09a99f6be6bb7a50abc4915838d9f54501a?s=96&d=mm&r=g\",\"contentUrl\":\"https:\\\/\\\/secure.gravatar.com\\\/avatar\\\/aa9d3d24c83f2141e5e2709d0f63d09a99f6be6bb7a50abc4915838d9f54501a?s=96&d=mm&r=g\",\"caption\":\"Mathieu\"},\"url\":\"https:\\\/\\\/www.altercampagne.net\\\/?author=214\"}]}<\/script>\n<!-- \/ Yoast SEO plugin. -->","yoast_head_json":{"title":"\u00c9tape du 3 aout 2016 : La Recyclerie du Pays de Daoulas \u00e0 Irvillac - AlterTour","robots":{"index":"index","follow":"follow","max-snippet":"max-snippet:-1","max-image-preview":"max-image-preview:large","max-video-preview":"max-video-preview:-1"},"canonical":"https:\/\/www.altercampagne.net\/?p=5697","og_locale":"fr_FR","og_type":"article","og_title":"\u00c9tape du 3 aout 2016 : La Recyclerie du Pays de Daoulas \u00e0 Irvillac - AlterTour","og_description":"D\u00e8s l\u2019entr\u00e9e dans la ressourcerie l\u2019esprit associatif est palpable, un joli tableau noir indique\u00a0: 17007 kg d\u2019objets r\u00e9colt\u00e9s, 4600 kg d\u2019objets remis en circulation depuis l\u2019ouverture du lieu (le 2 f\u00e9vrier 2016). On trouve \u00e9galement des petites annonces de don et de recherche d\u2019objets sp\u00e9cifique. Jeanne recherche un motoculteur, St\u00e9phane ... Read More","og_url":"https:\/\/www.altercampagne.net\/?p=5697","og_site_name":"AlterTour","article_published_time":"2016-08-03T20:38:25+00:00","article_modified_time":"2019-09-13T16:19:22+00:00","og_image":[{"width":900,"height":470,"url":"https:\/\/www.altercampagne.net\/wp-content\/uploads\/2016\/08\/2016-08-03-P1030404.jpg","type":"image\/jpeg"}],"author":"Mathieu","twitter_card":"summary_large_image","twitter_misc":{"\u00c9crit par":"Mathieu","Dur\u00e9e de lecture estim\u00e9e":"4 minutes"},"schema":{"@context":"https:\/\/schema.org","@graph":[{"@type":"Article","@id":"https:\/\/www.altercampagne.net\/?p=5697#article","isPartOf":{"@id":"https:\/\/www.altercampagne.net\/?p=5697"},"author":{"name":"Mathieu","@id":"https:\/\/www.altercampagne.net\/#\/schema\/person\/0f261460c09e430caa0f9bcffa319109"},"headline":"\u00c9tape du 3 aout 2016 : La Recyclerie du Pays de Daoulas \u00e0 Irvillac","datePublished":"2016-08-03T20:38:25+00:00","dateModified":"2019-09-13T16:19:22+00:00","mainEntityOfPage":{"@id":"https:\/\/www.altercampagne.net\/?p=5697"},"wordCount":713,"image":{"@id":"https:\/\/www.altercampagne.net\/?p=5697#primaryimage"},"thumbnailUrl":"https:\/\/www.altercampagne.net\/wp-content\/uploads\/2016\/08\/2016-08-03-P1030404.jpg","keywords":["bar associatif","AlterTour2016","accueillant 2016","accueillant2016","accueillant","alterjournaliste","consomm\u2019acteurs","Recyclerie du Pays de Daoulas","Reyclerie","recyclette","Landernau","atelier","bretagne","magasin de producteurs","Ribine","Logonna-Daoulas","Irvillac","Goasven","Brest","2016","auto-r\u00e9paration v\u00e9lo","finist\u00e8re","AlterTour 2016"],"articleSection":["Alimentation","Bretagne","\u00c9dition 2016"],"inLanguage":"fr-FR"},{"@type":"WebPage","@id":"https:\/\/www.altercampagne.net\/?p=5697","url":"https:\/\/www.altercampagne.net\/?p=5697","name":"\u00c9tape du 3 aout 2016 : La Recyclerie du Pays de Daoulas \u00e0 Irvillac - AlterTour","isPartOf":{"@id":"https:\/\/www.altercampagne.net\/#website"},"primaryImageOfPage":{"@id":"https:\/\/www.altercampagne.net\/?p=5697#primaryimage"},"image":{"@id":"https:\/\/www.altercampagne.net\/?p=5697#primaryimage"},"thumbnailUrl":"https:\/\/www.altercampagne.net\/wp-content\/uploads\/2016\/08\/2016-08-03-P1030404.jpg","datePublished":"2016-08-03T20:38:25+00:00","dateModified":"2019-09-13T16:19:22+00:00","author":{"@id":"https:\/\/www.altercampagne.net\/#\/schema\/person\/0f261460c09e430caa0f9bcffa319109"},"breadcrumb":{"@id":"https:\/\/www.altercampagne.net\/?p=5697#breadcrumb"},"inLanguage":"fr-FR","potentialAction":[{"@type":"ReadAction","target":["https:\/\/www.altercampagne.net\/?p=5697"]}]},{"@type":"ImageObject","inLanguage":"fr-FR","@id":"https:\/\/www.altercampagne.net\/?p=5697#primaryimage","url":"https:\/\/www.altercampagne.net\/wp-content\/uploads\/2016\/08\/2016-08-03-P1030404.jpg","contentUrl":"https:\/\/www.altercampagne.net\/wp-content\/uploads\/2016\/08\/2016-08-03-P1030404.jpg","width":900,"height":470},{"@type":"BreadcrumbList","@id":"https:\/\/www.altercampagne.net\/?p=5697#breadcrumb","itemListElement":[{"@type":"ListItem","position":1,"name":"Accueil","item":"https:\/\/www.altercampagne.net\/"},{"@type":"ListItem","position":2,"name":"\u00c9tape du 3 aout 2016 : La Recyclerie du Pays de Daoulas \u00e0 Irvillac"}]},{"@type":"WebSite","@id":"https:\/\/www.altercampagne.net\/#website","url":"https:\/\/www.altercampagne.net\/","name":"AlterTour","description":"Reliez les Alternatives \u00e0 v\u00e9lo","potentialAction":[{"@type":"SearchAction","target":{"@type":"EntryPoint","urlTemplate":"https:\/\/www.altercampagne.net\/?s={search_term_string}"},"query-input":{"@type":"PropertyValueSpecification","valueRequired":true,"valueName":"search_term_string"}}],"inLanguage":"fr-FR"},{"@type":"Person","@id":"https:\/\/www.altercampagne.net\/#\/schema\/person\/0f261460c09e430caa0f9bcffa319109","name":"Mathieu","image":{"@type":"ImageObject","inLanguage":"fr-FR","@id":"https:\/\/secure.gravatar.com\/avatar\/aa9d3d24c83f2141e5e2709d0f63d09a99f6be6bb7a50abc4915838d9f54501a?s=96&d=mm&r=g","url":"https:\/\/secure.gravatar.com\/avatar\/aa9d3d24c83f2141e5e2709d0f63d09a99f6be6bb7a50abc4915838d9f54501a?s=96&d=mm&r=g","contentUrl":"https:\/\/secure.gravatar.com\/avatar\/aa9d3d24c83f2141e5e2709d0f63d09a99f6be6bb7a50abc4915838d9f54501a?s=96&d=mm&r=g","caption":"Mathieu"},"url":"https:\/\/www.altercampagne.net\/?author=214"}]}},"_links":{"self":[{"href":"https:\/\/www.altercampagne.net\/index.php?rest_route=\/wp\/v2\/posts\/5697","targetHints":{"allow":["GET"]}}],"collection":[{"href":"https:\/\/www.altercampagne.net\/index.php?rest_route=\/wp\/v2\/posts"}],"about":[{"href":"https:\/\/www.altercampagne.net\/index.php?rest_route=\/wp\/v2\/types\/post"}],"author":[{"embeddable":true,"href":"https:\/\/www.altercampagne.net\/index.php?rest_route=\/wp\/v2\/users\/214"}],"replies":[{"embeddable":true,"href":"https:\/\/www.altercampagne.net\/index.php?rest_route=%2Fwp%2Fv2%2Fcomments&post=5697"}],"version-history":[{"count":0,"href":"https:\/\/www.altercampagne.net\/index.php?rest_route=\/wp\/v2\/posts\/5697\/revisions"}],"wp:featuredmedia":[{"embeddable":true,"href":"https:\/\/www.altercampagne.net\/index.php?rest_route=\/wp\/v2\/media\/15523"}],"wp:attachment":[{"href":"https:\/\/www.altercampagne.net\/index.php?rest_route=%2Fwp%2Fv2%2Fmedia&parent=5697"}],"wp:term":[{"taxonomy":"category","embeddable":true,"href":"https:\/\/www.altercampagne.net\/index.php?rest_route=%2Fwp%2Fv2%2Fcategories&post=5697"},{"taxonomy":"post_tag","embeddable":true,"href":"https:\/\/www.altercampagne.net\/index.php?rest_route=%2Fwp%2Fv2%2Ftags&post=5697"}],"curies":[{"name":"wp","href":"https:\/\/api.w.org\/{rel}","templated":true}]}}