{"id":571,"date":"2015-01-15T09:41:16","date_gmt":"2015-01-15T08:41:16","guid":{"rendered":"http:\/\/www.altercampagne.net\/?p=571"},"modified":"2020-02-24T17:30:07","modified_gmt":"2020-02-24T16:30:07","slug":"parcours-previsionnel-de-laltertour-2015-2","status":"publish","type":"post","link":"https:\/\/www.altercampagne.net\/?p=571","title":{"rendered":"Parcours pr\u00e9visionnel de l&rsquo;AlterTour 2015"},"content":{"rendered":"<p>&nbsp;<\/p>\n<div align=\"justify\">\n<p class=\"Style271 Style138 Style152\"><a href=\"http:\/\/www.altercampagne.net\/wp-content\/uploads\/2015\/05\/2015-05-05-Parcours-2015-France.jpg\"><img loading=\"lazy\" decoding=\"async\" class=\"aligncenter wp-image-1297 size-large\" src=\"http:\/\/www.altercampagne.net\/wp-content\/uploads\/2015\/05\/2015-05-05-Parcours-2015-France-978x1024.jpg\" alt=\"Parcours AlterTour 2015\" width=\"640\" height=\"670\" srcset=\"https:\/\/www.altercampagne.net\/wp-content\/uploads\/2015\/05\/2015-05-05-Parcours-2015-France-978x1024.jpg 978w, https:\/\/www.altercampagne.net\/wp-content\/uploads\/2015\/05\/2015-05-05-Parcours-2015-France-287x300.jpg 287w, https:\/\/www.altercampagne.net\/wp-content\/uploads\/2015\/05\/2015-05-05-Parcours-2015-France.jpg 1191w\" sizes=\"auto, (max-width: 640px) 100vw, 640px\" \/><\/a><\/p>\n<p class=\"Style271 Style138 Style152\">Du 18 juillet au 23 ao\u00fbt 2015 l&rsquo;AlterTour Visitera le nord de la France, le Luxembourg et la Belgique.<\/p>\n<p class=\"Style271 Style138 Style152\">De Bar-le-Duc \u00e0 Calais, nous rencontrerons des Alternatives engag\u00e9es dans la transition, la relocalisation, la d\u00e9croissance.<\/p>\n<p class=\"Style271 Style138 Style152\">Ces initiatives proposent de changer le syst\u00e8me pas le climat !<\/p>\n<p class=\"Style271 Style138 Style152\">Nous pr\u00e9voyons de rencontrer :<\/p>\n<p class=\"Style271 Style138 Style152\" align=\"left\">&#8211; Les <a href=\"http:\/\/burehaleurs.wordpress.com\/\" target=\"_blank\" rel=\"noopener noreferrer\">Bure Haleurs<\/a> \u00e0 Bure<\/p>\n<p class=\"Style271 Style138 Style152\" align=\"left\">&#8211; La <a href=\"http:\/\/fermelachaudeau.canalblog.com\/\" target=\"_blank\" rel=\"noopener noreferrer\">Ferme Terre de liens de la Chaudeau<\/a> \u00e0 Pierre-La Treiche<\/p>\n<p class=\"Style271 Style138 Style152\" align=\"left\">&#8211; L&rsquo;<a href=\"http:\/\/www.atelierdynamo.fr\/\" target=\"_blank\" rel=\"noopener noreferrer\">Atelier Dynamo<\/a> \u00e0 Nancy<\/p>\n<p class=\"Style271 Style138 Style152\" align=\"left\">&#8211; <a href=\"http:\/\/cpncoquelicots.org\/\" target=\"_blank\" rel=\"noopener noreferrer\">CPN Coquelicots<\/a> \u00e0 Metz<\/p>\n<p class=\"Style271 Style138 Style152\" align=\"left\">&#8211; le <a href=\"https:\/\/alternatiba.eu\/tour2015\/\" target=\"_blank\" rel=\"noopener noreferrer\">Tour Tandem Alternatiba<\/a> entre Thionville et Charleville-M\u00e9zi\u00e8res<\/p>\n<p class=\"Style271 Style138 Style152\" align=\"left\">&#8211; L&rsquo;<a href=\"http:\/\/www.beki.lu\/\" target=\"_blank\" rel=\"noopener noreferrer\">Asbl de K\u00e4r<\/a> \u00e0 Beckerich (au Luxembourg)<\/p>\n<p class=\"Style271 Style138 Style152\" align=\"left\">&#8211; <a href=\"http:\/\/allonsenvent.be\/\" target=\"_blank\" rel=\"noopener noreferrer\">Allons en vent<\/a> \u00e0 Javingue (en Belgique)<\/p>\n<p class=\"Style271 Style138 Style152\" align=\"left\">&#8211; Les <a href=\"http:\/\/lesvaleureuxcolibris.blogspot.be\/\" target=\"_blank\" rel=\"noopener noreferrer\">Valeureux colibris<\/a> \u00e0 Ans (en Belgique)<\/p>\n<p class=\"Style271 Style138 Style152\" align=\"justify\">&#8211; Le <a href=\"http:\/\/www.objecteursdecroissance.be\/\" target=\"_blank\" rel=\"noopener noreferrer\">Mouvement politique des objecteurs de croissance<\/a> \u00e0 Louvain-la-Neuve<\/p>\n<p class=\"Style271 Style138 Style152\" align=\"justify\">&#8211; La <span class=\"fwb fcg\" data-ft=\"{&quot;tn&quot;:&quot;k&quot;}\"><a id=\"js_s\" href=\"https:\/\/www.facebook.com\/pages\/Zad-du-Keelbeek-a-Haren-Bruxelles\/573695272763101?sk=timeline\" target=\"_blank\" data-gt=\"{&quot;entity_id&quot;:&quot;573695272763101&quot;,&quot;entity_path&quot;:&quot;\\\/pagelet\\\/pageletserver.php:PagePostsPagelet&quot;}\" data-hovercard=\"\/ajax\/hovercard\/page.php?id=573695272763101&amp;extragetparams=%7B%22fref%22%3A%22nf%22%7D\" rel=\"noopener noreferrer\">Zad du Keelbeek<\/a> \u00e0 Haren <\/span>(\u00e0 c\u00f4t\u00e9 de Bruxelles)<\/p>\n<p class=\"Style271 Style138 Style152\" align=\"justify\">&#8211; Les <a href=\"http:\/\/www.deboulonneurs.org\/\" target=\"_blank\" rel=\"noopener noreferrer\">D\u00e9boulonneurs<\/a> \u00e0 Lille<\/p>\n<p class=\"Style271 Style138 Style152\" align=\"justify\">&#8211; Le <a href=\"http:\/\/houille-ouille-ouille-5962.com\/\" target=\"_blank\" rel=\"noopener noreferrer\">Collectif Houille Ouille Ouille<\/a> \u00e0 Loos-en-Gohelle<\/p>\n<p class=\"Style271 Style138 Style152\" align=\"justify\">&#8211; <a href=\"https:\/\/terreerrance.wordpress.com\/\" target=\"_blank\" rel=\"noopener noreferrer\">Terre d&rsquo;Errance<\/a> \u00e0 Norrent-Fontes<\/p>\n<p class=\"Style271 Style138 Style152\" align=\"justify\">&#8211; <a href=\"https:\/\/alternatiba.eu\/calais\/\" target=\"_blank\" rel=\"noopener noreferrer\">Alternatiba Calais<\/a><\/p>\n<\/div>\n","protected":false},"excerpt":{"rendered":"<p>&nbsp; Du 18 juillet au 23 ao\u00fbt 2015 l&rsquo;AlterTour Visitera le nord de la France, le Luxembourg et la Belgique. De Bar-le-Duc \u00e0 Calais, nous rencontrerons des Alternatives engag\u00e9es dans la transition, la relocalisation, la d\u00e9croissance. Ces initiatives proposent de changer le syst\u00e8me pas le climat ! Nous pr\u00e9voyons de &#8230; <\/p>\n<div><a href=\"https:\/\/www.altercampagne.net\/?p=571\" class=\"more-link\">Read More<\/a><\/div>\n","protected":false},"author":214,"featured_media":0,"comment_status":"closed","ping_status":"closed","sticky":false,"template":"","format":"standard","meta":{"footnotes":""},"categories":[3469,3460],"tags":[2869,203,204,252,253,294,405,659,660,679,827,1668,1672,1812,2866,2867,202,2870,2871,2925,2926,2927,2928,2929,2930,2931,2932,2933,2934,2935,2936,2937,171,11,22,23,24,25,26,27,28,29,30,31,32,33,46,73,10,172,173,174,175,176,177,178,179,180,181,182,188,192,201],"class_list":["post-571","post","type-post","status-publish","format-standard","hentry","category-programmes","category-edition-2015","tag-tour-a-velo-ecolo","tag-alternatiba-calais","tag-cpn-coquelicots","tag-reliez-les-alternatives-a-velo","tag-autre-tour-de-france","tag-permaculture","tag-agroecologie","tag-anti-tour-de-france","tag-tour-de-france","tag-ecologique","tag-velo","tag-cyclo-militant","tag-1672","tag-tour-de-france-des-alternatives","tag-tour-cyclomilitant","tag-cyclomilitant","tag-terre-derrance","tag-tour-a-velo-ecologique","tag-ecolo","tag-tour-de-france-ecolo","tag-tour-de-france-ecologique","tag-tour-de-france-agroecologie","tag-tour-de-france-transition","tag-tour-de-france-ecolieux","tag-tour-de-france-permaculture","tag-tour-de-france-ecologie","tag-tour-de-france-climat","tag-tour-de-france-bio","tag-tour-de-france-alternatives","tag-relier-les-alternatives-a-velo","tag-relions-les-alternatives-a-velo","tag-tour-de-france-micro-brasserie","tag-bure-haleurs","tag-alternatiba","tag-parcours-2015","tag-belgique","tag-luxembourg","tag-bure","tag-nancy","tag-metz","tag-charleville-meziere","tag-namur","tag-liege","tag-lille","tag-lens","tag-calais","tag-tour","tag-transition","tag-bruxelles","tag-ferme-de-la-chaudeau","tag-atelier-dynamo","tag-amis-de-la-terre-metz","tag-asbl-de-kar","tag-allons-en-vent","tag-valeureux-colibris","tag-mouvement-politique-des-objecteurs-de-croissance","tag-zad-du-keelbeek","tag-jardin-des-fraternites-ouvrieres-de-mouscron","tag-solaire-en-nord","tag-association-salam","tag-tour-tandem-alternatiba","tag-altertour-2015","tag-collectif-houille-ouille-ouille","no-post-thumbnail"],"yoast_head":"<!-- This site is optimized with the Yoast SEO plugin v27.3 - https:\/\/yoast.com\/product\/yoast-seo-wordpress\/ -->\n<title>Parcours pr\u00e9visionnel de l&#039;AlterTour 2015 - AlterTour<\/title>\n<meta name=\"robots\" content=\"index, follow, max-snippet:-1, max-image-preview:large, max-video-preview:-1\" \/>\n<link rel=\"canonical\" href=\"https:\/\/www.altercampagne.net\/?p=571\" \/>\n<meta property=\"og:locale\" content=\"fr_FR\" \/>\n<meta property=\"og:type\" content=\"article\" \/>\n<meta property=\"og:title\" content=\"Parcours pr\u00e9visionnel de l&#039;AlterTour 2015 - AlterTour\" \/>\n<meta property=\"og:description\" content=\"&nbsp; Du 18 juillet au 23 ao\u00fbt 2015 l&rsquo;AlterTour Visitera le nord de la France, le Luxembourg et la Belgique. De Bar-le-Duc \u00e0 Calais, nous rencontrerons des Alternatives engag\u00e9es dans la transition, la relocalisation, la d\u00e9croissance. Ces initiatives proposent de changer le syst\u00e8me pas le climat ! Nous pr\u00e9voyons de ... Read More\" \/>\n<meta property=\"og:url\" content=\"https:\/\/www.altercampagne.net\/?p=571\" \/>\n<meta property=\"og:site_name\" content=\"AlterTour\" \/>\n<meta property=\"article:published_time\" content=\"2015-01-15T08:41:16+00:00\" \/>\n<meta property=\"article:modified_time\" content=\"2020-02-24T16:30:07+00:00\" \/>\n<meta property=\"og:image\" content=\"http:\/\/www.altercampagne.net\/wp-content\/uploads\/2015\/05\/2015-05-05-Parcours-2015-France-978x1024.jpg\" \/>\n<meta name=\"author\" content=\"Mathieu\" \/>\n<meta name=\"twitter:card\" content=\"summary_large_image\" \/>\n<meta name=\"twitter:label1\" content=\"\u00c9crit par\" \/>\n\t<meta name=\"twitter:data1\" content=\"Mathieu\" \/>\n\t<meta name=\"twitter:label2\" content=\"Dur\u00e9e de lecture estim\u00e9e\" \/>\n\t<meta name=\"twitter:data2\" content=\"1 minute\" \/>\n<script type=\"application\/ld+json\" class=\"yoast-schema-graph\">{\"@context\":\"https:\\\/\\\/schema.org\",\"@graph\":[{\"@type\":\"Article\",\"@id\":\"https:\\\/\\\/www.altercampagne.net\\\/?p=571#article\",\"isPartOf\":{\"@id\":\"https:\\\/\\\/www.altercampagne.net\\\/?p=571\"},\"author\":{\"name\":\"Mathieu\",\"@id\":\"https:\\\/\\\/www.altercampagne.net\\\/#\\\/schema\\\/person\\\/0f261460c09e430caa0f9bcffa319109\"},\"headline\":\"Parcours pr\u00e9visionnel de l&rsquo;AlterTour 2015\",\"datePublished\":\"2015-01-15T08:41:16+00:00\",\"dateModified\":\"2020-02-24T16:30:07+00:00\",\"mainEntityOfPage\":{\"@id\":\"https:\\\/\\\/www.altercampagne.net\\\/?p=571\"},\"wordCount\":156,\"image\":{\"@id\":\"https:\\\/\\\/www.altercampagne.net\\\/?p=571#primaryimage\"},\"thumbnailUrl\":\"http:\\\/\\\/www.altercampagne.net\\\/wp-content\\\/uploads\\\/2015\\\/05\\\/2015-05-05-Parcours-2015-France-978x1024.jpg\",\"keywords\":[\"tour \u00e0 v\u00e9lo \u00e9colo\",\"Alternatiba Calais\",\"CPN Coquelicots\",\"reliez les alternatives \u00e0 v\u00e9lo\",\"autre tour de France\",\"permaculture\",\"agro\u00e9cologie\",\"anti-Tour de France\",\"Tour de France\",\"\u00e9cologique\",\"v\u00e9lo\",\"cyclo-militant\",\"2015\",\"tour de France des Alternatives\",\"tour cyclomilitant\",\"cyclomilitant\",\"Terre d'Errance\",\"tour \u00e0 v\u00e9lo \u00e9cologique\",\"\u00e9colo\",\"tour de france \u00e9colo\",\"tour de france \u00e9cologique\",\"tour de france agro\u00e9cologie\",\"tour de france transition\",\"tour de france \u00e9colieux\",\"tour de france permaculture\",\"tour de france \u00e9cologie\",\"tour de france climat\",\"tour de France bio\",\"tour de France alternatives\",\"relier les alternatives \u00e0 v\u00e9lo\",\"relions les alternatives \u00e0 v\u00e9lo\",\"tour de France micro-brasserie\",\"Bure Haleurs\",\"alternatiba\",\"parcours 2015\",\"belgique\",\"luxembourg\",\"Bure\",\"Nancy\",\"Metz\",\"Charleville-M\u00e9zi\u00e8re\",\"Namur\",\"Li\u00e8ge\",\"Lille\",\"Lens\",\"Calais\",\"tour\",\"Transition\",\"bruxelles\",\"Ferme de la Chaudeau\",\"Atelier Dynamo\",\"Amis de la Terre Metz\",\"Asbl de K\u00e4r\",\"Allons en vent\",\"Valeureux Colibris\",\"Mouvement politique des objecteurs de croissance\",\"Zad du Keelbeek\",\"Jardin des fraternit\u00e9s ouvri\u00e8res de Mouscron\",\"Solaire en Nord\",\"Association SALAM\",\"Tour Tandem Alternatiba\",\"AlterTour 2015\",\"Collectif Houille Ouille Ouille\"],\"articleSection\":[\"Programmes\",\"\u00c9dition 2015\"],\"inLanguage\":\"fr-FR\"},{\"@type\":\"WebPage\",\"@id\":\"https:\\\/\\\/www.altercampagne.net\\\/?p=571\",\"url\":\"https:\\\/\\\/www.altercampagne.net\\\/?p=571\",\"name\":\"Parcours pr\u00e9visionnel de l'AlterTour 2015 - AlterTour\",\"isPartOf\":{\"@id\":\"https:\\\/\\\/www.altercampagne.net\\\/#website\"},\"primaryImageOfPage\":{\"@id\":\"https:\\\/\\\/www.altercampagne.net\\\/?p=571#primaryimage\"},\"image\":{\"@id\":\"https:\\\/\\\/www.altercampagne.net\\\/?p=571#primaryimage\"},\"thumbnailUrl\":\"http:\\\/\\\/www.altercampagne.net\\\/wp-content\\\/uploads\\\/2015\\\/05\\\/2015-05-05-Parcours-2015-France-978x1024.jpg\",\"datePublished\":\"2015-01-15T08:41:16+00:00\",\"dateModified\":\"2020-02-24T16:30:07+00:00\",\"author\":{\"@id\":\"https:\\\/\\\/www.altercampagne.net\\\/#\\\/schema\\\/person\\\/0f261460c09e430caa0f9bcffa319109\"},\"breadcrumb\":{\"@id\":\"https:\\\/\\\/www.altercampagne.net\\\/?p=571#breadcrumb\"},\"inLanguage\":\"fr-FR\",\"potentialAction\":[{\"@type\":\"ReadAction\",\"target\":[\"https:\\\/\\\/www.altercampagne.net\\\/?p=571\"]}]},{\"@type\":\"ImageObject\",\"inLanguage\":\"fr-FR\",\"@id\":\"https:\\\/\\\/www.altercampagne.net\\\/?p=571#primaryimage\",\"url\":\"https:\\\/\\\/www.altercampagne.net\\\/wp-content\\\/uploads\\\/2015\\\/05\\\/2015-05-05-Parcours-2015-France.jpg\",\"contentUrl\":\"https:\\\/\\\/www.altercampagne.net\\\/wp-content\\\/uploads\\\/2015\\\/05\\\/2015-05-05-Parcours-2015-France.jpg\",\"width\":1191,\"height\":1247,\"caption\":\"Parcours AlterTour 2015\"},{\"@type\":\"BreadcrumbList\",\"@id\":\"https:\\\/\\\/www.altercampagne.net\\\/?p=571#breadcrumb\",\"itemListElement\":[{\"@type\":\"ListItem\",\"position\":1,\"name\":\"Accueil\",\"item\":\"https:\\\/\\\/www.altercampagne.net\\\/\"},{\"@type\":\"ListItem\",\"position\":2,\"name\":\"Parcours pr\u00e9visionnel de l&rsquo;AlterTour 2015\"}]},{\"@type\":\"WebSite\",\"@id\":\"https:\\\/\\\/www.altercampagne.net\\\/#website\",\"url\":\"https:\\\/\\\/www.altercampagne.net\\\/\",\"name\":\"AlterTour\",\"description\":\"Reliez les Alternatives \u00e0 v\u00e9lo\",\"potentialAction\":[{\"@type\":\"SearchAction\",\"target\":{\"@type\":\"EntryPoint\",\"urlTemplate\":\"https:\\\/\\\/www.altercampagne.net\\\/?s={search_term_string}\"},\"query-input\":{\"@type\":\"PropertyValueSpecification\",\"valueRequired\":true,\"valueName\":\"search_term_string\"}}],\"inLanguage\":\"fr-FR\"},{\"@type\":\"Person\",\"@id\":\"https:\\\/\\\/www.altercampagne.net\\\/#\\\/schema\\\/person\\\/0f261460c09e430caa0f9bcffa319109\",\"name\":\"Mathieu\",\"image\":{\"@type\":\"ImageObject\",\"inLanguage\":\"fr-FR\",\"@id\":\"https:\\\/\\\/secure.gravatar.com\\\/avatar\\\/aa9d3d24c83f2141e5e2709d0f63d09a99f6be6bb7a50abc4915838d9f54501a?s=96&d=mm&r=g\",\"url\":\"https:\\\/\\\/secure.gravatar.com\\\/avatar\\\/aa9d3d24c83f2141e5e2709d0f63d09a99f6be6bb7a50abc4915838d9f54501a?s=96&d=mm&r=g\",\"contentUrl\":\"https:\\\/\\\/secure.gravatar.com\\\/avatar\\\/aa9d3d24c83f2141e5e2709d0f63d09a99f6be6bb7a50abc4915838d9f54501a?s=96&d=mm&r=g\",\"caption\":\"Mathieu\"},\"url\":\"https:\\\/\\\/www.altercampagne.net\\\/?author=214\"}]}<\/script>\n<!-- \/ Yoast SEO plugin. -->","yoast_head_json":{"title":"Parcours pr\u00e9visionnel de l'AlterTour 2015 - AlterTour","robots":{"index":"index","follow":"follow","max-snippet":"max-snippet:-1","max-image-preview":"max-image-preview:large","max-video-preview":"max-video-preview:-1"},"canonical":"https:\/\/www.altercampagne.net\/?p=571","og_locale":"fr_FR","og_type":"article","og_title":"Parcours pr\u00e9visionnel de l'AlterTour 2015 - AlterTour","og_description":"&nbsp; Du 18 juillet au 23 ao\u00fbt 2015 l&rsquo;AlterTour Visitera le nord de la France, le Luxembourg et la Belgique. De Bar-le-Duc \u00e0 Calais, nous rencontrerons des Alternatives engag\u00e9es dans la transition, la relocalisation, la d\u00e9croissance. Ces initiatives proposent de changer le syst\u00e8me pas le climat ! Nous pr\u00e9voyons de ... Read More","og_url":"https:\/\/www.altercampagne.net\/?p=571","og_site_name":"AlterTour","article_published_time":"2015-01-15T08:41:16+00:00","article_modified_time":"2020-02-24T16:30:07+00:00","og_image":[{"url":"http:\/\/www.altercampagne.net\/wp-content\/uploads\/2015\/05\/2015-05-05-Parcours-2015-France-978x1024.jpg","type":"","width":"","height":""}],"author":"Mathieu","twitter_card":"summary_large_image","twitter_misc":{"\u00c9crit par":"Mathieu","Dur\u00e9e de lecture estim\u00e9e":"1 minute"},"schema":{"@context":"https:\/\/schema.org","@graph":[{"@type":"Article","@id":"https:\/\/www.altercampagne.net\/?p=571#article","isPartOf":{"@id":"https:\/\/www.altercampagne.net\/?p=571"},"author":{"name":"Mathieu","@id":"https:\/\/www.altercampagne.net\/#\/schema\/person\/0f261460c09e430caa0f9bcffa319109"},"headline":"Parcours pr\u00e9visionnel de l&rsquo;AlterTour 2015","datePublished":"2015-01-15T08:41:16+00:00","dateModified":"2020-02-24T16:30:07+00:00","mainEntityOfPage":{"@id":"https:\/\/www.altercampagne.net\/?p=571"},"wordCount":156,"image":{"@id":"https:\/\/www.altercampagne.net\/?p=571#primaryimage"},"thumbnailUrl":"http:\/\/www.altercampagne.net\/wp-content\/uploads\/2015\/05\/2015-05-05-Parcours-2015-France-978x1024.jpg","keywords":["tour \u00e0 v\u00e9lo \u00e9colo","Alternatiba Calais","CPN Coquelicots","reliez les alternatives \u00e0 v\u00e9lo","autre tour de France","permaculture","agro\u00e9cologie","anti-Tour de France","Tour de France","\u00e9cologique","v\u00e9lo","cyclo-militant","2015","tour de France des Alternatives","tour cyclomilitant","cyclomilitant","Terre d'Errance","tour \u00e0 v\u00e9lo \u00e9cologique","\u00e9colo","tour de france \u00e9colo","tour de france \u00e9cologique","tour de france agro\u00e9cologie","tour de france transition","tour de france \u00e9colieux","tour de france permaculture","tour de france \u00e9cologie","tour de france climat","tour de France bio","tour de France alternatives","relier les alternatives \u00e0 v\u00e9lo","relions les alternatives \u00e0 v\u00e9lo","tour de France micro-brasserie","Bure Haleurs","alternatiba","parcours 2015","belgique","luxembourg","Bure","Nancy","Metz","Charleville-M\u00e9zi\u00e8re","Namur","Li\u00e8ge","Lille","Lens","Calais","tour","Transition","bruxelles","Ferme de la Chaudeau","Atelier Dynamo","Amis de la Terre Metz","Asbl de K\u00e4r","Allons en vent","Valeureux Colibris","Mouvement politique des objecteurs de croissance","Zad du Keelbeek","Jardin des fraternit\u00e9s ouvri\u00e8res de Mouscron","Solaire en Nord","Association SALAM","Tour Tandem Alternatiba","AlterTour 2015","Collectif Houille Ouille Ouille"],"articleSection":["Programmes","\u00c9dition 2015"],"inLanguage":"fr-FR"},{"@type":"WebPage","@id":"https:\/\/www.altercampagne.net\/?p=571","url":"https:\/\/www.altercampagne.net\/?p=571","name":"Parcours pr\u00e9visionnel de l'AlterTour 2015 - AlterTour","isPartOf":{"@id":"https:\/\/www.altercampagne.net\/#website"},"primaryImageOfPage":{"@id":"https:\/\/www.altercampagne.net\/?p=571#primaryimage"},"image":{"@id":"https:\/\/www.altercampagne.net\/?p=571#primaryimage"},"thumbnailUrl":"http:\/\/www.altercampagne.net\/wp-content\/uploads\/2015\/05\/2015-05-05-Parcours-2015-France-978x1024.jpg","datePublished":"2015-01-15T08:41:16+00:00","dateModified":"2020-02-24T16:30:07+00:00","author":{"@id":"https:\/\/www.altercampagne.net\/#\/schema\/person\/0f261460c09e430caa0f9bcffa319109"},"breadcrumb":{"@id":"https:\/\/www.altercampagne.net\/?p=571#breadcrumb"},"inLanguage":"fr-FR","potentialAction":[{"@type":"ReadAction","target":["https:\/\/www.altercampagne.net\/?p=571"]}]},{"@type":"ImageObject","inLanguage":"fr-FR","@id":"https:\/\/www.altercampagne.net\/?p=571#primaryimage","url":"https:\/\/www.altercampagne.net\/wp-content\/uploads\/2015\/05\/2015-05-05-Parcours-2015-France.jpg","contentUrl":"https:\/\/www.altercampagne.net\/wp-content\/uploads\/2015\/05\/2015-05-05-Parcours-2015-France.jpg","width":1191,"height":1247,"caption":"Parcours AlterTour 2015"},{"@type":"BreadcrumbList","@id":"https:\/\/www.altercampagne.net\/?p=571#breadcrumb","itemListElement":[{"@type":"ListItem","position":1,"name":"Accueil","item":"https:\/\/www.altercampagne.net\/"},{"@type":"ListItem","position":2,"name":"Parcours pr\u00e9visionnel de l&rsquo;AlterTour 2015"}]},{"@type":"WebSite","@id":"https:\/\/www.altercampagne.net\/#website","url":"https:\/\/www.altercampagne.net\/","name":"AlterTour","description":"Reliez les Alternatives \u00e0 v\u00e9lo","potentialAction":[{"@type":"SearchAction","target":{"@type":"EntryPoint","urlTemplate":"https:\/\/www.altercampagne.net\/?s={search_term_string}"},"query-input":{"@type":"PropertyValueSpecification","valueRequired":true,"valueName":"search_term_string"}}],"inLanguage":"fr-FR"},{"@type":"Person","@id":"https:\/\/www.altercampagne.net\/#\/schema\/person\/0f261460c09e430caa0f9bcffa319109","name":"Mathieu","image":{"@type":"ImageObject","inLanguage":"fr-FR","@id":"https:\/\/secure.gravatar.com\/avatar\/aa9d3d24c83f2141e5e2709d0f63d09a99f6be6bb7a50abc4915838d9f54501a?s=96&d=mm&r=g","url":"https:\/\/secure.gravatar.com\/avatar\/aa9d3d24c83f2141e5e2709d0f63d09a99f6be6bb7a50abc4915838d9f54501a?s=96&d=mm&r=g","contentUrl":"https:\/\/secure.gravatar.com\/avatar\/aa9d3d24c83f2141e5e2709d0f63d09a99f6be6bb7a50abc4915838d9f54501a?s=96&d=mm&r=g","caption":"Mathieu"},"url":"https:\/\/www.altercampagne.net\/?author=214"}]}},"_links":{"self":[{"href":"https:\/\/www.altercampagne.net\/index.php?rest_route=\/wp\/v2\/posts\/571","targetHints":{"allow":["GET"]}}],"collection":[{"href":"https:\/\/www.altercampagne.net\/index.php?rest_route=\/wp\/v2\/posts"}],"about":[{"href":"https:\/\/www.altercampagne.net\/index.php?rest_route=\/wp\/v2\/types\/post"}],"author":[{"embeddable":true,"href":"https:\/\/www.altercampagne.net\/index.php?rest_route=\/wp\/v2\/users\/214"}],"replies":[{"embeddable":true,"href":"https:\/\/www.altercampagne.net\/index.php?rest_route=%2Fwp%2Fv2%2Fcomments&post=571"}],"version-history":[{"count":1,"href":"https:\/\/www.altercampagne.net\/index.php?rest_route=\/wp\/v2\/posts\/571\/revisions"}],"predecessor-version":[{"id":17462,"href":"https:\/\/www.altercampagne.net\/index.php?rest_route=\/wp\/v2\/posts\/571\/revisions\/17462"}],"wp:attachment":[{"href":"https:\/\/www.altercampagne.net\/index.php?rest_route=%2Fwp%2Fv2%2Fmedia&parent=571"}],"wp:term":[{"taxonomy":"category","embeddable":true,"href":"https:\/\/www.altercampagne.net\/index.php?rest_route=%2Fwp%2Fv2%2Fcategories&post=571"},{"taxonomy":"post_tag","embeddable":true,"href":"https:\/\/www.altercampagne.net\/index.php?rest_route=%2Fwp%2Fv2%2Ftags&post=571"}],"curies":[{"name":"wp","href":"https:\/\/api.w.org\/{rel}","templated":true}]}}