{"id":5710,"date":"2016-08-05T00:14:45","date_gmt":"2016-08-04T22:14:45","guid":{"rendered":"http:\/\/www.altercampagne.net\/?p=5710"},"modified":"2024-08-27T16:53:29","modified_gmt":"2024-08-27T14:53:29","slug":"brest-laltertour-2016-relie-les-alternatives-a-velo","status":"publish","type":"post","link":"https:\/\/www.altercampagne.net\/?p=5710","title":{"rendered":"Brest. L&rsquo;Altertour 2016 relie les alternatives \u00e0 v\u00e9lo"},"content":{"rendered":"<p><iframe loading=\"lazy\" src=\"\/\/www.dailymotion.com\/embed\/video\/x4n7gks\" width=\"480\" height=\"270\" frameborder=\"0\" allowfullscreen=\"allowfullscreen\"><\/iframe><br \/>\n<a href=\"http:\/\/www.dailymotion.com\/video\/x4n7gks_brest-l-altertour-2016-relie-les-alternatives-a-velo_news\" target=\"_blank\" rel=\"noopener\">Brest. L&rsquo;Altertour 2016 relie les alternatives&#8230;<\/a> <i>par <a href=\"http:\/\/www.dailymotion.com\/Letelegramme\" target=\"_blank\" rel=\"noopener\">Letelegramme<\/a><\/i><\/p>\n<p>Parti le 10 juillet dernier de Notre-Dame-des-Landes, l&rsquo;AlterTour 2016, ce tour cycliste des exp\u00e9riences alternatives, traverse actuellement le Finist\u00e8re et fait \u00e9tape \u00e0 Brest ce jeudi. La motivation des 300 participants n&rsquo;est pas \u00e0 rechercher dans le d\u00e9fi sportif.<\/p>\n<p>Non, ces altercyclistes jalonnent leur parcours de rencontres militantes avec des personnes porteuses d&rsquo;initiatives originales et concr\u00e8tes dans tous les champs de la vie : agricoles, environnementaux, sociaux ou encore culturels, comme l&rsquo;explique Mathieu Fromont, le permanent de l&rsquo;association.<\/p>\n<p>Source : <a href=\"http:\/\/www.letelegramme.fr\/finistere\/brest\/brest-l-altertour-2016-relie-les-alternatives-a-velo-04-08-2016-11171211.php\" target=\"_blank\" rel=\"noopener\">Le T\u00e9l\u00e9gramme<\/a><\/p>\n","protected":false},"excerpt":{"rendered":"<p>Brest. L&rsquo;Altertour 2016 relie les alternatives&#8230; par Letelegramme Parti le 10 juillet dernier de Notre-Dame-des-Landes, l&rsquo;AlterTour 2016, ce tour cycliste des exp\u00e9riences alternatives, traverse actuellement le Finist\u00e8re et fait \u00e9tape \u00e0 Brest ce jeudi. La motivation des 300 participants n&rsquo;est pas \u00e0 rechercher dans le d\u00e9fi sportif. Non, ces altercyclistes &#8230; <\/p>\n<div><a href=\"https:\/\/www.altercampagne.net\/?p=5710\" class=\"more-link\">Read More<\/a><\/div>\n","protected":false},"author":214,"featured_media":0,"comment_status":"closed","ping_status":"closed","sticky":false,"template":"","format":"standard","meta":{"footnotes":""},"categories":[239],"tags":[20,383,410,505,1652,2430,2578,2615,2616],"class_list":["post-5710","post","type-post","status-publish","format-standard","hentry","category-revue-de-presse","tag-bretagne","tag-altertour-2016","tag-finistere","tag-vivre-la-rue","tag-1652","tag-brest","tag-le-telegramme","tag-traon-bihan","tag-brest-a-pied-et-a-velo","no-post-thumbnail"],"yoast_head":"<!-- This site is optimized with the Yoast SEO plugin v27.3 - https:\/\/yoast.com\/product\/yoast-seo-wordpress\/ -->\n<title>Brest. L&#039;Altertour 2016 relie les alternatives \u00e0 v\u00e9lo - AlterTour<\/title>\n<meta name=\"robots\" content=\"index, follow, max-snippet:-1, max-image-preview:large, max-video-preview:-1\" \/>\n<link rel=\"canonical\" href=\"https:\/\/www.altercampagne.net\/?p=5710\" \/>\n<meta property=\"og:locale\" content=\"fr_FR\" \/>\n<meta property=\"og:type\" content=\"article\" \/>\n<meta property=\"og:title\" content=\"Brest. L&#039;Altertour 2016 relie les alternatives \u00e0 v\u00e9lo - AlterTour\" \/>\n<meta property=\"og:description\" content=\"Brest. L&rsquo;Altertour 2016 relie les alternatives&#8230; par Letelegramme Parti le 10 juillet dernier de Notre-Dame-des-Landes, l&rsquo;AlterTour 2016, ce tour cycliste des exp\u00e9riences alternatives, traverse actuellement le Finist\u00e8re et fait \u00e9tape \u00e0 Brest ce jeudi. La motivation des 300 participants n&rsquo;est pas \u00e0 rechercher dans le d\u00e9fi sportif. Non, ces altercyclistes ... Read More\" \/>\n<meta property=\"og:url\" content=\"https:\/\/www.altercampagne.net\/?p=5710\" \/>\n<meta property=\"og:site_name\" content=\"AlterTour\" \/>\n<meta property=\"article:published_time\" content=\"2016-08-04T22:14:45+00:00\" \/>\n<meta property=\"article:modified_time\" content=\"2024-08-27T14:53:29+00:00\" \/>\n<meta name=\"author\" content=\"Mathieu\" \/>\n<meta name=\"twitter:card\" content=\"summary_large_image\" \/>\n<meta name=\"twitter:label1\" content=\"\u00c9crit par\" \/>\n\t<meta name=\"twitter:data1\" content=\"Mathieu\" \/>\n\t<meta name=\"twitter:label2\" content=\"Dur\u00e9e de lecture estim\u00e9e\" \/>\n\t<meta name=\"twitter:data2\" content=\"1 minute\" \/>\n<script type=\"application\/ld+json\" class=\"yoast-schema-graph\">{\"@context\":\"https:\\\/\\\/schema.org\",\"@graph\":[{\"@type\":\"Article\",\"@id\":\"https:\\\/\\\/www.altercampagne.net\\\/?p=5710#article\",\"isPartOf\":{\"@id\":\"https:\\\/\\\/www.altercampagne.net\\\/?p=5710\"},\"author\":{\"name\":\"Mathieu\",\"@id\":\"https:\\\/\\\/www.altercampagne.net\\\/#\\\/schema\\\/person\\\/0f261460c09e430caa0f9bcffa319109\"},\"headline\":\"Brest. L&rsquo;Altertour 2016 relie les alternatives \u00e0 v\u00e9lo\",\"datePublished\":\"2016-08-04T22:14:45+00:00\",\"dateModified\":\"2024-08-27T14:53:29+00:00\",\"mainEntityOfPage\":{\"@id\":\"https:\\\/\\\/www.altercampagne.net\\\/?p=5710\"},\"wordCount\":102,\"keywords\":[\"bretagne\",\"AlterTour 2016\",\"finist\u00e8re\",\"vivre la rue\",\"2016\",\"Brest\",\"Le t\u00e9l\u00e9gramme\",\"traon bihan\",\"Brest \u00e0 pied et \u00e0 v\u00e9lo\"],\"articleSection\":[\"Revue de presse\"],\"inLanguage\":\"fr-FR\"},{\"@type\":\"WebPage\",\"@id\":\"https:\\\/\\\/www.altercampagne.net\\\/?p=5710\",\"url\":\"https:\\\/\\\/www.altercampagne.net\\\/?p=5710\",\"name\":\"Brest. L'Altertour 2016 relie les alternatives \u00e0 v\u00e9lo - AlterTour\",\"isPartOf\":{\"@id\":\"https:\\\/\\\/www.altercampagne.net\\\/#website\"},\"datePublished\":\"2016-08-04T22:14:45+00:00\",\"dateModified\":\"2024-08-27T14:53:29+00:00\",\"author\":{\"@id\":\"https:\\\/\\\/www.altercampagne.net\\\/#\\\/schema\\\/person\\\/0f261460c09e430caa0f9bcffa319109\"},\"breadcrumb\":{\"@id\":\"https:\\\/\\\/www.altercampagne.net\\\/?p=5710#breadcrumb\"},\"inLanguage\":\"fr-FR\",\"potentialAction\":[{\"@type\":\"ReadAction\",\"target\":[\"https:\\\/\\\/www.altercampagne.net\\\/?p=5710\"]}]},{\"@type\":\"BreadcrumbList\",\"@id\":\"https:\\\/\\\/www.altercampagne.net\\\/?p=5710#breadcrumb\",\"itemListElement\":[{\"@type\":\"ListItem\",\"position\":1,\"name\":\"Accueil\",\"item\":\"https:\\\/\\\/www.altercampagne.net\\\/\"},{\"@type\":\"ListItem\",\"position\":2,\"name\":\"Brest. L&rsquo;Altertour 2016 relie les alternatives \u00e0 v\u00e9lo\"}]},{\"@type\":\"WebSite\",\"@id\":\"https:\\\/\\\/www.altercampagne.net\\\/#website\",\"url\":\"https:\\\/\\\/www.altercampagne.net\\\/\",\"name\":\"AlterTour\",\"description\":\"Reliez les Alternatives \u00e0 v\u00e9lo\",\"potentialAction\":[{\"@type\":\"SearchAction\",\"target\":{\"@type\":\"EntryPoint\",\"urlTemplate\":\"https:\\\/\\\/www.altercampagne.net\\\/?s={search_term_string}\"},\"query-input\":{\"@type\":\"PropertyValueSpecification\",\"valueRequired\":true,\"valueName\":\"search_term_string\"}}],\"inLanguage\":\"fr-FR\"},{\"@type\":\"Person\",\"@id\":\"https:\\\/\\\/www.altercampagne.net\\\/#\\\/schema\\\/person\\\/0f261460c09e430caa0f9bcffa319109\",\"name\":\"Mathieu\",\"image\":{\"@type\":\"ImageObject\",\"inLanguage\":\"fr-FR\",\"@id\":\"https:\\\/\\\/secure.gravatar.com\\\/avatar\\\/aa9d3d24c83f2141e5e2709d0f63d09a99f6be6bb7a50abc4915838d9f54501a?s=96&d=mm&r=g\",\"url\":\"https:\\\/\\\/secure.gravatar.com\\\/avatar\\\/aa9d3d24c83f2141e5e2709d0f63d09a99f6be6bb7a50abc4915838d9f54501a?s=96&d=mm&r=g\",\"contentUrl\":\"https:\\\/\\\/secure.gravatar.com\\\/avatar\\\/aa9d3d24c83f2141e5e2709d0f63d09a99f6be6bb7a50abc4915838d9f54501a?s=96&d=mm&r=g\",\"caption\":\"Mathieu\"},\"url\":\"https:\\\/\\\/www.altercampagne.net\\\/?author=214\"}]}<\/script>\n<!-- \/ Yoast SEO plugin. -->","yoast_head_json":{"title":"Brest. L'Altertour 2016 relie les alternatives \u00e0 v\u00e9lo - AlterTour","robots":{"index":"index","follow":"follow","max-snippet":"max-snippet:-1","max-image-preview":"max-image-preview:large","max-video-preview":"max-video-preview:-1"},"canonical":"https:\/\/www.altercampagne.net\/?p=5710","og_locale":"fr_FR","og_type":"article","og_title":"Brest. L'Altertour 2016 relie les alternatives \u00e0 v\u00e9lo - AlterTour","og_description":"Brest. L&rsquo;Altertour 2016 relie les alternatives&#8230; par Letelegramme Parti le 10 juillet dernier de Notre-Dame-des-Landes, l&rsquo;AlterTour 2016, ce tour cycliste des exp\u00e9riences alternatives, traverse actuellement le Finist\u00e8re et fait \u00e9tape \u00e0 Brest ce jeudi. La motivation des 300 participants n&rsquo;est pas \u00e0 rechercher dans le d\u00e9fi sportif. Non, ces altercyclistes ... Read More","og_url":"https:\/\/www.altercampagne.net\/?p=5710","og_site_name":"AlterTour","article_published_time":"2016-08-04T22:14:45+00:00","article_modified_time":"2024-08-27T14:53:29+00:00","author":"Mathieu","twitter_card":"summary_large_image","twitter_misc":{"\u00c9crit par":"Mathieu","Dur\u00e9e de lecture estim\u00e9e":"1 minute"},"schema":{"@context":"https:\/\/schema.org","@graph":[{"@type":"Article","@id":"https:\/\/www.altercampagne.net\/?p=5710#article","isPartOf":{"@id":"https:\/\/www.altercampagne.net\/?p=5710"},"author":{"name":"Mathieu","@id":"https:\/\/www.altercampagne.net\/#\/schema\/person\/0f261460c09e430caa0f9bcffa319109"},"headline":"Brest. L&rsquo;Altertour 2016 relie les alternatives \u00e0 v\u00e9lo","datePublished":"2016-08-04T22:14:45+00:00","dateModified":"2024-08-27T14:53:29+00:00","mainEntityOfPage":{"@id":"https:\/\/www.altercampagne.net\/?p=5710"},"wordCount":102,"keywords":["bretagne","AlterTour 2016","finist\u00e8re","vivre la rue","2016","Brest","Le t\u00e9l\u00e9gramme","traon bihan","Brest \u00e0 pied et \u00e0 v\u00e9lo"],"articleSection":["Revue de presse"],"inLanguage":"fr-FR"},{"@type":"WebPage","@id":"https:\/\/www.altercampagne.net\/?p=5710","url":"https:\/\/www.altercampagne.net\/?p=5710","name":"Brest. L'Altertour 2016 relie les alternatives \u00e0 v\u00e9lo - AlterTour","isPartOf":{"@id":"https:\/\/www.altercampagne.net\/#website"},"datePublished":"2016-08-04T22:14:45+00:00","dateModified":"2024-08-27T14:53:29+00:00","author":{"@id":"https:\/\/www.altercampagne.net\/#\/schema\/person\/0f261460c09e430caa0f9bcffa319109"},"breadcrumb":{"@id":"https:\/\/www.altercampagne.net\/?p=5710#breadcrumb"},"inLanguage":"fr-FR","potentialAction":[{"@type":"ReadAction","target":["https:\/\/www.altercampagne.net\/?p=5710"]}]},{"@type":"BreadcrumbList","@id":"https:\/\/www.altercampagne.net\/?p=5710#breadcrumb","itemListElement":[{"@type":"ListItem","position":1,"name":"Accueil","item":"https:\/\/www.altercampagne.net\/"},{"@type":"ListItem","position":2,"name":"Brest. L&rsquo;Altertour 2016 relie les alternatives \u00e0 v\u00e9lo"}]},{"@type":"WebSite","@id":"https:\/\/www.altercampagne.net\/#website","url":"https:\/\/www.altercampagne.net\/","name":"AlterTour","description":"Reliez les Alternatives \u00e0 v\u00e9lo","potentialAction":[{"@type":"SearchAction","target":{"@type":"EntryPoint","urlTemplate":"https:\/\/www.altercampagne.net\/?s={search_term_string}"},"query-input":{"@type":"PropertyValueSpecification","valueRequired":true,"valueName":"search_term_string"}}],"inLanguage":"fr-FR"},{"@type":"Person","@id":"https:\/\/www.altercampagne.net\/#\/schema\/person\/0f261460c09e430caa0f9bcffa319109","name":"Mathieu","image":{"@type":"ImageObject","inLanguage":"fr-FR","@id":"https:\/\/secure.gravatar.com\/avatar\/aa9d3d24c83f2141e5e2709d0f63d09a99f6be6bb7a50abc4915838d9f54501a?s=96&d=mm&r=g","url":"https:\/\/secure.gravatar.com\/avatar\/aa9d3d24c83f2141e5e2709d0f63d09a99f6be6bb7a50abc4915838d9f54501a?s=96&d=mm&r=g","contentUrl":"https:\/\/secure.gravatar.com\/avatar\/aa9d3d24c83f2141e5e2709d0f63d09a99f6be6bb7a50abc4915838d9f54501a?s=96&d=mm&r=g","caption":"Mathieu"},"url":"https:\/\/www.altercampagne.net\/?author=214"}]}},"_links":{"self":[{"href":"https:\/\/www.altercampagne.net\/index.php?rest_route=\/wp\/v2\/posts\/5710","targetHints":{"allow":["GET"]}}],"collection":[{"href":"https:\/\/www.altercampagne.net\/index.php?rest_route=\/wp\/v2\/posts"}],"about":[{"href":"https:\/\/www.altercampagne.net\/index.php?rest_route=\/wp\/v2\/types\/post"}],"author":[{"embeddable":true,"href":"https:\/\/www.altercampagne.net\/index.php?rest_route=\/wp\/v2\/users\/214"}],"replies":[{"embeddable":true,"href":"https:\/\/www.altercampagne.net\/index.php?rest_route=%2Fwp%2Fv2%2Fcomments&post=5710"}],"version-history":[{"count":1,"href":"https:\/\/www.altercampagne.net\/index.php?rest_route=\/wp\/v2\/posts\/5710\/revisions"}],"predecessor-version":[{"id":28633,"href":"https:\/\/www.altercampagne.net\/index.php?rest_route=\/wp\/v2\/posts\/5710\/revisions\/28633"}],"wp:attachment":[{"href":"https:\/\/www.altercampagne.net\/index.php?rest_route=%2Fwp%2Fv2%2Fmedia&parent=5710"}],"wp:term":[{"taxonomy":"category","embeddable":true,"href":"https:\/\/www.altercampagne.net\/index.php?rest_route=%2Fwp%2Fv2%2Fcategories&post=5710"},{"taxonomy":"post_tag","embeddable":true,"href":"https:\/\/www.altercampagne.net\/index.php?rest_route=%2Fwp%2Fv2%2Ftags&post=5710"}],"curies":[{"name":"wp","href":"https:\/\/api.w.org\/{rel}","templated":true}]}}