{"id":5712,"date":"2016-07-26T20:24:31","date_gmt":"2016-07-26T18:24:31","guid":{"rendered":"http:\/\/www.altercampagne.net\/?p=5712"},"modified":"2019-09-13T17:01:49","modified_gmt":"2019-09-13T15:01:49","slug":"etape-du-26-juillet-2016-kerzello-a-plufur","status":"publish","type":"post","link":"https:\/\/www.altercampagne.net\/?p=5712","title":{"rendered":"\u00c9tape du 26 juillet 2016 : Kerzell&rsquo;o \u00e0 Plufur"},"content":{"rendered":"<p>Apr\u00e8s le petit d\u00e9jeuner et d&rsquo;avoir dit au revoir aux ceux qui nous avaient accueillis dans le \u00e9cocentre, on envisage un nouveau chemin vers Kerzell&rsquo;o. Isabelle est notre guide pour la premi\u00e8re fois. Avec un d\u00e9marrage un peu accident\u00e9, on est arriv\u00e9 \u00e0 la gare o\u00f9 quelques amis prenaient le train pour rentre chez eux. Beaucoup de circulation, des mont\u00e9s et descentes, on est arriv\u00e9 \u00e0 la premi\u00e8re pause, une petite \u00e9glise du 15em si\u00e8cle. Un chemin difficile \u00e0 suivre nous am\u00e8ne \u00e0 la rencontre de Chlo\u00e9, notre nouvelle h\u00f4tesse. Elle est en charge de Plufur, un centre de permaculture. Un chili sans carne assez \u00e9pic\u00e9 nous fait le plein d&rsquo;essence pour se remettre en chemin. Une planche de fromages de ch\u00e8vre artisanales finit de mani\u00e8re parfaite le d\u00e9jeuner. Tout le monde se retrouve dans la salle de jeux du centre. C&rsquo;est une salle pleine de tapis, un foulard et tout le n\u00e9cessaire pour faire du yoga et du cirque. Chlo\u00e9 nous invite \u00e0 nous d\u00e9tendre. Nous tous on s&rsquo;allonge sur les tapis et elle nous montre un peu de l&rsquo;un de ses m\u00e9thodes de relaxation. Puis apr\u00e8s elle nous offre une visite guid\u00e9e du lieu, en nous racontant les activit\u00e9s qu&rsquo;y se r\u00e9alisent et l&rsquo;histoire du centre. Quelques uns d&rsquo;entre nous, d\u00e9cident passer la nuit dans le centre avant de partir. Une fois sur la route, un long chemin nous attend jusqu&rsquo;au ch\u00e2teau de Coay An Noz. \u00c0 l&rsquo;arriv\u00e9e, une pr\u00e9sentation sur la lutte contre l&rsquo;exploration et l\u2019exploitation de min\u00e9raux a eu lieu, assez dynamique et participative.<\/p>\n<p>Despues del desayuno y de la despedida de las personas que nos dieron la bienvenida al ecocentre, encaramos un nuevo camino hacia kerzell&rsquo;o. Nuestro gu\u00eda es por primera vez Isabelle, en lugar de Michel. Con un comienzo un poco accidentado, problemas t\u00e9cnicos en 2 bicicleta solventados r\u00e1pidamente, llegamos a la estacion para despedir a algunos de nuestros compa\u00f1eros. Mucho tr\u00e1nsito en cierta parte del camino, , subidas y bajadas, llegamos a la primer pausa, una peque\u00f1a capilla del siglo 15. Un camino un poco dificil de seguir, nos lleva a encontrar a chloe, nuestra nueva anfitriona. Ella est\u00e1 a cargo de plufur, un centro de permacultura. Un chile sin carne bastante picante nos llena para seguir camino. Una tabla de quesos de cabra artesanales le da el toque final al almuerzo. Todo el mundo se reune en la sala de juegos del lugar, una sala cubierta de alfombras, con lo necesario para practicar yoga, circo, telas, entre otas actovidades. Chloe nos invita a relajarnos, todos nos acostamos en la sala y ella nos muestra un poco de uno de sus metodos de relajaci\u00f3n. Luego nos da una visita guiada del lugar, contandonos su historia y las actividades que all\u00ed se realizan. Un par de nuestros compa\u00f1eros deciden pasar la noche en el lugar antes de partir. De vuelta en ruta, un camino largo nos espera hasta el chateau de coay an noz. Una vez en el lugar una charla sobre la lucha contra la exploraci\u00f3n y explotaci\u00f3n de minerales tuvo lugar, bastante dinamica y participativa.<\/p>\n<p style=\"text-align: right;\"><strong>Abel<\/strong><\/p>\n","protected":false},"excerpt":{"rendered":"<p>Apr\u00e8s le petit d\u00e9jeuner et d&rsquo;avoir dit au revoir aux ceux qui nous avaient accueillis dans le \u00e9cocentre, on envisage un nouveau chemin vers Kerzell&rsquo;o. Isabelle est notre guide pour la premi\u00e8re fois. Avec un d\u00e9marrage un peu accident\u00e9, on est arriv\u00e9 \u00e0 la gare o\u00f9 quelques amis prenaient le &#8230; <\/p>\n<div><a href=\"https:\/\/www.altercampagne.net\/?p=5712\" class=\"more-link\">Read More<\/a><\/div>\n","protected":false},"author":214,"featured_media":15501,"comment_status":"closed","ping_status":"closed","sticky":false,"template":"","format":"standard","meta":{"footnotes":""},"categories":[3483,3472,3459],"tags":[20,383,498,1652,1669,2617,2618,2704,2846,2849,2850,2851],"class_list":["post-5712","post","type-post","status-publish","format-standard","has-post-thumbnail","hentry","category-agriculture","category-bretagne","category-edition-2016","tag-bretagne","tag-altertour-2016","tag-ecocentre-du-tregor","tag-1652","tag-cotes-darmor","tag-kerzello","tag-plufur","tag-alterjournaliste","tag-accueillant","tag-accueillant2016","tag-accueillant-2016","tag-altertour2016"],"yoast_head":"<!-- This site is optimized with the Yoast SEO plugin v27.3 - https:\/\/yoast.com\/product\/yoast-seo-wordpress\/ -->\n<title>\u00c9tape du 26 juillet 2016 : Kerzell&#039;o \u00e0 Plufur - AlterTour<\/title>\n<meta name=\"robots\" content=\"index, follow, max-snippet:-1, max-image-preview:large, max-video-preview:-1\" \/>\n<link rel=\"canonical\" href=\"https:\/\/www.altercampagne.net\/?p=5712\" \/>\n<meta property=\"og:locale\" content=\"fr_FR\" \/>\n<meta property=\"og:type\" content=\"article\" \/>\n<meta property=\"og:title\" content=\"\u00c9tape du 26 juillet 2016 : Kerzell&#039;o \u00e0 Plufur - AlterTour\" \/>\n<meta property=\"og:description\" content=\"Apr\u00e8s le petit d\u00e9jeuner et d&rsquo;avoir dit au revoir aux ceux qui nous avaient accueillis dans le \u00e9cocentre, on envisage un nouveau chemin vers Kerzell&rsquo;o. Isabelle est notre guide pour la premi\u00e8re fois. Avec un d\u00e9marrage un peu accident\u00e9, on est arriv\u00e9 \u00e0 la gare o\u00f9 quelques amis prenaient le ... Read More\" \/>\n<meta property=\"og:url\" content=\"https:\/\/www.altercampagne.net\/?p=5712\" \/>\n<meta property=\"og:site_name\" content=\"AlterTour\" \/>\n<meta property=\"article:published_time\" content=\"2016-07-26T18:24:31+00:00\" \/>\n<meta property=\"article:modified_time\" content=\"2019-09-13T15:01:49+00:00\" \/>\n<meta property=\"og:image\" content=\"https:\/\/www.altercampagne.net\/wp-content\/uploads\/2016\/07\/2016-07-26_16.03.jpg\" \/>\n\t<meta property=\"og:image:width\" content=\"907\" \/>\n\t<meta property=\"og:image:height\" content=\"474\" \/>\n\t<meta property=\"og:image:type\" content=\"image\/jpeg\" \/>\n<meta name=\"author\" content=\"Mathieu\" \/>\n<meta name=\"twitter:card\" content=\"summary_large_image\" \/>\n<meta name=\"twitter:label1\" content=\"\u00c9crit par\" \/>\n\t<meta name=\"twitter:data1\" content=\"Mathieu\" \/>\n\t<meta name=\"twitter:label2\" content=\"Dur\u00e9e de lecture estim\u00e9e\" \/>\n\t<meta name=\"twitter:data2\" content=\"3 minutes\" \/>\n<script type=\"application\/ld+json\" class=\"yoast-schema-graph\">{\"@context\":\"https:\\\/\\\/schema.org\",\"@graph\":[{\"@type\":\"Article\",\"@id\":\"https:\\\/\\\/www.altercampagne.net\\\/?p=5712#article\",\"isPartOf\":{\"@id\":\"https:\\\/\\\/www.altercampagne.net\\\/?p=5712\"},\"author\":{\"name\":\"Mathieu\",\"@id\":\"https:\\\/\\\/www.altercampagne.net\\\/#\\\/schema\\\/person\\\/0f261460c09e430caa0f9bcffa319109\"},\"headline\":\"\u00c9tape du 26 juillet 2016 : Kerzell&rsquo;o \u00e0 Plufur\",\"datePublished\":\"2016-07-26T18:24:31+00:00\",\"dateModified\":\"2019-09-13T15:01:49+00:00\",\"mainEntityOfPage\":{\"@id\":\"https:\\\/\\\/www.altercampagne.net\\\/?p=5712\"},\"wordCount\":559,\"image\":{\"@id\":\"https:\\\/\\\/www.altercampagne.net\\\/?p=5712#primaryimage\"},\"thumbnailUrl\":\"https:\\\/\\\/www.altercampagne.net\\\/wp-content\\\/uploads\\\/2016\\\/07\\\/2016-07-26_16.03.jpg\",\"keywords\":[\"bretagne\",\"AlterTour 2016\",\"ecocentre du tr\u00e9gor\",\"2016\",\"C\u00f4tes-d'Armor\",\"Kerzell'o\",\"Plufur\",\"alterjournaliste\",\"accueillant\",\"accueillant2016\",\"accueillant 2016\",\"AlterTour2016\"],\"articleSection\":[\"Agriculture\",\"Bretagne\",\"\u00c9dition 2016\"],\"inLanguage\":\"fr-FR\"},{\"@type\":\"WebPage\",\"@id\":\"https:\\\/\\\/www.altercampagne.net\\\/?p=5712\",\"url\":\"https:\\\/\\\/www.altercampagne.net\\\/?p=5712\",\"name\":\"\u00c9tape du 26 juillet 2016 : Kerzell'o \u00e0 Plufur - AlterTour\",\"isPartOf\":{\"@id\":\"https:\\\/\\\/www.altercampagne.net\\\/#website\"},\"primaryImageOfPage\":{\"@id\":\"https:\\\/\\\/www.altercampagne.net\\\/?p=5712#primaryimage\"},\"image\":{\"@id\":\"https:\\\/\\\/www.altercampagne.net\\\/?p=5712#primaryimage\"},\"thumbnailUrl\":\"https:\\\/\\\/www.altercampagne.net\\\/wp-content\\\/uploads\\\/2016\\\/07\\\/2016-07-26_16.03.jpg\",\"datePublished\":\"2016-07-26T18:24:31+00:00\",\"dateModified\":\"2019-09-13T15:01:49+00:00\",\"author\":{\"@id\":\"https:\\\/\\\/www.altercampagne.net\\\/#\\\/schema\\\/person\\\/0f261460c09e430caa0f9bcffa319109\"},\"breadcrumb\":{\"@id\":\"https:\\\/\\\/www.altercampagne.net\\\/?p=5712#breadcrumb\"},\"inLanguage\":\"fr-FR\",\"potentialAction\":[{\"@type\":\"ReadAction\",\"target\":[\"https:\\\/\\\/www.altercampagne.net\\\/?p=5712\"]}]},{\"@type\":\"ImageObject\",\"inLanguage\":\"fr-FR\",\"@id\":\"https:\\\/\\\/www.altercampagne.net\\\/?p=5712#primaryimage\",\"url\":\"https:\\\/\\\/www.altercampagne.net\\\/wp-content\\\/uploads\\\/2016\\\/07\\\/2016-07-26_16.03.jpg\",\"contentUrl\":\"https:\\\/\\\/www.altercampagne.net\\\/wp-content\\\/uploads\\\/2016\\\/07\\\/2016-07-26_16.03.jpg\",\"width\":907,\"height\":474},{\"@type\":\"BreadcrumbList\",\"@id\":\"https:\\\/\\\/www.altercampagne.net\\\/?p=5712#breadcrumb\",\"itemListElement\":[{\"@type\":\"ListItem\",\"position\":1,\"name\":\"Accueil\",\"item\":\"https:\\\/\\\/www.altercampagne.net\\\/\"},{\"@type\":\"ListItem\",\"position\":2,\"name\":\"\u00c9tape du 26 juillet 2016 : Kerzell&rsquo;o \u00e0 Plufur\"}]},{\"@type\":\"WebSite\",\"@id\":\"https:\\\/\\\/www.altercampagne.net\\\/#website\",\"url\":\"https:\\\/\\\/www.altercampagne.net\\\/\",\"name\":\"AlterTour\",\"description\":\"Reliez les Alternatives \u00e0 v\u00e9lo\",\"potentialAction\":[{\"@type\":\"SearchAction\",\"target\":{\"@type\":\"EntryPoint\",\"urlTemplate\":\"https:\\\/\\\/www.altercampagne.net\\\/?s={search_term_string}\"},\"query-input\":{\"@type\":\"PropertyValueSpecification\",\"valueRequired\":true,\"valueName\":\"search_term_string\"}}],\"inLanguage\":\"fr-FR\"},{\"@type\":\"Person\",\"@id\":\"https:\\\/\\\/www.altercampagne.net\\\/#\\\/schema\\\/person\\\/0f261460c09e430caa0f9bcffa319109\",\"name\":\"Mathieu\",\"image\":{\"@type\":\"ImageObject\",\"inLanguage\":\"fr-FR\",\"@id\":\"https:\\\/\\\/secure.gravatar.com\\\/avatar\\\/aa9d3d24c83f2141e5e2709d0f63d09a99f6be6bb7a50abc4915838d9f54501a?s=96&d=mm&r=g\",\"url\":\"https:\\\/\\\/secure.gravatar.com\\\/avatar\\\/aa9d3d24c83f2141e5e2709d0f63d09a99f6be6bb7a50abc4915838d9f54501a?s=96&d=mm&r=g\",\"contentUrl\":\"https:\\\/\\\/secure.gravatar.com\\\/avatar\\\/aa9d3d24c83f2141e5e2709d0f63d09a99f6be6bb7a50abc4915838d9f54501a?s=96&d=mm&r=g\",\"caption\":\"Mathieu\"},\"url\":\"https:\\\/\\\/www.altercampagne.net\\\/?author=214\"}]}<\/script>\n<!-- \/ Yoast SEO plugin. -->","yoast_head_json":{"title":"\u00c9tape du 26 juillet 2016 : Kerzell'o \u00e0 Plufur - AlterTour","robots":{"index":"index","follow":"follow","max-snippet":"max-snippet:-1","max-image-preview":"max-image-preview:large","max-video-preview":"max-video-preview:-1"},"canonical":"https:\/\/www.altercampagne.net\/?p=5712","og_locale":"fr_FR","og_type":"article","og_title":"\u00c9tape du 26 juillet 2016 : Kerzell'o \u00e0 Plufur - AlterTour","og_description":"Apr\u00e8s le petit d\u00e9jeuner et d&rsquo;avoir dit au revoir aux ceux qui nous avaient accueillis dans le \u00e9cocentre, on envisage un nouveau chemin vers Kerzell&rsquo;o. Isabelle est notre guide pour la premi\u00e8re fois. Avec un d\u00e9marrage un peu accident\u00e9, on est arriv\u00e9 \u00e0 la gare o\u00f9 quelques amis prenaient le ... Read More","og_url":"https:\/\/www.altercampagne.net\/?p=5712","og_site_name":"AlterTour","article_published_time":"2016-07-26T18:24:31+00:00","article_modified_time":"2019-09-13T15:01:49+00:00","og_image":[{"width":907,"height":474,"url":"https:\/\/www.altercampagne.net\/wp-content\/uploads\/2016\/07\/2016-07-26_16.03.jpg","type":"image\/jpeg"}],"author":"Mathieu","twitter_card":"summary_large_image","twitter_misc":{"\u00c9crit par":"Mathieu","Dur\u00e9e de lecture estim\u00e9e":"3 minutes"},"schema":{"@context":"https:\/\/schema.org","@graph":[{"@type":"Article","@id":"https:\/\/www.altercampagne.net\/?p=5712#article","isPartOf":{"@id":"https:\/\/www.altercampagne.net\/?p=5712"},"author":{"name":"Mathieu","@id":"https:\/\/www.altercampagne.net\/#\/schema\/person\/0f261460c09e430caa0f9bcffa319109"},"headline":"\u00c9tape du 26 juillet 2016 : Kerzell&rsquo;o \u00e0 Plufur","datePublished":"2016-07-26T18:24:31+00:00","dateModified":"2019-09-13T15:01:49+00:00","mainEntityOfPage":{"@id":"https:\/\/www.altercampagne.net\/?p=5712"},"wordCount":559,"image":{"@id":"https:\/\/www.altercampagne.net\/?p=5712#primaryimage"},"thumbnailUrl":"https:\/\/www.altercampagne.net\/wp-content\/uploads\/2016\/07\/2016-07-26_16.03.jpg","keywords":["bretagne","AlterTour 2016","ecocentre du tr\u00e9gor","2016","C\u00f4tes-d'Armor","Kerzell'o","Plufur","alterjournaliste","accueillant","accueillant2016","accueillant 2016","AlterTour2016"],"articleSection":["Agriculture","Bretagne","\u00c9dition 2016"],"inLanguage":"fr-FR"},{"@type":"WebPage","@id":"https:\/\/www.altercampagne.net\/?p=5712","url":"https:\/\/www.altercampagne.net\/?p=5712","name":"\u00c9tape du 26 juillet 2016 : Kerzell'o \u00e0 Plufur - AlterTour","isPartOf":{"@id":"https:\/\/www.altercampagne.net\/#website"},"primaryImageOfPage":{"@id":"https:\/\/www.altercampagne.net\/?p=5712#primaryimage"},"image":{"@id":"https:\/\/www.altercampagne.net\/?p=5712#primaryimage"},"thumbnailUrl":"https:\/\/www.altercampagne.net\/wp-content\/uploads\/2016\/07\/2016-07-26_16.03.jpg","datePublished":"2016-07-26T18:24:31+00:00","dateModified":"2019-09-13T15:01:49+00:00","author":{"@id":"https:\/\/www.altercampagne.net\/#\/schema\/person\/0f261460c09e430caa0f9bcffa319109"},"breadcrumb":{"@id":"https:\/\/www.altercampagne.net\/?p=5712#breadcrumb"},"inLanguage":"fr-FR","potentialAction":[{"@type":"ReadAction","target":["https:\/\/www.altercampagne.net\/?p=5712"]}]},{"@type":"ImageObject","inLanguage":"fr-FR","@id":"https:\/\/www.altercampagne.net\/?p=5712#primaryimage","url":"https:\/\/www.altercampagne.net\/wp-content\/uploads\/2016\/07\/2016-07-26_16.03.jpg","contentUrl":"https:\/\/www.altercampagne.net\/wp-content\/uploads\/2016\/07\/2016-07-26_16.03.jpg","width":907,"height":474},{"@type":"BreadcrumbList","@id":"https:\/\/www.altercampagne.net\/?p=5712#breadcrumb","itemListElement":[{"@type":"ListItem","position":1,"name":"Accueil","item":"https:\/\/www.altercampagne.net\/"},{"@type":"ListItem","position":2,"name":"\u00c9tape du 26 juillet 2016 : Kerzell&rsquo;o \u00e0 Plufur"}]},{"@type":"WebSite","@id":"https:\/\/www.altercampagne.net\/#website","url":"https:\/\/www.altercampagne.net\/","name":"AlterTour","description":"Reliez les Alternatives \u00e0 v\u00e9lo","potentialAction":[{"@type":"SearchAction","target":{"@type":"EntryPoint","urlTemplate":"https:\/\/www.altercampagne.net\/?s={search_term_string}"},"query-input":{"@type":"PropertyValueSpecification","valueRequired":true,"valueName":"search_term_string"}}],"inLanguage":"fr-FR"},{"@type":"Person","@id":"https:\/\/www.altercampagne.net\/#\/schema\/person\/0f261460c09e430caa0f9bcffa319109","name":"Mathieu","image":{"@type":"ImageObject","inLanguage":"fr-FR","@id":"https:\/\/secure.gravatar.com\/avatar\/aa9d3d24c83f2141e5e2709d0f63d09a99f6be6bb7a50abc4915838d9f54501a?s=96&d=mm&r=g","url":"https:\/\/secure.gravatar.com\/avatar\/aa9d3d24c83f2141e5e2709d0f63d09a99f6be6bb7a50abc4915838d9f54501a?s=96&d=mm&r=g","contentUrl":"https:\/\/secure.gravatar.com\/avatar\/aa9d3d24c83f2141e5e2709d0f63d09a99f6be6bb7a50abc4915838d9f54501a?s=96&d=mm&r=g","caption":"Mathieu"},"url":"https:\/\/www.altercampagne.net\/?author=214"}]}},"_links":{"self":[{"href":"https:\/\/www.altercampagne.net\/index.php?rest_route=\/wp\/v2\/posts\/5712","targetHints":{"allow":["GET"]}}],"collection":[{"href":"https:\/\/www.altercampagne.net\/index.php?rest_route=\/wp\/v2\/posts"}],"about":[{"href":"https:\/\/www.altercampagne.net\/index.php?rest_route=\/wp\/v2\/types\/post"}],"author":[{"embeddable":true,"href":"https:\/\/www.altercampagne.net\/index.php?rest_route=\/wp\/v2\/users\/214"}],"replies":[{"embeddable":true,"href":"https:\/\/www.altercampagne.net\/index.php?rest_route=%2Fwp%2Fv2%2Fcomments&post=5712"}],"version-history":[{"count":0,"href":"https:\/\/www.altercampagne.net\/index.php?rest_route=\/wp\/v2\/posts\/5712\/revisions"}],"wp:featuredmedia":[{"embeddable":true,"href":"https:\/\/www.altercampagne.net\/index.php?rest_route=\/wp\/v2\/media\/15501"}],"wp:attachment":[{"href":"https:\/\/www.altercampagne.net\/index.php?rest_route=%2Fwp%2Fv2%2Fmedia&parent=5712"}],"wp:term":[{"taxonomy":"category","embeddable":true,"href":"https:\/\/www.altercampagne.net\/index.php?rest_route=%2Fwp%2Fv2%2Fcategories&post=5712"},{"taxonomy":"post_tag","embeddable":true,"href":"https:\/\/www.altercampagne.net\/index.php?rest_route=%2Fwp%2Fv2%2Ftags&post=5712"}],"curies":[{"name":"wp","href":"https:\/\/api.w.org\/{rel}","templated":true}]}}