{"id":5718,"date":"2016-08-01T20:00:24","date_gmt":"2016-08-01T18:00:24","guid":{"rendered":"http:\/\/www.altercampagne.net\/?p=5718"},"modified":"2019-09-13T17:15:47","modified_gmt":"2019-09-13T15:15:47","slug":"etape-du-1er-aout-kerterre-a-beuzec-et-village-associatif-a-quimper","status":"publish","type":"post","link":"https:\/\/www.altercampagne.net\/?p=5718","title":{"rendered":"\u00c9tape du 1er ao\u00fbt : Kerterre \u00e0 Beuzec et village associatif \u00e0 Quimper"},"content":{"rendered":"<p>Ce matin, l\u2019AlterTour se scinde en deux groupes : c\u2019est le d\u00e9part de la deuxi\u00e8me \u00c9chapp\u00e9e Belle. Vingt-cinq participants que nous retrouveront dans six jours pour nous raconter leur p\u00e9riple en autonomie.<\/p>\n<p>Au revoir aux copains de l\u2019\u00e9chapp\u00e9e, au revoir \u00e9galement aux Kerterres qui nous ont accueilli-e-s en leur sein ! Ces habitats ronds sont r\u00e9alis\u00e9s \u00e0 partir de chanvre et de chaux. Evelyne Adam a commenc\u00e9 \u00e0 cr\u00e9er ces \u00ab sculptures \u00bb il y a plus de vingt ans : \u00ab leur sol est tapiss\u00e9 de foug\u00e8res et de plantes aromatiques pour les embaumer. Cela permet \u00e0 ceux qui y vivent de rester en contact avec la terre. C\u2019est de l\u00e0 que vient toute mon \u00e9nergie ! \u00bb. Et nous la croyons volontiers : \u00e9clair\u00e9e par de simples bougies (Evelyne a \u00e9lev\u00e9 ses deux filles et vit depuis plus de vingt ans sans \u00e9lectricit\u00e9), elle nous parle de son jardin-jungle avec une passion saisissante.<\/p>\n<p><a href=\"http:\/\/www.altercampagne.net\/wp-content\/uploads\/2016\/08\/AfficheFormationPlancton.jpg\"><img loading=\"lazy\" decoding=\"async\" class=\" size-full wp-image-5720 alignright\" src=\"http:\/\/www.altercampagne.net\/wp-content\/uploads\/2016\/08\/AfficheFormationPlancton.jpg\" alt=\"AfficheFormationPlancton\" width=\"298\" height=\"421\" srcset=\"https:\/\/www.altercampagne.net\/wp-content\/uploads\/2016\/08\/AfficheFormationPlancton.jpg 298w, https:\/\/www.altercampagne.net\/wp-content\/uploads\/2016\/08\/AfficheFormationPlancton-212x300.jpg 212w\" sizes=\"auto, (max-width: 298px) 100vw, 298px\" \/><\/a>C\u2019est donc empli-e-s de magie et d\u2019\u00e9nergie que nous remontons sur nos v\u00e9los au petit matin. Halte au local de l\u2019association Sur un air de terre, qui se bat pour pr\u00e9server l\u2019environnement local. Troc de graines, mobilisation contre des projets de barrages inutiles, \u00e9ducation,\u2026 leurs activit\u00e9s sont multiples. Nous arrivons \u00e0 Quimper \u00e0 l\u2019heure du d\u00e9jeuner, \u00e0 temps pour participer au forum des associations du Jardin de l\u2019\u00e9v\u00each\u00e9. Nous y retrouvons les stands d\u2019Attac, d\u2019Eau et Rivi\u00e8res ou encore Sortir du Nucl\u00e9aire. Pierre Mollo y anime une conf\u00e9rence instructive sur son sujet de pr\u00e9dilection : le plancton.<\/p>\n<p>Trajet sous un crachin breton de plus en plus dru qui nous accompagne tout au long des mont\u00e9es hardies. Nous atteignons finalement notre lieu d\u2019accueil du soir : Paysages Vivants. Camille et Olivier nous y r\u00e9ceptionnent les bras grands ouverts et nous embrassent un \u00e0 un. Leur lieu est magnifique, l\u2019ambiance plus que chaleureuse : nous nous y plaisons d\u00e9j\u00e0 ! La suite demain, o\u00f9 Elsa vous pr\u00e9sentera leur projet de piscines naturelles\u2026 entre autres.<\/p>\n<p style=\"text-align: right;\"><strong>Laure<\/strong><\/p>\n","protected":false},"excerpt":{"rendered":"<p>Ce matin, l\u2019AlterTour se scinde en deux groupes : c\u2019est le d\u00e9part de la deuxi\u00e8me \u00c9chapp\u00e9e Belle. Vingt-cinq participants que nous retrouveront dans six jours pour nous raconter leur p\u00e9riple en autonomie. Au revoir aux copains de l\u2019\u00e9chapp\u00e9e, au revoir \u00e9galement aux Kerterres qui nous ont accueilli-e-s en leur sein &#8230; <\/p>\n<div><a href=\"https:\/\/www.altercampagne.net\/?p=5718\" class=\"more-link\">Read More<\/a><\/div>\n","protected":false},"author":214,"featured_media":15438,"comment_status":"closed","ping_status":"closed","sticky":false,"template":"","format":"standard","meta":{"footnotes":""},"categories":[3472,3459,3485],"tags":[2545,2851,2850,2849,2846,2704,2592,2589,2546,20,2543,2420,1652,1008,503,428,410,383],"class_list":["post-5718","post","type-post","status-publish","format-standard","has-post-thumbnail","hentry","category-bretagne","category-edition-2016","category-habitat","tag-eau-et-rivieres","tag-altertour2016","tag-accueillant-2016","tag-accueillant2016","tag-accueillant","tag-alterjournaliste","tag-jardin-de-leveche","tag-plancton","tag-pierre-mollo","tag-bretagne","tag-quimper","tag-beuzec","tag-1652","tag-attac","tag-kerterre","tag-sortir-du-nucleaire","tag-finistere","tag-altertour-2016"],"yoast_head":"<!-- This site is optimized with the Yoast SEO plugin v27.3 - https:\/\/yoast.com\/product\/yoast-seo-wordpress\/ -->\n<title>\u00c9tape du 1er ao\u00fbt : Kerterre \u00e0 Beuzec et village associatif \u00e0 Quimper - AlterTour<\/title>\n<meta name=\"robots\" content=\"index, follow, max-snippet:-1, max-image-preview:large, max-video-preview:-1\" \/>\n<link rel=\"canonical\" href=\"https:\/\/www.altercampagne.net\/?p=5718\" \/>\n<meta property=\"og:locale\" content=\"fr_FR\" \/>\n<meta property=\"og:type\" content=\"article\" \/>\n<meta property=\"og:title\" content=\"\u00c9tape du 1er ao\u00fbt : Kerterre \u00e0 Beuzec et village associatif \u00e0 Quimper - AlterTour\" \/>\n<meta property=\"og:description\" content=\"Ce matin, l\u2019AlterTour se scinde en deux groupes : c\u2019est le d\u00e9part de la deuxi\u00e8me \u00c9chapp\u00e9e Belle. Vingt-cinq participants que nous retrouveront dans six jours pour nous raconter leur p\u00e9riple en autonomie. Au revoir aux copains de l\u2019\u00e9chapp\u00e9e, au revoir \u00e9galement aux Kerterres qui nous ont accueilli-e-s en leur sein ... Read More\" \/>\n<meta property=\"og:url\" content=\"https:\/\/www.altercampagne.net\/?p=5718\" \/>\n<meta property=\"og:site_name\" content=\"AlterTour\" \/>\n<meta property=\"article:published_time\" content=\"2016-08-01T18:00:24+00:00\" \/>\n<meta property=\"article:modified_time\" content=\"2019-09-13T15:15:47+00:00\" \/>\n<meta property=\"og:image\" content=\"https:\/\/www.altercampagne.net\/wp-content\/uploads\/2016\/06\/2016-06-06-Kerterre1-1.jpg\" \/>\n\t<meta property=\"og:image:width\" content=\"903\" \/>\n\t<meta property=\"og:image:height\" content=\"472\" \/>\n\t<meta property=\"og:image:type\" content=\"image\/jpeg\" \/>\n<meta name=\"author\" content=\"Mathieu\" \/>\n<meta name=\"twitter:card\" content=\"summary_large_image\" \/>\n<meta name=\"twitter:label1\" content=\"\u00c9crit par\" \/>\n\t<meta name=\"twitter:data1\" content=\"Mathieu\" \/>\n\t<meta name=\"twitter:label2\" content=\"Dur\u00e9e de lecture estim\u00e9e\" \/>\n\t<meta name=\"twitter:data2\" content=\"2 minutes\" \/>\n<script type=\"application\/ld+json\" class=\"yoast-schema-graph\">{\"@context\":\"https:\\\/\\\/schema.org\",\"@graph\":[{\"@type\":\"Article\",\"@id\":\"https:\\\/\\\/www.altercampagne.net\\\/?p=5718#article\",\"isPartOf\":{\"@id\":\"https:\\\/\\\/www.altercampagne.net\\\/?p=5718\"},\"author\":{\"name\":\"Mathieu\",\"@id\":\"https:\\\/\\\/www.altercampagne.net\\\/#\\\/schema\\\/person\\\/0f261460c09e430caa0f9bcffa319109\"},\"headline\":\"\u00c9tape du 1er ao\u00fbt : Kerterre \u00e0 Beuzec et village associatif \u00e0 Quimper\",\"datePublished\":\"2016-08-01T18:00:24+00:00\",\"dateModified\":\"2019-09-13T15:15:47+00:00\",\"mainEntityOfPage\":{\"@id\":\"https:\\\/\\\/www.altercampagne.net\\\/?p=5718\"},\"wordCount\":356,\"image\":{\"@id\":\"https:\\\/\\\/www.altercampagne.net\\\/?p=5718#primaryimage\"},\"thumbnailUrl\":\"https:\\\/\\\/www.altercampagne.net\\\/wp-content\\\/uploads\\\/2016\\\/06\\\/2016-06-06-Kerterre1-1.jpg\",\"keywords\":[\"Eau et Rivi\u00e8res\",\"AlterTour2016\",\"accueillant 2016\",\"accueillant2016\",\"accueillant\",\"alterjournaliste\",\"jardin de l'\u00c9v\u00each\u00e9\",\"plancton\",\"Pierre Mollo\",\"bretagne\",\"quimper\",\"Beuzec\",\"2016\",\"Attac\",\"kerterre\",\"sortir du nucl\u00e9aire\",\"finist\u00e8re\",\"AlterTour 2016\"],\"articleSection\":[\"Bretagne\",\"\u00c9dition 2016\",\"Habitat\"],\"inLanguage\":\"fr-FR\"},{\"@type\":\"WebPage\",\"@id\":\"https:\\\/\\\/www.altercampagne.net\\\/?p=5718\",\"url\":\"https:\\\/\\\/www.altercampagne.net\\\/?p=5718\",\"name\":\"\u00c9tape du 1er ao\u00fbt : Kerterre \u00e0 Beuzec et village associatif \u00e0 Quimper - AlterTour\",\"isPartOf\":{\"@id\":\"https:\\\/\\\/www.altercampagne.net\\\/#website\"},\"primaryImageOfPage\":{\"@id\":\"https:\\\/\\\/www.altercampagne.net\\\/?p=5718#primaryimage\"},\"image\":{\"@id\":\"https:\\\/\\\/www.altercampagne.net\\\/?p=5718#primaryimage\"},\"thumbnailUrl\":\"https:\\\/\\\/www.altercampagne.net\\\/wp-content\\\/uploads\\\/2016\\\/06\\\/2016-06-06-Kerterre1-1.jpg\",\"datePublished\":\"2016-08-01T18:00:24+00:00\",\"dateModified\":\"2019-09-13T15:15:47+00:00\",\"author\":{\"@id\":\"https:\\\/\\\/www.altercampagne.net\\\/#\\\/schema\\\/person\\\/0f261460c09e430caa0f9bcffa319109\"},\"breadcrumb\":{\"@id\":\"https:\\\/\\\/www.altercampagne.net\\\/?p=5718#breadcrumb\"},\"inLanguage\":\"fr-FR\",\"potentialAction\":[{\"@type\":\"ReadAction\",\"target\":[\"https:\\\/\\\/www.altercampagne.net\\\/?p=5718\"]}]},{\"@type\":\"ImageObject\",\"inLanguage\":\"fr-FR\",\"@id\":\"https:\\\/\\\/www.altercampagne.net\\\/?p=5718#primaryimage\",\"url\":\"https:\\\/\\\/www.altercampagne.net\\\/wp-content\\\/uploads\\\/2016\\\/06\\\/2016-06-06-Kerterre1-1.jpg\",\"contentUrl\":\"https:\\\/\\\/www.altercampagne.net\\\/wp-content\\\/uploads\\\/2016\\\/06\\\/2016-06-06-Kerterre1-1.jpg\",\"width\":903,\"height\":472},{\"@type\":\"BreadcrumbList\",\"@id\":\"https:\\\/\\\/www.altercampagne.net\\\/?p=5718#breadcrumb\",\"itemListElement\":[{\"@type\":\"ListItem\",\"position\":1,\"name\":\"Accueil\",\"item\":\"https:\\\/\\\/www.altercampagne.net\\\/\"},{\"@type\":\"ListItem\",\"position\":2,\"name\":\"\u00c9tape du 1er ao\u00fbt : Kerterre \u00e0 Beuzec et village associatif \u00e0 Quimper\"}]},{\"@type\":\"WebSite\",\"@id\":\"https:\\\/\\\/www.altercampagne.net\\\/#website\",\"url\":\"https:\\\/\\\/www.altercampagne.net\\\/\",\"name\":\"AlterTour\",\"description\":\"Reliez les Alternatives \u00e0 v\u00e9lo\",\"potentialAction\":[{\"@type\":\"SearchAction\",\"target\":{\"@type\":\"EntryPoint\",\"urlTemplate\":\"https:\\\/\\\/www.altercampagne.net\\\/?s={search_term_string}\"},\"query-input\":{\"@type\":\"PropertyValueSpecification\",\"valueRequired\":true,\"valueName\":\"search_term_string\"}}],\"inLanguage\":\"fr-FR\"},{\"@type\":\"Person\",\"@id\":\"https:\\\/\\\/www.altercampagne.net\\\/#\\\/schema\\\/person\\\/0f261460c09e430caa0f9bcffa319109\",\"name\":\"Mathieu\",\"image\":{\"@type\":\"ImageObject\",\"inLanguage\":\"fr-FR\",\"@id\":\"https:\\\/\\\/secure.gravatar.com\\\/avatar\\\/aa9d3d24c83f2141e5e2709d0f63d09a99f6be6bb7a50abc4915838d9f54501a?s=96&d=mm&r=g\",\"url\":\"https:\\\/\\\/secure.gravatar.com\\\/avatar\\\/aa9d3d24c83f2141e5e2709d0f63d09a99f6be6bb7a50abc4915838d9f54501a?s=96&d=mm&r=g\",\"contentUrl\":\"https:\\\/\\\/secure.gravatar.com\\\/avatar\\\/aa9d3d24c83f2141e5e2709d0f63d09a99f6be6bb7a50abc4915838d9f54501a?s=96&d=mm&r=g\",\"caption\":\"Mathieu\"},\"url\":\"https:\\\/\\\/www.altercampagne.net\\\/?author=214\"}]}<\/script>\n<!-- \/ Yoast SEO plugin. -->","yoast_head_json":{"title":"\u00c9tape du 1er ao\u00fbt : Kerterre \u00e0 Beuzec et village associatif \u00e0 Quimper - AlterTour","robots":{"index":"index","follow":"follow","max-snippet":"max-snippet:-1","max-image-preview":"max-image-preview:large","max-video-preview":"max-video-preview:-1"},"canonical":"https:\/\/www.altercampagne.net\/?p=5718","og_locale":"fr_FR","og_type":"article","og_title":"\u00c9tape du 1er ao\u00fbt : Kerterre \u00e0 Beuzec et village associatif \u00e0 Quimper - AlterTour","og_description":"Ce matin, l\u2019AlterTour se scinde en deux groupes : c\u2019est le d\u00e9part de la deuxi\u00e8me \u00c9chapp\u00e9e Belle. Vingt-cinq participants que nous retrouveront dans six jours pour nous raconter leur p\u00e9riple en autonomie. Au revoir aux copains de l\u2019\u00e9chapp\u00e9e, au revoir \u00e9galement aux Kerterres qui nous ont accueilli-e-s en leur sein ... Read More","og_url":"https:\/\/www.altercampagne.net\/?p=5718","og_site_name":"AlterTour","article_published_time":"2016-08-01T18:00:24+00:00","article_modified_time":"2019-09-13T15:15:47+00:00","og_image":[{"width":903,"height":472,"url":"https:\/\/www.altercampagne.net\/wp-content\/uploads\/2016\/06\/2016-06-06-Kerterre1-1.jpg","type":"image\/jpeg"}],"author":"Mathieu","twitter_card":"summary_large_image","twitter_misc":{"\u00c9crit par":"Mathieu","Dur\u00e9e de lecture estim\u00e9e":"2 minutes"},"schema":{"@context":"https:\/\/schema.org","@graph":[{"@type":"Article","@id":"https:\/\/www.altercampagne.net\/?p=5718#article","isPartOf":{"@id":"https:\/\/www.altercampagne.net\/?p=5718"},"author":{"name":"Mathieu","@id":"https:\/\/www.altercampagne.net\/#\/schema\/person\/0f261460c09e430caa0f9bcffa319109"},"headline":"\u00c9tape du 1er ao\u00fbt : Kerterre \u00e0 Beuzec et village associatif \u00e0 Quimper","datePublished":"2016-08-01T18:00:24+00:00","dateModified":"2019-09-13T15:15:47+00:00","mainEntityOfPage":{"@id":"https:\/\/www.altercampagne.net\/?p=5718"},"wordCount":356,"image":{"@id":"https:\/\/www.altercampagne.net\/?p=5718#primaryimage"},"thumbnailUrl":"https:\/\/www.altercampagne.net\/wp-content\/uploads\/2016\/06\/2016-06-06-Kerterre1-1.jpg","keywords":["Eau et Rivi\u00e8res","AlterTour2016","accueillant 2016","accueillant2016","accueillant","alterjournaliste","jardin de l'\u00c9v\u00each\u00e9","plancton","Pierre Mollo","bretagne","quimper","Beuzec","2016","Attac","kerterre","sortir du nucl\u00e9aire","finist\u00e8re","AlterTour 2016"],"articleSection":["Bretagne","\u00c9dition 2016","Habitat"],"inLanguage":"fr-FR"},{"@type":"WebPage","@id":"https:\/\/www.altercampagne.net\/?p=5718","url":"https:\/\/www.altercampagne.net\/?p=5718","name":"\u00c9tape du 1er ao\u00fbt : Kerterre \u00e0 Beuzec et village associatif \u00e0 Quimper - AlterTour","isPartOf":{"@id":"https:\/\/www.altercampagne.net\/#website"},"primaryImageOfPage":{"@id":"https:\/\/www.altercampagne.net\/?p=5718#primaryimage"},"image":{"@id":"https:\/\/www.altercampagne.net\/?p=5718#primaryimage"},"thumbnailUrl":"https:\/\/www.altercampagne.net\/wp-content\/uploads\/2016\/06\/2016-06-06-Kerterre1-1.jpg","datePublished":"2016-08-01T18:00:24+00:00","dateModified":"2019-09-13T15:15:47+00:00","author":{"@id":"https:\/\/www.altercampagne.net\/#\/schema\/person\/0f261460c09e430caa0f9bcffa319109"},"breadcrumb":{"@id":"https:\/\/www.altercampagne.net\/?p=5718#breadcrumb"},"inLanguage":"fr-FR","potentialAction":[{"@type":"ReadAction","target":["https:\/\/www.altercampagne.net\/?p=5718"]}]},{"@type":"ImageObject","inLanguage":"fr-FR","@id":"https:\/\/www.altercampagne.net\/?p=5718#primaryimage","url":"https:\/\/www.altercampagne.net\/wp-content\/uploads\/2016\/06\/2016-06-06-Kerterre1-1.jpg","contentUrl":"https:\/\/www.altercampagne.net\/wp-content\/uploads\/2016\/06\/2016-06-06-Kerterre1-1.jpg","width":903,"height":472},{"@type":"BreadcrumbList","@id":"https:\/\/www.altercampagne.net\/?p=5718#breadcrumb","itemListElement":[{"@type":"ListItem","position":1,"name":"Accueil","item":"https:\/\/www.altercampagne.net\/"},{"@type":"ListItem","position":2,"name":"\u00c9tape du 1er ao\u00fbt : Kerterre \u00e0 Beuzec et village associatif \u00e0 Quimper"}]},{"@type":"WebSite","@id":"https:\/\/www.altercampagne.net\/#website","url":"https:\/\/www.altercampagne.net\/","name":"AlterTour","description":"Reliez les Alternatives \u00e0 v\u00e9lo","potentialAction":[{"@type":"SearchAction","target":{"@type":"EntryPoint","urlTemplate":"https:\/\/www.altercampagne.net\/?s={search_term_string}"},"query-input":{"@type":"PropertyValueSpecification","valueRequired":true,"valueName":"search_term_string"}}],"inLanguage":"fr-FR"},{"@type":"Person","@id":"https:\/\/www.altercampagne.net\/#\/schema\/person\/0f261460c09e430caa0f9bcffa319109","name":"Mathieu","image":{"@type":"ImageObject","inLanguage":"fr-FR","@id":"https:\/\/secure.gravatar.com\/avatar\/aa9d3d24c83f2141e5e2709d0f63d09a99f6be6bb7a50abc4915838d9f54501a?s=96&d=mm&r=g","url":"https:\/\/secure.gravatar.com\/avatar\/aa9d3d24c83f2141e5e2709d0f63d09a99f6be6bb7a50abc4915838d9f54501a?s=96&d=mm&r=g","contentUrl":"https:\/\/secure.gravatar.com\/avatar\/aa9d3d24c83f2141e5e2709d0f63d09a99f6be6bb7a50abc4915838d9f54501a?s=96&d=mm&r=g","caption":"Mathieu"},"url":"https:\/\/www.altercampagne.net\/?author=214"}]}},"_links":{"self":[{"href":"https:\/\/www.altercampagne.net\/index.php?rest_route=\/wp\/v2\/posts\/5718","targetHints":{"allow":["GET"]}}],"collection":[{"href":"https:\/\/www.altercampagne.net\/index.php?rest_route=\/wp\/v2\/posts"}],"about":[{"href":"https:\/\/www.altercampagne.net\/index.php?rest_route=\/wp\/v2\/types\/post"}],"author":[{"embeddable":true,"href":"https:\/\/www.altercampagne.net\/index.php?rest_route=\/wp\/v2\/users\/214"}],"replies":[{"embeddable":true,"href":"https:\/\/www.altercampagne.net\/index.php?rest_route=%2Fwp%2Fv2%2Fcomments&post=5718"}],"version-history":[{"count":0,"href":"https:\/\/www.altercampagne.net\/index.php?rest_route=\/wp\/v2\/posts\/5718\/revisions"}],"wp:featuredmedia":[{"embeddable":true,"href":"https:\/\/www.altercampagne.net\/index.php?rest_route=\/wp\/v2\/media\/15438"}],"wp:attachment":[{"href":"https:\/\/www.altercampagne.net\/index.php?rest_route=%2Fwp%2Fv2%2Fmedia&parent=5718"}],"wp:term":[{"taxonomy":"category","embeddable":true,"href":"https:\/\/www.altercampagne.net\/index.php?rest_route=%2Fwp%2Fv2%2Fcategories&post=5718"},{"taxonomy":"post_tag","embeddable":true,"href":"https:\/\/www.altercampagne.net\/index.php?rest_route=%2Fwp%2Fv2%2Ftags&post=5718"}],"curies":[{"name":"wp","href":"https:\/\/api.w.org\/{rel}","templated":true}]}}