{"id":5723,"date":"2016-08-03T20:14:17","date_gmt":"2016-08-03T18:14:17","guid":{"rendered":"http:\/\/www.altercampagne.net\/?p=5723"},"modified":"2019-09-13T17:20:29","modified_gmt":"2019-09-13T15:20:29","slug":"laltertour-a-visite-douarnenez-et-le-cap","status":"publish","type":"post","link":"https:\/\/www.altercampagne.net\/?p=5723","title":{"rendered":"L&rsquo;AlterTour a visit\u00e9 Douarnenez et le Cap"},"content":{"rendered":"<p><strong>Parti de Notre-Dame-des-Landes, le tour cycliste alternatif a fait \u00e9tape, hier, \u00e0 Douarnenez, apr\u00e8s avoir travers\u00e9 le Cap-Sizun.<\/strong><\/p>\n<p>Ils sont une cinquantaine \u00e0 \u00eatre partis \u00e0 v\u00e9lo le 10 juillet de Notre-Dame-des-Landes pour l&rsquo;AlterTour 2016, qui se terminera le 21 ao\u00fbt. On y croise des Fran\u00e7ais, des Suisses, Belges, Espagnols : en commun une bonne humeur et l&rsquo;envie de partager une belle exp\u00e9rience de rencontres. Depuis 2008, l&rsquo;AlterTour parcourt diff\u00e9rentes r\u00e9gions de France chaque \u00e9t\u00e9.<\/p>\n<p>L&rsquo;AlterTour, c&rsquo;est quoi ?<\/p>\n<p>Un parcours \u00e0 v\u00e9lo itin\u00e9rant accessible \u00e0 tous. Les participants inscrivent le nombre de jours \u00e0 leur convenance. Les Altercyclistes rencontrent des personnes porteuses d&rsquo;alternatives concr\u00e8tes dans un but d&rsquo;\u00e9change et d&rsquo;enrichissement mutuel dans tous les domaines de l&rsquo;agriculture, l&rsquo;environnement, le social ou bien encore culturel.<\/p>\n<p>\u00ab <strong>Nous cherchons avant tout \u00e0 proposer un mode de vie alternatif<\/strong>, explique Isabelle de Loenzien, l&rsquo;une des reponsables de l&rsquo;aventure. <strong>On veut proposer autre chose que ce dopage g\u00e9n\u00e9ralis\u00e9, pas seulement dans le sport, mais aussi financier, social, environnemental. Ce mouvement est tr\u00e8s militant mais apolitique. Le tour est ouvert \u00e0 tous, on ne pr\u00eache pas une seule bonne parole. \u00bb<\/strong><\/p>\n<p><strong>Cap-Sizun et Douarnenez<\/strong><\/p>\n<p>Hier, une vingtaine de cyclistes sillonnait le Cap-Sizun, et ne passait pas inaper\u00e7ue avec quelques drapeaux o\u00f9 s&rsquo;inscrivait l&rsquo;opposition \u00e0 l&rsquo;a\u00e9roport de Notre-Dame-des-Landes ou anti-OGM.<\/p>\n<p>Lundi, ce petit groupe, d\u00e9tach\u00e9 de la caravane principale de l&rsquo;AlterTour, a particip\u00e9 \u00e0 une randonn\u00e9e p\u00e9destre qui retrace le projet de centrale nucl\u00e9aire le long de diff\u00e9rents sites, de Feuteun-Aod \u00e0 la baie des Tr\u00e9pass\u00e9s.<\/p>\n<p>Cette rando militante est men\u00e9e par l&rsquo;association \u00ab Plogoff m\u00e9moire d&rsquo;une lutte \u00bb. Les cyclistes ont trouv\u00e9 le g\u00eete \u00e0 la ch\u00e8vrerie bio de Plogoff, o\u00f9 ils ont \u00e9chang\u00e9 avec Fabien et Jeanne.<\/p>\n<p>Un peu plus tard dans la journ\u00e9e de mardi, ils ont rejoint Douarnenez, et l&rsquo;atelier v\u00e9lo participatif Penn Rustin, avant de se rendre \u00e0 la librairie L&rsquo;Ivraie en fin d&rsquo;apr\u00e8s-midi.<\/p>\n<p>Source : <a href=\"http:\/\/www.ouest-france.fr\/bretagne\/douarnenez-29100\/laltertour-visite-douarnenez-et-le-cap-4403118\" target=\"_blank\" rel=\"noopener noreferrer\">Ouest France<\/a><\/p>\n","protected":false},"excerpt":{"rendered":"<p>Parti de Notre-Dame-des-Landes, le tour cycliste alternatif a fait \u00e9tape, hier, \u00e0 Douarnenez, apr\u00e8s avoir travers\u00e9 le Cap-Sizun. Ils sont une cinquantaine \u00e0 \u00eatre partis \u00e0 v\u00e9lo le 10 juillet de Notre-Dame-des-Landes pour l&rsquo;AlterTour 2016, qui se terminera le 21 ao\u00fbt. On y croise des Fran\u00e7ais, des Suisses, Belges, Espagnols &#8230; <\/p>\n<div><a href=\"https:\/\/www.altercampagne.net\/?p=5723\" class=\"more-link\">Read More<\/a><\/div>\n","protected":false},"author":214,"featured_media":15520,"comment_status":"closed","ping_status":"closed","sticky":false,"template":"","format":"standard","meta":{"footnotes":""},"categories":[3472,239,3459],"tags":[78,383,410,471,1652,2423,2457,2597,2598,2619,2620,2846,2849,2850,2851],"class_list":["post-5723","post","type-post","status-publish","format-standard","has-post-thumbnail","hentry","category-bretagne","category-revue-de-presse","category-edition-2016","tag-bain-de-bretagne","tag-altertour-2016","tag-finistere","tag-ouest-france","tag-1652","tag-douarnenez","tag-plogoff","tag-cap-sizun","tag-penn-rustin","tag-librairie-livraie","tag-chevrerie-bio","tag-accueillant","tag-accueillant2016","tag-accueillant-2016","tag-altertour2016"],"yoast_head":"<!-- This site is optimized with the Yoast SEO plugin v27.3 - https:\/\/yoast.com\/product\/yoast-seo-wordpress\/ -->\n<title>L&#039;AlterTour a visit\u00e9 Douarnenez et le Cap - AlterTour<\/title>\n<meta name=\"robots\" content=\"index, follow, max-snippet:-1, max-image-preview:large, max-video-preview:-1\" \/>\n<link rel=\"canonical\" href=\"https:\/\/www.altercampagne.net\/?p=5723\" \/>\n<meta property=\"og:locale\" content=\"fr_FR\" \/>\n<meta property=\"og:type\" content=\"article\" \/>\n<meta property=\"og:title\" content=\"L&#039;AlterTour a visit\u00e9 Douarnenez et le Cap - AlterTour\" \/>\n<meta property=\"og:description\" content=\"Parti de Notre-Dame-des-Landes, le tour cycliste alternatif a fait \u00e9tape, hier, \u00e0 Douarnenez, apr\u00e8s avoir travers\u00e9 le Cap-Sizun. Ils sont une cinquantaine \u00e0 \u00eatre partis \u00e0 v\u00e9lo le 10 juillet de Notre-Dame-des-Landes pour l&rsquo;AlterTour 2016, qui se terminera le 21 ao\u00fbt. On y croise des Fran\u00e7ais, des Suisses, Belges, Espagnols ... Read More\" \/>\n<meta property=\"og:url\" content=\"https:\/\/www.altercampagne.net\/?p=5723\" \/>\n<meta property=\"og:site_name\" content=\"AlterTour\" \/>\n<meta property=\"article:published_time\" content=\"2016-08-03T18:14:17+00:00\" \/>\n<meta property=\"article:modified_time\" content=\"2019-09-13T15:20:29+00:00\" \/>\n<meta property=\"og:image\" content=\"https:\/\/www.altercampagne.net\/wp-content\/uploads\/2016\/08\/laltertour-visite-douarnenez-et-le-cap1.jpg\" \/>\n\t<meta property=\"og:image:width\" content=\"640\" \/>\n\t<meta property=\"og:image:height\" content=\"360\" \/>\n\t<meta property=\"og:image:type\" content=\"image\/jpeg\" \/>\n<meta name=\"author\" content=\"Mathieu\" \/>\n<meta name=\"twitter:card\" content=\"summary_large_image\" \/>\n<meta name=\"twitter:label1\" content=\"\u00c9crit par\" \/>\n\t<meta name=\"twitter:data1\" content=\"Mathieu\" \/>\n\t<meta name=\"twitter:label2\" content=\"Dur\u00e9e de lecture estim\u00e9e\" \/>\n\t<meta name=\"twitter:data2\" content=\"2 minutes\" \/>\n<script type=\"application\/ld+json\" class=\"yoast-schema-graph\">{\"@context\":\"https:\\\/\\\/schema.org\",\"@graph\":[{\"@type\":\"Article\",\"@id\":\"https:\\\/\\\/www.altercampagne.net\\\/?p=5723#article\",\"isPartOf\":{\"@id\":\"https:\\\/\\\/www.altercampagne.net\\\/?p=5723\"},\"author\":{\"name\":\"Mathieu\",\"@id\":\"https:\\\/\\\/www.altercampagne.net\\\/#\\\/schema\\\/person\\\/0f261460c09e430caa0f9bcffa319109\"},\"headline\":\"L&rsquo;AlterTour a visit\u00e9 Douarnenez et le Cap\",\"datePublished\":\"2016-08-03T18:14:17+00:00\",\"dateModified\":\"2019-09-13T15:20:29+00:00\",\"mainEntityOfPage\":{\"@id\":\"https:\\\/\\\/www.altercampagne.net\\\/?p=5723\"},\"wordCount\":353,\"image\":{\"@id\":\"https:\\\/\\\/www.altercampagne.net\\\/?p=5723#primaryimage\"},\"thumbnailUrl\":\"https:\\\/\\\/www.altercampagne.net\\\/wp-content\\\/uploads\\\/2016\\\/08\\\/laltertour-visite-douarnenez-et-le-cap1.jpg\",\"keywords\":[\"Bain de Bretagne\",\"AlterTour 2016\",\"finist\u00e8re\",\"ouest france\",\"2016\",\"Douarnenez\",\"Plogoff\",\"Cap-Sizun\",\"Penn Rustin\",\"librairie L'Ivraie\",\"ch\u00e8vrerie bio\",\"accueillant\",\"accueillant2016\",\"accueillant 2016\",\"AlterTour2016\"],\"articleSection\":[\"Bretagne\",\"Revue de presse\",\"\u00c9dition 2016\"],\"inLanguage\":\"fr-FR\"},{\"@type\":\"WebPage\",\"@id\":\"https:\\\/\\\/www.altercampagne.net\\\/?p=5723\",\"url\":\"https:\\\/\\\/www.altercampagne.net\\\/?p=5723\",\"name\":\"L'AlterTour a visit\u00e9 Douarnenez et le Cap - AlterTour\",\"isPartOf\":{\"@id\":\"https:\\\/\\\/www.altercampagne.net\\\/#website\"},\"primaryImageOfPage\":{\"@id\":\"https:\\\/\\\/www.altercampagne.net\\\/?p=5723#primaryimage\"},\"image\":{\"@id\":\"https:\\\/\\\/www.altercampagne.net\\\/?p=5723#primaryimage\"},\"thumbnailUrl\":\"https:\\\/\\\/www.altercampagne.net\\\/wp-content\\\/uploads\\\/2016\\\/08\\\/laltertour-visite-douarnenez-et-le-cap1.jpg\",\"datePublished\":\"2016-08-03T18:14:17+00:00\",\"dateModified\":\"2019-09-13T15:20:29+00:00\",\"author\":{\"@id\":\"https:\\\/\\\/www.altercampagne.net\\\/#\\\/schema\\\/person\\\/0f261460c09e430caa0f9bcffa319109\"},\"breadcrumb\":{\"@id\":\"https:\\\/\\\/www.altercampagne.net\\\/?p=5723#breadcrumb\"},\"inLanguage\":\"fr-FR\",\"potentialAction\":[{\"@type\":\"ReadAction\",\"target\":[\"https:\\\/\\\/www.altercampagne.net\\\/?p=5723\"]}]},{\"@type\":\"ImageObject\",\"inLanguage\":\"fr-FR\",\"@id\":\"https:\\\/\\\/www.altercampagne.net\\\/?p=5723#primaryimage\",\"url\":\"https:\\\/\\\/www.altercampagne.net\\\/wp-content\\\/uploads\\\/2016\\\/08\\\/laltertour-visite-douarnenez-et-le-cap1.jpg\",\"contentUrl\":\"https:\\\/\\\/www.altercampagne.net\\\/wp-content\\\/uploads\\\/2016\\\/08\\\/laltertour-visite-douarnenez-et-le-cap1.jpg\",\"width\":640,\"height\":360},{\"@type\":\"BreadcrumbList\",\"@id\":\"https:\\\/\\\/www.altercampagne.net\\\/?p=5723#breadcrumb\",\"itemListElement\":[{\"@type\":\"ListItem\",\"position\":1,\"name\":\"Accueil\",\"item\":\"https:\\\/\\\/www.altercampagne.net\\\/\"},{\"@type\":\"ListItem\",\"position\":2,\"name\":\"L&rsquo;AlterTour a visit\u00e9 Douarnenez et le Cap\"}]},{\"@type\":\"WebSite\",\"@id\":\"https:\\\/\\\/www.altercampagne.net\\\/#website\",\"url\":\"https:\\\/\\\/www.altercampagne.net\\\/\",\"name\":\"AlterTour\",\"description\":\"Reliez les Alternatives \u00e0 v\u00e9lo\",\"potentialAction\":[{\"@type\":\"SearchAction\",\"target\":{\"@type\":\"EntryPoint\",\"urlTemplate\":\"https:\\\/\\\/www.altercampagne.net\\\/?s={search_term_string}\"},\"query-input\":{\"@type\":\"PropertyValueSpecification\",\"valueRequired\":true,\"valueName\":\"search_term_string\"}}],\"inLanguage\":\"fr-FR\"},{\"@type\":\"Person\",\"@id\":\"https:\\\/\\\/www.altercampagne.net\\\/#\\\/schema\\\/person\\\/0f261460c09e430caa0f9bcffa319109\",\"name\":\"Mathieu\",\"image\":{\"@type\":\"ImageObject\",\"inLanguage\":\"fr-FR\",\"@id\":\"https:\\\/\\\/secure.gravatar.com\\\/avatar\\\/aa9d3d24c83f2141e5e2709d0f63d09a99f6be6bb7a50abc4915838d9f54501a?s=96&d=mm&r=g\",\"url\":\"https:\\\/\\\/secure.gravatar.com\\\/avatar\\\/aa9d3d24c83f2141e5e2709d0f63d09a99f6be6bb7a50abc4915838d9f54501a?s=96&d=mm&r=g\",\"contentUrl\":\"https:\\\/\\\/secure.gravatar.com\\\/avatar\\\/aa9d3d24c83f2141e5e2709d0f63d09a99f6be6bb7a50abc4915838d9f54501a?s=96&d=mm&r=g\",\"caption\":\"Mathieu\"},\"url\":\"https:\\\/\\\/www.altercampagne.net\\\/?author=214\"}]}<\/script>\n<!-- \/ Yoast SEO plugin. -->","yoast_head_json":{"title":"L'AlterTour a visit\u00e9 Douarnenez et le Cap - AlterTour","robots":{"index":"index","follow":"follow","max-snippet":"max-snippet:-1","max-image-preview":"max-image-preview:large","max-video-preview":"max-video-preview:-1"},"canonical":"https:\/\/www.altercampagne.net\/?p=5723","og_locale":"fr_FR","og_type":"article","og_title":"L'AlterTour a visit\u00e9 Douarnenez et le Cap - AlterTour","og_description":"Parti de Notre-Dame-des-Landes, le tour cycliste alternatif a fait \u00e9tape, hier, \u00e0 Douarnenez, apr\u00e8s avoir travers\u00e9 le Cap-Sizun. Ils sont une cinquantaine \u00e0 \u00eatre partis \u00e0 v\u00e9lo le 10 juillet de Notre-Dame-des-Landes pour l&rsquo;AlterTour 2016, qui se terminera le 21 ao\u00fbt. On y croise des Fran\u00e7ais, des Suisses, Belges, Espagnols ... Read More","og_url":"https:\/\/www.altercampagne.net\/?p=5723","og_site_name":"AlterTour","article_published_time":"2016-08-03T18:14:17+00:00","article_modified_time":"2019-09-13T15:20:29+00:00","og_image":[{"width":640,"height":360,"url":"https:\/\/www.altercampagne.net\/wp-content\/uploads\/2016\/08\/laltertour-visite-douarnenez-et-le-cap1.jpg","type":"image\/jpeg"}],"author":"Mathieu","twitter_card":"summary_large_image","twitter_misc":{"\u00c9crit par":"Mathieu","Dur\u00e9e de lecture estim\u00e9e":"2 minutes"},"schema":{"@context":"https:\/\/schema.org","@graph":[{"@type":"Article","@id":"https:\/\/www.altercampagne.net\/?p=5723#article","isPartOf":{"@id":"https:\/\/www.altercampagne.net\/?p=5723"},"author":{"name":"Mathieu","@id":"https:\/\/www.altercampagne.net\/#\/schema\/person\/0f261460c09e430caa0f9bcffa319109"},"headline":"L&rsquo;AlterTour a visit\u00e9 Douarnenez et le Cap","datePublished":"2016-08-03T18:14:17+00:00","dateModified":"2019-09-13T15:20:29+00:00","mainEntityOfPage":{"@id":"https:\/\/www.altercampagne.net\/?p=5723"},"wordCount":353,"image":{"@id":"https:\/\/www.altercampagne.net\/?p=5723#primaryimage"},"thumbnailUrl":"https:\/\/www.altercampagne.net\/wp-content\/uploads\/2016\/08\/laltertour-visite-douarnenez-et-le-cap1.jpg","keywords":["Bain de Bretagne","AlterTour 2016","finist\u00e8re","ouest france","2016","Douarnenez","Plogoff","Cap-Sizun","Penn Rustin","librairie L'Ivraie","ch\u00e8vrerie bio","accueillant","accueillant2016","accueillant 2016","AlterTour2016"],"articleSection":["Bretagne","Revue de presse","\u00c9dition 2016"],"inLanguage":"fr-FR"},{"@type":"WebPage","@id":"https:\/\/www.altercampagne.net\/?p=5723","url":"https:\/\/www.altercampagne.net\/?p=5723","name":"L'AlterTour a visit\u00e9 Douarnenez et le Cap - AlterTour","isPartOf":{"@id":"https:\/\/www.altercampagne.net\/#website"},"primaryImageOfPage":{"@id":"https:\/\/www.altercampagne.net\/?p=5723#primaryimage"},"image":{"@id":"https:\/\/www.altercampagne.net\/?p=5723#primaryimage"},"thumbnailUrl":"https:\/\/www.altercampagne.net\/wp-content\/uploads\/2016\/08\/laltertour-visite-douarnenez-et-le-cap1.jpg","datePublished":"2016-08-03T18:14:17+00:00","dateModified":"2019-09-13T15:20:29+00:00","author":{"@id":"https:\/\/www.altercampagne.net\/#\/schema\/person\/0f261460c09e430caa0f9bcffa319109"},"breadcrumb":{"@id":"https:\/\/www.altercampagne.net\/?p=5723#breadcrumb"},"inLanguage":"fr-FR","potentialAction":[{"@type":"ReadAction","target":["https:\/\/www.altercampagne.net\/?p=5723"]}]},{"@type":"ImageObject","inLanguage":"fr-FR","@id":"https:\/\/www.altercampagne.net\/?p=5723#primaryimage","url":"https:\/\/www.altercampagne.net\/wp-content\/uploads\/2016\/08\/laltertour-visite-douarnenez-et-le-cap1.jpg","contentUrl":"https:\/\/www.altercampagne.net\/wp-content\/uploads\/2016\/08\/laltertour-visite-douarnenez-et-le-cap1.jpg","width":640,"height":360},{"@type":"BreadcrumbList","@id":"https:\/\/www.altercampagne.net\/?p=5723#breadcrumb","itemListElement":[{"@type":"ListItem","position":1,"name":"Accueil","item":"https:\/\/www.altercampagne.net\/"},{"@type":"ListItem","position":2,"name":"L&rsquo;AlterTour a visit\u00e9 Douarnenez et le Cap"}]},{"@type":"WebSite","@id":"https:\/\/www.altercampagne.net\/#website","url":"https:\/\/www.altercampagne.net\/","name":"AlterTour","description":"Reliez les Alternatives \u00e0 v\u00e9lo","potentialAction":[{"@type":"SearchAction","target":{"@type":"EntryPoint","urlTemplate":"https:\/\/www.altercampagne.net\/?s={search_term_string}"},"query-input":{"@type":"PropertyValueSpecification","valueRequired":true,"valueName":"search_term_string"}}],"inLanguage":"fr-FR"},{"@type":"Person","@id":"https:\/\/www.altercampagne.net\/#\/schema\/person\/0f261460c09e430caa0f9bcffa319109","name":"Mathieu","image":{"@type":"ImageObject","inLanguage":"fr-FR","@id":"https:\/\/secure.gravatar.com\/avatar\/aa9d3d24c83f2141e5e2709d0f63d09a99f6be6bb7a50abc4915838d9f54501a?s=96&d=mm&r=g","url":"https:\/\/secure.gravatar.com\/avatar\/aa9d3d24c83f2141e5e2709d0f63d09a99f6be6bb7a50abc4915838d9f54501a?s=96&d=mm&r=g","contentUrl":"https:\/\/secure.gravatar.com\/avatar\/aa9d3d24c83f2141e5e2709d0f63d09a99f6be6bb7a50abc4915838d9f54501a?s=96&d=mm&r=g","caption":"Mathieu"},"url":"https:\/\/www.altercampagne.net\/?author=214"}]}},"_links":{"self":[{"href":"https:\/\/www.altercampagne.net\/index.php?rest_route=\/wp\/v2\/posts\/5723","targetHints":{"allow":["GET"]}}],"collection":[{"href":"https:\/\/www.altercampagne.net\/index.php?rest_route=\/wp\/v2\/posts"}],"about":[{"href":"https:\/\/www.altercampagne.net\/index.php?rest_route=\/wp\/v2\/types\/post"}],"author":[{"embeddable":true,"href":"https:\/\/www.altercampagne.net\/index.php?rest_route=\/wp\/v2\/users\/214"}],"replies":[{"embeddable":true,"href":"https:\/\/www.altercampagne.net\/index.php?rest_route=%2Fwp%2Fv2%2Fcomments&post=5723"}],"version-history":[{"count":0,"href":"https:\/\/www.altercampagne.net\/index.php?rest_route=\/wp\/v2\/posts\/5723\/revisions"}],"wp:featuredmedia":[{"embeddable":true,"href":"https:\/\/www.altercampagne.net\/index.php?rest_route=\/wp\/v2\/media\/15520"}],"wp:attachment":[{"href":"https:\/\/www.altercampagne.net\/index.php?rest_route=%2Fwp%2Fv2%2Fmedia&parent=5723"}],"wp:term":[{"taxonomy":"category","embeddable":true,"href":"https:\/\/www.altercampagne.net\/index.php?rest_route=%2Fwp%2Fv2%2Fcategories&post=5723"},{"taxonomy":"post_tag","embeddable":true,"href":"https:\/\/www.altercampagne.net\/index.php?rest_route=%2Fwp%2Fv2%2Ftags&post=5723"}],"curies":[{"name":"wp","href":"https:\/\/api.w.org\/{rel}","templated":true}]}}