{"id":5731,"date":"2016-08-07T23:37:29","date_gmt":"2016-08-07T21:37:29","guid":{"rendered":"http:\/\/www.altercampagne.net\/?p=5731"},"modified":"2019-09-13T18:28:27","modified_gmt":"2019-09-13T16:28:27","slug":"journee-de-repos-du-7-aout-loasis-ti-lipouz-a-plevin","status":"publish","type":"post","link":"https:\/\/www.altercampagne.net\/?p=5731","title":{"rendered":"Journ\u00e9e de repos du 7 ao\u00fbt : L&rsquo;Oasis Ti Lipouz \u00e0 Pl\u00e9vin"},"content":{"rendered":"<p>Nous avons \u00e9t\u00e9 aujourd\u2019hui en jour de pause sur le terrain de Seb, Virginie et toute l&rsquo;\u00e9quipe des Lipousig \u00e0 Pl\u00e9vin. Install\u00e9 depuis une ann\u00e9e, Seb a appris la permaculture par lui-m\u00eame dans l\u2019id\u00e9e d\u2019en vivre petit \u00e0 petit. Reli\u00e9 au mouvement des Collibris comme Oasis ressources, le lieu de 3 hectares est en pleine \u00e9mergence et nous ne nous sommes donc pas ennuy\u00e9s\u00a0! Au programme : pr\u00e9paration du sol d\u2019un des jardins en permaculture et construction des fondations du poulailler.<\/p>\n<p>Les trois potagers ont \u00e9t\u00e9 design\u00e9s en rond et nous avons du effectuer des mesures pour composer des plates bandes d\u2019un m\u00e8tre et des chemins de 50 centim\u00e8tres. Il a fallu d\u2019abord se servir de la grelinette et rabattre la terre des chemins sur les parcelles. Ensuite, nous avons pos\u00e9 des cartons recycl\u00e9s pr\u00e9alablement, ainsi que de la paille pour favoriser la visite de nos charmants vers de terre, \u0153uvrant \u00e0 la d\u00e9composition du sol.<\/p>\n<p>Les plus costaud-ES se sont empar\u00e9s de grosses pierres pour les ramener du cot\u00e9 du parcours \u00e0 poules et de leur future maison. Un mur de pierres et de chaux a commenc\u00e9 \u00e0 \u00eatre mont\u00e9 et sera termin\u00e9 ensuite avec du bois.<\/p>\n<p>En guise de r\u00e9compense, Seb, aid\u00e9 de ses voisins, nous a organis\u00e9 un petit festival de musique, de contes ainsi que d\u2019un petit march\u00e9 tenu par des cr\u00e9ateurs de bijoux recycl\u00e9s. Et pour que nous ne restions pas sur notre faim, les voisins nous ont servis la sp\u00e9cialit\u00e9 locale au bl\u00e9 noir\u00a0!<\/p>\n<p style=\"text-align: right;\"><strong>Chlo\u00e9 et Marie<\/strong><\/p>\n","protected":false},"excerpt":{"rendered":"<p>Nous avons \u00e9t\u00e9 aujourd\u2019hui en jour de pause sur le terrain de Seb, Virginie et toute l&rsquo;\u00e9quipe des Lipousig \u00e0 Pl\u00e9vin. Install\u00e9 depuis une ann\u00e9e, Seb a appris la permaculture par lui-m\u00eame dans l\u2019id\u00e9e d\u2019en vivre petit \u00e0 petit. Reli\u00e9 au mouvement des Collibris comme Oasis ressources, le lieu de &#8230; <\/p>\n<div><a href=\"https:\/\/www.altercampagne.net\/?p=5731\" class=\"more-link\">Read More<\/a><\/div>\n","protected":false},"author":214,"featured_media":15527,"comment_status":"closed","ping_status":"closed","sticky":false,"template":"","format":"standard","meta":{"footnotes":""},"categories":[3483,3472,3459],"tags":[20,383,1652,1669,2407,2440,2441,2704,2846,2849,2850,2851],"class_list":["post-5731","post","type-post","status-publish","format-standard","has-post-thumbnail","hentry","category-agriculture","category-bretagne","category-edition-2016","tag-bretagne","tag-altertour-2016","tag-1652","tag-cotes-darmor","tag-oasis","tag-plevin","tag-ti-lipouz","tag-alterjournaliste","tag-accueillant","tag-accueillant2016","tag-accueillant-2016","tag-altertour2016"],"yoast_head":"<!-- This site is optimized with the Yoast SEO plugin v27.3 - https:\/\/yoast.com\/product\/yoast-seo-wordpress\/ -->\n<title>Journ\u00e9e de repos du 7 ao\u00fbt : L&#039;Oasis Ti Lipouz \u00e0 Pl\u00e9vin - AlterTour<\/title>\n<meta name=\"robots\" content=\"index, follow, max-snippet:-1, max-image-preview:large, max-video-preview:-1\" \/>\n<link rel=\"canonical\" href=\"https:\/\/www.altercampagne.net\/?p=5731\" \/>\n<meta property=\"og:locale\" content=\"fr_FR\" \/>\n<meta property=\"og:type\" content=\"article\" \/>\n<meta property=\"og:title\" content=\"Journ\u00e9e de repos du 7 ao\u00fbt : L&#039;Oasis Ti Lipouz \u00e0 Pl\u00e9vin - AlterTour\" \/>\n<meta property=\"og:description\" content=\"Nous avons \u00e9t\u00e9 aujourd\u2019hui en jour de pause sur le terrain de Seb, Virginie et toute l&rsquo;\u00e9quipe des Lipousig \u00e0 Pl\u00e9vin. Install\u00e9 depuis une ann\u00e9e, Seb a appris la permaculture par lui-m\u00eame dans l\u2019id\u00e9e d\u2019en vivre petit \u00e0 petit. Reli\u00e9 au mouvement des Collibris comme Oasis ressources, le lieu de ... Read More\" \/>\n<meta property=\"og:url\" content=\"https:\/\/www.altercampagne.net\/?p=5731\" \/>\n<meta property=\"og:site_name\" content=\"AlterTour\" \/>\n<meta property=\"article:published_time\" content=\"2016-08-07T21:37:29+00:00\" \/>\n<meta property=\"article:modified_time\" content=\"2019-09-13T16:28:27+00:00\" \/>\n<meta property=\"og:image\" content=\"https:\/\/www.altercampagne.net\/wp-content\/uploads\/2016\/08\/2016-08-07_15.07.jpg\" \/>\n\t<meta property=\"og:image:width\" content=\"902\" \/>\n\t<meta property=\"og:image:height\" content=\"472\" \/>\n\t<meta property=\"og:image:type\" content=\"image\/jpeg\" \/>\n<meta name=\"author\" content=\"Mathieu\" \/>\n<meta name=\"twitter:card\" content=\"summary_large_image\" \/>\n<meta name=\"twitter:label1\" content=\"\u00c9crit par\" \/>\n\t<meta name=\"twitter:data1\" content=\"Mathieu\" \/>\n\t<meta name=\"twitter:label2\" content=\"Dur\u00e9e de lecture estim\u00e9e\" \/>\n\t<meta name=\"twitter:data2\" content=\"1 minute\" \/>\n<script type=\"application\/ld+json\" class=\"yoast-schema-graph\">{\"@context\":\"https:\\\/\\\/schema.org\",\"@graph\":[{\"@type\":\"Article\",\"@id\":\"https:\\\/\\\/www.altercampagne.net\\\/?p=5731#article\",\"isPartOf\":{\"@id\":\"https:\\\/\\\/www.altercampagne.net\\\/?p=5731\"},\"author\":{\"name\":\"Mathieu\",\"@id\":\"https:\\\/\\\/www.altercampagne.net\\\/#\\\/schema\\\/person\\\/0f261460c09e430caa0f9bcffa319109\"},\"headline\":\"Journ\u00e9e de repos du 7 ao\u00fbt : L&rsquo;Oasis Ti Lipouz \u00e0 Pl\u00e9vin\",\"datePublished\":\"2016-08-07T21:37:29+00:00\",\"dateModified\":\"2019-09-13T16:28:27+00:00\",\"mainEntityOfPage\":{\"@id\":\"https:\\\/\\\/www.altercampagne.net\\\/?p=5731\"},\"wordCount\":283,\"image\":{\"@id\":\"https:\\\/\\\/www.altercampagne.net\\\/?p=5731#primaryimage\"},\"thumbnailUrl\":\"https:\\\/\\\/www.altercampagne.net\\\/wp-content\\\/uploads\\\/2016\\\/08\\\/2016-08-07_15.07.jpg\",\"keywords\":[\"bretagne\",\"AlterTour 2016\",\"2016\",\"C\u00f4tes-d'Armor\",\"oasis\",\"Pl\u00e9vin\",\"Ti Lipouz\",\"alterjournaliste\",\"accueillant\",\"accueillant2016\",\"accueillant 2016\",\"AlterTour2016\"],\"articleSection\":[\"Agriculture\",\"Bretagne\",\"\u00c9dition 2016\"],\"inLanguage\":\"fr-FR\"},{\"@type\":\"WebPage\",\"@id\":\"https:\\\/\\\/www.altercampagne.net\\\/?p=5731\",\"url\":\"https:\\\/\\\/www.altercampagne.net\\\/?p=5731\",\"name\":\"Journ\u00e9e de repos du 7 ao\u00fbt : L'Oasis Ti Lipouz \u00e0 Pl\u00e9vin - AlterTour\",\"isPartOf\":{\"@id\":\"https:\\\/\\\/www.altercampagne.net\\\/#website\"},\"primaryImageOfPage\":{\"@id\":\"https:\\\/\\\/www.altercampagne.net\\\/?p=5731#primaryimage\"},\"image\":{\"@id\":\"https:\\\/\\\/www.altercampagne.net\\\/?p=5731#primaryimage\"},\"thumbnailUrl\":\"https:\\\/\\\/www.altercampagne.net\\\/wp-content\\\/uploads\\\/2016\\\/08\\\/2016-08-07_15.07.jpg\",\"datePublished\":\"2016-08-07T21:37:29+00:00\",\"dateModified\":\"2019-09-13T16:28:27+00:00\",\"author\":{\"@id\":\"https:\\\/\\\/www.altercampagne.net\\\/#\\\/schema\\\/person\\\/0f261460c09e430caa0f9bcffa319109\"},\"breadcrumb\":{\"@id\":\"https:\\\/\\\/www.altercampagne.net\\\/?p=5731#breadcrumb\"},\"inLanguage\":\"fr-FR\",\"potentialAction\":[{\"@type\":\"ReadAction\",\"target\":[\"https:\\\/\\\/www.altercampagne.net\\\/?p=5731\"]}]},{\"@type\":\"ImageObject\",\"inLanguage\":\"fr-FR\",\"@id\":\"https:\\\/\\\/www.altercampagne.net\\\/?p=5731#primaryimage\",\"url\":\"https:\\\/\\\/www.altercampagne.net\\\/wp-content\\\/uploads\\\/2016\\\/08\\\/2016-08-07_15.07.jpg\",\"contentUrl\":\"https:\\\/\\\/www.altercampagne.net\\\/wp-content\\\/uploads\\\/2016\\\/08\\\/2016-08-07_15.07.jpg\",\"width\":902,\"height\":472},{\"@type\":\"BreadcrumbList\",\"@id\":\"https:\\\/\\\/www.altercampagne.net\\\/?p=5731#breadcrumb\",\"itemListElement\":[{\"@type\":\"ListItem\",\"position\":1,\"name\":\"Accueil\",\"item\":\"https:\\\/\\\/www.altercampagne.net\\\/\"},{\"@type\":\"ListItem\",\"position\":2,\"name\":\"Journ\u00e9e de repos du 7 ao\u00fbt : L&rsquo;Oasis Ti Lipouz \u00e0 Pl\u00e9vin\"}]},{\"@type\":\"WebSite\",\"@id\":\"https:\\\/\\\/www.altercampagne.net\\\/#website\",\"url\":\"https:\\\/\\\/www.altercampagne.net\\\/\",\"name\":\"AlterTour\",\"description\":\"Reliez les Alternatives \u00e0 v\u00e9lo\",\"potentialAction\":[{\"@type\":\"SearchAction\",\"target\":{\"@type\":\"EntryPoint\",\"urlTemplate\":\"https:\\\/\\\/www.altercampagne.net\\\/?s={search_term_string}\"},\"query-input\":{\"@type\":\"PropertyValueSpecification\",\"valueRequired\":true,\"valueName\":\"search_term_string\"}}],\"inLanguage\":\"fr-FR\"},{\"@type\":\"Person\",\"@id\":\"https:\\\/\\\/www.altercampagne.net\\\/#\\\/schema\\\/person\\\/0f261460c09e430caa0f9bcffa319109\",\"name\":\"Mathieu\",\"image\":{\"@type\":\"ImageObject\",\"inLanguage\":\"fr-FR\",\"@id\":\"https:\\\/\\\/secure.gravatar.com\\\/avatar\\\/aa9d3d24c83f2141e5e2709d0f63d09a99f6be6bb7a50abc4915838d9f54501a?s=96&d=mm&r=g\",\"url\":\"https:\\\/\\\/secure.gravatar.com\\\/avatar\\\/aa9d3d24c83f2141e5e2709d0f63d09a99f6be6bb7a50abc4915838d9f54501a?s=96&d=mm&r=g\",\"contentUrl\":\"https:\\\/\\\/secure.gravatar.com\\\/avatar\\\/aa9d3d24c83f2141e5e2709d0f63d09a99f6be6bb7a50abc4915838d9f54501a?s=96&d=mm&r=g\",\"caption\":\"Mathieu\"},\"url\":\"https:\\\/\\\/www.altercampagne.net\\\/?author=214\"}]}<\/script>\n<!-- \/ Yoast SEO plugin. -->","yoast_head_json":{"title":"Journ\u00e9e de repos du 7 ao\u00fbt : L'Oasis Ti Lipouz \u00e0 Pl\u00e9vin - AlterTour","robots":{"index":"index","follow":"follow","max-snippet":"max-snippet:-1","max-image-preview":"max-image-preview:large","max-video-preview":"max-video-preview:-1"},"canonical":"https:\/\/www.altercampagne.net\/?p=5731","og_locale":"fr_FR","og_type":"article","og_title":"Journ\u00e9e de repos du 7 ao\u00fbt : L'Oasis Ti Lipouz \u00e0 Pl\u00e9vin - AlterTour","og_description":"Nous avons \u00e9t\u00e9 aujourd\u2019hui en jour de pause sur le terrain de Seb, Virginie et toute l&rsquo;\u00e9quipe des Lipousig \u00e0 Pl\u00e9vin. Install\u00e9 depuis une ann\u00e9e, Seb a appris la permaculture par lui-m\u00eame dans l\u2019id\u00e9e d\u2019en vivre petit \u00e0 petit. Reli\u00e9 au mouvement des Collibris comme Oasis ressources, le lieu de ... Read More","og_url":"https:\/\/www.altercampagne.net\/?p=5731","og_site_name":"AlterTour","article_published_time":"2016-08-07T21:37:29+00:00","article_modified_time":"2019-09-13T16:28:27+00:00","og_image":[{"width":902,"height":472,"url":"https:\/\/www.altercampagne.net\/wp-content\/uploads\/2016\/08\/2016-08-07_15.07.jpg","type":"image\/jpeg"}],"author":"Mathieu","twitter_card":"summary_large_image","twitter_misc":{"\u00c9crit par":"Mathieu","Dur\u00e9e de lecture estim\u00e9e":"1 minute"},"schema":{"@context":"https:\/\/schema.org","@graph":[{"@type":"Article","@id":"https:\/\/www.altercampagne.net\/?p=5731#article","isPartOf":{"@id":"https:\/\/www.altercampagne.net\/?p=5731"},"author":{"name":"Mathieu","@id":"https:\/\/www.altercampagne.net\/#\/schema\/person\/0f261460c09e430caa0f9bcffa319109"},"headline":"Journ\u00e9e de repos du 7 ao\u00fbt : L&rsquo;Oasis Ti Lipouz \u00e0 Pl\u00e9vin","datePublished":"2016-08-07T21:37:29+00:00","dateModified":"2019-09-13T16:28:27+00:00","mainEntityOfPage":{"@id":"https:\/\/www.altercampagne.net\/?p=5731"},"wordCount":283,"image":{"@id":"https:\/\/www.altercampagne.net\/?p=5731#primaryimage"},"thumbnailUrl":"https:\/\/www.altercampagne.net\/wp-content\/uploads\/2016\/08\/2016-08-07_15.07.jpg","keywords":["bretagne","AlterTour 2016","2016","C\u00f4tes-d'Armor","oasis","Pl\u00e9vin","Ti Lipouz","alterjournaliste","accueillant","accueillant2016","accueillant 2016","AlterTour2016"],"articleSection":["Agriculture","Bretagne","\u00c9dition 2016"],"inLanguage":"fr-FR"},{"@type":"WebPage","@id":"https:\/\/www.altercampagne.net\/?p=5731","url":"https:\/\/www.altercampagne.net\/?p=5731","name":"Journ\u00e9e de repos du 7 ao\u00fbt : L'Oasis Ti Lipouz \u00e0 Pl\u00e9vin - AlterTour","isPartOf":{"@id":"https:\/\/www.altercampagne.net\/#website"},"primaryImageOfPage":{"@id":"https:\/\/www.altercampagne.net\/?p=5731#primaryimage"},"image":{"@id":"https:\/\/www.altercampagne.net\/?p=5731#primaryimage"},"thumbnailUrl":"https:\/\/www.altercampagne.net\/wp-content\/uploads\/2016\/08\/2016-08-07_15.07.jpg","datePublished":"2016-08-07T21:37:29+00:00","dateModified":"2019-09-13T16:28:27+00:00","author":{"@id":"https:\/\/www.altercampagne.net\/#\/schema\/person\/0f261460c09e430caa0f9bcffa319109"},"breadcrumb":{"@id":"https:\/\/www.altercampagne.net\/?p=5731#breadcrumb"},"inLanguage":"fr-FR","potentialAction":[{"@type":"ReadAction","target":["https:\/\/www.altercampagne.net\/?p=5731"]}]},{"@type":"ImageObject","inLanguage":"fr-FR","@id":"https:\/\/www.altercampagne.net\/?p=5731#primaryimage","url":"https:\/\/www.altercampagne.net\/wp-content\/uploads\/2016\/08\/2016-08-07_15.07.jpg","contentUrl":"https:\/\/www.altercampagne.net\/wp-content\/uploads\/2016\/08\/2016-08-07_15.07.jpg","width":902,"height":472},{"@type":"BreadcrumbList","@id":"https:\/\/www.altercampagne.net\/?p=5731#breadcrumb","itemListElement":[{"@type":"ListItem","position":1,"name":"Accueil","item":"https:\/\/www.altercampagne.net\/"},{"@type":"ListItem","position":2,"name":"Journ\u00e9e de repos du 7 ao\u00fbt : L&rsquo;Oasis Ti Lipouz \u00e0 Pl\u00e9vin"}]},{"@type":"WebSite","@id":"https:\/\/www.altercampagne.net\/#website","url":"https:\/\/www.altercampagne.net\/","name":"AlterTour","description":"Reliez les Alternatives \u00e0 v\u00e9lo","potentialAction":[{"@type":"SearchAction","target":{"@type":"EntryPoint","urlTemplate":"https:\/\/www.altercampagne.net\/?s={search_term_string}"},"query-input":{"@type":"PropertyValueSpecification","valueRequired":true,"valueName":"search_term_string"}}],"inLanguage":"fr-FR"},{"@type":"Person","@id":"https:\/\/www.altercampagne.net\/#\/schema\/person\/0f261460c09e430caa0f9bcffa319109","name":"Mathieu","image":{"@type":"ImageObject","inLanguage":"fr-FR","@id":"https:\/\/secure.gravatar.com\/avatar\/aa9d3d24c83f2141e5e2709d0f63d09a99f6be6bb7a50abc4915838d9f54501a?s=96&d=mm&r=g","url":"https:\/\/secure.gravatar.com\/avatar\/aa9d3d24c83f2141e5e2709d0f63d09a99f6be6bb7a50abc4915838d9f54501a?s=96&d=mm&r=g","contentUrl":"https:\/\/secure.gravatar.com\/avatar\/aa9d3d24c83f2141e5e2709d0f63d09a99f6be6bb7a50abc4915838d9f54501a?s=96&d=mm&r=g","caption":"Mathieu"},"url":"https:\/\/www.altercampagne.net\/?author=214"}]}},"_links":{"self":[{"href":"https:\/\/www.altercampagne.net\/index.php?rest_route=\/wp\/v2\/posts\/5731","targetHints":{"allow":["GET"]}}],"collection":[{"href":"https:\/\/www.altercampagne.net\/index.php?rest_route=\/wp\/v2\/posts"}],"about":[{"href":"https:\/\/www.altercampagne.net\/index.php?rest_route=\/wp\/v2\/types\/post"}],"author":[{"embeddable":true,"href":"https:\/\/www.altercampagne.net\/index.php?rest_route=\/wp\/v2\/users\/214"}],"replies":[{"embeddable":true,"href":"https:\/\/www.altercampagne.net\/index.php?rest_route=%2Fwp%2Fv2%2Fcomments&post=5731"}],"version-history":[{"count":0,"href":"https:\/\/www.altercampagne.net\/index.php?rest_route=\/wp\/v2\/posts\/5731\/revisions"}],"wp:featuredmedia":[{"embeddable":true,"href":"https:\/\/www.altercampagne.net\/index.php?rest_route=\/wp\/v2\/media\/15527"}],"wp:attachment":[{"href":"https:\/\/www.altercampagne.net\/index.php?rest_route=%2Fwp%2Fv2%2Fmedia&parent=5731"}],"wp:term":[{"taxonomy":"category","embeddable":true,"href":"https:\/\/www.altercampagne.net\/index.php?rest_route=%2Fwp%2Fv2%2Fcategories&post=5731"},{"taxonomy":"post_tag","embeddable":true,"href":"https:\/\/www.altercampagne.net\/index.php?rest_route=%2Fwp%2Fv2%2Ftags&post=5731"}],"curies":[{"name":"wp","href":"https:\/\/api.w.org\/{rel}","templated":true}]}}