{"id":5736,"date":"2016-08-10T10:42:57","date_gmt":"2016-08-10T08:42:57","guid":{"rendered":"http:\/\/www.altercampagne.net\/?p=5736"},"modified":"2024-04-09T00:09:51","modified_gmt":"2024-04-08T22:09:51","slug":"altertour-de-passage-dans-la-commune","status":"publish","type":"post","link":"https:\/\/www.altercampagne.net\/?p=5736","title":{"rendered":"AlterTour. De passage dans la commune de la Feuill\u00e9e"},"content":{"rendered":"<p>Une petite partie des tr\u00e8s nombreux participants de l&rsquo;AlterTour, lors de la visite de l&rsquo;atelier Nomad&rsquo;Yo, ont \u00e9cout\u00e9 attentivement les explications de Christophe Favrot sur sa fa\u00e7on de fabriquer ses yaourts v\u00e9g\u00e9taux.<br \/>\nPour la neuvi\u00e8me \u00e9dition de l&rsquo;AlterTour, 250 \u00e0 300 \u00ab altercyclistes \u00bb se relaient pour sillonner les routes de Bretagne. Parti le 10 juillet de Notre-Dame-des-Landes (44), l&rsquo;AlterTour 2016, tour cycliste des exp\u00e9riences alternatives, traverse actuellement le Finist\u00e8re et a fait \u00e9tape, vendredi, au village de Kerbruc, pour la pause-d\u00e9jeuner.<\/p>\n<p><strong>Vivre le monde autrement<\/strong><\/p>\n<p>R\u00e9partis sur plusieurs circuits, avec des portions communes, ces \u00ab altercyclistes \u00bb \u00e9taient tr\u00e8s nombreux au pied des monts d&rsquo;Arr\u00e9e. Leur objectif est de montrer que d&rsquo;autres modes de vie et de relations sont possibles, plus solidaires, \u00e9cologiquement et socialement durables. Une invitation \u00e0 vivre le monde autrement et \u00e9changer autour de la th\u00e9matique \u00ab Bien vivre, bien(s) commun(s) \u00bb. Apr\u00e8s leur d\u00e9jeuner, ils ont rencontr\u00e9 Laure Salaun, de Terre feuillantine, productrice de plantes m\u00e9dicinales et aromatiques, avec qui ils ont pu \u00e9changer sur sa fa\u00e7on de cultiver, r\u00e9colter et travailler les plantes. Ils sont ensuite repartis \u00e0 v\u00e9lo, pour se rendre \u00e0 la zone de Croas-an-Herry, o\u00f9 ils ont install\u00e9 leur bivouac pour la nuit. Pendant qu&rsquo;une \u00e9quipe pr\u00e9parait le repas \u00e0 base de produits bio, les autres ont visit\u00e9 la brasserie An Arlac&rsquo;h, de Xavier Le Proust, ainsi que Nomad&rsquo;Yo, le yaourt 100 % v\u00e9g\u00e9tal sous licence \u00ab Creative commons \u00bb, fabriqu\u00e9 \u00e0 l&rsquo;atelier de Christophe Favrot. Apr\u00e8s une nuit de repos bien m\u00e9rit\u00e9e, les \u00ab altercyclistes \u00bb ont pris la direction des C\u00f4tes-d&rsquo;Armor<\/p>\n<p>Source : <a href=\"http:\/\/www.altercampagne.net\/?page_id=7\" target=\"_blank\" rel=\"noopener noreferrer\">le T\u00e9l\u00e9gramme<\/a><\/p>\n","protected":false},"excerpt":{"rendered":"<p>Une petite partie des tr\u00e8s nombreux participants de l&rsquo;AlterTour, lors de la visite de l&rsquo;atelier Nomad&rsquo;Yo, ont \u00e9cout\u00e9 attentivement les explications de Christophe Favrot sur sa fa\u00e7on de fabriquer ses yaourts v\u00e9g\u00e9taux. Pour la neuvi\u00e8me \u00e9dition de l&rsquo;AlterTour, 250 \u00e0 300 \u00ab altercyclistes \u00bb se relaient pour sillonner les routes &#8230; <\/p>\n<div><a href=\"https:\/\/www.altercampagne.net\/?p=5736\" class=\"more-link\">Read More<\/a><\/div>\n","protected":false},"author":214,"featured_media":15540,"comment_status":"closed","ping_status":"closed","sticky":false,"template":"","format":"standard","meta":{"footnotes":""},"categories":[3472,4037,239,3459],"tags":[20,383,410,1652,2435,2488,2578,2622,2623,2624,2625,2626,2846,2849,2850,2851],"class_list":["post-5736","post","type-post","status-publish","format-standard","has-post-thumbnail","hentry","category-bretagne","category-biere","category-revue-de-presse","category-edition-2016","tag-bretagne","tag-altertour-2016","tag-finistere","tag-1652","tag-la-feuillee","tag-brasserie-an-arlarch","tag-le-telegramme","tag-nomadyo","tag-laure-salaun","tag-xavier-le-proust","tag-mont-darree","tag-terre-feuillantine","tag-accueillant","tag-accueillant2016","tag-accueillant-2016","tag-altertour2016"],"yoast_head":"<!-- This site is optimized with the Yoast SEO plugin v27.3 - https:\/\/yoast.com\/product\/yoast-seo-wordpress\/ -->\n<title>AlterTour. De passage dans la commune de la Feuill\u00e9e - AlterTour<\/title>\n<meta name=\"robots\" content=\"index, follow, max-snippet:-1, max-image-preview:large, max-video-preview:-1\" \/>\n<link rel=\"canonical\" href=\"https:\/\/www.altercampagne.net\/?p=5736\" \/>\n<meta property=\"og:locale\" content=\"fr_FR\" \/>\n<meta property=\"og:type\" content=\"article\" \/>\n<meta property=\"og:title\" content=\"AlterTour. De passage dans la commune de la Feuill\u00e9e - AlterTour\" \/>\n<meta property=\"og:description\" content=\"Une petite partie des tr\u00e8s nombreux participants de l&rsquo;AlterTour, lors de la visite de l&rsquo;atelier Nomad&rsquo;Yo, ont \u00e9cout\u00e9 attentivement les explications de Christophe Favrot sur sa fa\u00e7on de fabriquer ses yaourts v\u00e9g\u00e9taux. Pour la neuvi\u00e8me \u00e9dition de l&rsquo;AlterTour, 250 \u00e0 300 \u00ab altercyclistes \u00bb se relaient pour sillonner les routes ... Read More\" \/>\n<meta property=\"og:url\" content=\"https:\/\/www.altercampagne.net\/?p=5736\" \/>\n<meta property=\"og:site_name\" content=\"AlterTour\" \/>\n<meta property=\"article:published_time\" content=\"2016-08-10T08:42:57+00:00\" \/>\n<meta property=\"article:modified_time\" content=\"2024-04-08T22:09:51+00:00\" \/>\n<meta property=\"og:image\" content=\"https:\/\/www.altercampagne.net\/wp-content\/uploads\/2016\/08\/une-petite-partie-des-tres-nombreux-participants-de_3038539_496x330p1.jpg\" \/>\n\t<meta property=\"og:image:width\" content=\"496\" \/>\n\t<meta property=\"og:image:height\" content=\"330\" \/>\n\t<meta property=\"og:image:type\" content=\"image\/jpeg\" \/>\n<meta name=\"author\" content=\"Mathieu\" \/>\n<meta name=\"twitter:card\" content=\"summary_large_image\" \/>\n<meta name=\"twitter:label1\" content=\"\u00c9crit par\" \/>\n\t<meta name=\"twitter:data1\" content=\"Mathieu\" \/>\n\t<meta name=\"twitter:label2\" content=\"Dur\u00e9e de lecture estim\u00e9e\" \/>\n\t<meta name=\"twitter:data2\" content=\"2 minutes\" \/>\n<script type=\"application\/ld+json\" class=\"yoast-schema-graph\">{\"@context\":\"https:\\\/\\\/schema.org\",\"@graph\":[{\"@type\":\"Article\",\"@id\":\"https:\\\/\\\/www.altercampagne.net\\\/?p=5736#article\",\"isPartOf\":{\"@id\":\"https:\\\/\\\/www.altercampagne.net\\\/?p=5736\"},\"author\":{\"name\":\"Mathieu\",\"@id\":\"https:\\\/\\\/www.altercampagne.net\\\/#\\\/schema\\\/person\\\/0f261460c09e430caa0f9bcffa319109\"},\"headline\":\"AlterTour. De passage dans la commune de la Feuill\u00e9e\",\"datePublished\":\"2016-08-10T08:42:57+00:00\",\"dateModified\":\"2024-04-08T22:09:51+00:00\",\"mainEntityOfPage\":{\"@id\":\"https:\\\/\\\/www.altercampagne.net\\\/?p=5736\"},\"wordCount\":293,\"image\":{\"@id\":\"https:\\\/\\\/www.altercampagne.net\\\/?p=5736#primaryimage\"},\"thumbnailUrl\":\"https:\\\/\\\/www.altercampagne.net\\\/wp-content\\\/uploads\\\/2016\\\/08\\\/une-petite-partie-des-tres-nombreux-participants-de_3038539_496x330p1.jpg\",\"keywords\":[\"bretagne\",\"AlterTour 2016\",\"finist\u00e8re\",\"2016\",\"La Feuill\u00e9e\",\"brasserie an arlarc'h\",\"Le t\u00e9l\u00e9gramme\",\"nomad'yo\",\"Laure salaun\",\"Xavier le proust\",\"mont d'arr\u00e9e\",\"terre feuillantine\",\"accueillant\",\"accueillant2016\",\"accueillant 2016\",\"AlterTour2016\"],\"articleSection\":[\"Bretagne\",\"Bi\u00e8re\",\"Revue de presse\",\"\u00c9dition 2016\"],\"inLanguage\":\"fr-FR\"},{\"@type\":\"WebPage\",\"@id\":\"https:\\\/\\\/www.altercampagne.net\\\/?p=5736\",\"url\":\"https:\\\/\\\/www.altercampagne.net\\\/?p=5736\",\"name\":\"AlterTour. De passage dans la commune de la Feuill\u00e9e - AlterTour\",\"isPartOf\":{\"@id\":\"https:\\\/\\\/www.altercampagne.net\\\/#website\"},\"primaryImageOfPage\":{\"@id\":\"https:\\\/\\\/www.altercampagne.net\\\/?p=5736#primaryimage\"},\"image\":{\"@id\":\"https:\\\/\\\/www.altercampagne.net\\\/?p=5736#primaryimage\"},\"thumbnailUrl\":\"https:\\\/\\\/www.altercampagne.net\\\/wp-content\\\/uploads\\\/2016\\\/08\\\/une-petite-partie-des-tres-nombreux-participants-de_3038539_496x330p1.jpg\",\"datePublished\":\"2016-08-10T08:42:57+00:00\",\"dateModified\":\"2024-04-08T22:09:51+00:00\",\"author\":{\"@id\":\"https:\\\/\\\/www.altercampagne.net\\\/#\\\/schema\\\/person\\\/0f261460c09e430caa0f9bcffa319109\"},\"breadcrumb\":{\"@id\":\"https:\\\/\\\/www.altercampagne.net\\\/?p=5736#breadcrumb\"},\"inLanguage\":\"fr-FR\",\"potentialAction\":[{\"@type\":\"ReadAction\",\"target\":[\"https:\\\/\\\/www.altercampagne.net\\\/?p=5736\"]}]},{\"@type\":\"ImageObject\",\"inLanguage\":\"fr-FR\",\"@id\":\"https:\\\/\\\/www.altercampagne.net\\\/?p=5736#primaryimage\",\"url\":\"https:\\\/\\\/www.altercampagne.net\\\/wp-content\\\/uploads\\\/2016\\\/08\\\/une-petite-partie-des-tres-nombreux-participants-de_3038539_496x330p1.jpg\",\"contentUrl\":\"https:\\\/\\\/www.altercampagne.net\\\/wp-content\\\/uploads\\\/2016\\\/08\\\/une-petite-partie-des-tres-nombreux-participants-de_3038539_496x330p1.jpg\",\"width\":496,\"height\":330},{\"@type\":\"BreadcrumbList\",\"@id\":\"https:\\\/\\\/www.altercampagne.net\\\/?p=5736#breadcrumb\",\"itemListElement\":[{\"@type\":\"ListItem\",\"position\":1,\"name\":\"Accueil\",\"item\":\"https:\\\/\\\/www.altercampagne.net\\\/\"},{\"@type\":\"ListItem\",\"position\":2,\"name\":\"AlterTour. De passage dans la commune de la Feuill\u00e9e\"}]},{\"@type\":\"WebSite\",\"@id\":\"https:\\\/\\\/www.altercampagne.net\\\/#website\",\"url\":\"https:\\\/\\\/www.altercampagne.net\\\/\",\"name\":\"AlterTour\",\"description\":\"Reliez les Alternatives \u00e0 v\u00e9lo\",\"potentialAction\":[{\"@type\":\"SearchAction\",\"target\":{\"@type\":\"EntryPoint\",\"urlTemplate\":\"https:\\\/\\\/www.altercampagne.net\\\/?s={search_term_string}\"},\"query-input\":{\"@type\":\"PropertyValueSpecification\",\"valueRequired\":true,\"valueName\":\"search_term_string\"}}],\"inLanguage\":\"fr-FR\"},{\"@type\":\"Person\",\"@id\":\"https:\\\/\\\/www.altercampagne.net\\\/#\\\/schema\\\/person\\\/0f261460c09e430caa0f9bcffa319109\",\"name\":\"Mathieu\",\"image\":{\"@type\":\"ImageObject\",\"inLanguage\":\"fr-FR\",\"@id\":\"https:\\\/\\\/secure.gravatar.com\\\/avatar\\\/aa9d3d24c83f2141e5e2709d0f63d09a99f6be6bb7a50abc4915838d9f54501a?s=96&d=mm&r=g\",\"url\":\"https:\\\/\\\/secure.gravatar.com\\\/avatar\\\/aa9d3d24c83f2141e5e2709d0f63d09a99f6be6bb7a50abc4915838d9f54501a?s=96&d=mm&r=g\",\"contentUrl\":\"https:\\\/\\\/secure.gravatar.com\\\/avatar\\\/aa9d3d24c83f2141e5e2709d0f63d09a99f6be6bb7a50abc4915838d9f54501a?s=96&d=mm&r=g\",\"caption\":\"Mathieu\"},\"url\":\"https:\\\/\\\/www.altercampagne.net\\\/?author=214\"}]}<\/script>\n<!-- \/ Yoast SEO plugin. -->","yoast_head_json":{"title":"AlterTour. De passage dans la commune de la Feuill\u00e9e - AlterTour","robots":{"index":"index","follow":"follow","max-snippet":"max-snippet:-1","max-image-preview":"max-image-preview:large","max-video-preview":"max-video-preview:-1"},"canonical":"https:\/\/www.altercampagne.net\/?p=5736","og_locale":"fr_FR","og_type":"article","og_title":"AlterTour. De passage dans la commune de la Feuill\u00e9e - AlterTour","og_description":"Une petite partie des tr\u00e8s nombreux participants de l&rsquo;AlterTour, lors de la visite de l&rsquo;atelier Nomad&rsquo;Yo, ont \u00e9cout\u00e9 attentivement les explications de Christophe Favrot sur sa fa\u00e7on de fabriquer ses yaourts v\u00e9g\u00e9taux. Pour la neuvi\u00e8me \u00e9dition de l&rsquo;AlterTour, 250 \u00e0 300 \u00ab altercyclistes \u00bb se relaient pour sillonner les routes ... Read More","og_url":"https:\/\/www.altercampagne.net\/?p=5736","og_site_name":"AlterTour","article_published_time":"2016-08-10T08:42:57+00:00","article_modified_time":"2024-04-08T22:09:51+00:00","og_image":[{"width":496,"height":330,"url":"https:\/\/www.altercampagne.net\/wp-content\/uploads\/2016\/08\/une-petite-partie-des-tres-nombreux-participants-de_3038539_496x330p1.jpg","type":"image\/jpeg"}],"author":"Mathieu","twitter_card":"summary_large_image","twitter_misc":{"\u00c9crit par":"Mathieu","Dur\u00e9e de lecture estim\u00e9e":"2 minutes"},"schema":{"@context":"https:\/\/schema.org","@graph":[{"@type":"Article","@id":"https:\/\/www.altercampagne.net\/?p=5736#article","isPartOf":{"@id":"https:\/\/www.altercampagne.net\/?p=5736"},"author":{"name":"Mathieu","@id":"https:\/\/www.altercampagne.net\/#\/schema\/person\/0f261460c09e430caa0f9bcffa319109"},"headline":"AlterTour. De passage dans la commune de la Feuill\u00e9e","datePublished":"2016-08-10T08:42:57+00:00","dateModified":"2024-04-08T22:09:51+00:00","mainEntityOfPage":{"@id":"https:\/\/www.altercampagne.net\/?p=5736"},"wordCount":293,"image":{"@id":"https:\/\/www.altercampagne.net\/?p=5736#primaryimage"},"thumbnailUrl":"https:\/\/www.altercampagne.net\/wp-content\/uploads\/2016\/08\/une-petite-partie-des-tres-nombreux-participants-de_3038539_496x330p1.jpg","keywords":["bretagne","AlterTour 2016","finist\u00e8re","2016","La Feuill\u00e9e","brasserie an arlarc'h","Le t\u00e9l\u00e9gramme","nomad'yo","Laure salaun","Xavier le proust","mont d'arr\u00e9e","terre feuillantine","accueillant","accueillant2016","accueillant 2016","AlterTour2016"],"articleSection":["Bretagne","Bi\u00e8re","Revue de presse","\u00c9dition 2016"],"inLanguage":"fr-FR"},{"@type":"WebPage","@id":"https:\/\/www.altercampagne.net\/?p=5736","url":"https:\/\/www.altercampagne.net\/?p=5736","name":"AlterTour. De passage dans la commune de la Feuill\u00e9e - AlterTour","isPartOf":{"@id":"https:\/\/www.altercampagne.net\/#website"},"primaryImageOfPage":{"@id":"https:\/\/www.altercampagne.net\/?p=5736#primaryimage"},"image":{"@id":"https:\/\/www.altercampagne.net\/?p=5736#primaryimage"},"thumbnailUrl":"https:\/\/www.altercampagne.net\/wp-content\/uploads\/2016\/08\/une-petite-partie-des-tres-nombreux-participants-de_3038539_496x330p1.jpg","datePublished":"2016-08-10T08:42:57+00:00","dateModified":"2024-04-08T22:09:51+00:00","author":{"@id":"https:\/\/www.altercampagne.net\/#\/schema\/person\/0f261460c09e430caa0f9bcffa319109"},"breadcrumb":{"@id":"https:\/\/www.altercampagne.net\/?p=5736#breadcrumb"},"inLanguage":"fr-FR","potentialAction":[{"@type":"ReadAction","target":["https:\/\/www.altercampagne.net\/?p=5736"]}]},{"@type":"ImageObject","inLanguage":"fr-FR","@id":"https:\/\/www.altercampagne.net\/?p=5736#primaryimage","url":"https:\/\/www.altercampagne.net\/wp-content\/uploads\/2016\/08\/une-petite-partie-des-tres-nombreux-participants-de_3038539_496x330p1.jpg","contentUrl":"https:\/\/www.altercampagne.net\/wp-content\/uploads\/2016\/08\/une-petite-partie-des-tres-nombreux-participants-de_3038539_496x330p1.jpg","width":496,"height":330},{"@type":"BreadcrumbList","@id":"https:\/\/www.altercampagne.net\/?p=5736#breadcrumb","itemListElement":[{"@type":"ListItem","position":1,"name":"Accueil","item":"https:\/\/www.altercampagne.net\/"},{"@type":"ListItem","position":2,"name":"AlterTour. De passage dans la commune de la Feuill\u00e9e"}]},{"@type":"WebSite","@id":"https:\/\/www.altercampagne.net\/#website","url":"https:\/\/www.altercampagne.net\/","name":"AlterTour","description":"Reliez les Alternatives \u00e0 v\u00e9lo","potentialAction":[{"@type":"SearchAction","target":{"@type":"EntryPoint","urlTemplate":"https:\/\/www.altercampagne.net\/?s={search_term_string}"},"query-input":{"@type":"PropertyValueSpecification","valueRequired":true,"valueName":"search_term_string"}}],"inLanguage":"fr-FR"},{"@type":"Person","@id":"https:\/\/www.altercampagne.net\/#\/schema\/person\/0f261460c09e430caa0f9bcffa319109","name":"Mathieu","image":{"@type":"ImageObject","inLanguage":"fr-FR","@id":"https:\/\/secure.gravatar.com\/avatar\/aa9d3d24c83f2141e5e2709d0f63d09a99f6be6bb7a50abc4915838d9f54501a?s=96&d=mm&r=g","url":"https:\/\/secure.gravatar.com\/avatar\/aa9d3d24c83f2141e5e2709d0f63d09a99f6be6bb7a50abc4915838d9f54501a?s=96&d=mm&r=g","contentUrl":"https:\/\/secure.gravatar.com\/avatar\/aa9d3d24c83f2141e5e2709d0f63d09a99f6be6bb7a50abc4915838d9f54501a?s=96&d=mm&r=g","caption":"Mathieu"},"url":"https:\/\/www.altercampagne.net\/?author=214"}]}},"_links":{"self":[{"href":"https:\/\/www.altercampagne.net\/index.php?rest_route=\/wp\/v2\/posts\/5736","targetHints":{"allow":["GET"]}}],"collection":[{"href":"https:\/\/www.altercampagne.net\/index.php?rest_route=\/wp\/v2\/posts"}],"about":[{"href":"https:\/\/www.altercampagne.net\/index.php?rest_route=\/wp\/v2\/types\/post"}],"author":[{"embeddable":true,"href":"https:\/\/www.altercampagne.net\/index.php?rest_route=\/wp\/v2\/users\/214"}],"replies":[{"embeddable":true,"href":"https:\/\/www.altercampagne.net\/index.php?rest_route=%2Fwp%2Fv2%2Fcomments&post=5736"}],"version-history":[{"count":2,"href":"https:\/\/www.altercampagne.net\/index.php?rest_route=\/wp\/v2\/posts\/5736\/revisions"}],"predecessor-version":[{"id":28219,"href":"https:\/\/www.altercampagne.net\/index.php?rest_route=\/wp\/v2\/posts\/5736\/revisions\/28219"}],"wp:featuredmedia":[{"embeddable":true,"href":"https:\/\/www.altercampagne.net\/index.php?rest_route=\/wp\/v2\/media\/15540"}],"wp:attachment":[{"href":"https:\/\/www.altercampagne.net\/index.php?rest_route=%2Fwp%2Fv2%2Fmedia&parent=5736"}],"wp:term":[{"taxonomy":"category","embeddable":true,"href":"https:\/\/www.altercampagne.net\/index.php?rest_route=%2Fwp%2Fv2%2Fcategories&post=5736"},{"taxonomy":"post_tag","embeddable":true,"href":"https:\/\/www.altercampagne.net\/index.php?rest_route=%2Fwp%2Fv2%2Ftags&post=5736"}],"curies":[{"name":"wp","href":"https:\/\/api.w.org\/{rel}","templated":true}]}}