{"id":5739,"date":"2016-08-08T16:09:34","date_gmt":"2016-08-08T14:09:34","guid":{"rendered":"http:\/\/www.altercampagne.net\/?p=5739"},"modified":"2019-09-13T18:33:01","modified_gmt":"2019-09-13T16:33:01","slug":"alter-tour-les-participants-a-goasven","status":"publish","type":"post","link":"https:\/\/www.altercampagne.net\/?p=5739","title":{"rendered":"Alter-Tour. Les participants \u00e0 Goasven"},"content":{"rendered":"<p>L&rsquo;Alter Tour est parti de Notre-Dame des Landes en Loire-Atlantique le dimanche 10 juillet. Les participants ont sillonn\u00e9, \u00e0 v\u00e9lo, la Bretagne, \u00e0 la rencontre des alternatives et des initiatives locales. C&rsquo;est pour cela que le groupe s&rsquo;est arr\u00eat\u00e9 \u00e0 Goasven, mercredi en d\u00e9but d&rsquo;apr\u00e8s-midi, accueillis par l&rsquo;association locale Ribine. Ils sont all\u00e9s \u00e0 la visite du magasin de producteurs, d&rsquo;une ferme et se sont pench\u00e9s sur le fonctionnement de la Recyclerie de Malenty. En soir\u00e9e, ils ont assist\u00e9 \u00e0 la projection d&rsquo;un film et partag\u00e9 des pizzas cuites au feu de bois. Jeudi, ils ont pris la direction de Brest pour une d\u00e9couverte de la ville.<\/p>\n<p>Source : <a href=\"http:\/\/www.letelegramme.fr\/finistere\/logonna-daoulas\/alter-tour-les-participants-a-goasven-08-08-2016-11174557.php\" target=\"_blank\" rel=\"noopener noreferrer\">Le T\u00e9l\u00e9gramme<\/a><\/p>\n","protected":false},"excerpt":{"rendered":"<p>L&rsquo;Alter Tour est parti de Notre-Dame des Landes en Loire-Atlantique le dimanche 10 juillet. Les participants ont sillonn\u00e9, \u00e0 v\u00e9lo, la Bretagne, \u00e0 la rencontre des alternatives et des initiatives locales. C&rsquo;est pour cela que le groupe s&rsquo;est arr\u00eat\u00e9 \u00e0 Goasven, mercredi en d\u00e9but d&rsquo;apr\u00e8s-midi, accueillis par l&rsquo;association locale Ribine. &#8230; <\/p>\n<div><a href=\"https:\/\/www.altercampagne.net\/?p=5739\" class=\"more-link\">Read More<\/a><\/div>\n","protected":false},"author":214,"featured_media":15529,"comment_status":"closed","ping_status":"closed","sticky":false,"template":"","format":"standard","meta":{"footnotes":""},"categories":[3472,239,3459],"tags":[20,383,410,583,1652,2566,2568,2578,2579,2580,2602,2846,2849,2850,2851],"class_list":["post-5739","post","type-post","status-publish","format-standard","has-post-thumbnail","hentry","category-bretagne","category-revue-de-presse","category-edition-2016","tag-bretagne","tag-altertour-2016","tag-finistere","tag-agriculture-bio","tag-1652","tag-goasven","tag-irvillac","tag-le-telegramme","tag-logonna-daoulas","tag-recyclerie","tag-ribine","tag-accueillant","tag-accueillant2016","tag-accueillant-2016","tag-altertour2016"],"yoast_head":"<!-- This site is optimized with the Yoast SEO plugin v27.3 - https:\/\/yoast.com\/product\/yoast-seo-wordpress\/ -->\n<title>Alter-Tour. Les participants \u00e0 Goasven - AlterTour<\/title>\n<meta name=\"robots\" content=\"index, follow, max-snippet:-1, max-image-preview:large, max-video-preview:-1\" \/>\n<link rel=\"canonical\" href=\"https:\/\/www.altercampagne.net\/?p=5739\" \/>\n<meta property=\"og:locale\" content=\"fr_FR\" \/>\n<meta property=\"og:type\" content=\"article\" \/>\n<meta property=\"og:title\" content=\"Alter-Tour. Les participants \u00e0 Goasven - AlterTour\" \/>\n<meta property=\"og:description\" content=\"L&rsquo;Alter Tour est parti de Notre-Dame des Landes en Loire-Atlantique le dimanche 10 juillet. Les participants ont sillonn\u00e9, \u00e0 v\u00e9lo, la Bretagne, \u00e0 la rencontre des alternatives et des initiatives locales. C&rsquo;est pour cela que le groupe s&rsquo;est arr\u00eat\u00e9 \u00e0 Goasven, mercredi en d\u00e9but d&rsquo;apr\u00e8s-midi, accueillis par l&rsquo;association locale Ribine. ... Read More\" \/>\n<meta property=\"og:url\" content=\"https:\/\/www.altercampagne.net\/?p=5739\" \/>\n<meta property=\"og:site_name\" content=\"AlterTour\" \/>\n<meta property=\"article:published_time\" content=\"2016-08-08T14:09:34+00:00\" \/>\n<meta property=\"article:modified_time\" content=\"2019-09-13T16:33:01+00:00\" \/>\n<meta property=\"og:image\" content=\"https:\/\/www.altercampagne.net\/wp-content\/uploads\/2016\/08\/alter-tour-les-participants-a-goasven_3035101_540x324p1.jpg\" \/>\n\t<meta property=\"og:image:width\" content=\"539\" \/>\n\t<meta property=\"og:image:height\" content=\"324\" \/>\n\t<meta property=\"og:image:type\" content=\"image\/jpeg\" \/>\n<meta name=\"author\" content=\"Mathieu\" \/>\n<meta name=\"twitter:card\" content=\"summary_large_image\" \/>\n<meta name=\"twitter:label1\" content=\"\u00c9crit par\" \/>\n\t<meta name=\"twitter:data1\" content=\"Mathieu\" \/>\n\t<meta name=\"twitter:label2\" content=\"Dur\u00e9e de lecture estim\u00e9e\" \/>\n\t<meta name=\"twitter:data2\" content=\"1 minute\" \/>\n<script type=\"application\/ld+json\" class=\"yoast-schema-graph\">{\"@context\":\"https:\\\/\\\/schema.org\",\"@graph\":[{\"@type\":\"Article\",\"@id\":\"https:\\\/\\\/www.altercampagne.net\\\/?p=5739#article\",\"isPartOf\":{\"@id\":\"https:\\\/\\\/www.altercampagne.net\\\/?p=5739\"},\"author\":{\"name\":\"Mathieu\",\"@id\":\"https:\\\/\\\/www.altercampagne.net\\\/#\\\/schema\\\/person\\\/0f261460c09e430caa0f9bcffa319109\"},\"headline\":\"Alter-Tour. Les participants \u00e0 Goasven\",\"datePublished\":\"2016-08-08T14:09:34+00:00\",\"dateModified\":\"2019-09-13T16:33:01+00:00\",\"mainEntityOfPage\":{\"@id\":\"https:\\\/\\\/www.altercampagne.net\\\/?p=5739\"},\"wordCount\":125,\"image\":{\"@id\":\"https:\\\/\\\/www.altercampagne.net\\\/?p=5739#primaryimage\"},\"thumbnailUrl\":\"https:\\\/\\\/www.altercampagne.net\\\/wp-content\\\/uploads\\\/2016\\\/08\\\/alter-tour-les-participants-a-goasven_3035101_540x324p1.jpg\",\"keywords\":[\"bretagne\",\"AlterTour 2016\",\"finist\u00e8re\",\"agriculture bio\",\"2016\",\"Goasven\",\"Irvillac\",\"Le t\u00e9l\u00e9gramme\",\"Logonna-Daoulas\",\"Recyclerie\",\"Ribine\",\"accueillant\",\"accueillant2016\",\"accueillant 2016\",\"AlterTour2016\"],\"articleSection\":[\"Bretagne\",\"Revue de presse\",\"\u00c9dition 2016\"],\"inLanguage\":\"fr-FR\"},{\"@type\":\"WebPage\",\"@id\":\"https:\\\/\\\/www.altercampagne.net\\\/?p=5739\",\"url\":\"https:\\\/\\\/www.altercampagne.net\\\/?p=5739\",\"name\":\"Alter-Tour. Les participants \u00e0 Goasven - AlterTour\",\"isPartOf\":{\"@id\":\"https:\\\/\\\/www.altercampagne.net\\\/#website\"},\"primaryImageOfPage\":{\"@id\":\"https:\\\/\\\/www.altercampagne.net\\\/?p=5739#primaryimage\"},\"image\":{\"@id\":\"https:\\\/\\\/www.altercampagne.net\\\/?p=5739#primaryimage\"},\"thumbnailUrl\":\"https:\\\/\\\/www.altercampagne.net\\\/wp-content\\\/uploads\\\/2016\\\/08\\\/alter-tour-les-participants-a-goasven_3035101_540x324p1.jpg\",\"datePublished\":\"2016-08-08T14:09:34+00:00\",\"dateModified\":\"2019-09-13T16:33:01+00:00\",\"author\":{\"@id\":\"https:\\\/\\\/www.altercampagne.net\\\/#\\\/schema\\\/person\\\/0f261460c09e430caa0f9bcffa319109\"},\"breadcrumb\":{\"@id\":\"https:\\\/\\\/www.altercampagne.net\\\/?p=5739#breadcrumb\"},\"inLanguage\":\"fr-FR\",\"potentialAction\":[{\"@type\":\"ReadAction\",\"target\":[\"https:\\\/\\\/www.altercampagne.net\\\/?p=5739\"]}]},{\"@type\":\"ImageObject\",\"inLanguage\":\"fr-FR\",\"@id\":\"https:\\\/\\\/www.altercampagne.net\\\/?p=5739#primaryimage\",\"url\":\"https:\\\/\\\/www.altercampagne.net\\\/wp-content\\\/uploads\\\/2016\\\/08\\\/alter-tour-les-participants-a-goasven_3035101_540x324p1.jpg\",\"contentUrl\":\"https:\\\/\\\/www.altercampagne.net\\\/wp-content\\\/uploads\\\/2016\\\/08\\\/alter-tour-les-participants-a-goasven_3035101_540x324p1.jpg\",\"width\":539,\"height\":324},{\"@type\":\"BreadcrumbList\",\"@id\":\"https:\\\/\\\/www.altercampagne.net\\\/?p=5739#breadcrumb\",\"itemListElement\":[{\"@type\":\"ListItem\",\"position\":1,\"name\":\"Accueil\",\"item\":\"https:\\\/\\\/www.altercampagne.net\\\/\"},{\"@type\":\"ListItem\",\"position\":2,\"name\":\"Alter-Tour. Les participants \u00e0 Goasven\"}]},{\"@type\":\"WebSite\",\"@id\":\"https:\\\/\\\/www.altercampagne.net\\\/#website\",\"url\":\"https:\\\/\\\/www.altercampagne.net\\\/\",\"name\":\"AlterTour\",\"description\":\"Reliez les Alternatives \u00e0 v\u00e9lo\",\"potentialAction\":[{\"@type\":\"SearchAction\",\"target\":{\"@type\":\"EntryPoint\",\"urlTemplate\":\"https:\\\/\\\/www.altercampagne.net\\\/?s={search_term_string}\"},\"query-input\":{\"@type\":\"PropertyValueSpecification\",\"valueRequired\":true,\"valueName\":\"search_term_string\"}}],\"inLanguage\":\"fr-FR\"},{\"@type\":\"Person\",\"@id\":\"https:\\\/\\\/www.altercampagne.net\\\/#\\\/schema\\\/person\\\/0f261460c09e430caa0f9bcffa319109\",\"name\":\"Mathieu\",\"image\":{\"@type\":\"ImageObject\",\"inLanguage\":\"fr-FR\",\"@id\":\"https:\\\/\\\/secure.gravatar.com\\\/avatar\\\/aa9d3d24c83f2141e5e2709d0f63d09a99f6be6bb7a50abc4915838d9f54501a?s=96&d=mm&r=g\",\"url\":\"https:\\\/\\\/secure.gravatar.com\\\/avatar\\\/aa9d3d24c83f2141e5e2709d0f63d09a99f6be6bb7a50abc4915838d9f54501a?s=96&d=mm&r=g\",\"contentUrl\":\"https:\\\/\\\/secure.gravatar.com\\\/avatar\\\/aa9d3d24c83f2141e5e2709d0f63d09a99f6be6bb7a50abc4915838d9f54501a?s=96&d=mm&r=g\",\"caption\":\"Mathieu\"},\"url\":\"https:\\\/\\\/www.altercampagne.net\\\/?author=214\"}]}<\/script>\n<!-- \/ Yoast SEO plugin. -->","yoast_head_json":{"title":"Alter-Tour. Les participants \u00e0 Goasven - AlterTour","robots":{"index":"index","follow":"follow","max-snippet":"max-snippet:-1","max-image-preview":"max-image-preview:large","max-video-preview":"max-video-preview:-1"},"canonical":"https:\/\/www.altercampagne.net\/?p=5739","og_locale":"fr_FR","og_type":"article","og_title":"Alter-Tour. Les participants \u00e0 Goasven - AlterTour","og_description":"L&rsquo;Alter Tour est parti de Notre-Dame des Landes en Loire-Atlantique le dimanche 10 juillet. Les participants ont sillonn\u00e9, \u00e0 v\u00e9lo, la Bretagne, \u00e0 la rencontre des alternatives et des initiatives locales. C&rsquo;est pour cela que le groupe s&rsquo;est arr\u00eat\u00e9 \u00e0 Goasven, mercredi en d\u00e9but d&rsquo;apr\u00e8s-midi, accueillis par l&rsquo;association locale Ribine. ... Read More","og_url":"https:\/\/www.altercampagne.net\/?p=5739","og_site_name":"AlterTour","article_published_time":"2016-08-08T14:09:34+00:00","article_modified_time":"2019-09-13T16:33:01+00:00","og_image":[{"width":539,"height":324,"url":"https:\/\/www.altercampagne.net\/wp-content\/uploads\/2016\/08\/alter-tour-les-participants-a-goasven_3035101_540x324p1.jpg","type":"image\/jpeg"}],"author":"Mathieu","twitter_card":"summary_large_image","twitter_misc":{"\u00c9crit par":"Mathieu","Dur\u00e9e de lecture estim\u00e9e":"1 minute"},"schema":{"@context":"https:\/\/schema.org","@graph":[{"@type":"Article","@id":"https:\/\/www.altercampagne.net\/?p=5739#article","isPartOf":{"@id":"https:\/\/www.altercampagne.net\/?p=5739"},"author":{"name":"Mathieu","@id":"https:\/\/www.altercampagne.net\/#\/schema\/person\/0f261460c09e430caa0f9bcffa319109"},"headline":"Alter-Tour. Les participants \u00e0 Goasven","datePublished":"2016-08-08T14:09:34+00:00","dateModified":"2019-09-13T16:33:01+00:00","mainEntityOfPage":{"@id":"https:\/\/www.altercampagne.net\/?p=5739"},"wordCount":125,"image":{"@id":"https:\/\/www.altercampagne.net\/?p=5739#primaryimage"},"thumbnailUrl":"https:\/\/www.altercampagne.net\/wp-content\/uploads\/2016\/08\/alter-tour-les-participants-a-goasven_3035101_540x324p1.jpg","keywords":["bretagne","AlterTour 2016","finist\u00e8re","agriculture bio","2016","Goasven","Irvillac","Le t\u00e9l\u00e9gramme","Logonna-Daoulas","Recyclerie","Ribine","accueillant","accueillant2016","accueillant 2016","AlterTour2016"],"articleSection":["Bretagne","Revue de presse","\u00c9dition 2016"],"inLanguage":"fr-FR"},{"@type":"WebPage","@id":"https:\/\/www.altercampagne.net\/?p=5739","url":"https:\/\/www.altercampagne.net\/?p=5739","name":"Alter-Tour. Les participants \u00e0 Goasven - AlterTour","isPartOf":{"@id":"https:\/\/www.altercampagne.net\/#website"},"primaryImageOfPage":{"@id":"https:\/\/www.altercampagne.net\/?p=5739#primaryimage"},"image":{"@id":"https:\/\/www.altercampagne.net\/?p=5739#primaryimage"},"thumbnailUrl":"https:\/\/www.altercampagne.net\/wp-content\/uploads\/2016\/08\/alter-tour-les-participants-a-goasven_3035101_540x324p1.jpg","datePublished":"2016-08-08T14:09:34+00:00","dateModified":"2019-09-13T16:33:01+00:00","author":{"@id":"https:\/\/www.altercampagne.net\/#\/schema\/person\/0f261460c09e430caa0f9bcffa319109"},"breadcrumb":{"@id":"https:\/\/www.altercampagne.net\/?p=5739#breadcrumb"},"inLanguage":"fr-FR","potentialAction":[{"@type":"ReadAction","target":["https:\/\/www.altercampagne.net\/?p=5739"]}]},{"@type":"ImageObject","inLanguage":"fr-FR","@id":"https:\/\/www.altercampagne.net\/?p=5739#primaryimage","url":"https:\/\/www.altercampagne.net\/wp-content\/uploads\/2016\/08\/alter-tour-les-participants-a-goasven_3035101_540x324p1.jpg","contentUrl":"https:\/\/www.altercampagne.net\/wp-content\/uploads\/2016\/08\/alter-tour-les-participants-a-goasven_3035101_540x324p1.jpg","width":539,"height":324},{"@type":"BreadcrumbList","@id":"https:\/\/www.altercampagne.net\/?p=5739#breadcrumb","itemListElement":[{"@type":"ListItem","position":1,"name":"Accueil","item":"https:\/\/www.altercampagne.net\/"},{"@type":"ListItem","position":2,"name":"Alter-Tour. Les participants \u00e0 Goasven"}]},{"@type":"WebSite","@id":"https:\/\/www.altercampagne.net\/#website","url":"https:\/\/www.altercampagne.net\/","name":"AlterTour","description":"Reliez les Alternatives \u00e0 v\u00e9lo","potentialAction":[{"@type":"SearchAction","target":{"@type":"EntryPoint","urlTemplate":"https:\/\/www.altercampagne.net\/?s={search_term_string}"},"query-input":{"@type":"PropertyValueSpecification","valueRequired":true,"valueName":"search_term_string"}}],"inLanguage":"fr-FR"},{"@type":"Person","@id":"https:\/\/www.altercampagne.net\/#\/schema\/person\/0f261460c09e430caa0f9bcffa319109","name":"Mathieu","image":{"@type":"ImageObject","inLanguage":"fr-FR","@id":"https:\/\/secure.gravatar.com\/avatar\/aa9d3d24c83f2141e5e2709d0f63d09a99f6be6bb7a50abc4915838d9f54501a?s=96&d=mm&r=g","url":"https:\/\/secure.gravatar.com\/avatar\/aa9d3d24c83f2141e5e2709d0f63d09a99f6be6bb7a50abc4915838d9f54501a?s=96&d=mm&r=g","contentUrl":"https:\/\/secure.gravatar.com\/avatar\/aa9d3d24c83f2141e5e2709d0f63d09a99f6be6bb7a50abc4915838d9f54501a?s=96&d=mm&r=g","caption":"Mathieu"},"url":"https:\/\/www.altercampagne.net\/?author=214"}]}},"_links":{"self":[{"href":"https:\/\/www.altercampagne.net\/index.php?rest_route=\/wp\/v2\/posts\/5739","targetHints":{"allow":["GET"]}}],"collection":[{"href":"https:\/\/www.altercampagne.net\/index.php?rest_route=\/wp\/v2\/posts"}],"about":[{"href":"https:\/\/www.altercampagne.net\/index.php?rest_route=\/wp\/v2\/types\/post"}],"author":[{"embeddable":true,"href":"https:\/\/www.altercampagne.net\/index.php?rest_route=\/wp\/v2\/users\/214"}],"replies":[{"embeddable":true,"href":"https:\/\/www.altercampagne.net\/index.php?rest_route=%2Fwp%2Fv2%2Fcomments&post=5739"}],"version-history":[{"count":0,"href":"https:\/\/www.altercampagne.net\/index.php?rest_route=\/wp\/v2\/posts\/5739\/revisions"}],"wp:featuredmedia":[{"embeddable":true,"href":"https:\/\/www.altercampagne.net\/index.php?rest_route=\/wp\/v2\/media\/15529"}],"wp:attachment":[{"href":"https:\/\/www.altercampagne.net\/index.php?rest_route=%2Fwp%2Fv2%2Fmedia&parent=5739"}],"wp:term":[{"taxonomy":"category","embeddable":true,"href":"https:\/\/www.altercampagne.net\/index.php?rest_route=%2Fwp%2Fv2%2Fcategories&post=5739"},{"taxonomy":"post_tag","embeddable":true,"href":"https:\/\/www.altercampagne.net\/index.php?rest_route=%2Fwp%2Fv2%2Ftags&post=5739"}],"curies":[{"name":"wp","href":"https:\/\/api.w.org\/{rel}","templated":true}]}}