{"id":5745,"date":"2016-07-30T16:25:25","date_gmt":"2016-07-30T14:25:25","guid":{"rendered":"http:\/\/www.altercampagne.net\/?p=5745"},"modified":"2019-09-13T17:07:55","modified_gmt":"2019-09-13T15:07:55","slug":"alter-tour-une-pause-sous-les-halles","status":"publish","type":"post","link":"https:\/\/www.altercampagne.net\/?p=5745","title":{"rendered":"Alter Tour. Une pause sous les halles"},"content":{"rendered":"<p>L&rsquo;Alter Tour, c&rsquo;est depuis plusieurs ann\u00e9es une grande randonn\u00e9e collective, \u00e0 v\u00e9lo, de plus d&rsquo;un mois, pour partir \u00e0 la rencontre d&rsquo;exp\u00e9riences alternatives et de luttes diverses, le tout dans la bonne humeur. L&rsquo;Alter Tour 2016 passe par des brasseries associatives, des \u00e9covillages, des lieux culturels autog\u00e9r\u00e9s et bien d&rsquo;autres exp\u00e9riences et \u00e9tait donc de passage, jeudi midi, sur la commune.<\/p>\n<p><strong>Direction Querrien<\/strong><\/p>\n<p>Venus de Pleumeur-Bodou (C\u00f4tes-d&rsquo;Armor), de l&rsquo;\u00e9co centre du Tr\u00e9gor o\u00f9 ils \u00e9taient en d\u00e9but de semaine, les 50 cyclistes auront fait une pause \u00e0 Tr\u00e9margat puis, sur le chemin, se sont offert une pause gustative et reposante sous les halles. \u00c0 15 h 30, ils \u00e9taient tous remont\u00e9s sur leurs v\u00e9los pour prendre la direction de Querrien (Sud-Finist\u00e8re), pour rencontrer les b\u00e9n\u00e9voles de l&rsquo;association Tomahawk. Mais pour les cyclistes de l&rsquo;Alter Tour, on ne stresse pas trop car, m\u00eame si le rythme peut \u00eatre intense, il y a une grande bienveillance de la part du groupe et une attention pr\u00eat\u00e9e \u00e0 ceux qui ont plus de mal physiquement. L&rsquo;objectif de l&rsquo;\u00ab Alter Tour pour une plan\u00e8te sans dopage \u00bb est de montrer qu&rsquo;il est possible de d\u00e9couvrir, lors d&rsquo;un parcours cycliste autog\u00e9r\u00e9 en relais, des alternatives r\u00e9gionales au cours de l&rsquo;\u00e9t\u00e9. C&rsquo;est un espace de rencontre et de d\u00e9bats, ouvert \u00e0 tous, visant \u00e0 promouvoir la r\u00e9flexion, les \u00e9changes de connaissances et d&rsquo;exp\u00e9riences militantes, les t\u00e9moignages de r\u00e9sistance non-violente \u00bb. L&rsquo;Alter Tour se terminera le samedi 20 ao\u00fbt prochain, \u00e0 Rennes, apr\u00e8s des rencontres nombreuses et vari\u00e9es.<\/p>\n<p>Source : <a href=\"http:\/\/www.letelegramme.fr\/morbihan\/le-faouet\/alter-tour-une-pause-sous-les-halles-30-07-2016-11165952.php\" target=\"_blank\" rel=\"noopener noreferrer\">Le T\u00e9l\u00e9gramme<\/a><\/p>\n","protected":false},"excerpt":{"rendered":"<p>L&rsquo;Alter Tour, c&rsquo;est depuis plusieurs ann\u00e9es une grande randonn\u00e9e collective, \u00e0 v\u00e9lo, de plus d&rsquo;un mois, pour partir \u00e0 la rencontre d&rsquo;exp\u00e9riences alternatives et de luttes diverses, le tout dans la bonne humeur. L&rsquo;Alter Tour 2016 passe par des brasseries associatives, des \u00e9covillages, des lieux culturels autog\u00e9r\u00e9s et bien d&rsquo;autres &#8230; <\/p>\n<div><a href=\"https:\/\/www.altercampagne.net\/?p=5745\" class=\"more-link\">Read More<\/a><\/div>\n","protected":false},"author":214,"featured_media":15509,"comment_status":"closed","ping_status":"closed","sticky":false,"template":"","format":"standard","meta":{"footnotes":""},"categories":[3472,239,3459],"tags":[20,383,396,410,1573,1574,1652,1669,2401,2627,2628,2846,2849,2850,2851],"class_list":["post-5745","post","type-post","status-publish","format-standard","has-post-thumbnail","hentry","category-bretagne","category-revue-de-presse","category-edition-2016","tag-bretagne","tag-altertour-2016","tag-tremargat","tag-finistere","tag-tomahawk","tag-querrien","tag-1652","tag-cotes-darmor","tag-pleumeur-bodou","tag-eco-centre-du-tregor","tag-tregor","tag-accueillant","tag-accueillant2016","tag-accueillant-2016","tag-altertour2016"],"yoast_head":"<!-- This site is optimized with the Yoast SEO plugin v27.3 - https:\/\/yoast.com\/product\/yoast-seo-wordpress\/ -->\n<title>Alter Tour. Une pause sous les halles - AlterTour<\/title>\n<meta name=\"robots\" content=\"index, follow, max-snippet:-1, max-image-preview:large, max-video-preview:-1\" \/>\n<link rel=\"canonical\" href=\"https:\/\/www.altercampagne.net\/?p=5745\" \/>\n<meta property=\"og:locale\" content=\"fr_FR\" \/>\n<meta property=\"og:type\" content=\"article\" \/>\n<meta property=\"og:title\" content=\"Alter Tour. Une pause sous les halles - AlterTour\" \/>\n<meta property=\"og:description\" content=\"L&rsquo;Alter Tour, c&rsquo;est depuis plusieurs ann\u00e9es une grande randonn\u00e9e collective, \u00e0 v\u00e9lo, de plus d&rsquo;un mois, pour partir \u00e0 la rencontre d&rsquo;exp\u00e9riences alternatives et de luttes diverses, le tout dans la bonne humeur. L&rsquo;Alter Tour 2016 passe par des brasseries associatives, des \u00e9covillages, des lieux culturels autog\u00e9r\u00e9s et bien d&rsquo;autres ... Read More\" \/>\n<meta property=\"og:url\" content=\"https:\/\/www.altercampagne.net\/?p=5745\" \/>\n<meta property=\"og:site_name\" content=\"AlterTour\" \/>\n<meta property=\"article:published_time\" content=\"2016-07-30T14:25:25+00:00\" \/>\n<meta property=\"article:modified_time\" content=\"2019-09-13T15:07:55+00:00\" \/>\n<meta property=\"og:image\" content=\"https:\/\/www.altercampagne.net\/wp-content\/uploads\/2016\/07\/les-cyclistes-de-l-alter-tour-ont-fait-une-pause-sous-les_3022512_540x328p1.jpg\" \/>\n\t<meta property=\"og:image:width\" content=\"540\" \/>\n\t<meta property=\"og:image:height\" content=\"328\" \/>\n\t<meta property=\"og:image:type\" content=\"image\/jpeg\" \/>\n<meta name=\"author\" content=\"Mathieu\" \/>\n<meta name=\"twitter:card\" content=\"summary_large_image\" \/>\n<meta name=\"twitter:label1\" content=\"\u00c9crit par\" \/>\n\t<meta name=\"twitter:data1\" content=\"Mathieu\" \/>\n\t<meta name=\"twitter:label2\" content=\"Dur\u00e9e de lecture estim\u00e9e\" \/>\n\t<meta name=\"twitter:data2\" content=\"1 minute\" \/>\n<script type=\"application\/ld+json\" class=\"yoast-schema-graph\">{\"@context\":\"https:\\\/\\\/schema.org\",\"@graph\":[{\"@type\":\"Article\",\"@id\":\"https:\\\/\\\/www.altercampagne.net\\\/?p=5745#article\",\"isPartOf\":{\"@id\":\"https:\\\/\\\/www.altercampagne.net\\\/?p=5745\"},\"author\":{\"name\":\"Mathieu\",\"@id\":\"https:\\\/\\\/www.altercampagne.net\\\/#\\\/schema\\\/person\\\/0f261460c09e430caa0f9bcffa319109\"},\"headline\":\"Alter Tour. Une pause sous les halles\",\"datePublished\":\"2016-07-30T14:25:25+00:00\",\"dateModified\":\"2019-09-13T15:07:55+00:00\",\"mainEntityOfPage\":{\"@id\":\"https:\\\/\\\/www.altercampagne.net\\\/?p=5745\"},\"wordCount\":295,\"image\":{\"@id\":\"https:\\\/\\\/www.altercampagne.net\\\/?p=5745#primaryimage\"},\"thumbnailUrl\":\"https:\\\/\\\/www.altercampagne.net\\\/wp-content\\\/uploads\\\/2016\\\/07\\\/les-cyclistes-de-l-alter-tour-ont-fait-une-pause-sous-les_3022512_540x328p1.jpg\",\"keywords\":[\"bretagne\",\"AlterTour 2016\",\"tr\u00e9margat\",\"finist\u00e8re\",\"Tomahawk\",\"Querrien\",\"2016\",\"C\u00f4tes-d'Armor\",\"Pleumeur-Bodou\",\"\u00e9co centre du Tr\u00e9gor\",\"Tr\u00e9gor\",\"accueillant\",\"accueillant2016\",\"accueillant 2016\",\"AlterTour2016\"],\"articleSection\":[\"Bretagne\",\"Revue de presse\",\"\u00c9dition 2016\"],\"inLanguage\":\"fr-FR\"},{\"@type\":\"WebPage\",\"@id\":\"https:\\\/\\\/www.altercampagne.net\\\/?p=5745\",\"url\":\"https:\\\/\\\/www.altercampagne.net\\\/?p=5745\",\"name\":\"Alter Tour. Une pause sous les halles - AlterTour\",\"isPartOf\":{\"@id\":\"https:\\\/\\\/www.altercampagne.net\\\/#website\"},\"primaryImageOfPage\":{\"@id\":\"https:\\\/\\\/www.altercampagne.net\\\/?p=5745#primaryimage\"},\"image\":{\"@id\":\"https:\\\/\\\/www.altercampagne.net\\\/?p=5745#primaryimage\"},\"thumbnailUrl\":\"https:\\\/\\\/www.altercampagne.net\\\/wp-content\\\/uploads\\\/2016\\\/07\\\/les-cyclistes-de-l-alter-tour-ont-fait-une-pause-sous-les_3022512_540x328p1.jpg\",\"datePublished\":\"2016-07-30T14:25:25+00:00\",\"dateModified\":\"2019-09-13T15:07:55+00:00\",\"author\":{\"@id\":\"https:\\\/\\\/www.altercampagne.net\\\/#\\\/schema\\\/person\\\/0f261460c09e430caa0f9bcffa319109\"},\"breadcrumb\":{\"@id\":\"https:\\\/\\\/www.altercampagne.net\\\/?p=5745#breadcrumb\"},\"inLanguage\":\"fr-FR\",\"potentialAction\":[{\"@type\":\"ReadAction\",\"target\":[\"https:\\\/\\\/www.altercampagne.net\\\/?p=5745\"]}]},{\"@type\":\"ImageObject\",\"inLanguage\":\"fr-FR\",\"@id\":\"https:\\\/\\\/www.altercampagne.net\\\/?p=5745#primaryimage\",\"url\":\"https:\\\/\\\/www.altercampagne.net\\\/wp-content\\\/uploads\\\/2016\\\/07\\\/les-cyclistes-de-l-alter-tour-ont-fait-une-pause-sous-les_3022512_540x328p1.jpg\",\"contentUrl\":\"https:\\\/\\\/www.altercampagne.net\\\/wp-content\\\/uploads\\\/2016\\\/07\\\/les-cyclistes-de-l-alter-tour-ont-fait-une-pause-sous-les_3022512_540x328p1.jpg\",\"width\":540,\"height\":328},{\"@type\":\"BreadcrumbList\",\"@id\":\"https:\\\/\\\/www.altercampagne.net\\\/?p=5745#breadcrumb\",\"itemListElement\":[{\"@type\":\"ListItem\",\"position\":1,\"name\":\"Accueil\",\"item\":\"https:\\\/\\\/www.altercampagne.net\\\/\"},{\"@type\":\"ListItem\",\"position\":2,\"name\":\"Alter Tour. Une pause sous les halles\"}]},{\"@type\":\"WebSite\",\"@id\":\"https:\\\/\\\/www.altercampagne.net\\\/#website\",\"url\":\"https:\\\/\\\/www.altercampagne.net\\\/\",\"name\":\"AlterTour\",\"description\":\"Reliez les Alternatives \u00e0 v\u00e9lo\",\"potentialAction\":[{\"@type\":\"SearchAction\",\"target\":{\"@type\":\"EntryPoint\",\"urlTemplate\":\"https:\\\/\\\/www.altercampagne.net\\\/?s={search_term_string}\"},\"query-input\":{\"@type\":\"PropertyValueSpecification\",\"valueRequired\":true,\"valueName\":\"search_term_string\"}}],\"inLanguage\":\"fr-FR\"},{\"@type\":\"Person\",\"@id\":\"https:\\\/\\\/www.altercampagne.net\\\/#\\\/schema\\\/person\\\/0f261460c09e430caa0f9bcffa319109\",\"name\":\"Mathieu\",\"image\":{\"@type\":\"ImageObject\",\"inLanguage\":\"fr-FR\",\"@id\":\"https:\\\/\\\/secure.gravatar.com\\\/avatar\\\/aa9d3d24c83f2141e5e2709d0f63d09a99f6be6bb7a50abc4915838d9f54501a?s=96&d=mm&r=g\",\"url\":\"https:\\\/\\\/secure.gravatar.com\\\/avatar\\\/aa9d3d24c83f2141e5e2709d0f63d09a99f6be6bb7a50abc4915838d9f54501a?s=96&d=mm&r=g\",\"contentUrl\":\"https:\\\/\\\/secure.gravatar.com\\\/avatar\\\/aa9d3d24c83f2141e5e2709d0f63d09a99f6be6bb7a50abc4915838d9f54501a?s=96&d=mm&r=g\",\"caption\":\"Mathieu\"},\"url\":\"https:\\\/\\\/www.altercampagne.net\\\/?author=214\"}]}<\/script>\n<!-- \/ Yoast SEO plugin. -->","yoast_head_json":{"title":"Alter Tour. Une pause sous les halles - AlterTour","robots":{"index":"index","follow":"follow","max-snippet":"max-snippet:-1","max-image-preview":"max-image-preview:large","max-video-preview":"max-video-preview:-1"},"canonical":"https:\/\/www.altercampagne.net\/?p=5745","og_locale":"fr_FR","og_type":"article","og_title":"Alter Tour. Une pause sous les halles - AlterTour","og_description":"L&rsquo;Alter Tour, c&rsquo;est depuis plusieurs ann\u00e9es une grande randonn\u00e9e collective, \u00e0 v\u00e9lo, de plus d&rsquo;un mois, pour partir \u00e0 la rencontre d&rsquo;exp\u00e9riences alternatives et de luttes diverses, le tout dans la bonne humeur. L&rsquo;Alter Tour 2016 passe par des brasseries associatives, des \u00e9covillages, des lieux culturels autog\u00e9r\u00e9s et bien d&rsquo;autres ... Read More","og_url":"https:\/\/www.altercampagne.net\/?p=5745","og_site_name":"AlterTour","article_published_time":"2016-07-30T14:25:25+00:00","article_modified_time":"2019-09-13T15:07:55+00:00","og_image":[{"width":540,"height":328,"url":"https:\/\/www.altercampagne.net\/wp-content\/uploads\/2016\/07\/les-cyclistes-de-l-alter-tour-ont-fait-une-pause-sous-les_3022512_540x328p1.jpg","type":"image\/jpeg"}],"author":"Mathieu","twitter_card":"summary_large_image","twitter_misc":{"\u00c9crit par":"Mathieu","Dur\u00e9e de lecture estim\u00e9e":"1 minute"},"schema":{"@context":"https:\/\/schema.org","@graph":[{"@type":"Article","@id":"https:\/\/www.altercampagne.net\/?p=5745#article","isPartOf":{"@id":"https:\/\/www.altercampagne.net\/?p=5745"},"author":{"name":"Mathieu","@id":"https:\/\/www.altercampagne.net\/#\/schema\/person\/0f261460c09e430caa0f9bcffa319109"},"headline":"Alter Tour. Une pause sous les halles","datePublished":"2016-07-30T14:25:25+00:00","dateModified":"2019-09-13T15:07:55+00:00","mainEntityOfPage":{"@id":"https:\/\/www.altercampagne.net\/?p=5745"},"wordCount":295,"image":{"@id":"https:\/\/www.altercampagne.net\/?p=5745#primaryimage"},"thumbnailUrl":"https:\/\/www.altercampagne.net\/wp-content\/uploads\/2016\/07\/les-cyclistes-de-l-alter-tour-ont-fait-une-pause-sous-les_3022512_540x328p1.jpg","keywords":["bretagne","AlterTour 2016","tr\u00e9margat","finist\u00e8re","Tomahawk","Querrien","2016","C\u00f4tes-d'Armor","Pleumeur-Bodou","\u00e9co centre du Tr\u00e9gor","Tr\u00e9gor","accueillant","accueillant2016","accueillant 2016","AlterTour2016"],"articleSection":["Bretagne","Revue de presse","\u00c9dition 2016"],"inLanguage":"fr-FR"},{"@type":"WebPage","@id":"https:\/\/www.altercampagne.net\/?p=5745","url":"https:\/\/www.altercampagne.net\/?p=5745","name":"Alter Tour. Une pause sous les halles - AlterTour","isPartOf":{"@id":"https:\/\/www.altercampagne.net\/#website"},"primaryImageOfPage":{"@id":"https:\/\/www.altercampagne.net\/?p=5745#primaryimage"},"image":{"@id":"https:\/\/www.altercampagne.net\/?p=5745#primaryimage"},"thumbnailUrl":"https:\/\/www.altercampagne.net\/wp-content\/uploads\/2016\/07\/les-cyclistes-de-l-alter-tour-ont-fait-une-pause-sous-les_3022512_540x328p1.jpg","datePublished":"2016-07-30T14:25:25+00:00","dateModified":"2019-09-13T15:07:55+00:00","author":{"@id":"https:\/\/www.altercampagne.net\/#\/schema\/person\/0f261460c09e430caa0f9bcffa319109"},"breadcrumb":{"@id":"https:\/\/www.altercampagne.net\/?p=5745#breadcrumb"},"inLanguage":"fr-FR","potentialAction":[{"@type":"ReadAction","target":["https:\/\/www.altercampagne.net\/?p=5745"]}]},{"@type":"ImageObject","inLanguage":"fr-FR","@id":"https:\/\/www.altercampagne.net\/?p=5745#primaryimage","url":"https:\/\/www.altercampagne.net\/wp-content\/uploads\/2016\/07\/les-cyclistes-de-l-alter-tour-ont-fait-une-pause-sous-les_3022512_540x328p1.jpg","contentUrl":"https:\/\/www.altercampagne.net\/wp-content\/uploads\/2016\/07\/les-cyclistes-de-l-alter-tour-ont-fait-une-pause-sous-les_3022512_540x328p1.jpg","width":540,"height":328},{"@type":"BreadcrumbList","@id":"https:\/\/www.altercampagne.net\/?p=5745#breadcrumb","itemListElement":[{"@type":"ListItem","position":1,"name":"Accueil","item":"https:\/\/www.altercampagne.net\/"},{"@type":"ListItem","position":2,"name":"Alter Tour. Une pause sous les halles"}]},{"@type":"WebSite","@id":"https:\/\/www.altercampagne.net\/#website","url":"https:\/\/www.altercampagne.net\/","name":"AlterTour","description":"Reliez les Alternatives \u00e0 v\u00e9lo","potentialAction":[{"@type":"SearchAction","target":{"@type":"EntryPoint","urlTemplate":"https:\/\/www.altercampagne.net\/?s={search_term_string}"},"query-input":{"@type":"PropertyValueSpecification","valueRequired":true,"valueName":"search_term_string"}}],"inLanguage":"fr-FR"},{"@type":"Person","@id":"https:\/\/www.altercampagne.net\/#\/schema\/person\/0f261460c09e430caa0f9bcffa319109","name":"Mathieu","image":{"@type":"ImageObject","inLanguage":"fr-FR","@id":"https:\/\/secure.gravatar.com\/avatar\/aa9d3d24c83f2141e5e2709d0f63d09a99f6be6bb7a50abc4915838d9f54501a?s=96&d=mm&r=g","url":"https:\/\/secure.gravatar.com\/avatar\/aa9d3d24c83f2141e5e2709d0f63d09a99f6be6bb7a50abc4915838d9f54501a?s=96&d=mm&r=g","contentUrl":"https:\/\/secure.gravatar.com\/avatar\/aa9d3d24c83f2141e5e2709d0f63d09a99f6be6bb7a50abc4915838d9f54501a?s=96&d=mm&r=g","caption":"Mathieu"},"url":"https:\/\/www.altercampagne.net\/?author=214"}]}},"_links":{"self":[{"href":"https:\/\/www.altercampagne.net\/index.php?rest_route=\/wp\/v2\/posts\/5745","targetHints":{"allow":["GET"]}}],"collection":[{"href":"https:\/\/www.altercampagne.net\/index.php?rest_route=\/wp\/v2\/posts"}],"about":[{"href":"https:\/\/www.altercampagne.net\/index.php?rest_route=\/wp\/v2\/types\/post"}],"author":[{"embeddable":true,"href":"https:\/\/www.altercampagne.net\/index.php?rest_route=\/wp\/v2\/users\/214"}],"replies":[{"embeddable":true,"href":"https:\/\/www.altercampagne.net\/index.php?rest_route=%2Fwp%2Fv2%2Fcomments&post=5745"}],"version-history":[{"count":0,"href":"https:\/\/www.altercampagne.net\/index.php?rest_route=\/wp\/v2\/posts\/5745\/revisions"}],"wp:featuredmedia":[{"embeddable":true,"href":"https:\/\/www.altercampagne.net\/index.php?rest_route=\/wp\/v2\/media\/15509"}],"wp:attachment":[{"href":"https:\/\/www.altercampagne.net\/index.php?rest_route=%2Fwp%2Fv2%2Fmedia&parent=5745"}],"wp:term":[{"taxonomy":"category","embeddable":true,"href":"https:\/\/www.altercampagne.net\/index.php?rest_route=%2Fwp%2Fv2%2Fcategories&post=5745"},{"taxonomy":"post_tag","embeddable":true,"href":"https:\/\/www.altercampagne.net\/index.php?rest_route=%2Fwp%2Fv2%2Ftags&post=5745"}],"curies":[{"name":"wp","href":"https:\/\/api.w.org\/{rel}","templated":true}]}}