{"id":575,"date":"2015-02-02T09:44:49","date_gmt":"2015-02-02T08:44:49","guid":{"rendered":"http:\/\/www.altercampagne.net\/?p=575"},"modified":"2015-03-19T15:34:46","modified_gmt":"2015-03-19T14:34:46","slug":"presentation-de-lalterdro","status":"publish","type":"post","link":"https:\/\/www.altercampagne.net\/?p=575","title":{"rendered":"Alter&rsquo;Dro &#8211; 2\u00e8me rencontre \u00e0 Surzur (56)"},"content":{"rendered":"<p><a href=\"http:\/\/www.altercampagne.net\/wp-content\/uploads\/2015\/03\/2015-03-19-AlterDroBretagne.jpg\"><img loading=\"lazy\" decoding=\"async\" class=\"aligncenter wp-image-888 size-full\" src=\"http:\/\/www.altercampagne.net\/wp-content\/uploads\/2015\/03\/2015-03-19-AlterDroBretagne.jpg\" alt=\"\" width=\"900\" height=\"310\" srcset=\"https:\/\/www.altercampagne.net\/wp-content\/uploads\/2015\/03\/2015-03-19-AlterDroBretagne.jpg 900w, https:\/\/www.altercampagne.net\/wp-content\/uploads\/2015\/03\/2015-03-19-AlterDroBretagne-300x103.jpg 300w\" sizes=\"auto, (max-width: 900px) 100vw, 900px\" \/><\/a><\/p>\n<p><a href=\"http:\/\/www.altercampagne.net\/?page_id=840\">&gt; Pr\u00e9sentation de l&rsquo;Alter&rsquo;Dro &lt;<\/a><\/p>\n<p class=\"Style271 Style138 Style152\">A la suite d&rsquo;un week-end v\u00e9lo entre amis de Lorient, et d&rsquo;autre rencontres avec des personnes de divers horizons (Quimper, Vannes, centre Bretagne&#8230;), un groupe multig\u00e9n\u00e9rationnel (de 11 pass\u00e9 \u00e0 65 pass\u00e9) s&rsquo;est form\u00e9 autour d&rsquo;un projet commun : L&rsquo;Alter&rsquo;Dro !<\/p>\n<p class=\"Style271 Style138 Style152\">Nous sommes aujourd&rsquo;hui \u00e0 la deuxi\u00e8me rencontre de pr\u00e9paration pour organiser 4 jours de v\u00e9lo et de visites alternatives au mois de mai prochain entre Lorient et Quimper avec un groupe de 20-25 personnes environ. Le cadre est maintenant fix\u00e9 et la liste des initiatives potentielles grandie \u00e0 vu d\u2019\u0153il !<\/p>\n<p class=\"Style271 Style138 Style152\">L&rsquo;un des autres objectifs de ce projet est de cr\u00e9er une dynamique de groupe, locale, et de rencontrer des alternatives durant les mois de pr\u00e9paration.<\/p>\n<p class=\"Style271 Style138 Style152\">Au programme de la premi\u00e8re rencontre \u00e0 Lorient, l&rsquo;<a href=\"http:\/\/www.ideesdetournees.org\/\" target=\"_blank\">association IDD<\/a>, des recycleurs d&rsquo;objets et d&rsquo;id\u00e9es.<\/p>\n<p class=\"Style271 Style138 Style152\">La deuxi\u00e8me rencontre a \u00e9t\u00e9 enrichie par la visite de la ferme de Jean-Paul, un \u00e9leveur bio de vaches laiti\u00e8res et de brebis, faisant parti des initiateurs de Biolait (Groupement d\u2019int\u00e9r\u00eat \u00e9conomique d&rsquo;achat et de redistribution de lait Bio).<\/p>\n<p class=\"Style271 Style138 Style152\">La suite des aventures aux prochains kms de pr\u00e9paration !<\/p>\n<p class=\"Style271 Style138 Style152\"><a href=\"http:\/\/www.altercampagne.net\/wp-content\/uploads\/2014\/11\/DSCN9753.jpg\"><img loading=\"lazy\" decoding=\"async\" class=\"alignnone size-medium wp-image-724\" src=\"http:\/\/www.altercampagne.net\/wp-content\/uploads\/2014\/11\/DSCN9753-300x225.jpg\" alt=\"alter'dro\" width=\"300\" height=\"225\" srcset=\"https:\/\/www.altercampagne.net\/wp-content\/uploads\/2014\/11\/DSCN9753-300x225.jpg 300w, https:\/\/www.altercampagne.net\/wp-content\/uploads\/2014\/11\/DSCN9753.jpg 800w\" sizes=\"auto, (max-width: 300px) 100vw, 300px\" \/><\/a> <a href=\"http:\/\/www.altercampagne.net\/wp-content\/uploads\/2014\/11\/DSCN9732.jpg\"><img loading=\"lazy\" decoding=\"async\" class=\"alignnone size-medium wp-image-723\" src=\"http:\/\/www.altercampagne.net\/wp-content\/uploads\/2014\/11\/DSCN9732-300x225.jpg\" alt=\"alter'dro\" width=\"300\" height=\"225\" srcset=\"https:\/\/www.altercampagne.net\/wp-content\/uploads\/2014\/11\/DSCN9732-300x225.jpg 300w, https:\/\/www.altercampagne.net\/wp-content\/uploads\/2014\/11\/DSCN9732.jpg 800w\" sizes=\"auto, (max-width: 300px) 100vw, 300px\" \/><\/a> <a href=\"http:\/\/www.altercampagne.net\/wp-content\/uploads\/2014\/11\/DSCN9589.jpg\"><img loading=\"lazy\" decoding=\"async\" class=\"alignnone size-medium wp-image-719\" src=\"http:\/\/www.altercampagne.net\/wp-content\/uploads\/2014\/11\/DSCN9589-300x225.jpg\" alt=\"alter'dro\" width=\"300\" height=\"225\" srcset=\"https:\/\/www.altercampagne.net\/wp-content\/uploads\/2014\/11\/DSCN9589-300x225.jpg 300w, https:\/\/www.altercampagne.net\/wp-content\/uploads\/2014\/11\/DSCN9589.jpg 800w\" sizes=\"auto, (max-width: 300px) 100vw, 300px\" \/><\/a> <a href=\"http:\/\/www.altercampagne.net\/wp-content\/uploads\/2014\/11\/DSCN9727.jpg\"><img loading=\"lazy\" decoding=\"async\" class=\"alignnone size-medium wp-image-722\" src=\"http:\/\/www.altercampagne.net\/wp-content\/uploads\/2014\/11\/DSCN9727-300x225.jpg\" alt=\"alter'dro\" width=\"300\" height=\"225\" srcset=\"https:\/\/www.altercampagne.net\/wp-content\/uploads\/2014\/11\/DSCN9727-300x225.jpg 300w, https:\/\/www.altercampagne.net\/wp-content\/uploads\/2014\/11\/DSCN9727.jpg 800w\" sizes=\"auto, (max-width: 300px) 100vw, 300px\" \/><\/a><\/p>\n","protected":false},"excerpt":{"rendered":"<p>&gt; Pr\u00e9sentation de l&rsquo;Alter&rsquo;Dro &lt; A la suite d&rsquo;un week-end v\u00e9lo entre amis de Lorient, et d&rsquo;autre rencontres avec des personnes de divers horizons (Quimper, Vannes, centre Bretagne&#8230;), un groupe multig\u00e9n\u00e9rationnel (de 11 pass\u00e9 \u00e0 65 pass\u00e9) s&rsquo;est form\u00e9 autour d&rsquo;un projet commun : L&rsquo;Alter&rsquo;Dro ! Nous sommes aujourd&rsquo;hui \u00e0 &#8230; <\/p>\n<div><a href=\"https:\/\/www.altercampagne.net\/?p=575\" class=\"more-link\">Read More<\/a><\/div>\n","protected":false},"author":214,"featured_media":0,"comment_status":"closed","ping_status":"closed","sticky":false,"template":"","format":"standard","meta":{"footnotes":""},"categories":[1],"tags":[18,19,20,21],"class_list":["post-575","post","type-post","status-publish","format-standard","hentry","category-non-classe","tag-alterdro","tag-association-idd","tag-bretagne","tag-biolait","no-post-thumbnail"],"yoast_head":"<!-- This site is optimized with the Yoast SEO plugin v27.3 - https:\/\/yoast.com\/product\/yoast-seo-wordpress\/ -->\n<title>Alter&#039;Dro - 2\u00e8me rencontre \u00e0 Surzur (56) - AlterTour<\/title>\n<meta name=\"robots\" content=\"index, follow, max-snippet:-1, max-image-preview:large, max-video-preview:-1\" \/>\n<link rel=\"canonical\" href=\"https:\/\/www.altercampagne.net\/?p=575\" \/>\n<meta property=\"og:locale\" content=\"fr_FR\" \/>\n<meta property=\"og:type\" content=\"article\" \/>\n<meta property=\"og:title\" content=\"Alter&#039;Dro - 2\u00e8me rencontre \u00e0 Surzur (56) - AlterTour\" \/>\n<meta property=\"og:description\" content=\"&gt; Pr\u00e9sentation de l&rsquo;Alter&rsquo;Dro &lt; A la suite d&rsquo;un week-end v\u00e9lo entre amis de Lorient, et d&rsquo;autre rencontres avec des personnes de divers horizons (Quimper, Vannes, centre Bretagne&#8230;), un groupe multig\u00e9n\u00e9rationnel (de 11 pass\u00e9 \u00e0 65 pass\u00e9) s&rsquo;est form\u00e9 autour d&rsquo;un projet commun : L&rsquo;Alter&rsquo;Dro ! Nous sommes aujourd&rsquo;hui \u00e0 ... Read More\" \/>\n<meta property=\"og:url\" content=\"https:\/\/www.altercampagne.net\/?p=575\" \/>\n<meta property=\"og:site_name\" content=\"AlterTour\" \/>\n<meta property=\"article:published_time\" content=\"2015-02-02T08:44:49+00:00\" \/>\n<meta property=\"article:modified_time\" content=\"2015-03-19T14:34:46+00:00\" \/>\n<meta property=\"og:image\" content=\"http:\/\/www.altercampagne.net\/wp-content\/uploads\/2015\/03\/2015-03-19-AlterDroBretagne.jpg\" \/>\n<meta name=\"author\" content=\"Mathieu\" \/>\n<meta name=\"twitter:card\" content=\"summary_large_image\" \/>\n<meta name=\"twitter:label1\" content=\"\u00c9crit par\" \/>\n\t<meta name=\"twitter:data1\" content=\"Mathieu\" \/>\n\t<meta name=\"twitter:label2\" content=\"Dur\u00e9e de lecture estim\u00e9e\" \/>\n\t<meta name=\"twitter:data2\" content=\"1 minute\" \/>\n<script type=\"application\/ld+json\" class=\"yoast-schema-graph\">{\"@context\":\"https:\\\/\\\/schema.org\",\"@graph\":[{\"@type\":\"Article\",\"@id\":\"https:\\\/\\\/www.altercampagne.net\\\/?p=575#article\",\"isPartOf\":{\"@id\":\"https:\\\/\\\/www.altercampagne.net\\\/?p=575\"},\"author\":{\"name\":\"Mathieu\",\"@id\":\"https:\\\/\\\/www.altercampagne.net\\\/#\\\/schema\\\/person\\\/0f261460c09e430caa0f9bcffa319109\"},\"headline\":\"Alter&rsquo;Dro &#8211; 2\u00e8me rencontre \u00e0 Surzur (56)\",\"datePublished\":\"2015-02-02T08:44:49+00:00\",\"dateModified\":\"2015-03-19T14:34:46+00:00\",\"mainEntityOfPage\":{\"@id\":\"https:\\\/\\\/www.altercampagne.net\\\/?p=575\"},\"wordCount\":213,\"image\":{\"@id\":\"https:\\\/\\\/www.altercampagne.net\\\/?p=575#primaryimage\"},\"thumbnailUrl\":\"http:\\\/\\\/www.altercampagne.net\\\/wp-content\\\/uploads\\\/2015\\\/03\\\/2015-03-19-AlterDroBretagne.jpg\",\"keywords\":[\"Alter'Dro\",\"association IDD\",\"bretagne\",\"Biolait\"],\"inLanguage\":\"fr-FR\"},{\"@type\":\"WebPage\",\"@id\":\"https:\\\/\\\/www.altercampagne.net\\\/?p=575\",\"url\":\"https:\\\/\\\/www.altercampagne.net\\\/?p=575\",\"name\":\"Alter'Dro - 2\u00e8me rencontre \u00e0 Surzur (56) - AlterTour\",\"isPartOf\":{\"@id\":\"https:\\\/\\\/www.altercampagne.net\\\/#website\"},\"primaryImageOfPage\":{\"@id\":\"https:\\\/\\\/www.altercampagne.net\\\/?p=575#primaryimage\"},\"image\":{\"@id\":\"https:\\\/\\\/www.altercampagne.net\\\/?p=575#primaryimage\"},\"thumbnailUrl\":\"http:\\\/\\\/www.altercampagne.net\\\/wp-content\\\/uploads\\\/2015\\\/03\\\/2015-03-19-AlterDroBretagne.jpg\",\"datePublished\":\"2015-02-02T08:44:49+00:00\",\"dateModified\":\"2015-03-19T14:34:46+00:00\",\"author\":{\"@id\":\"https:\\\/\\\/www.altercampagne.net\\\/#\\\/schema\\\/person\\\/0f261460c09e430caa0f9bcffa319109\"},\"breadcrumb\":{\"@id\":\"https:\\\/\\\/www.altercampagne.net\\\/?p=575#breadcrumb\"},\"inLanguage\":\"fr-FR\",\"potentialAction\":[{\"@type\":\"ReadAction\",\"target\":[\"https:\\\/\\\/www.altercampagne.net\\\/?p=575\"]}]},{\"@type\":\"ImageObject\",\"inLanguage\":\"fr-FR\",\"@id\":\"https:\\\/\\\/www.altercampagne.net\\\/?p=575#primaryimage\",\"url\":\"https:\\\/\\\/www.altercampagne.net\\\/wp-content\\\/uploads\\\/2015\\\/03\\\/2015-03-19-AlterDroBretagne.jpg\",\"contentUrl\":\"https:\\\/\\\/www.altercampagne.net\\\/wp-content\\\/uploads\\\/2015\\\/03\\\/2015-03-19-AlterDroBretagne.jpg\",\"width\":900,\"height\":310,\"caption\":\"Pr\u00e9sentation de l'Alter'Dro\"},{\"@type\":\"BreadcrumbList\",\"@id\":\"https:\\\/\\\/www.altercampagne.net\\\/?p=575#breadcrumb\",\"itemListElement\":[{\"@type\":\"ListItem\",\"position\":1,\"name\":\"Accueil\",\"item\":\"https:\\\/\\\/www.altercampagne.net\\\/\"},{\"@type\":\"ListItem\",\"position\":2,\"name\":\"Alter&rsquo;Dro &#8211; 2\u00e8me rencontre \u00e0 Surzur (56)\"}]},{\"@type\":\"WebSite\",\"@id\":\"https:\\\/\\\/www.altercampagne.net\\\/#website\",\"url\":\"https:\\\/\\\/www.altercampagne.net\\\/\",\"name\":\"AlterTour\",\"description\":\"Reliez les Alternatives \u00e0 v\u00e9lo\",\"potentialAction\":[{\"@type\":\"SearchAction\",\"target\":{\"@type\":\"EntryPoint\",\"urlTemplate\":\"https:\\\/\\\/www.altercampagne.net\\\/?s={search_term_string}\"},\"query-input\":{\"@type\":\"PropertyValueSpecification\",\"valueRequired\":true,\"valueName\":\"search_term_string\"}}],\"inLanguage\":\"fr-FR\"},{\"@type\":\"Person\",\"@id\":\"https:\\\/\\\/www.altercampagne.net\\\/#\\\/schema\\\/person\\\/0f261460c09e430caa0f9bcffa319109\",\"name\":\"Mathieu\",\"image\":{\"@type\":\"ImageObject\",\"inLanguage\":\"fr-FR\",\"@id\":\"https:\\\/\\\/secure.gravatar.com\\\/avatar\\\/aa9d3d24c83f2141e5e2709d0f63d09a99f6be6bb7a50abc4915838d9f54501a?s=96&d=mm&r=g\",\"url\":\"https:\\\/\\\/secure.gravatar.com\\\/avatar\\\/aa9d3d24c83f2141e5e2709d0f63d09a99f6be6bb7a50abc4915838d9f54501a?s=96&d=mm&r=g\",\"contentUrl\":\"https:\\\/\\\/secure.gravatar.com\\\/avatar\\\/aa9d3d24c83f2141e5e2709d0f63d09a99f6be6bb7a50abc4915838d9f54501a?s=96&d=mm&r=g\",\"caption\":\"Mathieu\"},\"url\":\"https:\\\/\\\/www.altercampagne.net\\\/?author=214\"}]}<\/script>\n<!-- \/ Yoast SEO plugin. -->","yoast_head_json":{"title":"Alter'Dro - 2\u00e8me rencontre \u00e0 Surzur (56) - AlterTour","robots":{"index":"index","follow":"follow","max-snippet":"max-snippet:-1","max-image-preview":"max-image-preview:large","max-video-preview":"max-video-preview:-1"},"canonical":"https:\/\/www.altercampagne.net\/?p=575","og_locale":"fr_FR","og_type":"article","og_title":"Alter'Dro - 2\u00e8me rencontre \u00e0 Surzur (56) - AlterTour","og_description":"&gt; Pr\u00e9sentation de l&rsquo;Alter&rsquo;Dro &lt; A la suite d&rsquo;un week-end v\u00e9lo entre amis de Lorient, et d&rsquo;autre rencontres avec des personnes de divers horizons (Quimper, Vannes, centre Bretagne&#8230;), un groupe multig\u00e9n\u00e9rationnel (de 11 pass\u00e9 \u00e0 65 pass\u00e9) s&rsquo;est form\u00e9 autour d&rsquo;un projet commun : L&rsquo;Alter&rsquo;Dro ! Nous sommes aujourd&rsquo;hui \u00e0 ... Read More","og_url":"https:\/\/www.altercampagne.net\/?p=575","og_site_name":"AlterTour","article_published_time":"2015-02-02T08:44:49+00:00","article_modified_time":"2015-03-19T14:34:46+00:00","og_image":[{"url":"http:\/\/www.altercampagne.net\/wp-content\/uploads\/2015\/03\/2015-03-19-AlterDroBretagne.jpg","type":"","width":"","height":""}],"author":"Mathieu","twitter_card":"summary_large_image","twitter_misc":{"\u00c9crit par":"Mathieu","Dur\u00e9e de lecture estim\u00e9e":"1 minute"},"schema":{"@context":"https:\/\/schema.org","@graph":[{"@type":"Article","@id":"https:\/\/www.altercampagne.net\/?p=575#article","isPartOf":{"@id":"https:\/\/www.altercampagne.net\/?p=575"},"author":{"name":"Mathieu","@id":"https:\/\/www.altercampagne.net\/#\/schema\/person\/0f261460c09e430caa0f9bcffa319109"},"headline":"Alter&rsquo;Dro &#8211; 2\u00e8me rencontre \u00e0 Surzur (56)","datePublished":"2015-02-02T08:44:49+00:00","dateModified":"2015-03-19T14:34:46+00:00","mainEntityOfPage":{"@id":"https:\/\/www.altercampagne.net\/?p=575"},"wordCount":213,"image":{"@id":"https:\/\/www.altercampagne.net\/?p=575#primaryimage"},"thumbnailUrl":"http:\/\/www.altercampagne.net\/wp-content\/uploads\/2015\/03\/2015-03-19-AlterDroBretagne.jpg","keywords":["Alter'Dro","association IDD","bretagne","Biolait"],"inLanguage":"fr-FR"},{"@type":"WebPage","@id":"https:\/\/www.altercampagne.net\/?p=575","url":"https:\/\/www.altercampagne.net\/?p=575","name":"Alter'Dro - 2\u00e8me rencontre \u00e0 Surzur (56) - AlterTour","isPartOf":{"@id":"https:\/\/www.altercampagne.net\/#website"},"primaryImageOfPage":{"@id":"https:\/\/www.altercampagne.net\/?p=575#primaryimage"},"image":{"@id":"https:\/\/www.altercampagne.net\/?p=575#primaryimage"},"thumbnailUrl":"http:\/\/www.altercampagne.net\/wp-content\/uploads\/2015\/03\/2015-03-19-AlterDroBretagne.jpg","datePublished":"2015-02-02T08:44:49+00:00","dateModified":"2015-03-19T14:34:46+00:00","author":{"@id":"https:\/\/www.altercampagne.net\/#\/schema\/person\/0f261460c09e430caa0f9bcffa319109"},"breadcrumb":{"@id":"https:\/\/www.altercampagne.net\/?p=575#breadcrumb"},"inLanguage":"fr-FR","potentialAction":[{"@type":"ReadAction","target":["https:\/\/www.altercampagne.net\/?p=575"]}]},{"@type":"ImageObject","inLanguage":"fr-FR","@id":"https:\/\/www.altercampagne.net\/?p=575#primaryimage","url":"https:\/\/www.altercampagne.net\/wp-content\/uploads\/2015\/03\/2015-03-19-AlterDroBretagne.jpg","contentUrl":"https:\/\/www.altercampagne.net\/wp-content\/uploads\/2015\/03\/2015-03-19-AlterDroBretagne.jpg","width":900,"height":310,"caption":"Pr\u00e9sentation de l'Alter'Dro"},{"@type":"BreadcrumbList","@id":"https:\/\/www.altercampagne.net\/?p=575#breadcrumb","itemListElement":[{"@type":"ListItem","position":1,"name":"Accueil","item":"https:\/\/www.altercampagne.net\/"},{"@type":"ListItem","position":2,"name":"Alter&rsquo;Dro &#8211; 2\u00e8me rencontre \u00e0 Surzur (56)"}]},{"@type":"WebSite","@id":"https:\/\/www.altercampagne.net\/#website","url":"https:\/\/www.altercampagne.net\/","name":"AlterTour","description":"Reliez les Alternatives \u00e0 v\u00e9lo","potentialAction":[{"@type":"SearchAction","target":{"@type":"EntryPoint","urlTemplate":"https:\/\/www.altercampagne.net\/?s={search_term_string}"},"query-input":{"@type":"PropertyValueSpecification","valueRequired":true,"valueName":"search_term_string"}}],"inLanguage":"fr-FR"},{"@type":"Person","@id":"https:\/\/www.altercampagne.net\/#\/schema\/person\/0f261460c09e430caa0f9bcffa319109","name":"Mathieu","image":{"@type":"ImageObject","inLanguage":"fr-FR","@id":"https:\/\/secure.gravatar.com\/avatar\/aa9d3d24c83f2141e5e2709d0f63d09a99f6be6bb7a50abc4915838d9f54501a?s=96&d=mm&r=g","url":"https:\/\/secure.gravatar.com\/avatar\/aa9d3d24c83f2141e5e2709d0f63d09a99f6be6bb7a50abc4915838d9f54501a?s=96&d=mm&r=g","contentUrl":"https:\/\/secure.gravatar.com\/avatar\/aa9d3d24c83f2141e5e2709d0f63d09a99f6be6bb7a50abc4915838d9f54501a?s=96&d=mm&r=g","caption":"Mathieu"},"url":"https:\/\/www.altercampagne.net\/?author=214"}]}},"_links":{"self":[{"href":"https:\/\/www.altercampagne.net\/index.php?rest_route=\/wp\/v2\/posts\/575","targetHints":{"allow":["GET"]}}],"collection":[{"href":"https:\/\/www.altercampagne.net\/index.php?rest_route=\/wp\/v2\/posts"}],"about":[{"href":"https:\/\/www.altercampagne.net\/index.php?rest_route=\/wp\/v2\/types\/post"}],"author":[{"embeddable":true,"href":"https:\/\/www.altercampagne.net\/index.php?rest_route=\/wp\/v2\/users\/214"}],"replies":[{"embeddable":true,"href":"https:\/\/www.altercampagne.net\/index.php?rest_route=%2Fwp%2Fv2%2Fcomments&post=575"}],"version-history":[{"count":0,"href":"https:\/\/www.altercampagne.net\/index.php?rest_route=\/wp\/v2\/posts\/575\/revisions"}],"wp:attachment":[{"href":"https:\/\/www.altercampagne.net\/index.php?rest_route=%2Fwp%2Fv2%2Fmedia&parent=575"}],"wp:term":[{"taxonomy":"category","embeddable":true,"href":"https:\/\/www.altercampagne.net\/index.php?rest_route=%2Fwp%2Fv2%2Fcategories&post=575"},{"taxonomy":"post_tag","embeddable":true,"href":"https:\/\/www.altercampagne.net\/index.php?rest_route=%2Fwp%2Fv2%2Ftags&post=575"}],"curies":[{"name":"wp","href":"https:\/\/api.w.org\/{rel}","templated":true}]}}