{"id":5752,"date":"2016-07-27T16:43:38","date_gmt":"2016-07-27T14:43:38","guid":{"rendered":"http:\/\/www.altercampagne.net\/?p=5752"},"modified":"2016-08-10T16:45:44","modified_gmt":"2016-08-10T14:45:44","slug":"alter-tour-escale-a-tremargat-aujourdhui","status":"publish","type":"post","link":"https:\/\/www.altercampagne.net\/?p=5752","title":{"rendered":"Alter Tour. Escale \u00e0 Tr\u00e9margat aujourd&rsquo;hui"},"content":{"rendered":"<p>Les 70 cyclistes de l&rsquo;Alter Tour 2016, dont le but est de relier les alternatives locales en Bretagne et Pays de la Loire, seront \u00e0 Tr\u00e9margat aujourd&rsquo;hui, \u00e0 partir de 17 h. L&rsquo;occasion de les rencontrer et de venir pique-niquer avec eux au th\u00e9\u00e2tre de verdure, sachant que la P\u00e9pie organisera en m\u00eame temps sur place un \u00ab chouette concert \u00bb. L&rsquo;Alter Tour (jusqu&rsquo;au 21 ao\u00fbt) est un tour \u00e0 v\u00e9lo en autogestion, pour montrer que d&rsquo;autres modes de vie et de relations sont possibles, plus solidaires, \u00e9cologiquement et socialement durables. Une invitation \u00e0 vivre le monde autrement et \u00e9changer autour de la th\u00e9matique \u00ab Bien vivre, bien(s) commun(s) \u00bb. Principalement organis\u00e9 par des b\u00e9n\u00e9voles, l&rsquo;Alter Tour est ouvert aux personnes et familles qui aiment le v\u00e9lo, sans exigence de performance.<\/p>\n<p>Source : <a href=\"http:\/\/www.letelegramme.fr\/cotes-darmor\/tremargat\/alter-tour-escale-a-tremargat-aujourd-hui-27-07-2016-11162116.php\" target=\"_blank\">Le T\u00e9l\u00e9gramme<\/a><\/p>\n","protected":false},"excerpt":{"rendered":"<p>Les 70 cyclistes de l&rsquo;Alter Tour 2016, dont le but est de relier les alternatives locales en Bretagne et Pays de la Loire, seront \u00e0 Tr\u00e9margat aujourd&rsquo;hui, \u00e0 partir de 17 h. L&rsquo;occasion de les rencontrer et de venir pique-niquer avec eux au th\u00e9\u00e2tre de verdure, sachant que la P\u00e9pie &#8230; <\/p>\n<div><a href=\"https:\/\/www.altercampagne.net\/?p=5752\" class=\"more-link\">Read More<\/a><\/div>\n","protected":false},"author":214,"featured_media":0,"comment_status":"closed","ping_status":"closed","sticky":false,"template":"","format":"standard","meta":{"footnotes":""},"categories":[239],"tags":[20,383,396,1652,1669,2578],"class_list":["post-5752","post","type-post","status-publish","format-standard","hentry","category-revue-de-presse","tag-bretagne","tag-altertour-2016","tag-tremargat","tag-1652","tag-cotes-darmor","tag-le-telegramme","no-post-thumbnail"],"yoast_head":"<!-- This site is optimized with the Yoast SEO plugin v27.3 - https:\/\/yoast.com\/product\/yoast-seo-wordpress\/ -->\n<title>Alter Tour. Escale \u00e0 Tr\u00e9margat aujourd&#039;hui - AlterTour<\/title>\n<meta name=\"robots\" content=\"index, follow, max-snippet:-1, max-image-preview:large, max-video-preview:-1\" \/>\n<link rel=\"canonical\" href=\"https:\/\/www.altercampagne.net\/?p=5752\" \/>\n<meta property=\"og:locale\" content=\"fr_FR\" \/>\n<meta property=\"og:type\" content=\"article\" \/>\n<meta property=\"og:title\" content=\"Alter Tour. Escale \u00e0 Tr\u00e9margat aujourd&#039;hui - AlterTour\" \/>\n<meta property=\"og:description\" content=\"Les 70 cyclistes de l&rsquo;Alter Tour 2016, dont le but est de relier les alternatives locales en Bretagne et Pays de la Loire, seront \u00e0 Tr\u00e9margat aujourd&rsquo;hui, \u00e0 partir de 17 h. L&rsquo;occasion de les rencontrer et de venir pique-niquer avec eux au th\u00e9\u00e2tre de verdure, sachant que la P\u00e9pie ... Read More\" \/>\n<meta property=\"og:url\" content=\"https:\/\/www.altercampagne.net\/?p=5752\" \/>\n<meta property=\"og:site_name\" content=\"AlterTour\" \/>\n<meta property=\"article:published_time\" content=\"2016-07-27T14:43:38+00:00\" \/>\n<meta property=\"article:modified_time\" content=\"2016-08-10T14:45:44+00:00\" \/>\n<meta name=\"author\" content=\"Mathieu\" \/>\n<meta name=\"twitter:card\" content=\"summary_large_image\" \/>\n<meta name=\"twitter:label1\" content=\"\u00c9crit par\" \/>\n\t<meta name=\"twitter:data1\" content=\"Mathieu\" \/>\n\t<meta name=\"twitter:label2\" content=\"Dur\u00e9e de lecture estim\u00e9e\" \/>\n\t<meta name=\"twitter:data2\" content=\"1 minute\" \/>\n<script type=\"application\/ld+json\" class=\"yoast-schema-graph\">{\"@context\":\"https:\\\/\\\/schema.org\",\"@graph\":[{\"@type\":\"Article\",\"@id\":\"https:\\\/\\\/www.altercampagne.net\\\/?p=5752#article\",\"isPartOf\":{\"@id\":\"https:\\\/\\\/www.altercampagne.net\\\/?p=5752\"},\"author\":{\"name\":\"Mathieu\",\"@id\":\"https:\\\/\\\/www.altercampagne.net\\\/#\\\/schema\\\/person\\\/0f261460c09e430caa0f9bcffa319109\"},\"headline\":\"Alter Tour. Escale \u00e0 Tr\u00e9margat aujourd&rsquo;hui\",\"datePublished\":\"2016-07-27T14:43:38+00:00\",\"dateModified\":\"2016-08-10T14:45:44+00:00\",\"mainEntityOfPage\":{\"@id\":\"https:\\\/\\\/www.altercampagne.net\\\/?p=5752\"},\"wordCount\":150,\"keywords\":[\"bretagne\",\"AlterTour 2016\",\"tr\u00e9margat\",\"2016\",\"C\u00f4tes-d'Armor\",\"Le t\u00e9l\u00e9gramme\"],\"articleSection\":[\"Revue de presse\"],\"inLanguage\":\"fr-FR\"},{\"@type\":\"WebPage\",\"@id\":\"https:\\\/\\\/www.altercampagne.net\\\/?p=5752\",\"url\":\"https:\\\/\\\/www.altercampagne.net\\\/?p=5752\",\"name\":\"Alter Tour. Escale \u00e0 Tr\u00e9margat aujourd'hui - AlterTour\",\"isPartOf\":{\"@id\":\"https:\\\/\\\/www.altercampagne.net\\\/#website\"},\"datePublished\":\"2016-07-27T14:43:38+00:00\",\"dateModified\":\"2016-08-10T14:45:44+00:00\",\"author\":{\"@id\":\"https:\\\/\\\/www.altercampagne.net\\\/#\\\/schema\\\/person\\\/0f261460c09e430caa0f9bcffa319109\"},\"breadcrumb\":{\"@id\":\"https:\\\/\\\/www.altercampagne.net\\\/?p=5752#breadcrumb\"},\"inLanguage\":\"fr-FR\",\"potentialAction\":[{\"@type\":\"ReadAction\",\"target\":[\"https:\\\/\\\/www.altercampagne.net\\\/?p=5752\"]}]},{\"@type\":\"BreadcrumbList\",\"@id\":\"https:\\\/\\\/www.altercampagne.net\\\/?p=5752#breadcrumb\",\"itemListElement\":[{\"@type\":\"ListItem\",\"position\":1,\"name\":\"Accueil\",\"item\":\"https:\\\/\\\/www.altercampagne.net\\\/\"},{\"@type\":\"ListItem\",\"position\":2,\"name\":\"Alter Tour. Escale \u00e0 Tr\u00e9margat aujourd&rsquo;hui\"}]},{\"@type\":\"WebSite\",\"@id\":\"https:\\\/\\\/www.altercampagne.net\\\/#website\",\"url\":\"https:\\\/\\\/www.altercampagne.net\\\/\",\"name\":\"AlterTour\",\"description\":\"Reliez les Alternatives \u00e0 v\u00e9lo\",\"potentialAction\":[{\"@type\":\"SearchAction\",\"target\":{\"@type\":\"EntryPoint\",\"urlTemplate\":\"https:\\\/\\\/www.altercampagne.net\\\/?s={search_term_string}\"},\"query-input\":{\"@type\":\"PropertyValueSpecification\",\"valueRequired\":true,\"valueName\":\"search_term_string\"}}],\"inLanguage\":\"fr-FR\"},{\"@type\":\"Person\",\"@id\":\"https:\\\/\\\/www.altercampagne.net\\\/#\\\/schema\\\/person\\\/0f261460c09e430caa0f9bcffa319109\",\"name\":\"Mathieu\",\"image\":{\"@type\":\"ImageObject\",\"inLanguage\":\"fr-FR\",\"@id\":\"https:\\\/\\\/secure.gravatar.com\\\/avatar\\\/aa9d3d24c83f2141e5e2709d0f63d09a99f6be6bb7a50abc4915838d9f54501a?s=96&d=mm&r=g\",\"url\":\"https:\\\/\\\/secure.gravatar.com\\\/avatar\\\/aa9d3d24c83f2141e5e2709d0f63d09a99f6be6bb7a50abc4915838d9f54501a?s=96&d=mm&r=g\",\"contentUrl\":\"https:\\\/\\\/secure.gravatar.com\\\/avatar\\\/aa9d3d24c83f2141e5e2709d0f63d09a99f6be6bb7a50abc4915838d9f54501a?s=96&d=mm&r=g\",\"caption\":\"Mathieu\"},\"url\":\"https:\\\/\\\/www.altercampagne.net\\\/?author=214\"}]}<\/script>\n<!-- \/ Yoast SEO plugin. -->","yoast_head_json":{"title":"Alter Tour. Escale \u00e0 Tr\u00e9margat aujourd'hui - AlterTour","robots":{"index":"index","follow":"follow","max-snippet":"max-snippet:-1","max-image-preview":"max-image-preview:large","max-video-preview":"max-video-preview:-1"},"canonical":"https:\/\/www.altercampagne.net\/?p=5752","og_locale":"fr_FR","og_type":"article","og_title":"Alter Tour. Escale \u00e0 Tr\u00e9margat aujourd'hui - AlterTour","og_description":"Les 70 cyclistes de l&rsquo;Alter Tour 2016, dont le but est de relier les alternatives locales en Bretagne et Pays de la Loire, seront \u00e0 Tr\u00e9margat aujourd&rsquo;hui, \u00e0 partir de 17 h. L&rsquo;occasion de les rencontrer et de venir pique-niquer avec eux au th\u00e9\u00e2tre de verdure, sachant que la P\u00e9pie ... Read More","og_url":"https:\/\/www.altercampagne.net\/?p=5752","og_site_name":"AlterTour","article_published_time":"2016-07-27T14:43:38+00:00","article_modified_time":"2016-08-10T14:45:44+00:00","author":"Mathieu","twitter_card":"summary_large_image","twitter_misc":{"\u00c9crit par":"Mathieu","Dur\u00e9e de lecture estim\u00e9e":"1 minute"},"schema":{"@context":"https:\/\/schema.org","@graph":[{"@type":"Article","@id":"https:\/\/www.altercampagne.net\/?p=5752#article","isPartOf":{"@id":"https:\/\/www.altercampagne.net\/?p=5752"},"author":{"name":"Mathieu","@id":"https:\/\/www.altercampagne.net\/#\/schema\/person\/0f261460c09e430caa0f9bcffa319109"},"headline":"Alter Tour. Escale \u00e0 Tr\u00e9margat aujourd&rsquo;hui","datePublished":"2016-07-27T14:43:38+00:00","dateModified":"2016-08-10T14:45:44+00:00","mainEntityOfPage":{"@id":"https:\/\/www.altercampagne.net\/?p=5752"},"wordCount":150,"keywords":["bretagne","AlterTour 2016","tr\u00e9margat","2016","C\u00f4tes-d'Armor","Le t\u00e9l\u00e9gramme"],"articleSection":["Revue de presse"],"inLanguage":"fr-FR"},{"@type":"WebPage","@id":"https:\/\/www.altercampagne.net\/?p=5752","url":"https:\/\/www.altercampagne.net\/?p=5752","name":"Alter Tour. Escale \u00e0 Tr\u00e9margat aujourd'hui - AlterTour","isPartOf":{"@id":"https:\/\/www.altercampagne.net\/#website"},"datePublished":"2016-07-27T14:43:38+00:00","dateModified":"2016-08-10T14:45:44+00:00","author":{"@id":"https:\/\/www.altercampagne.net\/#\/schema\/person\/0f261460c09e430caa0f9bcffa319109"},"breadcrumb":{"@id":"https:\/\/www.altercampagne.net\/?p=5752#breadcrumb"},"inLanguage":"fr-FR","potentialAction":[{"@type":"ReadAction","target":["https:\/\/www.altercampagne.net\/?p=5752"]}]},{"@type":"BreadcrumbList","@id":"https:\/\/www.altercampagne.net\/?p=5752#breadcrumb","itemListElement":[{"@type":"ListItem","position":1,"name":"Accueil","item":"https:\/\/www.altercampagne.net\/"},{"@type":"ListItem","position":2,"name":"Alter Tour. Escale \u00e0 Tr\u00e9margat aujourd&rsquo;hui"}]},{"@type":"WebSite","@id":"https:\/\/www.altercampagne.net\/#website","url":"https:\/\/www.altercampagne.net\/","name":"AlterTour","description":"Reliez les Alternatives \u00e0 v\u00e9lo","potentialAction":[{"@type":"SearchAction","target":{"@type":"EntryPoint","urlTemplate":"https:\/\/www.altercampagne.net\/?s={search_term_string}"},"query-input":{"@type":"PropertyValueSpecification","valueRequired":true,"valueName":"search_term_string"}}],"inLanguage":"fr-FR"},{"@type":"Person","@id":"https:\/\/www.altercampagne.net\/#\/schema\/person\/0f261460c09e430caa0f9bcffa319109","name":"Mathieu","image":{"@type":"ImageObject","inLanguage":"fr-FR","@id":"https:\/\/secure.gravatar.com\/avatar\/aa9d3d24c83f2141e5e2709d0f63d09a99f6be6bb7a50abc4915838d9f54501a?s=96&d=mm&r=g","url":"https:\/\/secure.gravatar.com\/avatar\/aa9d3d24c83f2141e5e2709d0f63d09a99f6be6bb7a50abc4915838d9f54501a?s=96&d=mm&r=g","contentUrl":"https:\/\/secure.gravatar.com\/avatar\/aa9d3d24c83f2141e5e2709d0f63d09a99f6be6bb7a50abc4915838d9f54501a?s=96&d=mm&r=g","caption":"Mathieu"},"url":"https:\/\/www.altercampagne.net\/?author=214"}]}},"_links":{"self":[{"href":"https:\/\/www.altercampagne.net\/index.php?rest_route=\/wp\/v2\/posts\/5752","targetHints":{"allow":["GET"]}}],"collection":[{"href":"https:\/\/www.altercampagne.net\/index.php?rest_route=\/wp\/v2\/posts"}],"about":[{"href":"https:\/\/www.altercampagne.net\/index.php?rest_route=\/wp\/v2\/types\/post"}],"author":[{"embeddable":true,"href":"https:\/\/www.altercampagne.net\/index.php?rest_route=\/wp\/v2\/users\/214"}],"replies":[{"embeddable":true,"href":"https:\/\/www.altercampagne.net\/index.php?rest_route=%2Fwp%2Fv2%2Fcomments&post=5752"}],"version-history":[{"count":0,"href":"https:\/\/www.altercampagne.net\/index.php?rest_route=\/wp\/v2\/posts\/5752\/revisions"}],"wp:attachment":[{"href":"https:\/\/www.altercampagne.net\/index.php?rest_route=%2Fwp%2Fv2%2Fmedia&parent=5752"}],"wp:term":[{"taxonomy":"category","embeddable":true,"href":"https:\/\/www.altercampagne.net\/index.php?rest_route=%2Fwp%2Fv2%2Fcategories&post=5752"},{"taxonomy":"post_tag","embeddable":true,"href":"https:\/\/www.altercampagne.net\/index.php?rest_route=%2Fwp%2Fv2%2Ftags&post=5752"}],"curies":[{"name":"wp","href":"https:\/\/api.w.org\/{rel}","templated":true}]}}