{"id":5754,"date":"2016-08-06T16:53:32","date_gmt":"2016-08-06T14:53:32","guid":{"rendered":"http:\/\/www.altercampagne.net\/?p=5754"},"modified":"2017-02-09T12:49:40","modified_gmt":"2017-02-09T11:49:40","slug":"alter-tour-fait-une-etape-rue-saint-malo","status":"publish","type":"post","link":"https:\/\/www.altercampagne.net\/?p=5754","title":{"rendered":"Alter Tour fait une \u00e9tape rue Saint-Malo"},"content":{"rendered":"<p>Ils \u00e9taient une cinquantaine, jeudi, \u00e0 arriver rue Saint-Malo. Les cyclistes d&rsquo;Alter Tour ont \u00e9t\u00e9 accueillis vers 15 h 30 par l&rsquo;association Vivre la rue, le temps d&rsquo;une pause-caf\u00e9 dans leur local, puis d&rsquo;une visite guid\u00e9e \u00e0 travers les b\u00e2timents en ruines r\u00e9habilit\u00e9s par les membres de l&rsquo;association. Herv\u00e9, tr\u00e9sorier de l&rsquo;association, a racont\u00e9 l&rsquo;histoire de la rue et expliqu\u00e9 les diff\u00e9rentes actions et \u00e9v\u00e9nements alternatifs organis\u00e9s par Vivre la rue.<\/p>\n<p>N\u00e9 d&rsquo;un groupe d&rsquo;amis passionn\u00e9s de cyclisme, Alter Tour est un projet alternatif au Tour de France. Puis, peu \u00e0 peu, le v\u00e9lo laisse la place au dialogue. \u00c0 chaque \u00e9tape, les cyclistes peuvent d\u00e9couvrir une nouvelle mani\u00e8re d&rsquo;appr\u00e9hender l&rsquo;environnement. \u00ab Tu viens quand tu veux et tu repars quand tu veux ! \u00bb explique l&rsquo;une des participantes qui venait d&rsquo;int\u00e9grer le groupe pour la prochaine \u00e9tape.<\/p>\n<p>Source : <a href=\"http:\/\/www.ouest-france.fr\/bretagne\/brest-29200\/alter-tour-fait-une-etape-rue-saint-malo-4407886\" target=\"_blank\">Ouest France<\/a><\/p>\n","protected":false},"excerpt":{"rendered":"<p>Ils \u00e9taient une cinquantaine, jeudi, \u00e0 arriver rue Saint-Malo. Les cyclistes d&rsquo;Alter Tour ont \u00e9t\u00e9 accueillis vers 15 h 30 par l&rsquo;association Vivre la rue, le temps d&rsquo;une pause-caf\u00e9 dans leur local, puis d&rsquo;une visite guid\u00e9e \u00e0 travers les b\u00e2timents en ruines r\u00e9habilit\u00e9s par les membres de l&rsquo;association. Herv\u00e9, tr\u00e9sorier &#8230; <\/p>\n<div><a href=\"https:\/\/www.altercampagne.net\/?p=5754\" class=\"more-link\">Read More<\/a><\/div>\n","protected":false},"author":214,"featured_media":0,"comment_status":"closed","ping_status":"closed","sticky":false,"template":"","format":"standard","meta":{"footnotes":""},"categories":[239],"tags":[20,383,410,471,505,1652,2193,2430,2629,2846,2849,2850,2851],"class_list":["post-5754","post","type-post","status-publish","format-standard","hentry","category-revue-de-presse","tag-bretagne","tag-altertour-2016","tag-finistere","tag-ouest-france","tag-vivre-la-rue","tag-1652","tag-saint-malo","tag-brest","tag-rue-saint-malo","tag-accueillant","tag-accueillant2016","tag-accueillant-2016","tag-altertour2016","no-post-thumbnail"],"yoast_head":"<!-- This site is optimized with the Yoast SEO plugin v27.3 - https:\/\/yoast.com\/product\/yoast-seo-wordpress\/ -->\n<title>Alter Tour fait une \u00e9tape rue Saint-Malo - AlterTour<\/title>\n<meta name=\"robots\" content=\"index, follow, max-snippet:-1, max-image-preview:large, max-video-preview:-1\" \/>\n<link rel=\"canonical\" href=\"https:\/\/www.altercampagne.net\/?p=5754\" \/>\n<meta property=\"og:locale\" content=\"fr_FR\" \/>\n<meta property=\"og:type\" content=\"article\" \/>\n<meta property=\"og:title\" content=\"Alter Tour fait une \u00e9tape rue Saint-Malo - AlterTour\" \/>\n<meta property=\"og:description\" content=\"Ils \u00e9taient une cinquantaine, jeudi, \u00e0 arriver rue Saint-Malo. Les cyclistes d&rsquo;Alter Tour ont \u00e9t\u00e9 accueillis vers 15 h 30 par l&rsquo;association Vivre la rue, le temps d&rsquo;une pause-caf\u00e9 dans leur local, puis d&rsquo;une visite guid\u00e9e \u00e0 travers les b\u00e2timents en ruines r\u00e9habilit\u00e9s par les membres de l&rsquo;association. Herv\u00e9, tr\u00e9sorier ... Read More\" \/>\n<meta property=\"og:url\" content=\"https:\/\/www.altercampagne.net\/?p=5754\" \/>\n<meta property=\"og:site_name\" content=\"AlterTour\" \/>\n<meta property=\"article:published_time\" content=\"2016-08-06T14:53:32+00:00\" \/>\n<meta property=\"article:modified_time\" content=\"2017-02-09T11:49:40+00:00\" \/>\n<meta name=\"author\" content=\"Mathieu\" \/>\n<meta name=\"twitter:card\" content=\"summary_large_image\" \/>\n<meta name=\"twitter:label1\" content=\"\u00c9crit par\" \/>\n\t<meta name=\"twitter:data1\" content=\"Mathieu\" \/>\n\t<meta name=\"twitter:label2\" content=\"Dur\u00e9e de lecture estim\u00e9e\" \/>\n\t<meta name=\"twitter:data2\" content=\"1 minute\" \/>\n<script type=\"application\/ld+json\" class=\"yoast-schema-graph\">{\"@context\":\"https:\\\/\\\/schema.org\",\"@graph\":[{\"@type\":\"Article\",\"@id\":\"https:\\\/\\\/www.altercampagne.net\\\/?p=5754#article\",\"isPartOf\":{\"@id\":\"https:\\\/\\\/www.altercampagne.net\\\/?p=5754\"},\"author\":{\"name\":\"Mathieu\",\"@id\":\"https:\\\/\\\/www.altercampagne.net\\\/#\\\/schema\\\/person\\\/0f261460c09e430caa0f9bcffa319109\"},\"headline\":\"Alter Tour fait une \u00e9tape rue Saint-Malo\",\"datePublished\":\"2016-08-06T14:53:32+00:00\",\"dateModified\":\"2017-02-09T11:49:40+00:00\",\"mainEntityOfPage\":{\"@id\":\"https:\\\/\\\/www.altercampagne.net\\\/?p=5754\"},\"wordCount\":166,\"keywords\":[\"bretagne\",\"AlterTour 2016\",\"finist\u00e8re\",\"ouest france\",\"vivre la rue\",\"2016\",\"Saint Malo\",\"Brest\",\"rue Saint-Malo\",\"accueillant\",\"accueillant2016\",\"accueillant 2016\",\"AlterTour2016\"],\"articleSection\":[\"Revue de presse\"],\"inLanguage\":\"fr-FR\"},{\"@type\":\"WebPage\",\"@id\":\"https:\\\/\\\/www.altercampagne.net\\\/?p=5754\",\"url\":\"https:\\\/\\\/www.altercampagne.net\\\/?p=5754\",\"name\":\"Alter Tour fait une \u00e9tape rue Saint-Malo - AlterTour\",\"isPartOf\":{\"@id\":\"https:\\\/\\\/www.altercampagne.net\\\/#website\"},\"datePublished\":\"2016-08-06T14:53:32+00:00\",\"dateModified\":\"2017-02-09T11:49:40+00:00\",\"author\":{\"@id\":\"https:\\\/\\\/www.altercampagne.net\\\/#\\\/schema\\\/person\\\/0f261460c09e430caa0f9bcffa319109\"},\"breadcrumb\":{\"@id\":\"https:\\\/\\\/www.altercampagne.net\\\/?p=5754#breadcrumb\"},\"inLanguage\":\"fr-FR\",\"potentialAction\":[{\"@type\":\"ReadAction\",\"target\":[\"https:\\\/\\\/www.altercampagne.net\\\/?p=5754\"]}]},{\"@type\":\"BreadcrumbList\",\"@id\":\"https:\\\/\\\/www.altercampagne.net\\\/?p=5754#breadcrumb\",\"itemListElement\":[{\"@type\":\"ListItem\",\"position\":1,\"name\":\"Accueil\",\"item\":\"https:\\\/\\\/www.altercampagne.net\\\/\"},{\"@type\":\"ListItem\",\"position\":2,\"name\":\"Alter Tour fait une \u00e9tape rue Saint-Malo\"}]},{\"@type\":\"WebSite\",\"@id\":\"https:\\\/\\\/www.altercampagne.net\\\/#website\",\"url\":\"https:\\\/\\\/www.altercampagne.net\\\/\",\"name\":\"AlterTour\",\"description\":\"Reliez les Alternatives \u00e0 v\u00e9lo\",\"potentialAction\":[{\"@type\":\"SearchAction\",\"target\":{\"@type\":\"EntryPoint\",\"urlTemplate\":\"https:\\\/\\\/www.altercampagne.net\\\/?s={search_term_string}\"},\"query-input\":{\"@type\":\"PropertyValueSpecification\",\"valueRequired\":true,\"valueName\":\"search_term_string\"}}],\"inLanguage\":\"fr-FR\"},{\"@type\":\"Person\",\"@id\":\"https:\\\/\\\/www.altercampagne.net\\\/#\\\/schema\\\/person\\\/0f261460c09e430caa0f9bcffa319109\",\"name\":\"Mathieu\",\"image\":{\"@type\":\"ImageObject\",\"inLanguage\":\"fr-FR\",\"@id\":\"https:\\\/\\\/secure.gravatar.com\\\/avatar\\\/aa9d3d24c83f2141e5e2709d0f63d09a99f6be6bb7a50abc4915838d9f54501a?s=96&d=mm&r=g\",\"url\":\"https:\\\/\\\/secure.gravatar.com\\\/avatar\\\/aa9d3d24c83f2141e5e2709d0f63d09a99f6be6bb7a50abc4915838d9f54501a?s=96&d=mm&r=g\",\"contentUrl\":\"https:\\\/\\\/secure.gravatar.com\\\/avatar\\\/aa9d3d24c83f2141e5e2709d0f63d09a99f6be6bb7a50abc4915838d9f54501a?s=96&d=mm&r=g\",\"caption\":\"Mathieu\"},\"url\":\"https:\\\/\\\/www.altercampagne.net\\\/?author=214\"}]}<\/script>\n<!-- \/ Yoast SEO plugin. -->","yoast_head_json":{"title":"Alter Tour fait une \u00e9tape rue Saint-Malo - AlterTour","robots":{"index":"index","follow":"follow","max-snippet":"max-snippet:-1","max-image-preview":"max-image-preview:large","max-video-preview":"max-video-preview:-1"},"canonical":"https:\/\/www.altercampagne.net\/?p=5754","og_locale":"fr_FR","og_type":"article","og_title":"Alter Tour fait une \u00e9tape rue Saint-Malo - AlterTour","og_description":"Ils \u00e9taient une cinquantaine, jeudi, \u00e0 arriver rue Saint-Malo. Les cyclistes d&rsquo;Alter Tour ont \u00e9t\u00e9 accueillis vers 15 h 30 par l&rsquo;association Vivre la rue, le temps d&rsquo;une pause-caf\u00e9 dans leur local, puis d&rsquo;une visite guid\u00e9e \u00e0 travers les b\u00e2timents en ruines r\u00e9habilit\u00e9s par les membres de l&rsquo;association. Herv\u00e9, tr\u00e9sorier ... Read More","og_url":"https:\/\/www.altercampagne.net\/?p=5754","og_site_name":"AlterTour","article_published_time":"2016-08-06T14:53:32+00:00","article_modified_time":"2017-02-09T11:49:40+00:00","author":"Mathieu","twitter_card":"summary_large_image","twitter_misc":{"\u00c9crit par":"Mathieu","Dur\u00e9e de lecture estim\u00e9e":"1 minute"},"schema":{"@context":"https:\/\/schema.org","@graph":[{"@type":"Article","@id":"https:\/\/www.altercampagne.net\/?p=5754#article","isPartOf":{"@id":"https:\/\/www.altercampagne.net\/?p=5754"},"author":{"name":"Mathieu","@id":"https:\/\/www.altercampagne.net\/#\/schema\/person\/0f261460c09e430caa0f9bcffa319109"},"headline":"Alter Tour fait une \u00e9tape rue Saint-Malo","datePublished":"2016-08-06T14:53:32+00:00","dateModified":"2017-02-09T11:49:40+00:00","mainEntityOfPage":{"@id":"https:\/\/www.altercampagne.net\/?p=5754"},"wordCount":166,"keywords":["bretagne","AlterTour 2016","finist\u00e8re","ouest france","vivre la rue","2016","Saint Malo","Brest","rue Saint-Malo","accueillant","accueillant2016","accueillant 2016","AlterTour2016"],"articleSection":["Revue de presse"],"inLanguage":"fr-FR"},{"@type":"WebPage","@id":"https:\/\/www.altercampagne.net\/?p=5754","url":"https:\/\/www.altercampagne.net\/?p=5754","name":"Alter Tour fait une \u00e9tape rue Saint-Malo - AlterTour","isPartOf":{"@id":"https:\/\/www.altercampagne.net\/#website"},"datePublished":"2016-08-06T14:53:32+00:00","dateModified":"2017-02-09T11:49:40+00:00","author":{"@id":"https:\/\/www.altercampagne.net\/#\/schema\/person\/0f261460c09e430caa0f9bcffa319109"},"breadcrumb":{"@id":"https:\/\/www.altercampagne.net\/?p=5754#breadcrumb"},"inLanguage":"fr-FR","potentialAction":[{"@type":"ReadAction","target":["https:\/\/www.altercampagne.net\/?p=5754"]}]},{"@type":"BreadcrumbList","@id":"https:\/\/www.altercampagne.net\/?p=5754#breadcrumb","itemListElement":[{"@type":"ListItem","position":1,"name":"Accueil","item":"https:\/\/www.altercampagne.net\/"},{"@type":"ListItem","position":2,"name":"Alter Tour fait une \u00e9tape rue Saint-Malo"}]},{"@type":"WebSite","@id":"https:\/\/www.altercampagne.net\/#website","url":"https:\/\/www.altercampagne.net\/","name":"AlterTour","description":"Reliez les Alternatives \u00e0 v\u00e9lo","potentialAction":[{"@type":"SearchAction","target":{"@type":"EntryPoint","urlTemplate":"https:\/\/www.altercampagne.net\/?s={search_term_string}"},"query-input":{"@type":"PropertyValueSpecification","valueRequired":true,"valueName":"search_term_string"}}],"inLanguage":"fr-FR"},{"@type":"Person","@id":"https:\/\/www.altercampagne.net\/#\/schema\/person\/0f261460c09e430caa0f9bcffa319109","name":"Mathieu","image":{"@type":"ImageObject","inLanguage":"fr-FR","@id":"https:\/\/secure.gravatar.com\/avatar\/aa9d3d24c83f2141e5e2709d0f63d09a99f6be6bb7a50abc4915838d9f54501a?s=96&d=mm&r=g","url":"https:\/\/secure.gravatar.com\/avatar\/aa9d3d24c83f2141e5e2709d0f63d09a99f6be6bb7a50abc4915838d9f54501a?s=96&d=mm&r=g","contentUrl":"https:\/\/secure.gravatar.com\/avatar\/aa9d3d24c83f2141e5e2709d0f63d09a99f6be6bb7a50abc4915838d9f54501a?s=96&d=mm&r=g","caption":"Mathieu"},"url":"https:\/\/www.altercampagne.net\/?author=214"}]}},"_links":{"self":[{"href":"https:\/\/www.altercampagne.net\/index.php?rest_route=\/wp\/v2\/posts\/5754","targetHints":{"allow":["GET"]}}],"collection":[{"href":"https:\/\/www.altercampagne.net\/index.php?rest_route=\/wp\/v2\/posts"}],"about":[{"href":"https:\/\/www.altercampagne.net\/index.php?rest_route=\/wp\/v2\/types\/post"}],"author":[{"embeddable":true,"href":"https:\/\/www.altercampagne.net\/index.php?rest_route=\/wp\/v2\/users\/214"}],"replies":[{"embeddable":true,"href":"https:\/\/www.altercampagne.net\/index.php?rest_route=%2Fwp%2Fv2%2Fcomments&post=5754"}],"version-history":[{"count":0,"href":"https:\/\/www.altercampagne.net\/index.php?rest_route=\/wp\/v2\/posts\/5754\/revisions"}],"wp:attachment":[{"href":"https:\/\/www.altercampagne.net\/index.php?rest_route=%2Fwp%2Fv2%2Fmedia&parent=5754"}],"wp:term":[{"taxonomy":"category","embeddable":true,"href":"https:\/\/www.altercampagne.net\/index.php?rest_route=%2Fwp%2Fv2%2Fcategories&post=5754"},{"taxonomy":"post_tag","embeddable":true,"href":"https:\/\/www.altercampagne.net\/index.php?rest_route=%2Fwp%2Fv2%2Ftags&post=5754"}],"curies":[{"name":"wp","href":"https:\/\/api.w.org\/{rel}","templated":true}]}}