{"id":5756,"date":"2016-07-04T16:57:15","date_gmt":"2016-07-04T14:57:15","guid":{"rendered":"http:\/\/www.altercampagne.net\/?p=5756"},"modified":"2016-08-10T16:59:12","modified_gmt":"2016-08-10T14:59:12","slug":"lalter-tour-sarretera-dans-la-commune-le-22-juillet","status":"publish","type":"post","link":"https:\/\/www.altercampagne.net\/?p=5756","title":{"rendered":"L&rsquo;Alter Tour s&rsquo;arr\u00eatera dans la commune le 22 juillet"},"content":{"rendered":"<p>Vendredi 22 juillet, l&rsquo;Alter Tour, qui part de Notre-Dame-des-Landes le 10 juillet, fera une halte dans la commune. Sur l&rsquo;\u00e9tape Lanvallay-Planguenoual, la pause m\u00e9ridienne s&rsquo;effectuera dans la commune pour l&rsquo;ensemble des cyclistes.<\/p>\n<p>Le th\u00e8me de cette \u00e9dition est \u00ab Bien vivre, biens communs \u00bb. La commune pr\u00e9sente deux int\u00e9r\u00eats : le combat men\u00e9 il y a quelques ann\u00e9es pour garder ses chemins communaux et, plus r\u00e9cemment, la r\u00e9alisation d&rsquo;une serre p\u00e9dagogique avec le Petit jardin des \u00e9coliers, d&rsquo;Emmanuel Rolland.<\/p>\n<p>Les personnes qui le d\u00e9sirent pourront accompagner les participants \u00e0 v\u00e9lo sur une ou plusieurs \u00e9tapes. L&rsquo;arriv\u00e9e finale est pr\u00e9vue \u00e0 Rennes le 19 ao\u00fbt, apr\u00e8s les 36 \u00e9tapes.<\/p>\n","protected":false},"excerpt":{"rendered":"<p>Vendredi 22 juillet, l&rsquo;Alter Tour, qui part de Notre-Dame-des-Landes le 10 juillet, fera une halte dans la commune. Sur l&rsquo;\u00e9tape Lanvallay-Planguenoual, la pause m\u00e9ridienne s&rsquo;effectuera dans la commune pour l&rsquo;ensemble des cyclistes. Le th\u00e8me de cette \u00e9dition est \u00ab Bien vivre, biens communs \u00bb. La commune pr\u00e9sente deux int\u00e9r\u00eats : &#8230; <\/p>\n<div><a href=\"https:\/\/www.altercampagne.net\/?p=5756\" class=\"more-link\">Read More<\/a><\/div>\n","protected":false},"author":214,"featured_media":0,"comment_status":"closed","ping_status":"closed","sticky":false,"template":"","format":"standard","meta":{"footnotes":""},"categories":[239],"tags":[20,383,1652,1669,2158,2393,2396,2398],"class_list":["post-5756","post","type-post","status-publish","format-standard","hentry","category-revue-de-presse","tag-bretagne","tag-altertour-2016","tag-1652","tag-cotes-darmor","tag-planguenoual","tag-languedias","tag-petit-jardin-des-ecoliers","tag-emmanuel-rolland","no-post-thumbnail"],"yoast_head":"<!-- This site is optimized with the Yoast SEO plugin v27.3 - https:\/\/yoast.com\/product\/yoast-seo-wordpress\/ -->\n<title>L&#039;Alter Tour s&#039;arr\u00eatera dans la commune le 22 juillet - AlterTour<\/title>\n<meta name=\"robots\" content=\"index, follow, max-snippet:-1, max-image-preview:large, max-video-preview:-1\" \/>\n<link rel=\"canonical\" href=\"https:\/\/www.altercampagne.net\/?p=5756\" \/>\n<meta property=\"og:locale\" content=\"fr_FR\" \/>\n<meta property=\"og:type\" content=\"article\" \/>\n<meta property=\"og:title\" content=\"L&#039;Alter Tour s&#039;arr\u00eatera dans la commune le 22 juillet - AlterTour\" \/>\n<meta property=\"og:description\" content=\"Vendredi 22 juillet, l&rsquo;Alter Tour, qui part de Notre-Dame-des-Landes le 10 juillet, fera une halte dans la commune. Sur l&rsquo;\u00e9tape Lanvallay-Planguenoual, la pause m\u00e9ridienne s&rsquo;effectuera dans la commune pour l&rsquo;ensemble des cyclistes. Le th\u00e8me de cette \u00e9dition est \u00ab Bien vivre, biens communs \u00bb. La commune pr\u00e9sente deux int\u00e9r\u00eats : ... Read More\" \/>\n<meta property=\"og:url\" content=\"https:\/\/www.altercampagne.net\/?p=5756\" \/>\n<meta property=\"og:site_name\" content=\"AlterTour\" \/>\n<meta property=\"article:published_time\" content=\"2016-07-04T14:57:15+00:00\" \/>\n<meta property=\"article:modified_time\" content=\"2016-08-10T14:59:12+00:00\" \/>\n<meta name=\"author\" content=\"Mathieu\" \/>\n<meta name=\"twitter:card\" content=\"summary_large_image\" \/>\n<meta name=\"twitter:label1\" content=\"\u00c9crit par\" \/>\n\t<meta name=\"twitter:data1\" content=\"Mathieu\" \/>\n\t<meta name=\"twitter:label2\" content=\"Dur\u00e9e de lecture estim\u00e9e\" \/>\n\t<meta name=\"twitter:data2\" content=\"1 minute\" \/>\n<script type=\"application\/ld+json\" class=\"yoast-schema-graph\">{\"@context\":\"https:\\\/\\\/schema.org\",\"@graph\":[{\"@type\":\"Article\",\"@id\":\"https:\\\/\\\/www.altercampagne.net\\\/?p=5756#article\",\"isPartOf\":{\"@id\":\"https:\\\/\\\/www.altercampagne.net\\\/?p=5756\"},\"author\":{\"name\":\"Mathieu\",\"@id\":\"https:\\\/\\\/www.altercampagne.net\\\/#\\\/schema\\\/person\\\/0f261460c09e430caa0f9bcffa319109\"},\"headline\":\"L&rsquo;Alter Tour s&rsquo;arr\u00eatera dans la commune le 22 juillet\",\"datePublished\":\"2016-07-04T14:57:15+00:00\",\"dateModified\":\"2016-08-10T14:59:12+00:00\",\"mainEntityOfPage\":{\"@id\":\"https:\\\/\\\/www.altercampagne.net\\\/?p=5756\"},\"wordCount\":132,\"keywords\":[\"bretagne\",\"AlterTour 2016\",\"2016\",\"C\u00f4tes-d'Armor\",\"Planguenoual\",\"langu\u00e9dias\",\"Petit Jardin des \u00c9coliers\",\"Emmanuel ROLLAND\"],\"articleSection\":[\"Revue de presse\"],\"inLanguage\":\"fr-FR\"},{\"@type\":\"WebPage\",\"@id\":\"https:\\\/\\\/www.altercampagne.net\\\/?p=5756\",\"url\":\"https:\\\/\\\/www.altercampagne.net\\\/?p=5756\",\"name\":\"L'Alter Tour s'arr\u00eatera dans la commune le 22 juillet - AlterTour\",\"isPartOf\":{\"@id\":\"https:\\\/\\\/www.altercampagne.net\\\/#website\"},\"datePublished\":\"2016-07-04T14:57:15+00:00\",\"dateModified\":\"2016-08-10T14:59:12+00:00\",\"author\":{\"@id\":\"https:\\\/\\\/www.altercampagne.net\\\/#\\\/schema\\\/person\\\/0f261460c09e430caa0f9bcffa319109\"},\"breadcrumb\":{\"@id\":\"https:\\\/\\\/www.altercampagne.net\\\/?p=5756#breadcrumb\"},\"inLanguage\":\"fr-FR\",\"potentialAction\":[{\"@type\":\"ReadAction\",\"target\":[\"https:\\\/\\\/www.altercampagne.net\\\/?p=5756\"]}]},{\"@type\":\"BreadcrumbList\",\"@id\":\"https:\\\/\\\/www.altercampagne.net\\\/?p=5756#breadcrumb\",\"itemListElement\":[{\"@type\":\"ListItem\",\"position\":1,\"name\":\"Accueil\",\"item\":\"https:\\\/\\\/www.altercampagne.net\\\/\"},{\"@type\":\"ListItem\",\"position\":2,\"name\":\"L&rsquo;Alter Tour s&rsquo;arr\u00eatera dans la commune le 22 juillet\"}]},{\"@type\":\"WebSite\",\"@id\":\"https:\\\/\\\/www.altercampagne.net\\\/#website\",\"url\":\"https:\\\/\\\/www.altercampagne.net\\\/\",\"name\":\"AlterTour\",\"description\":\"Reliez les Alternatives \u00e0 v\u00e9lo\",\"potentialAction\":[{\"@type\":\"SearchAction\",\"target\":{\"@type\":\"EntryPoint\",\"urlTemplate\":\"https:\\\/\\\/www.altercampagne.net\\\/?s={search_term_string}\"},\"query-input\":{\"@type\":\"PropertyValueSpecification\",\"valueRequired\":true,\"valueName\":\"search_term_string\"}}],\"inLanguage\":\"fr-FR\"},{\"@type\":\"Person\",\"@id\":\"https:\\\/\\\/www.altercampagne.net\\\/#\\\/schema\\\/person\\\/0f261460c09e430caa0f9bcffa319109\",\"name\":\"Mathieu\",\"image\":{\"@type\":\"ImageObject\",\"inLanguage\":\"fr-FR\",\"@id\":\"https:\\\/\\\/secure.gravatar.com\\\/avatar\\\/aa9d3d24c83f2141e5e2709d0f63d09a99f6be6bb7a50abc4915838d9f54501a?s=96&d=mm&r=g\",\"url\":\"https:\\\/\\\/secure.gravatar.com\\\/avatar\\\/aa9d3d24c83f2141e5e2709d0f63d09a99f6be6bb7a50abc4915838d9f54501a?s=96&d=mm&r=g\",\"contentUrl\":\"https:\\\/\\\/secure.gravatar.com\\\/avatar\\\/aa9d3d24c83f2141e5e2709d0f63d09a99f6be6bb7a50abc4915838d9f54501a?s=96&d=mm&r=g\",\"caption\":\"Mathieu\"},\"url\":\"https:\\\/\\\/www.altercampagne.net\\\/?author=214\"}]}<\/script>\n<!-- \/ Yoast SEO plugin. -->","yoast_head_json":{"title":"L'Alter Tour s'arr\u00eatera dans la commune le 22 juillet - AlterTour","robots":{"index":"index","follow":"follow","max-snippet":"max-snippet:-1","max-image-preview":"max-image-preview:large","max-video-preview":"max-video-preview:-1"},"canonical":"https:\/\/www.altercampagne.net\/?p=5756","og_locale":"fr_FR","og_type":"article","og_title":"L'Alter Tour s'arr\u00eatera dans la commune le 22 juillet - AlterTour","og_description":"Vendredi 22 juillet, l&rsquo;Alter Tour, qui part de Notre-Dame-des-Landes le 10 juillet, fera une halte dans la commune. Sur l&rsquo;\u00e9tape Lanvallay-Planguenoual, la pause m\u00e9ridienne s&rsquo;effectuera dans la commune pour l&rsquo;ensemble des cyclistes. Le th\u00e8me de cette \u00e9dition est \u00ab Bien vivre, biens communs \u00bb. La commune pr\u00e9sente deux int\u00e9r\u00eats : ... Read More","og_url":"https:\/\/www.altercampagne.net\/?p=5756","og_site_name":"AlterTour","article_published_time":"2016-07-04T14:57:15+00:00","article_modified_time":"2016-08-10T14:59:12+00:00","author":"Mathieu","twitter_card":"summary_large_image","twitter_misc":{"\u00c9crit par":"Mathieu","Dur\u00e9e de lecture estim\u00e9e":"1 minute"},"schema":{"@context":"https:\/\/schema.org","@graph":[{"@type":"Article","@id":"https:\/\/www.altercampagne.net\/?p=5756#article","isPartOf":{"@id":"https:\/\/www.altercampagne.net\/?p=5756"},"author":{"name":"Mathieu","@id":"https:\/\/www.altercampagne.net\/#\/schema\/person\/0f261460c09e430caa0f9bcffa319109"},"headline":"L&rsquo;Alter Tour s&rsquo;arr\u00eatera dans la commune le 22 juillet","datePublished":"2016-07-04T14:57:15+00:00","dateModified":"2016-08-10T14:59:12+00:00","mainEntityOfPage":{"@id":"https:\/\/www.altercampagne.net\/?p=5756"},"wordCount":132,"keywords":["bretagne","AlterTour 2016","2016","C\u00f4tes-d'Armor","Planguenoual","langu\u00e9dias","Petit Jardin des \u00c9coliers","Emmanuel ROLLAND"],"articleSection":["Revue de presse"],"inLanguage":"fr-FR"},{"@type":"WebPage","@id":"https:\/\/www.altercampagne.net\/?p=5756","url":"https:\/\/www.altercampagne.net\/?p=5756","name":"L'Alter Tour s'arr\u00eatera dans la commune le 22 juillet - AlterTour","isPartOf":{"@id":"https:\/\/www.altercampagne.net\/#website"},"datePublished":"2016-07-04T14:57:15+00:00","dateModified":"2016-08-10T14:59:12+00:00","author":{"@id":"https:\/\/www.altercampagne.net\/#\/schema\/person\/0f261460c09e430caa0f9bcffa319109"},"breadcrumb":{"@id":"https:\/\/www.altercampagne.net\/?p=5756#breadcrumb"},"inLanguage":"fr-FR","potentialAction":[{"@type":"ReadAction","target":["https:\/\/www.altercampagne.net\/?p=5756"]}]},{"@type":"BreadcrumbList","@id":"https:\/\/www.altercampagne.net\/?p=5756#breadcrumb","itemListElement":[{"@type":"ListItem","position":1,"name":"Accueil","item":"https:\/\/www.altercampagne.net\/"},{"@type":"ListItem","position":2,"name":"L&rsquo;Alter Tour s&rsquo;arr\u00eatera dans la commune le 22 juillet"}]},{"@type":"WebSite","@id":"https:\/\/www.altercampagne.net\/#website","url":"https:\/\/www.altercampagne.net\/","name":"AlterTour","description":"Reliez les Alternatives \u00e0 v\u00e9lo","potentialAction":[{"@type":"SearchAction","target":{"@type":"EntryPoint","urlTemplate":"https:\/\/www.altercampagne.net\/?s={search_term_string}"},"query-input":{"@type":"PropertyValueSpecification","valueRequired":true,"valueName":"search_term_string"}}],"inLanguage":"fr-FR"},{"@type":"Person","@id":"https:\/\/www.altercampagne.net\/#\/schema\/person\/0f261460c09e430caa0f9bcffa319109","name":"Mathieu","image":{"@type":"ImageObject","inLanguage":"fr-FR","@id":"https:\/\/secure.gravatar.com\/avatar\/aa9d3d24c83f2141e5e2709d0f63d09a99f6be6bb7a50abc4915838d9f54501a?s=96&d=mm&r=g","url":"https:\/\/secure.gravatar.com\/avatar\/aa9d3d24c83f2141e5e2709d0f63d09a99f6be6bb7a50abc4915838d9f54501a?s=96&d=mm&r=g","contentUrl":"https:\/\/secure.gravatar.com\/avatar\/aa9d3d24c83f2141e5e2709d0f63d09a99f6be6bb7a50abc4915838d9f54501a?s=96&d=mm&r=g","caption":"Mathieu"},"url":"https:\/\/www.altercampagne.net\/?author=214"}]}},"_links":{"self":[{"href":"https:\/\/www.altercampagne.net\/index.php?rest_route=\/wp\/v2\/posts\/5756","targetHints":{"allow":["GET"]}}],"collection":[{"href":"https:\/\/www.altercampagne.net\/index.php?rest_route=\/wp\/v2\/posts"}],"about":[{"href":"https:\/\/www.altercampagne.net\/index.php?rest_route=\/wp\/v2\/types\/post"}],"author":[{"embeddable":true,"href":"https:\/\/www.altercampagne.net\/index.php?rest_route=\/wp\/v2\/users\/214"}],"replies":[{"embeddable":true,"href":"https:\/\/www.altercampagne.net\/index.php?rest_route=%2Fwp%2Fv2%2Fcomments&post=5756"}],"version-history":[{"count":0,"href":"https:\/\/www.altercampagne.net\/index.php?rest_route=\/wp\/v2\/posts\/5756\/revisions"}],"wp:attachment":[{"href":"https:\/\/www.altercampagne.net\/index.php?rest_route=%2Fwp%2Fv2%2Fmedia&parent=5756"}],"wp:term":[{"taxonomy":"category","embeddable":true,"href":"https:\/\/www.altercampagne.net\/index.php?rest_route=%2Fwp%2Fv2%2Fcategories&post=5756"},{"taxonomy":"post_tag","embeddable":true,"href":"https:\/\/www.altercampagne.net\/index.php?rest_route=%2Fwp%2Fv2%2Ftags&post=5756"}],"curies":[{"name":"wp","href":"https:\/\/api.w.org\/{rel}","templated":true}]}}