{"id":5760,"date":"2016-08-04T17:46:24","date_gmt":"2016-08-04T15:46:24","guid":{"rendered":"http:\/\/www.altercampagne.net\/?p=5760"},"modified":"2019-09-13T18:25:54","modified_gmt":"2019-09-13T16:25:54","slug":"etape-du-4-aout-le-collectif-zero-personne-a-la-rue","status":"publish","type":"post","link":"https:\/\/www.altercampagne.net\/?p=5760","title":{"rendered":"\u00c9tape du 4 ao\u00fbt : le Collectif z\u00e9ro personne \u00e0 la rue"},"content":{"rendered":"<p>Quelques km apr\u00e8s nous \u00eatre s\u00e9par\u00e9-e-s du groupe principal, nous rencontrons le collectif z\u00e9ro \u00e0 la rue, dans une petite rue calme d\u2019un quartier r\u00e9sidentiel, rue Forestout. Plusieurs personnes du collectif sont dans le jardin qui borde la rue, et nous accueillent chaleureusement. Tout de suite, une grande fresque capte le regard : plusieurs photos de visages en grand format, des visages durs, des visages fiers, des visages marqu\u00e9s. Ils sont ceux de migrant-e-s h\u00e9berg\u00e9-e-s, ou ayant \u00e9t\u00e9 h\u00e9berg\u00e9-e-s, sur les lieux, et dont les traits ont \u00e9t\u00e9 immortalis\u00e9s par un artiste. Ils ne font d\u00e9sormais plus qu\u2019un avec la pierre.<br \/>\nLe contact passe tout de suite bien, nos h\u00f4tes nous font visiter une des maisons r\u00e9cup\u00e9r\u00e9es pour accueillir une famille de migrant-e-s. On s\u2019installe tou-te-s dans le jardin autour de quelques tasses de caf\u00e9 ou de th\u00e9 encore fumantes, pour \u00e9changer avec des membres du collectif. Ils nous expliquent comment Brest M\u00e9tropole Habitat (BMH) vandalisait les maisons vides (elles appartenaient \u00e0 la SNCF pour abriter des familles de cheminots) pour que les personnes \u00e0 la rue ne puissent pas y habiter. Un coup de hache dans la plomberie, un coup de massue dans les sanitaires, histoire de rendre le lieu impropre \u00e0 l\u2019habitat. Le collectif a pourtant averti de la pr\u00e9sence d\u2019occupant-e-s dans ces maisons. Rien n\u2019\u00e0 faire, il semble que l\u2019argent ait depuis longtemps pour eux plus de poids que les gens. Et BMH sait pertinemment qu\u2019il agit dans l\u2019ill\u00e9galit\u00e9, seulement ils n\u2019ont pas bien peur des repr\u00e9sailles avec en face d\u2019eux des personnes dans la plus grande pr\u00e9carit\u00e9, souvent sans papier. Autre proc\u00e9dure scandaleuse : le contr\u00f4le osseux de l\u2019\u00e2ge des mineur-e-s, pratique non reconnue par l\u2019ordre des m\u00e9decins (elle conduit \u00e0 des erreurs dans l\u2019estimation de l\u2019\u00e2ge de 1 \u00e0 4 ans), et qui permet aux autorit\u00e9s de demander \u00e0 des jeunes de partir dans les 48h du lieu o\u00f9 illes \u00e9taient h\u00e9berg\u00e9-e-s. Mais face \u00e0 la barbarie institutionnalis\u00e9e, le collectif se bat pour que ces personnes puissent vivre dans un logement d\u00e9cent. Ces membres se sont retrouss\u00e9-e-s les manches, ont r\u00e9par\u00e9 les d\u00e9g\u00e2ts commis par BMH, r\u00e9habilit\u00e9 les maisons, distribu\u00e9 des sourires, fait du lien. Ainsi 2 familles de 4 et 6 personnes sont log\u00e9es dans ces maisons, une troisi\u00e8me maison est en cours de r\u00e9habilitation. Notons que rien qu\u2019\u00e0 Brest 6500 logements sont vides, en Europe se chiffre s\u2019\u00e9l\u00e8ve \u00e0 11 millions pour 3 millions de personnes vivant dans la rue. \u00c7a fait r\u00e9fl\u00e9chir\u2026<\/p>\n<p>De cette rencontre, m\u2019est rest\u00e9 un dr\u00f4le de sentiment. Ce fut fort, ce fut touchant, ce fut triste et en m\u00eame temps porteur d\u2019espoir, et je pense que le collectif \u00e9tait \u00e9galement heureux de rencontrer des gens partageant les m\u00eames valeurs. Mais j\u2019ai quand m\u00eame eu l\u2019impression de faire du tourisme. 2 heures de rencontre pour un tel combat c\u2019est trop court. J\u2019aurais aim\u00e9 faire plus, aller faire une action militante \u00e0 la mairie, interpeller les gens dans la rue. Certes il y a trop de causes, on ne peut \u00eatre investi-e dans toutes. Alors au moins, avons-nous le devoir de continuer \u00e0 informer, de raconter ce que nous avons vu, et pour celles et ceux qui trouvent le temps, se renseigner chez nous, sur les drames que vivent ces personnes dont le seul crime est de chercher \u00e0 vivre dignement. Il n\u2019y a pas qu\u2019\u00e0 Brest, loin de l\u00e0, qu\u2019on \u00e9rige des murs entre les cultures et les personnes\u2026<\/p>\n<p style=\"text-align: right;\"><strong>Vincent K.<\/strong><\/p>\n<p>Pour aller plus loin : <a href=\"mailto:zeropersonnealaruebrest@riseup.net\" target=\"_blank\" rel=\"noopener noreferrer\">zeropersonnealaruebrest@riseup.net<\/a> \/ <a href=\"mailto:zeropersonnealaruebrest@noblog.org\" target=\"_blank\" rel=\"noopener noreferrer\">zeropersonnealaruebrest@noblog.org<\/a> \/ facebook z\u00e9ro personne \u00e0 la rue Brest \/ 07 77 44 94 99<\/p>\n","protected":false},"excerpt":{"rendered":"<p>Quelques km apr\u00e8s nous \u00eatre s\u00e9par\u00e9-e-s du groupe principal, nous rencontrons le collectif z\u00e9ro \u00e0 la rue, dans une petite rue calme d\u2019un quartier r\u00e9sidentiel, rue Forestout. Plusieurs personnes du collectif sont dans le jardin qui borde la rue, et nous accueillent chaleureusement. Tout de suite, une grande fresque capte &#8230; <\/p>\n<div><a href=\"https:\/\/www.altercampagne.net\/?p=5760\" class=\"more-link\">Read More<\/a><\/div>\n","protected":false},"author":214,"featured_media":15525,"comment_status":"closed","ping_status":"closed","sticky":false,"template":"","format":"standard","meta":{"footnotes":""},"categories":[3472,3459,3488],"tags":[20,383,410,1652,2430,2630,2704,2846,2849,2850,2851],"class_list":["post-5760","post","type-post","status-publish","format-standard","has-post-thumbnail","hentry","category-bretagne","category-edition-2016","category-social","tag-bretagne","tag-altertour-2016","tag-finistere","tag-1652","tag-brest","tag-collectif-zero-personne-a-la-rue","tag-alterjournaliste","tag-accueillant","tag-accueillant2016","tag-accueillant-2016","tag-altertour2016"],"yoast_head":"<!-- This site is optimized with the Yoast SEO plugin v27.3 - https:\/\/yoast.com\/product\/yoast-seo-wordpress\/ -->\n<title>\u00c9tape du 4 ao\u00fbt : le Collectif z\u00e9ro personne \u00e0 la rue - AlterTour<\/title>\n<meta name=\"robots\" content=\"index, follow, max-snippet:-1, max-image-preview:large, max-video-preview:-1\" \/>\n<link rel=\"canonical\" href=\"https:\/\/www.altercampagne.net\/?p=5760\" \/>\n<meta property=\"og:locale\" content=\"fr_FR\" \/>\n<meta property=\"og:type\" content=\"article\" \/>\n<meta property=\"og:title\" content=\"\u00c9tape du 4 ao\u00fbt : le Collectif z\u00e9ro personne \u00e0 la rue - AlterTour\" \/>\n<meta property=\"og:description\" content=\"Quelques km apr\u00e8s nous \u00eatre s\u00e9par\u00e9-e-s du groupe principal, nous rencontrons le collectif z\u00e9ro \u00e0 la rue, dans une petite rue calme d\u2019un quartier r\u00e9sidentiel, rue Forestout. Plusieurs personnes du collectif sont dans le jardin qui borde la rue, et nous accueillent chaleureusement. Tout de suite, une grande fresque capte ... Read More\" \/>\n<meta property=\"og:url\" content=\"https:\/\/www.altercampagne.net\/?p=5760\" \/>\n<meta property=\"og:site_name\" content=\"AlterTour\" \/>\n<meta property=\"article:published_time\" content=\"2016-08-04T15:46:24+00:00\" \/>\n<meta property=\"article:modified_time\" content=\"2019-09-13T16:25:54+00:00\" \/>\n<meta property=\"og:image\" content=\"https:\/\/www.altercampagne.net\/wp-content\/uploads\/2016\/08\/2016-08-04-18194893_917749091705489_509463242227080522_n.jpg\" \/>\n\t<meta property=\"og:image:width\" content=\"900\" \/>\n\t<meta property=\"og:image:height\" content=\"470\" \/>\n\t<meta property=\"og:image:type\" content=\"image\/jpeg\" \/>\n<meta name=\"author\" content=\"Mathieu\" \/>\n<meta name=\"twitter:card\" content=\"summary_large_image\" \/>\n<meta name=\"twitter:label1\" content=\"\u00c9crit par\" \/>\n\t<meta name=\"twitter:data1\" content=\"Mathieu\" \/>\n\t<meta name=\"twitter:label2\" content=\"Dur\u00e9e de lecture estim\u00e9e\" \/>\n\t<meta name=\"twitter:data2\" content=\"3 minutes\" \/>\n<script type=\"application\/ld+json\" class=\"yoast-schema-graph\">{\"@context\":\"https:\\\/\\\/schema.org\",\"@graph\":[{\"@type\":\"Article\",\"@id\":\"https:\\\/\\\/www.altercampagne.net\\\/?p=5760#article\",\"isPartOf\":{\"@id\":\"https:\\\/\\\/www.altercampagne.net\\\/?p=5760\"},\"author\":{\"name\":\"Mathieu\",\"@id\":\"https:\\\/\\\/www.altercampagne.net\\\/#\\\/schema\\\/person\\\/0f261460c09e430caa0f9bcffa319109\"},\"headline\":\"\u00c9tape du 4 ao\u00fbt : le Collectif z\u00e9ro personne \u00e0 la rue\",\"datePublished\":\"2016-08-04T15:46:24+00:00\",\"dateModified\":\"2019-09-13T16:25:54+00:00\",\"mainEntityOfPage\":{\"@id\":\"https:\\\/\\\/www.altercampagne.net\\\/?p=5760\"},\"wordCount\":644,\"image\":{\"@id\":\"https:\\\/\\\/www.altercampagne.net\\\/?p=5760#primaryimage\"},\"thumbnailUrl\":\"https:\\\/\\\/www.altercampagne.net\\\/wp-content\\\/uploads\\\/2016\\\/08\\\/2016-08-04-18194893_917749091705489_509463242227080522_n.jpg\",\"keywords\":[\"bretagne\",\"AlterTour 2016\",\"finist\u00e8re\",\"2016\",\"Brest\",\"collectif z\u00e9ro personne \u00e0 la rue\",\"alterjournaliste\",\"accueillant\",\"accueillant2016\",\"accueillant 2016\",\"AlterTour2016\"],\"articleSection\":[\"Bretagne\",\"\u00c9dition 2016\",\"Social\"],\"inLanguage\":\"fr-FR\"},{\"@type\":\"WebPage\",\"@id\":\"https:\\\/\\\/www.altercampagne.net\\\/?p=5760\",\"url\":\"https:\\\/\\\/www.altercampagne.net\\\/?p=5760\",\"name\":\"\u00c9tape du 4 ao\u00fbt : le Collectif z\u00e9ro personne \u00e0 la rue - AlterTour\",\"isPartOf\":{\"@id\":\"https:\\\/\\\/www.altercampagne.net\\\/#website\"},\"primaryImageOfPage\":{\"@id\":\"https:\\\/\\\/www.altercampagne.net\\\/?p=5760#primaryimage\"},\"image\":{\"@id\":\"https:\\\/\\\/www.altercampagne.net\\\/?p=5760#primaryimage\"},\"thumbnailUrl\":\"https:\\\/\\\/www.altercampagne.net\\\/wp-content\\\/uploads\\\/2016\\\/08\\\/2016-08-04-18194893_917749091705489_509463242227080522_n.jpg\",\"datePublished\":\"2016-08-04T15:46:24+00:00\",\"dateModified\":\"2019-09-13T16:25:54+00:00\",\"author\":{\"@id\":\"https:\\\/\\\/www.altercampagne.net\\\/#\\\/schema\\\/person\\\/0f261460c09e430caa0f9bcffa319109\"},\"breadcrumb\":{\"@id\":\"https:\\\/\\\/www.altercampagne.net\\\/?p=5760#breadcrumb\"},\"inLanguage\":\"fr-FR\",\"potentialAction\":[{\"@type\":\"ReadAction\",\"target\":[\"https:\\\/\\\/www.altercampagne.net\\\/?p=5760\"]}]},{\"@type\":\"ImageObject\",\"inLanguage\":\"fr-FR\",\"@id\":\"https:\\\/\\\/www.altercampagne.net\\\/?p=5760#primaryimage\",\"url\":\"https:\\\/\\\/www.altercampagne.net\\\/wp-content\\\/uploads\\\/2016\\\/08\\\/2016-08-04-18194893_917749091705489_509463242227080522_n.jpg\",\"contentUrl\":\"https:\\\/\\\/www.altercampagne.net\\\/wp-content\\\/uploads\\\/2016\\\/08\\\/2016-08-04-18194893_917749091705489_509463242227080522_n.jpg\",\"width\":900,\"height\":470},{\"@type\":\"BreadcrumbList\",\"@id\":\"https:\\\/\\\/www.altercampagne.net\\\/?p=5760#breadcrumb\",\"itemListElement\":[{\"@type\":\"ListItem\",\"position\":1,\"name\":\"Accueil\",\"item\":\"https:\\\/\\\/www.altercampagne.net\\\/\"},{\"@type\":\"ListItem\",\"position\":2,\"name\":\"\u00c9tape du 4 ao\u00fbt : le Collectif z\u00e9ro personne \u00e0 la rue\"}]},{\"@type\":\"WebSite\",\"@id\":\"https:\\\/\\\/www.altercampagne.net\\\/#website\",\"url\":\"https:\\\/\\\/www.altercampagne.net\\\/\",\"name\":\"AlterTour\",\"description\":\"Reliez les Alternatives \u00e0 v\u00e9lo\",\"potentialAction\":[{\"@type\":\"SearchAction\",\"target\":{\"@type\":\"EntryPoint\",\"urlTemplate\":\"https:\\\/\\\/www.altercampagne.net\\\/?s={search_term_string}\"},\"query-input\":{\"@type\":\"PropertyValueSpecification\",\"valueRequired\":true,\"valueName\":\"search_term_string\"}}],\"inLanguage\":\"fr-FR\"},{\"@type\":\"Person\",\"@id\":\"https:\\\/\\\/www.altercampagne.net\\\/#\\\/schema\\\/person\\\/0f261460c09e430caa0f9bcffa319109\",\"name\":\"Mathieu\",\"image\":{\"@type\":\"ImageObject\",\"inLanguage\":\"fr-FR\",\"@id\":\"https:\\\/\\\/secure.gravatar.com\\\/avatar\\\/aa9d3d24c83f2141e5e2709d0f63d09a99f6be6bb7a50abc4915838d9f54501a?s=96&d=mm&r=g\",\"url\":\"https:\\\/\\\/secure.gravatar.com\\\/avatar\\\/aa9d3d24c83f2141e5e2709d0f63d09a99f6be6bb7a50abc4915838d9f54501a?s=96&d=mm&r=g\",\"contentUrl\":\"https:\\\/\\\/secure.gravatar.com\\\/avatar\\\/aa9d3d24c83f2141e5e2709d0f63d09a99f6be6bb7a50abc4915838d9f54501a?s=96&d=mm&r=g\",\"caption\":\"Mathieu\"},\"url\":\"https:\\\/\\\/www.altercampagne.net\\\/?author=214\"}]}<\/script>\n<!-- \/ Yoast SEO plugin. -->","yoast_head_json":{"title":"\u00c9tape du 4 ao\u00fbt : le Collectif z\u00e9ro personne \u00e0 la rue - AlterTour","robots":{"index":"index","follow":"follow","max-snippet":"max-snippet:-1","max-image-preview":"max-image-preview:large","max-video-preview":"max-video-preview:-1"},"canonical":"https:\/\/www.altercampagne.net\/?p=5760","og_locale":"fr_FR","og_type":"article","og_title":"\u00c9tape du 4 ao\u00fbt : le Collectif z\u00e9ro personne \u00e0 la rue - AlterTour","og_description":"Quelques km apr\u00e8s nous \u00eatre s\u00e9par\u00e9-e-s du groupe principal, nous rencontrons le collectif z\u00e9ro \u00e0 la rue, dans une petite rue calme d\u2019un quartier r\u00e9sidentiel, rue Forestout. Plusieurs personnes du collectif sont dans le jardin qui borde la rue, et nous accueillent chaleureusement. Tout de suite, une grande fresque capte ... Read More","og_url":"https:\/\/www.altercampagne.net\/?p=5760","og_site_name":"AlterTour","article_published_time":"2016-08-04T15:46:24+00:00","article_modified_time":"2019-09-13T16:25:54+00:00","og_image":[{"width":900,"height":470,"url":"https:\/\/www.altercampagne.net\/wp-content\/uploads\/2016\/08\/2016-08-04-18194893_917749091705489_509463242227080522_n.jpg","type":"image\/jpeg"}],"author":"Mathieu","twitter_card":"summary_large_image","twitter_misc":{"\u00c9crit par":"Mathieu","Dur\u00e9e de lecture estim\u00e9e":"3 minutes"},"schema":{"@context":"https:\/\/schema.org","@graph":[{"@type":"Article","@id":"https:\/\/www.altercampagne.net\/?p=5760#article","isPartOf":{"@id":"https:\/\/www.altercampagne.net\/?p=5760"},"author":{"name":"Mathieu","@id":"https:\/\/www.altercampagne.net\/#\/schema\/person\/0f261460c09e430caa0f9bcffa319109"},"headline":"\u00c9tape du 4 ao\u00fbt : le Collectif z\u00e9ro personne \u00e0 la rue","datePublished":"2016-08-04T15:46:24+00:00","dateModified":"2019-09-13T16:25:54+00:00","mainEntityOfPage":{"@id":"https:\/\/www.altercampagne.net\/?p=5760"},"wordCount":644,"image":{"@id":"https:\/\/www.altercampagne.net\/?p=5760#primaryimage"},"thumbnailUrl":"https:\/\/www.altercampagne.net\/wp-content\/uploads\/2016\/08\/2016-08-04-18194893_917749091705489_509463242227080522_n.jpg","keywords":["bretagne","AlterTour 2016","finist\u00e8re","2016","Brest","collectif z\u00e9ro personne \u00e0 la rue","alterjournaliste","accueillant","accueillant2016","accueillant 2016","AlterTour2016"],"articleSection":["Bretagne","\u00c9dition 2016","Social"],"inLanguage":"fr-FR"},{"@type":"WebPage","@id":"https:\/\/www.altercampagne.net\/?p=5760","url":"https:\/\/www.altercampagne.net\/?p=5760","name":"\u00c9tape du 4 ao\u00fbt : le Collectif z\u00e9ro personne \u00e0 la rue - AlterTour","isPartOf":{"@id":"https:\/\/www.altercampagne.net\/#website"},"primaryImageOfPage":{"@id":"https:\/\/www.altercampagne.net\/?p=5760#primaryimage"},"image":{"@id":"https:\/\/www.altercampagne.net\/?p=5760#primaryimage"},"thumbnailUrl":"https:\/\/www.altercampagne.net\/wp-content\/uploads\/2016\/08\/2016-08-04-18194893_917749091705489_509463242227080522_n.jpg","datePublished":"2016-08-04T15:46:24+00:00","dateModified":"2019-09-13T16:25:54+00:00","author":{"@id":"https:\/\/www.altercampagne.net\/#\/schema\/person\/0f261460c09e430caa0f9bcffa319109"},"breadcrumb":{"@id":"https:\/\/www.altercampagne.net\/?p=5760#breadcrumb"},"inLanguage":"fr-FR","potentialAction":[{"@type":"ReadAction","target":["https:\/\/www.altercampagne.net\/?p=5760"]}]},{"@type":"ImageObject","inLanguage":"fr-FR","@id":"https:\/\/www.altercampagne.net\/?p=5760#primaryimage","url":"https:\/\/www.altercampagne.net\/wp-content\/uploads\/2016\/08\/2016-08-04-18194893_917749091705489_509463242227080522_n.jpg","contentUrl":"https:\/\/www.altercampagne.net\/wp-content\/uploads\/2016\/08\/2016-08-04-18194893_917749091705489_509463242227080522_n.jpg","width":900,"height":470},{"@type":"BreadcrumbList","@id":"https:\/\/www.altercampagne.net\/?p=5760#breadcrumb","itemListElement":[{"@type":"ListItem","position":1,"name":"Accueil","item":"https:\/\/www.altercampagne.net\/"},{"@type":"ListItem","position":2,"name":"\u00c9tape du 4 ao\u00fbt : le Collectif z\u00e9ro personne \u00e0 la rue"}]},{"@type":"WebSite","@id":"https:\/\/www.altercampagne.net\/#website","url":"https:\/\/www.altercampagne.net\/","name":"AlterTour","description":"Reliez les Alternatives \u00e0 v\u00e9lo","potentialAction":[{"@type":"SearchAction","target":{"@type":"EntryPoint","urlTemplate":"https:\/\/www.altercampagne.net\/?s={search_term_string}"},"query-input":{"@type":"PropertyValueSpecification","valueRequired":true,"valueName":"search_term_string"}}],"inLanguage":"fr-FR"},{"@type":"Person","@id":"https:\/\/www.altercampagne.net\/#\/schema\/person\/0f261460c09e430caa0f9bcffa319109","name":"Mathieu","image":{"@type":"ImageObject","inLanguage":"fr-FR","@id":"https:\/\/secure.gravatar.com\/avatar\/aa9d3d24c83f2141e5e2709d0f63d09a99f6be6bb7a50abc4915838d9f54501a?s=96&d=mm&r=g","url":"https:\/\/secure.gravatar.com\/avatar\/aa9d3d24c83f2141e5e2709d0f63d09a99f6be6bb7a50abc4915838d9f54501a?s=96&d=mm&r=g","contentUrl":"https:\/\/secure.gravatar.com\/avatar\/aa9d3d24c83f2141e5e2709d0f63d09a99f6be6bb7a50abc4915838d9f54501a?s=96&d=mm&r=g","caption":"Mathieu"},"url":"https:\/\/www.altercampagne.net\/?author=214"}]}},"_links":{"self":[{"href":"https:\/\/www.altercampagne.net\/index.php?rest_route=\/wp\/v2\/posts\/5760","targetHints":{"allow":["GET"]}}],"collection":[{"href":"https:\/\/www.altercampagne.net\/index.php?rest_route=\/wp\/v2\/posts"}],"about":[{"href":"https:\/\/www.altercampagne.net\/index.php?rest_route=\/wp\/v2\/types\/post"}],"author":[{"embeddable":true,"href":"https:\/\/www.altercampagne.net\/index.php?rest_route=\/wp\/v2\/users\/214"}],"replies":[{"embeddable":true,"href":"https:\/\/www.altercampagne.net\/index.php?rest_route=%2Fwp%2Fv2%2Fcomments&post=5760"}],"version-history":[{"count":0,"href":"https:\/\/www.altercampagne.net\/index.php?rest_route=\/wp\/v2\/posts\/5760\/revisions"}],"wp:featuredmedia":[{"embeddable":true,"href":"https:\/\/www.altercampagne.net\/index.php?rest_route=\/wp\/v2\/media\/15525"}],"wp:attachment":[{"href":"https:\/\/www.altercampagne.net\/index.php?rest_route=%2Fwp%2Fv2%2Fmedia&parent=5760"}],"wp:term":[{"taxonomy":"category","embeddable":true,"href":"https:\/\/www.altercampagne.net\/index.php?rest_route=%2Fwp%2Fv2%2Fcategories&post=5760"},{"taxonomy":"post_tag","embeddable":true,"href":"https:\/\/www.altercampagne.net\/index.php?rest_route=%2Fwp%2Fv2%2Ftags&post=5760"}],"curies":[{"name":"wp","href":"https:\/\/api.w.org\/{rel}","templated":true}]}}