{"id":5767,"date":"2016-08-09T17:59:22","date_gmt":"2016-08-09T15:59:22","guid":{"rendered":"http:\/\/www.altercampagne.net\/?p=5767"},"modified":"2019-09-13T18:38:15","modified_gmt":"2019-09-13T16:38:15","slug":"etape-du-9-aout-visite-de-la-maison-passive-de-france-darimont-dans-le-eco-hameau-oglenn-ar-vourch","status":"publish","type":"post","link":"https:\/\/www.altercampagne.net\/?p=5767","title":{"rendered":"Etape du 9 ao\u00fbt : Visite de la maison passive de France Darimont dans le Eco-hameau Oglenn ar Vourc&rsquo;h"},"content":{"rendered":"<p>Dans \u00c9co-hameau Oglenn ar Vourc&rsquo;h, 14, All\u00e9e des Ch\u00e2taigniers, 56480 &#8211; Silfiac<\/p>\n<p><strong>I. Projet SENS de cette construction de 100 m\u00b2 sur ce petit terrain de 625 m\u00b2<\/strong><br \/>\nAUTONOMIE et SIMPLICIT\u00c9 VOLONTAIRE D\u00c9CROISSANTE dans le RESPECT<br \/>\nFONDAMENTAL de l&rsquo;ENVIRONNEMENT et de ses r\u00e8gles \u00e9nerg\u00e9tiques universelles<\/p>\n<p><strong>II. JARDIN Feng Shui<\/strong> de 25 m x 25 m, d\u00e9nivel\u00e9s O&gt;S=1,40m; N&gt;O=0,70m :<br \/>\nN-O = la TORTUE adoss\u00e9e au chemin talut\u00e9 avec ses hauts arbres de protection aux vents, pluies et froid humides &gt; haie de h\u00eatres et ifs (derri\u00e8re la maison) + massif arbustif de plantes de bruy\u00e8res odorantes (plein O)<br \/>\nN-E = le DRAGON ou vallonnement talut\u00e9 protecteur des vents froids &gt; haie arbustives aux fruits sauvages<br \/>\nS-E = le PH\u00c9NIX ou d\u00e9gagement de la pente vers le ruisseau permettant l&rsquo;\u00e9l\u00e9vation de l&rsquo;\u00e9nergie Qi<br \/>\nS-O = le TIGRE prairie plane de d\u00e9gagement d&rsquo;horizon et superbes couch\u00e9s de soleil &gt; haie<br \/>\narbustive basse et odorante vivifi\u00e9e par la chaleur du soleil<br \/>\nVerger sur pairie de tr\u00e8fle blanc + petits fruits et potager d&rsquo;aromatiques<br \/>\nNB: Seul mon terrain n&rsquo;est pas pollu\u00e9 par les courants vagabonds de la ligne sup\u00e9rieur de 23000V<br \/>\n<strong>III. MAISON PASSIVE, AUTONOME en \u00c9NERGIE, G \u00c9 O- \u00c9COBIOLOGIQUE, SAINE<\/strong><br \/>\n<span style=\"text-decoration: underline;\"><strong>Structure globale<\/strong><\/span> en fonction de la g\u00e9obiologie mesur\u00e9e, du carr\u00e9 Feng Shui et de mon Nine Qi :<br \/>\n<span style=\"text-decoration: underline;\"><strong>A) Garage en clins horizontaux de douglas<\/strong><\/span> : obligatoire pour homog\u00e9n\u00e9it\u00e9 du lotissement<br \/>\nAu S-O, j&rsquo;ai d\u00fb rebarder la fa\u00e7ade en clins verticaux car les pluies horizontales trempaient tout.<br \/>\nEt obligation de construire un caniveau de liaison entre les 2 foss\u00e9s et un terre plein pour arr\u00eater les torrents de boues envahissant la 1\/2 du garage.<br \/>\n<span style=\"text-decoration: underline;\"><strong>B) MAISON<\/strong><\/span> 11m x11m sur fondations sp\u00e9cifiques hydrofuges en blocs de chaux et lave<br \/>\ncomprim\u00e9e \u00e0 froid (Cogeblocs) sur terrain argileux + dalle hourdis de terre cuite + chape b\u00e9ton<br \/>\nimpos\u00e9e 30 cm O.C.+ 86 m\u00b2 de plancher de ch\u00eane au sol<br \/>\n<strong>ISOLATION<\/strong> : Cube interne d&rsquo;Ouate de cellulose sans aucun pont thermique : ouate <strong>test\u00e9e finement par carottages<\/strong> pour r\u00e9gler machine soufflante &gt; superposition horizontale de 30 cm en sol, 30 cm en plafond et 40 cm en toiture et verticalement 30 cm internes aux pourtour des murs de briques.<br \/>\n+ Murs \u00ab\u00a0chauds\u00a0\u00bb internes en OSB luxembourgeois sans formald\u00e9hyde (pas fabriqu\u00e9 en 2009 en Fr.).<br \/>\n+ Murs perspirants externes en biobriques de terre cuite MINGEON + recouvrement 2 cm de chaux<br \/>\n+ Bardage de zinc pare-pluie en mur aveugle N-O et sur les pignons \u00e0 l&rsquo;\u00e9tage.<br \/>\n+ ouverture sur c\u00f4t\u00e9s N-E, E-S et S-O de ch\u00e2ssis mixtes Alu peint ext\u00e9rieur\/vide air\/m\u00e9l\u00e8ze interne<br \/>\nde 9,5 cm d&rsquo;\u00e9paisseur \u00e0 triples frappes de 1,2W\/m\u00b2K avec vitrage de 18 mm (4.2.4.16<br \/>\nargon.10feuillet\u00e9 phonique\/lame m\u00e9tal parebris &amp; micro-ondes) de 1W\/m\u00b2K<br \/>\n+ coupl\u00e9s \u00e0 des volets-persiennes de bois red cedar = protection froid ou fortes chaleurs estivales<br \/>\n+ po\u00eale tournant RIKA avec pierre ollaire accumulatrice, de 8 kW employ\u00e9 5 fois par hiver pour baisser taux d&rsquo;humidit\u00e9 breton<br \/>\n<strong>C) V\u00c9RANDA<\/strong> 17 m\u00b2 au sol pav\u00e9s de terre cuite accumulatrice de chaleur;<br \/>\n+ toit v\u00e9g\u00e9talis\u00e9 de 10 cm isol\u00e9 de 20 cm ouate cellulose inssuffl\u00e9e<br \/>\n+ mur briques terre cuite + granite en N-E isol\u00e9\/ 20 cm chanvre &amp; ouate cellulose<br \/>\n+ volets roulants isol\u00e9s sur des vitrage permissifs (accumulant chaleur)<br \/>\nElle joue le r\u00f4le de capteur passif solaire &gt; chauffe la maison enti\u00e8re en soleil passif.<br \/>\nNB: Mes voisins se sont moqu\u00e9s de mes 30 cm MAIS je fais \u00e0 peine 5 petites flamb\u00e9es par an pour couper l&rsquo;humidit\u00e9 hivernal. Depuis 2009, 1\/3 de mon garage est toujours plein de mon stock de palettes de la construction et je n&rsquo;ai toujours pas consomm\u00e9 les 250 kg de b\u00fbches reconstitu\u00e9es achet\u00e9 en 2009. J&rsquo;habite seule dans la chaleur douce de la maison.<br \/>\n<strong>a) Propri\u00e9t\u00e9 acc\u00e8s handicap\u00e9<\/strong> (pr\u00e9voir c&rsquo;est d\u00e9j\u00e0 rem\u00e9dier !)<br \/>\nrampe d&rsquo;acc\u00e8s \u00e0 6% de 1,20m de large avec possibilit\u00e9 de tourner fauteuil roulant \u00e0 la porte d&rsquo;entr\u00e9e, portes de grande largeur, prises et interrupteurs \u00e9lectriques \u00e0 hauteur 80-90 cm.<br \/>\n<strong>b) Volume pr\u00e9vu<\/strong> pour vie ais\u00e9e d&rsquo;une famille de 4-6 personnes car ma biblioth\u00e8que occupe 1\/3 de la maison &gt; =2 Ch s\u00e9par\u00e9e par salle de jeu et l&rsquo;\u00e9tage bien isol\u00e9 et bard\u00e9 de bois \u00e0 2 fen\u00eatres<br \/>\n<strong>c) Protection pour \u00c9 lectro-Hyper-Sensibilit\u00e9<\/strong> c\u00e2blage VMVB canaliseur de champs<br \/>\n\u00e9lectriques(Gaine Alu) et magn\u00e9tiques(gaine mousse de ferrite) et domotique PsO .be de 2 blocs birupteurs de 10 lignes chacun(1pour les prises, l&rsquo;autre pour l&rsquo;\u00e9clairage) \u00e0 8 points par ligne (norme EU), reli\u00e9s \u00e0 contacteurs en 24V cod\u00e9 (0-1) + prises ruptrises sur chaque ligne &gt; 2 rupteurs g\u00e9n\u00e9raux (prise et lumi\u00e8re) dans ma chambre.<br \/>\n+ lampes \u00e0 rubans de 120LEDS sans balastre = sans CEM. Je me sers uniquement de mes 4 lampes<br \/>\nsolaires dont je mets syst\u00e9matiquement les batteries en rotation journali\u00e8re depuis 8 ans<br \/>\n+ Isolation sp\u00e9cifique du compteur \u00e9lectrique avec isolant mince d&rsquo;alu r\u00e9fl\u00e9chissant vers compteur<br \/>\n+ oeuf de Terre de Lys, diminue un peu les champs \u00e9lectriques mais aucune influence sur les champs magn\u00e9tiques.<br \/>\n+ 3 Plaques de mise \u00e0 la Terre \u00e0 tous les endroits o\u00f9 je travaille assise (en zinc r\u00e9cup\u00e9r\u00e9 sur bardage)<br \/>\n+ mise \u00e0 la Terre en filet alu de mousticaire sous ordinateur-modem filaire sans Wifi + coussin fibre carbone avec Terre<br \/>\n+ t\u00e9l\u00e9phone uniquement filaire aucune micro-onde chez moi, !!! portables interdits<br \/>\n+ Dans ma chambre, je dors sous un dais de tissus cuivre-argent mis \u00e0 la Terre +un sous drap de fibre carbone avec mise \u00e0 la Terre<br \/>\n<strong>d) Production \u00e9lectrique<\/strong> par Suiveur solaire LTE (Plo\u00ebrmel) de 1500Wc &gt;1785Wc 6 modules solaires de 250Wc+ 2 batteries AGM VITRON 12V\/220Ah +r\u00e9gulateur de charges avec afficheur de production r\u00e9elle + convertisseur 12V\/220V et son automate:<br \/>\nJ&rsquo;ai 200 \u20ac d&rsquo;\u00e9lectricit\u00e9 par an pour une conso de 550kWh \u00e0 maxi 600kWh\/an quand bricolage :<br \/>\n&#8211; chauffe eau \u00e9lectrique de 50L avec r\u00e9sistance entour\u00e9e de st\u00e9atite + cuiseur solaire &gt;60\u00b0d&rsquo;eau<br \/>\nchaude + douche solaire<br \/>\n&#8211; Cuisson duo \u00e9lectrique de cuisine + thermo norv\u00e9gien finissant les cuisson, Fatapera \u00e0 charbon de bois, Petit po\u00eale \u00e9conome de Bolivia Inti, Four capteur solaire l\u00e9ger et mon camping-gaz si besoin<br \/>\n&#8211; lave-linge AAA+ pompe \u00e0 eau de pluie<br \/>\n&#8211; aspirateur<br \/>\n&#8211; tondeuse \u00e9lectrique de 1400W<br \/>\n<strong>d) Protection eau pour Chimico-Hyper-Sensibilit\u00e9<\/strong><br \/>\nIl est indispensable de bien filtrer l&rsquo;eau de distribution \u00e0 cause des 65000T de pesticides devers\u00e9s chaque ann\u00e9e sur la France qui polluent les eaux et les pluies,Bretagne industrielle-agroalimentaire<br \/>\n&#8211; Filtration eau de distribution SAUR : sur lavabo : Filtrage c\u00e9ramique + charbon de bois condens\u00e9<br \/>\net sur \u00e9vier duo c\u00e9ramique \u00e0 charbon + filtre \u00e0 nitrates de Doulton chez Aqua-Techniques<br \/>\n&#8211; \u00c9nergisation de l&rsquo;eau filtr\u00e9e par plaque de shungite sous c\u00e9ramique aimat\u00e9e + perles inform\u00e9es de EM micro-organismes efficaces + Cleanergy H2O et booster donne une eau th\u00e9rapeutique.<br \/>\n+ dans le cadre du programme Eau et Rivi\u00e8re de Guigamp \u00e0 chaque robinet et pour la douche \u00e9conomiseurs de d\u00e9bit d&rsquo;eau r\u00e9glable de 0 \u00e0 7 L par cl\u00e9 al\u00e8ne fine(=&gt; diminution de ma conso de 1000L=1m3 sur 1 an. J&rsquo;ai 3m3\/an maintenant.<br \/>\nREGRET: impossibilit\u00e9 de monter une plomberie correcte en France avec des tuyaux NUPI de polypropyl\u00e8ne soud\u00e9 sur lui-m\u00eame, car bien que distribu\u00e9 dans tous les pays d&rsquo;Europe occidentale, les plombiers fran\u00e7ais de place que du cuivre, m\u00eame en z\u00f4nes d&rsquo;eaux acides ou du poly\u00e9thyl\u00e8ne formateur de film bact\u00e9riens !!!<br \/>\n&#8211; Citerne d&rsquo;eau de pluie de 7000L en b\u00e9ton de Rumbeke\/Gand.be rehausse de 60cm\/2 cercles de b\u00e9ton pour \u00e9viter encrassement aux argiles de ruissellement&gt;Filtration eau de pluie venant du toit d&rsquo;ardoises (min\u00e9ral):<br \/>\n&#8211; Cr\u00e9pine en toiture puis Bas nylon en descente de toiture<br \/>\n&#8211; Pr\u00e9filtration avant la citerne<br \/>\n&#8211; Relevage Pompe Wilo-rain System AF Basic de chez Is&rsquo;eau \u00e9nergie plac\u00e9 par Id&rsquo;environnement encore filtr\u00e9e par tissus coton \u00e9pais avant lessive<br \/>\n&#8211; WC \u00e0 chasse d&rsquo;eau EP \u00e9conome 1,5\/3L par adduction de poche de 1,5L d&rsquo;eau<br \/>\n+ \u00e0 l&rsquo;\u00e9tage, toilettes s\u00e8ches en principe de s\u00e9paration urine et f\u00e8ces<br \/>\n&#8211; Une cuve s\u00e9par\u00e9e reprend le surplus du toit v\u00e9g\u00e9tal pour arroser le potager<br \/>\n&#8211; La cuve libre derri\u00e8re le garage prend l&rsquo;eau qui tombe du ciel pour les nettoyages ext\u00e9rieurs car le toit de bardeaux de red cedar ne convient pas \u00e0 la r\u00e9cup\u00e9ration de l&rsquo;eau trop moussue.<br \/>\nJe consomme 3-4 m3 maximum d&rsquo;eau SAUR\/an + 2m3 eau de pluie\/an.<br \/>\nJe n&#8217;emploie pas de produits toxiques (nettoyages, entretien corporel).<br \/>\nJe mange biologique : l\u00e9gumes non acides de l&rsquo;Amap de Quelenesse \u00e0 Kleg, les fruits m\u00fbrs de mon jardin ou biocoop\u00a0\u00bbCallune\u00a0\u00bb, pas d&rsquo;animaux, ni lactose ni gluten,ni sel, ni sucre<br \/>\nJe me soigne uniquement par hom\u00e9opathie, phytoth\u00e9rapie, fleurs de Bach sans alcool, et HE de m\u00eame que mon jardin (arbres fruitiers).<br \/>\n<strong>e) Transport<\/strong> : covoiturage et\/ou ma voiture \u00e9cologique de 11 ans VW lupo TDi 3L\/100km(CO 81gr+ filtre Nx) qui me sert aussi de camping-car lors de mes d\u00e9placement de stages.<br \/>\nLes \u00e9conomies d&rsquo;eau et d&rsquo;\u00e9lectricit\u00e9 sont possibles et r\u00e9elles en profitant \u00e0 l&rsquo;environnement.<br \/>\nJe compte me d\u00e9connecter de ErDF et de la SAUR d\u00e8s l&rsquo;annonce des compteurs t\u00e9l\u00e9relevables \u00e0 radiofr\u00e9quences de micro-ondes et CPL, toxiques pour la sant\u00e9, intrusifs, piratables, non lisibles on\u00e9reux, inutiles pour pouvoir diminuer sa consomation et incendiaire, refus\u00e9s (par plusieurs milliers de particuliers, Caen et plus de 200 villes fran\u00e7aises, la Belgique, l&rsquo;Allemagne&#8230;) et abandonn\u00e9s d\u00e9j\u00e0 par plusieurs pays (Californie, Canada &#8230;)<br \/>\nNB : J&rsquo;ai r\u00e9nov\u00e9 et construit 9 maisons et un magasin de pianos de 400 m\u00b2 avec mes mains et leurs intelligences pratiques; pour toutes mes constructions de maisons \u00e9cologiques, je me r\u00e9f\u00e8re aux recherches de hauts rendements des universit\u00e9s de Rennes &amp; Louvain-la-Neuve.<br \/>\n<strong>f) Conscience active et militante<\/strong><br \/>\ndans les luttes contre le gaspillage des grands chantiers inutiles de l&rsquo;\u00e9tat \u00e0 la solde du priv\u00e9, du nucl\u00e9aire mortif\u00e8re et irresponsable, des lobbys pharmaceutiques, des OGM.<br \/>\nJe me situe dans une \u00e9conomie d\u00e9croissante, de recyclage maximum, d&rsquo;\u00e9changes, d&rsquo;achats aupr\u00e8s des petits producteurs locaux et BIO pour r\u00e9pondre \u00e0 mes besoins, ou dans les recycleries (Emma\u00fcs &#8230;, le Bon Coin)<\/p>\n<p style=\"text-align: right;\"><strong>France D<\/strong><\/p>\n","protected":false},"excerpt":{"rendered":"<p>Dans \u00c9co-hameau Oglenn ar Vourc&rsquo;h, 14, All\u00e9e des Ch\u00e2taigniers, 56480 &#8211; Silfiac I. Projet SENS de cette construction de 100 m\u00b2 sur ce petit terrain de 625 m\u00b2 AUTONOMIE et SIMPLICIT\u00c9 VOLONTAIRE D\u00c9CROISSANTE dans le RESPECT FONDAMENTAL de l&rsquo;ENVIRONNEMENT et de ses r\u00e8gles \u00e9nerg\u00e9tiques universelles II. JARDIN Feng Shui de &#8230; <\/p>\n<div><a href=\"https:\/\/www.altercampagne.net\/?p=5767\" class=\"more-link\">Read More<\/a><\/div>\n","protected":false},"author":214,"featured_media":15536,"comment_status":"closed","ping_status":"closed","sticky":false,"template":"","format":"standard","meta":{"footnotes":""},"categories":[3472,3459,3485],"tags":[20,383,412,1652,2632,2633,2634,2846,2849,2850,2851],"class_list":["post-5767","post","type-post","status-publish","format-standard","has-post-thumbnail","hentry","category-bretagne","category-edition-2016","category-habitat","tag-bretagne","tag-altertour-2016","tag-morbihan","tag-1652","tag-silfiac","tag-oglenn-ar-vourch","tag-france-darimont","tag-accueillant","tag-accueillant2016","tag-accueillant-2016","tag-altertour2016"],"yoast_head":"<!-- This site is optimized with the Yoast SEO plugin v27.3 - https:\/\/yoast.com\/product\/yoast-seo-wordpress\/ -->\n<title>Etape du 9 ao\u00fbt : Visite de la maison passive de France Darimont dans le Eco-hameau Oglenn ar Vourc&#039;h - AlterTour<\/title>\n<meta name=\"robots\" content=\"index, follow, max-snippet:-1, max-image-preview:large, max-video-preview:-1\" \/>\n<link rel=\"canonical\" href=\"https:\/\/www.altercampagne.net\/?p=5767\" \/>\n<meta property=\"og:locale\" content=\"fr_FR\" \/>\n<meta property=\"og:type\" content=\"article\" \/>\n<meta property=\"og:title\" content=\"Etape du 9 ao\u00fbt : Visite de la maison passive de France Darimont dans le Eco-hameau Oglenn ar Vourc&#039;h - AlterTour\" \/>\n<meta property=\"og:description\" content=\"Dans \u00c9co-hameau Oglenn ar Vourc&rsquo;h, 14, All\u00e9e des Ch\u00e2taigniers, 56480 &#8211; Silfiac I. Projet SENS de cette construction de 100 m\u00b2 sur ce petit terrain de 625 m\u00b2 AUTONOMIE et SIMPLICIT\u00c9 VOLONTAIRE D\u00c9CROISSANTE dans le RESPECT FONDAMENTAL de l&rsquo;ENVIRONNEMENT et de ses r\u00e8gles \u00e9nerg\u00e9tiques universelles II. JARDIN Feng Shui de ... Read More\" \/>\n<meta property=\"og:url\" content=\"https:\/\/www.altercampagne.net\/?p=5767\" \/>\n<meta property=\"og:site_name\" content=\"AlterTour\" \/>\n<meta property=\"article:published_time\" content=\"2016-08-09T15:59:22+00:00\" \/>\n<meta property=\"article:modified_time\" content=\"2019-09-13T16:38:15+00:00\" \/>\n<meta property=\"og:image\" content=\"https:\/\/www.altercampagne.net\/wp-content\/uploads\/2016\/08\/2016-08-09_11.16.jpg\" \/>\n\t<meta property=\"og:image:width\" content=\"902\" \/>\n\t<meta property=\"og:image:height\" content=\"472\" \/>\n\t<meta property=\"og:image:type\" content=\"image\/jpeg\" \/>\n<meta name=\"author\" content=\"Mathieu\" \/>\n<meta name=\"twitter:card\" content=\"summary_large_image\" \/>\n<meta name=\"twitter:label1\" content=\"\u00c9crit par\" \/>\n\t<meta name=\"twitter:data1\" content=\"Mathieu\" \/>\n\t<meta name=\"twitter:label2\" content=\"Dur\u00e9e de lecture estim\u00e9e\" \/>\n\t<meta name=\"twitter:data2\" content=\"9 minutes\" \/>\n<script type=\"application\/ld+json\" class=\"yoast-schema-graph\">{\"@context\":\"https:\\\/\\\/schema.org\",\"@graph\":[{\"@type\":\"Article\",\"@id\":\"https:\\\/\\\/www.altercampagne.net\\\/?p=5767#article\",\"isPartOf\":{\"@id\":\"https:\\\/\\\/www.altercampagne.net\\\/?p=5767\"},\"author\":{\"name\":\"Mathieu\",\"@id\":\"https:\\\/\\\/www.altercampagne.net\\\/#\\\/schema\\\/person\\\/0f261460c09e430caa0f9bcffa319109\"},\"headline\":\"Etape du 9 ao\u00fbt : Visite de la maison passive de France Darimont dans le Eco-hameau Oglenn ar Vourc&rsquo;h\",\"datePublished\":\"2016-08-09T15:59:22+00:00\",\"dateModified\":\"2019-09-13T16:38:15+00:00\",\"mainEntityOfPage\":{\"@id\":\"https:\\\/\\\/www.altercampagne.net\\\/?p=5767\"},\"wordCount\":1769,\"image\":{\"@id\":\"https:\\\/\\\/www.altercampagne.net\\\/?p=5767#primaryimage\"},\"thumbnailUrl\":\"https:\\\/\\\/www.altercampagne.net\\\/wp-content\\\/uploads\\\/2016\\\/08\\\/2016-08-09_11.16.jpg\",\"keywords\":[\"bretagne\",\"AlterTour 2016\",\"morbihan\",\"2016\",\"Silfiac\",\"Oglenn ar Vourc'h\",\"France Darimont\",\"accueillant\",\"accueillant2016\",\"accueillant 2016\",\"AlterTour2016\"],\"articleSection\":[\"Bretagne\",\"\u00c9dition 2016\",\"Habitat\"],\"inLanguage\":\"fr-FR\"},{\"@type\":\"WebPage\",\"@id\":\"https:\\\/\\\/www.altercampagne.net\\\/?p=5767\",\"url\":\"https:\\\/\\\/www.altercampagne.net\\\/?p=5767\",\"name\":\"Etape du 9 ao\u00fbt : Visite de la maison passive de France Darimont dans le Eco-hameau Oglenn ar Vourc'h - AlterTour\",\"isPartOf\":{\"@id\":\"https:\\\/\\\/www.altercampagne.net\\\/#website\"},\"primaryImageOfPage\":{\"@id\":\"https:\\\/\\\/www.altercampagne.net\\\/?p=5767#primaryimage\"},\"image\":{\"@id\":\"https:\\\/\\\/www.altercampagne.net\\\/?p=5767#primaryimage\"},\"thumbnailUrl\":\"https:\\\/\\\/www.altercampagne.net\\\/wp-content\\\/uploads\\\/2016\\\/08\\\/2016-08-09_11.16.jpg\",\"datePublished\":\"2016-08-09T15:59:22+00:00\",\"dateModified\":\"2019-09-13T16:38:15+00:00\",\"author\":{\"@id\":\"https:\\\/\\\/www.altercampagne.net\\\/#\\\/schema\\\/person\\\/0f261460c09e430caa0f9bcffa319109\"},\"breadcrumb\":{\"@id\":\"https:\\\/\\\/www.altercampagne.net\\\/?p=5767#breadcrumb\"},\"inLanguage\":\"fr-FR\",\"potentialAction\":[{\"@type\":\"ReadAction\",\"target\":[\"https:\\\/\\\/www.altercampagne.net\\\/?p=5767\"]}]},{\"@type\":\"ImageObject\",\"inLanguage\":\"fr-FR\",\"@id\":\"https:\\\/\\\/www.altercampagne.net\\\/?p=5767#primaryimage\",\"url\":\"https:\\\/\\\/www.altercampagne.net\\\/wp-content\\\/uploads\\\/2016\\\/08\\\/2016-08-09_11.16.jpg\",\"contentUrl\":\"https:\\\/\\\/www.altercampagne.net\\\/wp-content\\\/uploads\\\/2016\\\/08\\\/2016-08-09_11.16.jpg\",\"width\":902,\"height\":472},{\"@type\":\"BreadcrumbList\",\"@id\":\"https:\\\/\\\/www.altercampagne.net\\\/?p=5767#breadcrumb\",\"itemListElement\":[{\"@type\":\"ListItem\",\"position\":1,\"name\":\"Accueil\",\"item\":\"https:\\\/\\\/www.altercampagne.net\\\/\"},{\"@type\":\"ListItem\",\"position\":2,\"name\":\"Etape du 9 ao\u00fbt : Visite de la maison passive de France Darimont dans le Eco-hameau Oglenn ar Vourc&rsquo;h\"}]},{\"@type\":\"WebSite\",\"@id\":\"https:\\\/\\\/www.altercampagne.net\\\/#website\",\"url\":\"https:\\\/\\\/www.altercampagne.net\\\/\",\"name\":\"AlterTour\",\"description\":\"Reliez les Alternatives \u00e0 v\u00e9lo\",\"potentialAction\":[{\"@type\":\"SearchAction\",\"target\":{\"@type\":\"EntryPoint\",\"urlTemplate\":\"https:\\\/\\\/www.altercampagne.net\\\/?s={search_term_string}\"},\"query-input\":{\"@type\":\"PropertyValueSpecification\",\"valueRequired\":true,\"valueName\":\"search_term_string\"}}],\"inLanguage\":\"fr-FR\"},{\"@type\":\"Person\",\"@id\":\"https:\\\/\\\/www.altercampagne.net\\\/#\\\/schema\\\/person\\\/0f261460c09e430caa0f9bcffa319109\",\"name\":\"Mathieu\",\"image\":{\"@type\":\"ImageObject\",\"inLanguage\":\"fr-FR\",\"@id\":\"https:\\\/\\\/secure.gravatar.com\\\/avatar\\\/aa9d3d24c83f2141e5e2709d0f63d09a99f6be6bb7a50abc4915838d9f54501a?s=96&d=mm&r=g\",\"url\":\"https:\\\/\\\/secure.gravatar.com\\\/avatar\\\/aa9d3d24c83f2141e5e2709d0f63d09a99f6be6bb7a50abc4915838d9f54501a?s=96&d=mm&r=g\",\"contentUrl\":\"https:\\\/\\\/secure.gravatar.com\\\/avatar\\\/aa9d3d24c83f2141e5e2709d0f63d09a99f6be6bb7a50abc4915838d9f54501a?s=96&d=mm&r=g\",\"caption\":\"Mathieu\"},\"url\":\"https:\\\/\\\/www.altercampagne.net\\\/?author=214\"}]}<\/script>\n<!-- \/ Yoast SEO plugin. -->","yoast_head_json":{"title":"Etape du 9 ao\u00fbt : Visite de la maison passive de France Darimont dans le Eco-hameau Oglenn ar Vourc'h - AlterTour","robots":{"index":"index","follow":"follow","max-snippet":"max-snippet:-1","max-image-preview":"max-image-preview:large","max-video-preview":"max-video-preview:-1"},"canonical":"https:\/\/www.altercampagne.net\/?p=5767","og_locale":"fr_FR","og_type":"article","og_title":"Etape du 9 ao\u00fbt : Visite de la maison passive de France Darimont dans le Eco-hameau Oglenn ar Vourc'h - AlterTour","og_description":"Dans \u00c9co-hameau Oglenn ar Vourc&rsquo;h, 14, All\u00e9e des Ch\u00e2taigniers, 56480 &#8211; Silfiac I. Projet SENS de cette construction de 100 m\u00b2 sur ce petit terrain de 625 m\u00b2 AUTONOMIE et SIMPLICIT\u00c9 VOLONTAIRE D\u00c9CROISSANTE dans le RESPECT FONDAMENTAL de l&rsquo;ENVIRONNEMENT et de ses r\u00e8gles \u00e9nerg\u00e9tiques universelles II. JARDIN Feng Shui de ... Read More","og_url":"https:\/\/www.altercampagne.net\/?p=5767","og_site_name":"AlterTour","article_published_time":"2016-08-09T15:59:22+00:00","article_modified_time":"2019-09-13T16:38:15+00:00","og_image":[{"width":902,"height":472,"url":"https:\/\/www.altercampagne.net\/wp-content\/uploads\/2016\/08\/2016-08-09_11.16.jpg","type":"image\/jpeg"}],"author":"Mathieu","twitter_card":"summary_large_image","twitter_misc":{"\u00c9crit par":"Mathieu","Dur\u00e9e de lecture estim\u00e9e":"9 minutes"},"schema":{"@context":"https:\/\/schema.org","@graph":[{"@type":"Article","@id":"https:\/\/www.altercampagne.net\/?p=5767#article","isPartOf":{"@id":"https:\/\/www.altercampagne.net\/?p=5767"},"author":{"name":"Mathieu","@id":"https:\/\/www.altercampagne.net\/#\/schema\/person\/0f261460c09e430caa0f9bcffa319109"},"headline":"Etape du 9 ao\u00fbt : Visite de la maison passive de France Darimont dans le Eco-hameau Oglenn ar Vourc&rsquo;h","datePublished":"2016-08-09T15:59:22+00:00","dateModified":"2019-09-13T16:38:15+00:00","mainEntityOfPage":{"@id":"https:\/\/www.altercampagne.net\/?p=5767"},"wordCount":1769,"image":{"@id":"https:\/\/www.altercampagne.net\/?p=5767#primaryimage"},"thumbnailUrl":"https:\/\/www.altercampagne.net\/wp-content\/uploads\/2016\/08\/2016-08-09_11.16.jpg","keywords":["bretagne","AlterTour 2016","morbihan","2016","Silfiac","Oglenn ar Vourc'h","France Darimont","accueillant","accueillant2016","accueillant 2016","AlterTour2016"],"articleSection":["Bretagne","\u00c9dition 2016","Habitat"],"inLanguage":"fr-FR"},{"@type":"WebPage","@id":"https:\/\/www.altercampagne.net\/?p=5767","url":"https:\/\/www.altercampagne.net\/?p=5767","name":"Etape du 9 ao\u00fbt : Visite de la maison passive de France Darimont dans le Eco-hameau Oglenn ar Vourc'h - AlterTour","isPartOf":{"@id":"https:\/\/www.altercampagne.net\/#website"},"primaryImageOfPage":{"@id":"https:\/\/www.altercampagne.net\/?p=5767#primaryimage"},"image":{"@id":"https:\/\/www.altercampagne.net\/?p=5767#primaryimage"},"thumbnailUrl":"https:\/\/www.altercampagne.net\/wp-content\/uploads\/2016\/08\/2016-08-09_11.16.jpg","datePublished":"2016-08-09T15:59:22+00:00","dateModified":"2019-09-13T16:38:15+00:00","author":{"@id":"https:\/\/www.altercampagne.net\/#\/schema\/person\/0f261460c09e430caa0f9bcffa319109"},"breadcrumb":{"@id":"https:\/\/www.altercampagne.net\/?p=5767#breadcrumb"},"inLanguage":"fr-FR","potentialAction":[{"@type":"ReadAction","target":["https:\/\/www.altercampagne.net\/?p=5767"]}]},{"@type":"ImageObject","inLanguage":"fr-FR","@id":"https:\/\/www.altercampagne.net\/?p=5767#primaryimage","url":"https:\/\/www.altercampagne.net\/wp-content\/uploads\/2016\/08\/2016-08-09_11.16.jpg","contentUrl":"https:\/\/www.altercampagne.net\/wp-content\/uploads\/2016\/08\/2016-08-09_11.16.jpg","width":902,"height":472},{"@type":"BreadcrumbList","@id":"https:\/\/www.altercampagne.net\/?p=5767#breadcrumb","itemListElement":[{"@type":"ListItem","position":1,"name":"Accueil","item":"https:\/\/www.altercampagne.net\/"},{"@type":"ListItem","position":2,"name":"Etape du 9 ao\u00fbt : Visite de la maison passive de France Darimont dans le Eco-hameau Oglenn ar Vourc&rsquo;h"}]},{"@type":"WebSite","@id":"https:\/\/www.altercampagne.net\/#website","url":"https:\/\/www.altercampagne.net\/","name":"AlterTour","description":"Reliez les Alternatives \u00e0 v\u00e9lo","potentialAction":[{"@type":"SearchAction","target":{"@type":"EntryPoint","urlTemplate":"https:\/\/www.altercampagne.net\/?s={search_term_string}"},"query-input":{"@type":"PropertyValueSpecification","valueRequired":true,"valueName":"search_term_string"}}],"inLanguage":"fr-FR"},{"@type":"Person","@id":"https:\/\/www.altercampagne.net\/#\/schema\/person\/0f261460c09e430caa0f9bcffa319109","name":"Mathieu","image":{"@type":"ImageObject","inLanguage":"fr-FR","@id":"https:\/\/secure.gravatar.com\/avatar\/aa9d3d24c83f2141e5e2709d0f63d09a99f6be6bb7a50abc4915838d9f54501a?s=96&d=mm&r=g","url":"https:\/\/secure.gravatar.com\/avatar\/aa9d3d24c83f2141e5e2709d0f63d09a99f6be6bb7a50abc4915838d9f54501a?s=96&d=mm&r=g","contentUrl":"https:\/\/secure.gravatar.com\/avatar\/aa9d3d24c83f2141e5e2709d0f63d09a99f6be6bb7a50abc4915838d9f54501a?s=96&d=mm&r=g","caption":"Mathieu"},"url":"https:\/\/www.altercampagne.net\/?author=214"}]}},"_links":{"self":[{"href":"https:\/\/www.altercampagne.net\/index.php?rest_route=\/wp\/v2\/posts\/5767","targetHints":{"allow":["GET"]}}],"collection":[{"href":"https:\/\/www.altercampagne.net\/index.php?rest_route=\/wp\/v2\/posts"}],"about":[{"href":"https:\/\/www.altercampagne.net\/index.php?rest_route=\/wp\/v2\/types\/post"}],"author":[{"embeddable":true,"href":"https:\/\/www.altercampagne.net\/index.php?rest_route=\/wp\/v2\/users\/214"}],"replies":[{"embeddable":true,"href":"https:\/\/www.altercampagne.net\/index.php?rest_route=%2Fwp%2Fv2%2Fcomments&post=5767"}],"version-history":[{"count":0,"href":"https:\/\/www.altercampagne.net\/index.php?rest_route=\/wp\/v2\/posts\/5767\/revisions"}],"wp:featuredmedia":[{"embeddable":true,"href":"https:\/\/www.altercampagne.net\/index.php?rest_route=\/wp\/v2\/media\/15536"}],"wp:attachment":[{"href":"https:\/\/www.altercampagne.net\/index.php?rest_route=%2Fwp%2Fv2%2Fmedia&parent=5767"}],"wp:term":[{"taxonomy":"category","embeddable":true,"href":"https:\/\/www.altercampagne.net\/index.php?rest_route=%2Fwp%2Fv2%2Fcategories&post=5767"},{"taxonomy":"post_tag","embeddable":true,"href":"https:\/\/www.altercampagne.net\/index.php?rest_route=%2Fwp%2Fv2%2Ftags&post=5767"}],"curies":[{"name":"wp","href":"https:\/\/api.w.org\/{rel}","templated":true}]}}