{"id":5772,"date":"2016-08-09T21:21:27","date_gmt":"2016-08-09T19:21:27","guid":{"rendered":"http:\/\/www.altercampagne.net\/?p=5772"},"modified":"2019-09-13T18:36:30","modified_gmt":"2019-09-13T16:36:30","slug":"etape-du-9-aout-le-lotissement-ecologique-de-silfiac","status":"publish","type":"post","link":"https:\/\/www.altercampagne.net\/?p=5772","title":{"rendered":"\u00c9tape du 9 ao\u00fbt : le lotissement \u00e9cologique de Silfiac"},"content":{"rendered":"<p>Au revoir \u00e0 l\u2019Oasis Kerlanic (Pl\u00e9lauff) et arriv\u00e9e \u00e0 Silfiac (Silieg) apr\u00e8s une petite \u00e9tape d\u2019une dizaine de kilom\u00e8tres sous un soleil bienfaisant (apr\u00e8s, c\u2019est une autre histoire ; le ciel de Bretagne int\u00e9rieure alterne le chaud et le frisquet \u00e0 haute fr\u00e9quence).<br \/>\nAccueil en fanfare au pied de l\u2019\u00e9glise, par H\u00e9l\u00e8ne, le violon \u00e0 l\u2019\u00e9paule. Elle est habitante du lotissement \u00e9cologique de Silfiac et nous a concoct\u00e9 un programme en b\u00e9ton (arm\u00e9) pour la matin\u00e9e, l&rsquo;apr\u00e8s-midi et la soir\u00e9e. Imm\u00e9diatement, le groupe se s\u00e9pare en sous-groupes ; l\u2019un pour aller voir la r\u00e9serve naturelle de Silfiac \u00e9co-p\u00e2tur\u00e9e par des brebis ; l\u2019autre pour visiter le fournil de Pierrick : paysan-boulanger qui travaille la terre avec des chevaux ; un autre pour visiter le lotissement \u00e9cologique et d\u2019autres projets communaux (comme un b\u00e2timent \u00e9cologique abritant dans une perspective interg\u00e9n\u00e9rationnelle une cr\u00e8che et une infrastructure pour seniors) et enfin des visites chez des particuliers du lotissement \u00e9cologique : une maison \u00e9cologique construite en paille, une autre \u00e9galement en paille avec eau chaude solaire et four solaire et une maison passive et autonome r\u00e9fl\u00e9chie pour une personne \u00e9lectro-sensible.<br \/>\nUn petit coup de projo sur cette maison et sa propri\u00e9taire. France Darimont a d\u00e9sir\u00e9 y insuffler les principes d\u2019autonomie, de simplicit\u00e9 volontaire et de respect fondamental de l\u2019environnement et de ses r\u00e8gles \u00e9nerg\u00e9tiques (y incluant plus qu\u2019un zeste de Feng Shui).<br \/>\nPourquoi cette motivation pour un lieu de vie sans pollution \u00e9lectro-magn\u00e9tique ?<br \/>\nFrance Darimont s\u2019est r\u00e9v\u00e9l\u00e9e \u00e9lectro-sensible au contact des ordinateurs et des portables. \u00ab Mon cerveau s\u2019arr\u00eatait \u00bb. Probl\u00e8me de concentration, de m\u00e9moire, de raisonnement \u2026 au point de ne plus, par exemple, savoir o\u00f9 \u00e9tait gar\u00e9e sa voiture et de perdre le sens de l\u2019orientation. Elle vit donc aujourd\u2019hui sans portable, sans ondes DECT, sans micro-ondes, sans Wi-fi . Seul un ordinateur portable filaire reli\u00e9 \u00e0 un modem a pu p\u00e9n\u00e9trer son espace. Elle a \u00e9quip\u00e9 sa maison, entre autre, d\u2019un voilage au-dessus de son lit contenant une trame d\u2019argent et de cuivre (fabricant belge), de c\u00e2blage VMVB (contenant une gaine d\u2019aluminium et une de ferrite), des biorupteurs, des mises \u00e0 la terre (comme une plaque de zinc sous ses pieds), \u2026.<br \/>\nEn ce qui concerne la passivit\u00e9 de son logement, elle l\u2019a obtenue en r\u00e9duisant au maximum sa consommation d\u2019\u00e9nergie (seul, la nuit, un frigo est branch\u00e9) et en l\u2019orientant (la v\u00e9randa, principale pourvoyeuse de chaleur est orient\u00e9e au sud-est) et l\u2019isolant avec justesse (double et triple vitrage, fondations en blocs de lave et chaux imperm\u00e9ables \u00e0 l\u2019eau, \u2026..)<br \/>\nSa principale source d\u2019inspiration : \u00abGuide de l\u2019architecture bioclimatique \u00bb, Alain Li\u00e9bard et Andr\u00e9 de Herde, ISBN : 2-9501689-5-7, (6 vol.).<\/p>\n<p>Pendant l\u2019apr\u00e8s-midi, plusieurs ateliers ont \u00e9t\u00e9 organis\u00e9s :<br \/>\n&#8211; jus de pomme, d\u00e9sherbage, r\u00e9paration v\u00e9lo ;<br \/>\n&#8211; mixer sa soupe en p\u00e9dalant, o\u00f9 il est question d\u2019un syst\u00e8me m\u00e9canique (tel une dynamo) roulant sur la roue arri\u00e8re d\u2019un v\u00e9lo immobilis\u00e9 qui entra\u00eene les lamelles du mixer ;<br \/>\n&#8211; apprendre \u00e0 greffer, o\u00f9 il est question de greffe \u00e0 l\u2019anglaise, \u00e0 l\u2019\u00e9cusson, \u2026<br \/>\n&#8211; fabrication de panneaux contre les projets miniers, o\u00f9 il est question de d\u00e9couvertes potentielles de minerais (or, argent, plomb, tungst\u00e8ne, \u2026) dans le sous-sol local, en sachant qu\u2019en France, les propri\u00e9taires de terrains ne le sont que sur une \u00e9paisseur de 60 cm ; le reste du sous-sol appartenant \u00e0 l\u2019\u00c9tat qui peut accorder des concessions d\u2019exploitation \u00e0 des entreprises priv\u00e9es.<br \/>\nVoir : <a href=\"http:\/\/attentionmines.jimdo.com\/\" target=\"_blank\" rel=\"noopener noreferrer\">www.attentionmines.jimdo.com<\/a><\/p>\n<p style=\"text-align: right;\"><strong>Dominique<\/strong><\/p>\n","protected":false},"excerpt":{"rendered":"<p>Au revoir \u00e0 l\u2019Oasis Kerlanic (Pl\u00e9lauff) et arriv\u00e9e \u00e0 Silfiac (Silieg) apr\u00e8s une petite \u00e9tape d\u2019une dizaine de kilom\u00e8tres sous un soleil bienfaisant (apr\u00e8s, c\u2019est une autre histoire ; le ciel de Bretagne int\u00e9rieure alterne le chaud et le frisquet \u00e0 haute fr\u00e9quence). Accueil en fanfare au pied de l\u2019\u00e9glise, &#8230; <\/p>\n<div><a href=\"https:\/\/www.altercampagne.net\/?p=5772\" class=\"more-link\">Read More<\/a><\/div>\n","protected":false},"author":214,"featured_media":15532,"comment_status":"closed","ping_status":"closed","sticky":false,"template":"","format":"standard","meta":{"footnotes":""},"categories":[3472,3459,3485],"tags":[20,383,412,1652,2632,2634,2635,2704,2846,2849,2850,2851],"class_list":["post-5772","post","type-post","status-publish","format-standard","has-post-thumbnail","hentry","category-bretagne","category-edition-2016","category-habitat","tag-bretagne","tag-altertour-2016","tag-morbihan","tag-1652","tag-silfiac","tag-france-darimont","tag-lotissement-ecologique","tag-alterjournaliste","tag-accueillant","tag-accueillant2016","tag-accueillant-2016","tag-altertour2016"],"yoast_head":"<!-- This site is optimized with the Yoast SEO plugin v27.3 - https:\/\/yoast.com\/product\/yoast-seo-wordpress\/ -->\n<title>\u00c9tape du 9 ao\u00fbt : le lotissement \u00e9cologique de Silfiac - AlterTour<\/title>\n<meta name=\"robots\" content=\"index, follow, max-snippet:-1, max-image-preview:large, max-video-preview:-1\" \/>\n<link rel=\"canonical\" href=\"https:\/\/www.altercampagne.net\/?p=5772\" \/>\n<meta property=\"og:locale\" content=\"fr_FR\" \/>\n<meta property=\"og:type\" content=\"article\" \/>\n<meta property=\"og:title\" content=\"\u00c9tape du 9 ao\u00fbt : le lotissement \u00e9cologique de Silfiac - AlterTour\" \/>\n<meta property=\"og:description\" content=\"Au revoir \u00e0 l\u2019Oasis Kerlanic (Pl\u00e9lauff) et arriv\u00e9e \u00e0 Silfiac (Silieg) apr\u00e8s une petite \u00e9tape d\u2019une dizaine de kilom\u00e8tres sous un soleil bienfaisant (apr\u00e8s, c\u2019est une autre histoire ; le ciel de Bretagne int\u00e9rieure alterne le chaud et le frisquet \u00e0 haute fr\u00e9quence). Accueil en fanfare au pied de l\u2019\u00e9glise, ... Read More\" \/>\n<meta property=\"og:url\" content=\"https:\/\/www.altercampagne.net\/?p=5772\" \/>\n<meta property=\"og:site_name\" content=\"AlterTour\" \/>\n<meta property=\"article:published_time\" content=\"2016-08-09T19:21:27+00:00\" \/>\n<meta property=\"article:modified_time\" content=\"2019-09-13T16:36:30+00:00\" \/>\n<meta property=\"og:image\" content=\"https:\/\/www.altercampagne.net\/wp-content\/uploads\/2016\/08\/2016-08-09_10.43.jpg\" \/>\n\t<meta property=\"og:image:width\" content=\"902\" \/>\n\t<meta property=\"og:image:height\" content=\"472\" \/>\n\t<meta property=\"og:image:type\" content=\"image\/jpeg\" \/>\n<meta name=\"author\" content=\"Mathieu\" \/>\n<meta name=\"twitter:card\" content=\"summary_large_image\" \/>\n<meta name=\"twitter:label1\" content=\"\u00c9crit par\" \/>\n\t<meta name=\"twitter:data1\" content=\"Mathieu\" \/>\n\t<meta name=\"twitter:label2\" content=\"Dur\u00e9e de lecture estim\u00e9e\" \/>\n\t<meta name=\"twitter:data2\" content=\"3 minutes\" \/>\n<script type=\"application\/ld+json\" class=\"yoast-schema-graph\">{\"@context\":\"https:\\\/\\\/schema.org\",\"@graph\":[{\"@type\":\"Article\",\"@id\":\"https:\\\/\\\/www.altercampagne.net\\\/?p=5772#article\",\"isPartOf\":{\"@id\":\"https:\\\/\\\/www.altercampagne.net\\\/?p=5772\"},\"author\":{\"name\":\"Mathieu\",\"@id\":\"https:\\\/\\\/www.altercampagne.net\\\/#\\\/schema\\\/person\\\/0f261460c09e430caa0f9bcffa319109\"},\"headline\":\"\u00c9tape du 9 ao\u00fbt : le lotissement \u00e9cologique de Silfiac\",\"datePublished\":\"2016-08-09T19:21:27+00:00\",\"dateModified\":\"2019-09-13T16:36:30+00:00\",\"mainEntityOfPage\":{\"@id\":\"https:\\\/\\\/www.altercampagne.net\\\/?p=5772\"},\"wordCount\":639,\"image\":{\"@id\":\"https:\\\/\\\/www.altercampagne.net\\\/?p=5772#primaryimage\"},\"thumbnailUrl\":\"https:\\\/\\\/www.altercampagne.net\\\/wp-content\\\/uploads\\\/2016\\\/08\\\/2016-08-09_10.43.jpg\",\"keywords\":[\"bretagne\",\"AlterTour 2016\",\"morbihan\",\"2016\",\"Silfiac\",\"France Darimont\",\"lotissement \u00e9cologique\",\"alterjournaliste\",\"accueillant\",\"accueillant2016\",\"accueillant 2016\",\"AlterTour2016\"],\"articleSection\":[\"Bretagne\",\"\u00c9dition 2016\",\"Habitat\"],\"inLanguage\":\"fr-FR\"},{\"@type\":\"WebPage\",\"@id\":\"https:\\\/\\\/www.altercampagne.net\\\/?p=5772\",\"url\":\"https:\\\/\\\/www.altercampagne.net\\\/?p=5772\",\"name\":\"\u00c9tape du 9 ao\u00fbt : le lotissement \u00e9cologique de Silfiac - AlterTour\",\"isPartOf\":{\"@id\":\"https:\\\/\\\/www.altercampagne.net\\\/#website\"},\"primaryImageOfPage\":{\"@id\":\"https:\\\/\\\/www.altercampagne.net\\\/?p=5772#primaryimage\"},\"image\":{\"@id\":\"https:\\\/\\\/www.altercampagne.net\\\/?p=5772#primaryimage\"},\"thumbnailUrl\":\"https:\\\/\\\/www.altercampagne.net\\\/wp-content\\\/uploads\\\/2016\\\/08\\\/2016-08-09_10.43.jpg\",\"datePublished\":\"2016-08-09T19:21:27+00:00\",\"dateModified\":\"2019-09-13T16:36:30+00:00\",\"author\":{\"@id\":\"https:\\\/\\\/www.altercampagne.net\\\/#\\\/schema\\\/person\\\/0f261460c09e430caa0f9bcffa319109\"},\"breadcrumb\":{\"@id\":\"https:\\\/\\\/www.altercampagne.net\\\/?p=5772#breadcrumb\"},\"inLanguage\":\"fr-FR\",\"potentialAction\":[{\"@type\":\"ReadAction\",\"target\":[\"https:\\\/\\\/www.altercampagne.net\\\/?p=5772\"]}]},{\"@type\":\"ImageObject\",\"inLanguage\":\"fr-FR\",\"@id\":\"https:\\\/\\\/www.altercampagne.net\\\/?p=5772#primaryimage\",\"url\":\"https:\\\/\\\/www.altercampagne.net\\\/wp-content\\\/uploads\\\/2016\\\/08\\\/2016-08-09_10.43.jpg\",\"contentUrl\":\"https:\\\/\\\/www.altercampagne.net\\\/wp-content\\\/uploads\\\/2016\\\/08\\\/2016-08-09_10.43.jpg\",\"width\":902,\"height\":472},{\"@type\":\"BreadcrumbList\",\"@id\":\"https:\\\/\\\/www.altercampagne.net\\\/?p=5772#breadcrumb\",\"itemListElement\":[{\"@type\":\"ListItem\",\"position\":1,\"name\":\"Accueil\",\"item\":\"https:\\\/\\\/www.altercampagne.net\\\/\"},{\"@type\":\"ListItem\",\"position\":2,\"name\":\"\u00c9tape du 9 ao\u00fbt : le lotissement \u00e9cologique de Silfiac\"}]},{\"@type\":\"WebSite\",\"@id\":\"https:\\\/\\\/www.altercampagne.net\\\/#website\",\"url\":\"https:\\\/\\\/www.altercampagne.net\\\/\",\"name\":\"AlterTour\",\"description\":\"Reliez les Alternatives \u00e0 v\u00e9lo\",\"potentialAction\":[{\"@type\":\"SearchAction\",\"target\":{\"@type\":\"EntryPoint\",\"urlTemplate\":\"https:\\\/\\\/www.altercampagne.net\\\/?s={search_term_string}\"},\"query-input\":{\"@type\":\"PropertyValueSpecification\",\"valueRequired\":true,\"valueName\":\"search_term_string\"}}],\"inLanguage\":\"fr-FR\"},{\"@type\":\"Person\",\"@id\":\"https:\\\/\\\/www.altercampagne.net\\\/#\\\/schema\\\/person\\\/0f261460c09e430caa0f9bcffa319109\",\"name\":\"Mathieu\",\"image\":{\"@type\":\"ImageObject\",\"inLanguage\":\"fr-FR\",\"@id\":\"https:\\\/\\\/secure.gravatar.com\\\/avatar\\\/aa9d3d24c83f2141e5e2709d0f63d09a99f6be6bb7a50abc4915838d9f54501a?s=96&d=mm&r=g\",\"url\":\"https:\\\/\\\/secure.gravatar.com\\\/avatar\\\/aa9d3d24c83f2141e5e2709d0f63d09a99f6be6bb7a50abc4915838d9f54501a?s=96&d=mm&r=g\",\"contentUrl\":\"https:\\\/\\\/secure.gravatar.com\\\/avatar\\\/aa9d3d24c83f2141e5e2709d0f63d09a99f6be6bb7a50abc4915838d9f54501a?s=96&d=mm&r=g\",\"caption\":\"Mathieu\"},\"url\":\"https:\\\/\\\/www.altercampagne.net\\\/?author=214\"}]}<\/script>\n<!-- \/ Yoast SEO plugin. -->","yoast_head_json":{"title":"\u00c9tape du 9 ao\u00fbt : le lotissement \u00e9cologique de Silfiac - AlterTour","robots":{"index":"index","follow":"follow","max-snippet":"max-snippet:-1","max-image-preview":"max-image-preview:large","max-video-preview":"max-video-preview:-1"},"canonical":"https:\/\/www.altercampagne.net\/?p=5772","og_locale":"fr_FR","og_type":"article","og_title":"\u00c9tape du 9 ao\u00fbt : le lotissement \u00e9cologique de Silfiac - AlterTour","og_description":"Au revoir \u00e0 l\u2019Oasis Kerlanic (Pl\u00e9lauff) et arriv\u00e9e \u00e0 Silfiac (Silieg) apr\u00e8s une petite \u00e9tape d\u2019une dizaine de kilom\u00e8tres sous un soleil bienfaisant (apr\u00e8s, c\u2019est une autre histoire ; le ciel de Bretagne int\u00e9rieure alterne le chaud et le frisquet \u00e0 haute fr\u00e9quence). Accueil en fanfare au pied de l\u2019\u00e9glise, ... Read More","og_url":"https:\/\/www.altercampagne.net\/?p=5772","og_site_name":"AlterTour","article_published_time":"2016-08-09T19:21:27+00:00","article_modified_time":"2019-09-13T16:36:30+00:00","og_image":[{"width":902,"height":472,"url":"https:\/\/www.altercampagne.net\/wp-content\/uploads\/2016\/08\/2016-08-09_10.43.jpg","type":"image\/jpeg"}],"author":"Mathieu","twitter_card":"summary_large_image","twitter_misc":{"\u00c9crit par":"Mathieu","Dur\u00e9e de lecture estim\u00e9e":"3 minutes"},"schema":{"@context":"https:\/\/schema.org","@graph":[{"@type":"Article","@id":"https:\/\/www.altercampagne.net\/?p=5772#article","isPartOf":{"@id":"https:\/\/www.altercampagne.net\/?p=5772"},"author":{"name":"Mathieu","@id":"https:\/\/www.altercampagne.net\/#\/schema\/person\/0f261460c09e430caa0f9bcffa319109"},"headline":"\u00c9tape du 9 ao\u00fbt : le lotissement \u00e9cologique de Silfiac","datePublished":"2016-08-09T19:21:27+00:00","dateModified":"2019-09-13T16:36:30+00:00","mainEntityOfPage":{"@id":"https:\/\/www.altercampagne.net\/?p=5772"},"wordCount":639,"image":{"@id":"https:\/\/www.altercampagne.net\/?p=5772#primaryimage"},"thumbnailUrl":"https:\/\/www.altercampagne.net\/wp-content\/uploads\/2016\/08\/2016-08-09_10.43.jpg","keywords":["bretagne","AlterTour 2016","morbihan","2016","Silfiac","France Darimont","lotissement \u00e9cologique","alterjournaliste","accueillant","accueillant2016","accueillant 2016","AlterTour2016"],"articleSection":["Bretagne","\u00c9dition 2016","Habitat"],"inLanguage":"fr-FR"},{"@type":"WebPage","@id":"https:\/\/www.altercampagne.net\/?p=5772","url":"https:\/\/www.altercampagne.net\/?p=5772","name":"\u00c9tape du 9 ao\u00fbt : le lotissement \u00e9cologique de Silfiac - AlterTour","isPartOf":{"@id":"https:\/\/www.altercampagne.net\/#website"},"primaryImageOfPage":{"@id":"https:\/\/www.altercampagne.net\/?p=5772#primaryimage"},"image":{"@id":"https:\/\/www.altercampagne.net\/?p=5772#primaryimage"},"thumbnailUrl":"https:\/\/www.altercampagne.net\/wp-content\/uploads\/2016\/08\/2016-08-09_10.43.jpg","datePublished":"2016-08-09T19:21:27+00:00","dateModified":"2019-09-13T16:36:30+00:00","author":{"@id":"https:\/\/www.altercampagne.net\/#\/schema\/person\/0f261460c09e430caa0f9bcffa319109"},"breadcrumb":{"@id":"https:\/\/www.altercampagne.net\/?p=5772#breadcrumb"},"inLanguage":"fr-FR","potentialAction":[{"@type":"ReadAction","target":["https:\/\/www.altercampagne.net\/?p=5772"]}]},{"@type":"ImageObject","inLanguage":"fr-FR","@id":"https:\/\/www.altercampagne.net\/?p=5772#primaryimage","url":"https:\/\/www.altercampagne.net\/wp-content\/uploads\/2016\/08\/2016-08-09_10.43.jpg","contentUrl":"https:\/\/www.altercampagne.net\/wp-content\/uploads\/2016\/08\/2016-08-09_10.43.jpg","width":902,"height":472},{"@type":"BreadcrumbList","@id":"https:\/\/www.altercampagne.net\/?p=5772#breadcrumb","itemListElement":[{"@type":"ListItem","position":1,"name":"Accueil","item":"https:\/\/www.altercampagne.net\/"},{"@type":"ListItem","position":2,"name":"\u00c9tape du 9 ao\u00fbt : le lotissement \u00e9cologique de Silfiac"}]},{"@type":"WebSite","@id":"https:\/\/www.altercampagne.net\/#website","url":"https:\/\/www.altercampagne.net\/","name":"AlterTour","description":"Reliez les Alternatives \u00e0 v\u00e9lo","potentialAction":[{"@type":"SearchAction","target":{"@type":"EntryPoint","urlTemplate":"https:\/\/www.altercampagne.net\/?s={search_term_string}"},"query-input":{"@type":"PropertyValueSpecification","valueRequired":true,"valueName":"search_term_string"}}],"inLanguage":"fr-FR"},{"@type":"Person","@id":"https:\/\/www.altercampagne.net\/#\/schema\/person\/0f261460c09e430caa0f9bcffa319109","name":"Mathieu","image":{"@type":"ImageObject","inLanguage":"fr-FR","@id":"https:\/\/secure.gravatar.com\/avatar\/aa9d3d24c83f2141e5e2709d0f63d09a99f6be6bb7a50abc4915838d9f54501a?s=96&d=mm&r=g","url":"https:\/\/secure.gravatar.com\/avatar\/aa9d3d24c83f2141e5e2709d0f63d09a99f6be6bb7a50abc4915838d9f54501a?s=96&d=mm&r=g","contentUrl":"https:\/\/secure.gravatar.com\/avatar\/aa9d3d24c83f2141e5e2709d0f63d09a99f6be6bb7a50abc4915838d9f54501a?s=96&d=mm&r=g","caption":"Mathieu"},"url":"https:\/\/www.altercampagne.net\/?author=214"}]}},"_links":{"self":[{"href":"https:\/\/www.altercampagne.net\/index.php?rest_route=\/wp\/v2\/posts\/5772","targetHints":{"allow":["GET"]}}],"collection":[{"href":"https:\/\/www.altercampagne.net\/index.php?rest_route=\/wp\/v2\/posts"}],"about":[{"href":"https:\/\/www.altercampagne.net\/index.php?rest_route=\/wp\/v2\/types\/post"}],"author":[{"embeddable":true,"href":"https:\/\/www.altercampagne.net\/index.php?rest_route=\/wp\/v2\/users\/214"}],"replies":[{"embeddable":true,"href":"https:\/\/www.altercampagne.net\/index.php?rest_route=%2Fwp%2Fv2%2Fcomments&post=5772"}],"version-history":[{"count":0,"href":"https:\/\/www.altercampagne.net\/index.php?rest_route=\/wp\/v2\/posts\/5772\/revisions"}],"wp:featuredmedia":[{"embeddable":true,"href":"https:\/\/www.altercampagne.net\/index.php?rest_route=\/wp\/v2\/media\/15532"}],"wp:attachment":[{"href":"https:\/\/www.altercampagne.net\/index.php?rest_route=%2Fwp%2Fv2%2Fmedia&parent=5772"}],"wp:term":[{"taxonomy":"category","embeddable":true,"href":"https:\/\/www.altercampagne.net\/index.php?rest_route=%2Fwp%2Fv2%2Fcategories&post=5772"},{"taxonomy":"post_tag","embeddable":true,"href":"https:\/\/www.altercampagne.net\/index.php?rest_route=%2Fwp%2Fv2%2Ftags&post=5772"}],"curies":[{"name":"wp","href":"https:\/\/api.w.org\/{rel}","templated":true}]}}