{"id":5775,"date":"2016-08-11T12:40:11","date_gmt":"2016-08-11T10:40:11","guid":{"rendered":"http:\/\/www.altercampagne.net\/?p=5775"},"modified":"2017-02-09T12:44:07","modified_gmt":"2017-02-09T11:44:07","slug":"alter-tour-une-etape-de-lechappee-belle","status":"publish","type":"post","link":"https:\/\/www.altercampagne.net\/?p=5775","title":{"rendered":"Alter-tour. Une \u00e9tape de l&rsquo;\u00c9chapp\u00e9e belle"},"content":{"rendered":"<p><a href=\"http:\/\/www.altercampagne.net\/wp-content\/uploads\/2016\/08\/pause-pique-nique-pres-de-l-eglise-pour-les-cyclistes-de_3040112_419x330p.jpg\"><img loading=\"lazy\" decoding=\"async\" class=\" size-full wp-image-5776 alignright\" src=\"http:\/\/www.altercampagne.net\/wp-content\/uploads\/2016\/08\/pause-pique-nique-pres-de-l-eglise-pour-les-cyclistes-de_3040112_419x330p.jpg\" alt=\"pause-pique-nique-pres-de-l-eglise-pour-les-cyclistes-de_3040112_419x330p\" width=\"419\" height=\"330\" srcset=\"https:\/\/www.altercampagne.net\/wp-content\/uploads\/2016\/08\/pause-pique-nique-pres-de-l-eglise-pour-les-cyclistes-de_3040112_419x330p.jpg 419w, https:\/\/www.altercampagne.net\/wp-content\/uploads\/2016\/08\/pause-pique-nique-pres-de-l-eglise-pour-les-cyclistes-de_3040112_419x330p-300x236.jpg 300w\" sizes=\"auto, (max-width: 419px) 100vw, 419px\" \/><\/a>Vendredi, un groupe de 18 cyclistes a fait halte sur la pelouse, pr\u00e8s de l&rsquo;\u00e9glise, pour une pause pique-nique. Ils participent, du 23 juillet au 6 ao\u00fbt, \u00e0 l&rsquo;\u00c9chapp\u00e9e belle de l&rsquo;Alter-tour 2016. Alter-tour, c&rsquo;est un parcours \u00e0 v\u00e9lo qui se d\u00e9roule chaque ann\u00e9e, dans une r\u00e9gion diff\u00e9rente, afin de rencontrer des personnes \u00e0 l&rsquo;initiative de projets originaux en lien avec les valeurs de l&rsquo;association : coop\u00e9ration, \u00e9mulation, autogestion, solidarit\u00e9 et \u00ab d\u00e9fense d&rsquo;une consommation responsable, bio et locale \u00bb&#8230; L&rsquo;an pass\u00e9, le th\u00e8me retenu \u00e9tait le climat, en lien avec la Cop 21. Cette ann\u00e9e, il s&rsquo;agit de \u00ab Bien vivre, Bien(s) commun(s) \u00bb. En fonction de son emploi du temps, de ses possibilit\u00e9s physiques et de ses sensibilit\u00e9s, chacun est libre de rouler la distance quotidienne et le nombre d&rsquo;\u00e9tapes qu&rsquo;il veut. \u00ab Chacun s&rsquo;inscrit dans les lieux qu&rsquo;il veut conna\u00eetre. On a des Suisses, des Espagnols, des Belges, des gens de tous les \u00e2ges \u00bb. Deux minibus g\u00e8rent la logistique et prennent en charge les cyclistes fatigu\u00e9s et les bagages. Ce tour de France est parti le 10 juillet de Notre-Dame-des-Landes et s&rsquo;ach\u00e8vera dimanche, \u00e0 \u00c9tel.<\/p>\n<p><strong>D&rsquo;un moulin \u00e0 l&rsquo;autre<\/strong><\/p>\n<p>Les Altercyclistes vont \u00e0 la rencontre des personnes porteuses d&rsquo;alternatives concr\u00e8tes dans tous les domaines : agricole, \u00e9conomique, environnemental, \u00e9ducatif, \u00e9nerg\u00e9tique, social, culturel&#8230; souhaitant que ces d\u00e9marches trouvent un \u00e9cho plus large. Parall\u00e8lement \u00e0 ce tour de France particulier, un petit groupe a choisi une \u00ab \u00c9chapp\u00e9e belle \u00bb sans v\u00e9hicule. Les sacoches des v\u00e9los et les remorques transportent nourriture, tentes, durant ce p\u00e9riple. Le groupe rencontr\u00e9 \u00e0 Sca\u00ebr venait du moulin du Jet, \u00e0 Elliant, o\u00f9 des b\u00e9n\u00e9voles ont cur\u00e9 le bief, avant de se diriger vers Le Saint pour participer \u00e0 un chantier de mara\u00eechage. Ce p\u00e9riple s&rsquo;est achev\u00e9 samedi \u00e0 Ti&rsquo;r\u00e9cup, la ressourcerie de Carhaix. Ce qui les a marqu\u00e9s, en traversant le bourg, c&rsquo;est l&rsquo;abondance des commerces et maisons ferm\u00e9s, reflet d&rsquo;une qui\u00e9tude qui leur a sembl\u00e9 \u00e9trange.<\/p>\n<p>Source : <a href=\"http:\/\/www.letelegramme.fr\/finistere\/scaer\/alter-tour-une-etape-de-l-echappee-belle-11-08-2016-11178431.php\" target=\"_blank\">Le T\u00e9l\u00e9gramme<\/a><\/p>\n","protected":false},"excerpt":{"rendered":"<p>Vendredi, un groupe de 18 cyclistes a fait halte sur la pelouse, pr\u00e8s de l&rsquo;\u00e9glise, pour une pause pique-nique. Ils participent, du 23 juillet au 6 ao\u00fbt, \u00e0 l&rsquo;\u00c9chapp\u00e9e belle de l&rsquo;Alter-tour 2016. Alter-tour, c&rsquo;est un parcours \u00e0 v\u00e9lo qui se d\u00e9roule chaque ann\u00e9e, dans une r\u00e9gion diff\u00e9rente, afin de &#8230; <\/p>\n<div><a href=\"https:\/\/www.altercampagne.net\/?p=5775\" class=\"more-link\">Read More<\/a><\/div>\n","protected":false},"author":214,"featured_media":0,"comment_status":"closed","ping_status":"closed","sticky":false,"template":"","format":"standard","meta":{"footnotes":""},"categories":[239],"tags":[383,410,1652,2460,2578,2636,2637,2638,2639,2640,2846,2849,2850,2851],"class_list":["post-5775","post","type-post","status-publish","format-standard","hentry","category-revue-de-presse","tag-altertour-2016","tag-finistere","tag-1652","tag-echappee-belle","tag-le-telegramme","tag-moulin-du-jet","tag-elliant","tag-tirecup","tag-carhaix","tag-carhaix-plouguer","tag-accueillant","tag-accueillant2016","tag-accueillant-2016","tag-altertour2016","no-post-thumbnail"],"yoast_head":"<!-- This site is optimized with the Yoast SEO plugin v27.3 - https:\/\/yoast.com\/product\/yoast-seo-wordpress\/ -->\n<title>Alter-tour. Une \u00e9tape de l&#039;\u00c9chapp\u00e9e belle - AlterTour<\/title>\n<meta name=\"robots\" content=\"index, follow, max-snippet:-1, max-image-preview:large, max-video-preview:-1\" \/>\n<link rel=\"canonical\" href=\"https:\/\/www.altercampagne.net\/?p=5775\" \/>\n<meta property=\"og:locale\" content=\"fr_FR\" \/>\n<meta property=\"og:type\" content=\"article\" \/>\n<meta property=\"og:title\" content=\"Alter-tour. Une \u00e9tape de l&#039;\u00c9chapp\u00e9e belle - AlterTour\" \/>\n<meta property=\"og:description\" content=\"Vendredi, un groupe de 18 cyclistes a fait halte sur la pelouse, pr\u00e8s de l&rsquo;\u00e9glise, pour une pause pique-nique. Ils participent, du 23 juillet au 6 ao\u00fbt, \u00e0 l&rsquo;\u00c9chapp\u00e9e belle de l&rsquo;Alter-tour 2016. Alter-tour, c&rsquo;est un parcours \u00e0 v\u00e9lo qui se d\u00e9roule chaque ann\u00e9e, dans une r\u00e9gion diff\u00e9rente, afin de ... Read More\" \/>\n<meta property=\"og:url\" content=\"https:\/\/www.altercampagne.net\/?p=5775\" \/>\n<meta property=\"og:site_name\" content=\"AlterTour\" \/>\n<meta property=\"article:published_time\" content=\"2016-08-11T10:40:11+00:00\" \/>\n<meta property=\"article:modified_time\" content=\"2017-02-09T11:44:07+00:00\" \/>\n<meta property=\"og:image\" content=\"http:\/\/www.altercampagne.net\/wp-content\/uploads\/2016\/08\/pause-pique-nique-pres-de-l-eglise-pour-les-cyclistes-de_3040112_419x330p.jpg\" \/>\n<meta name=\"author\" content=\"Mathieu\" \/>\n<meta name=\"twitter:card\" content=\"summary_large_image\" \/>\n<meta name=\"twitter:label1\" content=\"\u00c9crit par\" \/>\n\t<meta name=\"twitter:data1\" content=\"Mathieu\" \/>\n\t<meta name=\"twitter:label2\" content=\"Dur\u00e9e de lecture estim\u00e9e\" \/>\n\t<meta name=\"twitter:data2\" content=\"2 minutes\" \/>\n<script type=\"application\/ld+json\" class=\"yoast-schema-graph\">{\"@context\":\"https:\\\/\\\/schema.org\",\"@graph\":[{\"@type\":\"Article\",\"@id\":\"https:\\\/\\\/www.altercampagne.net\\\/?p=5775#article\",\"isPartOf\":{\"@id\":\"https:\\\/\\\/www.altercampagne.net\\\/?p=5775\"},\"author\":{\"name\":\"Mathieu\",\"@id\":\"https:\\\/\\\/www.altercampagne.net\\\/#\\\/schema\\\/person\\\/0f261460c09e430caa0f9bcffa319109\"},\"headline\":\"Alter-tour. Une \u00e9tape de l&rsquo;\u00c9chapp\u00e9e belle\",\"datePublished\":\"2016-08-11T10:40:11+00:00\",\"dateModified\":\"2017-02-09T11:44:07+00:00\",\"mainEntityOfPage\":{\"@id\":\"https:\\\/\\\/www.altercampagne.net\\\/?p=5775\"},\"wordCount\":370,\"image\":{\"@id\":\"https:\\\/\\\/www.altercampagne.net\\\/?p=5775#primaryimage\"},\"thumbnailUrl\":\"http:\\\/\\\/www.altercampagne.net\\\/wp-content\\\/uploads\\\/2016\\\/08\\\/pause-pique-nique-pres-de-l-eglise-pour-les-cyclistes-de_3040112_419x330p.jpg\",\"keywords\":[\"AlterTour 2016\",\"finist\u00e8re\",\"2016\",\"Echapp\u00e9e Belle\",\"Le t\u00e9l\u00e9gramme\",\"moulin du Jet\",\"Elliant\",\"Ti'r\u00e9cup\",\"Carhaix\",\"Carhaix-Plouguer\",\"accueillant\",\"accueillant2016\",\"accueillant 2016\",\"AlterTour2016\"],\"articleSection\":[\"Revue de presse\"],\"inLanguage\":\"fr-FR\"},{\"@type\":\"WebPage\",\"@id\":\"https:\\\/\\\/www.altercampagne.net\\\/?p=5775\",\"url\":\"https:\\\/\\\/www.altercampagne.net\\\/?p=5775\",\"name\":\"Alter-tour. Une \u00e9tape de l'\u00c9chapp\u00e9e belle - AlterTour\",\"isPartOf\":{\"@id\":\"https:\\\/\\\/www.altercampagne.net\\\/#website\"},\"primaryImageOfPage\":{\"@id\":\"https:\\\/\\\/www.altercampagne.net\\\/?p=5775#primaryimage\"},\"image\":{\"@id\":\"https:\\\/\\\/www.altercampagne.net\\\/?p=5775#primaryimage\"},\"thumbnailUrl\":\"http:\\\/\\\/www.altercampagne.net\\\/wp-content\\\/uploads\\\/2016\\\/08\\\/pause-pique-nique-pres-de-l-eglise-pour-les-cyclistes-de_3040112_419x330p.jpg\",\"datePublished\":\"2016-08-11T10:40:11+00:00\",\"dateModified\":\"2017-02-09T11:44:07+00:00\",\"author\":{\"@id\":\"https:\\\/\\\/www.altercampagne.net\\\/#\\\/schema\\\/person\\\/0f261460c09e430caa0f9bcffa319109\"},\"breadcrumb\":{\"@id\":\"https:\\\/\\\/www.altercampagne.net\\\/?p=5775#breadcrumb\"},\"inLanguage\":\"fr-FR\",\"potentialAction\":[{\"@type\":\"ReadAction\",\"target\":[\"https:\\\/\\\/www.altercampagne.net\\\/?p=5775\"]}]},{\"@type\":\"ImageObject\",\"inLanguage\":\"fr-FR\",\"@id\":\"https:\\\/\\\/www.altercampagne.net\\\/?p=5775#primaryimage\",\"url\":\"http:\\\/\\\/www.altercampagne.net\\\/wp-content\\\/uploads\\\/2016\\\/08\\\/pause-pique-nique-pres-de-l-eglise-pour-les-cyclistes-de_3040112_419x330p.jpg\",\"contentUrl\":\"http:\\\/\\\/www.altercampagne.net\\\/wp-content\\\/uploads\\\/2016\\\/08\\\/pause-pique-nique-pres-de-l-eglise-pour-les-cyclistes-de_3040112_419x330p.jpg\"},{\"@type\":\"BreadcrumbList\",\"@id\":\"https:\\\/\\\/www.altercampagne.net\\\/?p=5775#breadcrumb\",\"itemListElement\":[{\"@type\":\"ListItem\",\"position\":1,\"name\":\"Accueil\",\"item\":\"https:\\\/\\\/www.altercampagne.net\\\/\"},{\"@type\":\"ListItem\",\"position\":2,\"name\":\"Alter-tour. Une \u00e9tape de l&rsquo;\u00c9chapp\u00e9e belle\"}]},{\"@type\":\"WebSite\",\"@id\":\"https:\\\/\\\/www.altercampagne.net\\\/#website\",\"url\":\"https:\\\/\\\/www.altercampagne.net\\\/\",\"name\":\"AlterTour\",\"description\":\"Reliez les Alternatives \u00e0 v\u00e9lo\",\"potentialAction\":[{\"@type\":\"SearchAction\",\"target\":{\"@type\":\"EntryPoint\",\"urlTemplate\":\"https:\\\/\\\/www.altercampagne.net\\\/?s={search_term_string}\"},\"query-input\":{\"@type\":\"PropertyValueSpecification\",\"valueRequired\":true,\"valueName\":\"search_term_string\"}}],\"inLanguage\":\"fr-FR\"},{\"@type\":\"Person\",\"@id\":\"https:\\\/\\\/www.altercampagne.net\\\/#\\\/schema\\\/person\\\/0f261460c09e430caa0f9bcffa319109\",\"name\":\"Mathieu\",\"image\":{\"@type\":\"ImageObject\",\"inLanguage\":\"fr-FR\",\"@id\":\"https:\\\/\\\/secure.gravatar.com\\\/avatar\\\/aa9d3d24c83f2141e5e2709d0f63d09a99f6be6bb7a50abc4915838d9f54501a?s=96&d=mm&r=g\",\"url\":\"https:\\\/\\\/secure.gravatar.com\\\/avatar\\\/aa9d3d24c83f2141e5e2709d0f63d09a99f6be6bb7a50abc4915838d9f54501a?s=96&d=mm&r=g\",\"contentUrl\":\"https:\\\/\\\/secure.gravatar.com\\\/avatar\\\/aa9d3d24c83f2141e5e2709d0f63d09a99f6be6bb7a50abc4915838d9f54501a?s=96&d=mm&r=g\",\"caption\":\"Mathieu\"},\"url\":\"https:\\\/\\\/www.altercampagne.net\\\/?author=214\"}]}<\/script>\n<!-- \/ Yoast SEO plugin. -->","yoast_head_json":{"title":"Alter-tour. Une \u00e9tape de l'\u00c9chapp\u00e9e belle - AlterTour","robots":{"index":"index","follow":"follow","max-snippet":"max-snippet:-1","max-image-preview":"max-image-preview:large","max-video-preview":"max-video-preview:-1"},"canonical":"https:\/\/www.altercampagne.net\/?p=5775","og_locale":"fr_FR","og_type":"article","og_title":"Alter-tour. Une \u00e9tape de l'\u00c9chapp\u00e9e belle - AlterTour","og_description":"Vendredi, un groupe de 18 cyclistes a fait halte sur la pelouse, pr\u00e8s de l&rsquo;\u00e9glise, pour une pause pique-nique. Ils participent, du 23 juillet au 6 ao\u00fbt, \u00e0 l&rsquo;\u00c9chapp\u00e9e belle de l&rsquo;Alter-tour 2016. Alter-tour, c&rsquo;est un parcours \u00e0 v\u00e9lo qui se d\u00e9roule chaque ann\u00e9e, dans une r\u00e9gion diff\u00e9rente, afin de ... Read More","og_url":"https:\/\/www.altercampagne.net\/?p=5775","og_site_name":"AlterTour","article_published_time":"2016-08-11T10:40:11+00:00","article_modified_time":"2017-02-09T11:44:07+00:00","og_image":[{"url":"http:\/\/www.altercampagne.net\/wp-content\/uploads\/2016\/08\/pause-pique-nique-pres-de-l-eglise-pour-les-cyclistes-de_3040112_419x330p.jpg","type":"","width":"","height":""}],"author":"Mathieu","twitter_card":"summary_large_image","twitter_misc":{"\u00c9crit par":"Mathieu","Dur\u00e9e de lecture estim\u00e9e":"2 minutes"},"schema":{"@context":"https:\/\/schema.org","@graph":[{"@type":"Article","@id":"https:\/\/www.altercampagne.net\/?p=5775#article","isPartOf":{"@id":"https:\/\/www.altercampagne.net\/?p=5775"},"author":{"name":"Mathieu","@id":"https:\/\/www.altercampagne.net\/#\/schema\/person\/0f261460c09e430caa0f9bcffa319109"},"headline":"Alter-tour. Une \u00e9tape de l&rsquo;\u00c9chapp\u00e9e belle","datePublished":"2016-08-11T10:40:11+00:00","dateModified":"2017-02-09T11:44:07+00:00","mainEntityOfPage":{"@id":"https:\/\/www.altercampagne.net\/?p=5775"},"wordCount":370,"image":{"@id":"https:\/\/www.altercampagne.net\/?p=5775#primaryimage"},"thumbnailUrl":"http:\/\/www.altercampagne.net\/wp-content\/uploads\/2016\/08\/pause-pique-nique-pres-de-l-eglise-pour-les-cyclistes-de_3040112_419x330p.jpg","keywords":["AlterTour 2016","finist\u00e8re","2016","Echapp\u00e9e Belle","Le t\u00e9l\u00e9gramme","moulin du Jet","Elliant","Ti'r\u00e9cup","Carhaix","Carhaix-Plouguer","accueillant","accueillant2016","accueillant 2016","AlterTour2016"],"articleSection":["Revue de presse"],"inLanguage":"fr-FR"},{"@type":"WebPage","@id":"https:\/\/www.altercampagne.net\/?p=5775","url":"https:\/\/www.altercampagne.net\/?p=5775","name":"Alter-tour. Une \u00e9tape de l'\u00c9chapp\u00e9e belle - AlterTour","isPartOf":{"@id":"https:\/\/www.altercampagne.net\/#website"},"primaryImageOfPage":{"@id":"https:\/\/www.altercampagne.net\/?p=5775#primaryimage"},"image":{"@id":"https:\/\/www.altercampagne.net\/?p=5775#primaryimage"},"thumbnailUrl":"http:\/\/www.altercampagne.net\/wp-content\/uploads\/2016\/08\/pause-pique-nique-pres-de-l-eglise-pour-les-cyclistes-de_3040112_419x330p.jpg","datePublished":"2016-08-11T10:40:11+00:00","dateModified":"2017-02-09T11:44:07+00:00","author":{"@id":"https:\/\/www.altercampagne.net\/#\/schema\/person\/0f261460c09e430caa0f9bcffa319109"},"breadcrumb":{"@id":"https:\/\/www.altercampagne.net\/?p=5775#breadcrumb"},"inLanguage":"fr-FR","potentialAction":[{"@type":"ReadAction","target":["https:\/\/www.altercampagne.net\/?p=5775"]}]},{"@type":"ImageObject","inLanguage":"fr-FR","@id":"https:\/\/www.altercampagne.net\/?p=5775#primaryimage","url":"http:\/\/www.altercampagne.net\/wp-content\/uploads\/2016\/08\/pause-pique-nique-pres-de-l-eglise-pour-les-cyclistes-de_3040112_419x330p.jpg","contentUrl":"http:\/\/www.altercampagne.net\/wp-content\/uploads\/2016\/08\/pause-pique-nique-pres-de-l-eglise-pour-les-cyclistes-de_3040112_419x330p.jpg"},{"@type":"BreadcrumbList","@id":"https:\/\/www.altercampagne.net\/?p=5775#breadcrumb","itemListElement":[{"@type":"ListItem","position":1,"name":"Accueil","item":"https:\/\/www.altercampagne.net\/"},{"@type":"ListItem","position":2,"name":"Alter-tour. Une \u00e9tape de l&rsquo;\u00c9chapp\u00e9e belle"}]},{"@type":"WebSite","@id":"https:\/\/www.altercampagne.net\/#website","url":"https:\/\/www.altercampagne.net\/","name":"AlterTour","description":"Reliez les Alternatives \u00e0 v\u00e9lo","potentialAction":[{"@type":"SearchAction","target":{"@type":"EntryPoint","urlTemplate":"https:\/\/www.altercampagne.net\/?s={search_term_string}"},"query-input":{"@type":"PropertyValueSpecification","valueRequired":true,"valueName":"search_term_string"}}],"inLanguage":"fr-FR"},{"@type":"Person","@id":"https:\/\/www.altercampagne.net\/#\/schema\/person\/0f261460c09e430caa0f9bcffa319109","name":"Mathieu","image":{"@type":"ImageObject","inLanguage":"fr-FR","@id":"https:\/\/secure.gravatar.com\/avatar\/aa9d3d24c83f2141e5e2709d0f63d09a99f6be6bb7a50abc4915838d9f54501a?s=96&d=mm&r=g","url":"https:\/\/secure.gravatar.com\/avatar\/aa9d3d24c83f2141e5e2709d0f63d09a99f6be6bb7a50abc4915838d9f54501a?s=96&d=mm&r=g","contentUrl":"https:\/\/secure.gravatar.com\/avatar\/aa9d3d24c83f2141e5e2709d0f63d09a99f6be6bb7a50abc4915838d9f54501a?s=96&d=mm&r=g","caption":"Mathieu"},"url":"https:\/\/www.altercampagne.net\/?author=214"}]}},"_links":{"self":[{"href":"https:\/\/www.altercampagne.net\/index.php?rest_route=\/wp\/v2\/posts\/5775","targetHints":{"allow":["GET"]}}],"collection":[{"href":"https:\/\/www.altercampagne.net\/index.php?rest_route=\/wp\/v2\/posts"}],"about":[{"href":"https:\/\/www.altercampagne.net\/index.php?rest_route=\/wp\/v2\/types\/post"}],"author":[{"embeddable":true,"href":"https:\/\/www.altercampagne.net\/index.php?rest_route=\/wp\/v2\/users\/214"}],"replies":[{"embeddable":true,"href":"https:\/\/www.altercampagne.net\/index.php?rest_route=%2Fwp%2Fv2%2Fcomments&post=5775"}],"version-history":[{"count":0,"href":"https:\/\/www.altercampagne.net\/index.php?rest_route=\/wp\/v2\/posts\/5775\/revisions"}],"wp:attachment":[{"href":"https:\/\/www.altercampagne.net\/index.php?rest_route=%2Fwp%2Fv2%2Fmedia&parent=5775"}],"wp:term":[{"taxonomy":"category","embeddable":true,"href":"https:\/\/www.altercampagne.net\/index.php?rest_route=%2Fwp%2Fv2%2Fcategories&post=5775"},{"taxonomy":"post_tag","embeddable":true,"href":"https:\/\/www.altercampagne.net\/index.php?rest_route=%2Fwp%2Fv2%2Ftags&post=5775"}],"curies":[{"name":"wp","href":"https:\/\/api.w.org\/{rel}","templated":true}]}}