{"id":5786,"date":"2016-08-12T10:01:40","date_gmt":"2016-08-12T08:01:40","guid":{"rendered":"http:\/\/www.altercampagne.net\/?p=5786"},"modified":"2019-09-13T18:55:56","modified_gmt":"2019-09-13T16:55:56","slug":"etape-du-12-aout-terre-adelys-a-caudan","status":"publish","type":"post","link":"https:\/\/www.altercampagne.net\/?p=5786","title":{"rendered":"Journ\u00e9e de repos du 12 ao\u00fbt : Terre Adelys \u00e0 Caudan"},"content":{"rendered":"<p>L\u00e9on et sa femme, sont les propri\u00e9taires du lieu qui nous accueille : Terres Adelys. Ils ont pour volont\u00e9 de pr\u00e9server la faune et la flore de cet endroit naturel privil\u00e9gi\u00e9. Aujourd\u2019hui, c\u2019est une journ\u00e9e de \u00ab repos \u00bb. Apr\u00e8s plusieurs jours \u00e0 rouler, nous posons notre campement pour 2 nuits \u00e0 Caudan.<br \/>\nR\u00e9veil tardif et appr\u00e9ci\u00e9 \u00e0 7h45 avant une journ\u00e9e bien remplie. Ce matin, au choix : observation des oiseaux (r\u00e9serve naturelle \u00e0 proximit\u00e9 de Lorient, \u00ab Pen Enmen \u00bb), Yoga et Ta\u00ef Chi. Toutes ces activit\u00e9s on \u00e9t\u00e9 tr\u00e8s appr\u00e9ci\u00e9es. \ud83d\ude42<br \/>\nA proximit\u00e9, nous avons pu visiter la ferme d\u2019un jeune couple de producteurs. A 2, ils cultivent pr\u00e8s de 10 hectares. Un leg \u00e0 la ville de Lorient, exigent que les repreneurs r\u00e9alisent un projet r\u00e9pondant \u00e0 des valeurs sociales et \u00e9co-responsables.<br \/>\nApr\u00e8s un d\u00e9jeuner frugal et breton (\u00ab Rougail \u00bb), place aux activit\u00e9s de l\u2019apr\u00e8s-midi.<br \/>\nNous avons particip\u00e9 \u00e0 une trentaine de personnes \u00e0 un cercle de parole. C\u2019\u00e9tait l\u2019occasion pour chacun de s\u2019exprimer sur son ressenti, ses attentes et ses d\u00e9couvertes lors de l\u2019AlterTour. Chacun vient avec des motivations diff\u00e9rentes. Certains sont heureux de se d\u00e9connecter de la technologie et de leur quotidien, d\u2019autres appr\u00e9cient la force des \u00e9changes et des liens qui se cr\u00e9ent rapidement lors de l\u2019AlterTour. Notre groupe est lanc\u00e9, chacun vient, tel une \u00e9pice, parfumer ce d\u00e9licieux m\u00e9lange.<br \/>\nEnsuite, certains ont particip\u00e9 \u00e0 une initiation \u00e0 la danse irlandaise. Ce soir, certains d\u2019entre nous iront \u00e0 Lorient pour le festival interceltique. Cela vous sera surement cont\u00e9, dans le r\u00e9cit suivant.<br \/>\nA tr\u00e8s bient\u00f4t, Buen Camino !<\/p>\n<p style=\"text-align: right;\"><strong>Marion<\/strong><\/p>\n","protected":false},"excerpt":{"rendered":"<p>L\u00e9on et sa femme, sont les propri\u00e9taires du lieu qui nous accueille : Terres Adelys. Ils ont pour volont\u00e9 de pr\u00e9server la faune et la flore de cet endroit naturel privil\u00e9gi\u00e9. Aujourd\u2019hui, c\u2019est une journ\u00e9e de \u00ab repos \u00bb. Apr\u00e8s plusieurs jours \u00e0 rouler, nous posons notre campement pour 2 &#8230; <\/p>\n<div><a href=\"https:\/\/www.altercampagne.net\/?p=5786\" class=\"more-link\">Read More<\/a><\/div>\n","protected":false},"author":214,"featured_media":15546,"comment_status":"closed","ping_status":"closed","sticky":false,"template":"","format":"standard","meta":{"footnotes":""},"categories":[3483,3472,3459,3540],"tags":[20,383,412,1304,1652,2641,2642,2643,2704],"class_list":["post-5786","post","type-post","status-publish","format-standard","has-post-thumbnail","hentry","category-agriculture","category-bretagne","category-edition-2016","category-transverse","tag-bretagne","tag-altertour-2016","tag-morbihan","tag-lorient","tag-1652","tag-terres-adelys","tag-caudan","tag-festival-interceltique","tag-alterjournaliste"],"yoast_head":"<!-- This site is optimized with the Yoast SEO plugin v27.3 - https:\/\/yoast.com\/product\/yoast-seo-wordpress\/ -->\n<title>Journ\u00e9e de repos du 12 ao\u00fbt : Terre Adelys \u00e0 Caudan - AlterTour<\/title>\n<meta name=\"robots\" content=\"index, follow, max-snippet:-1, max-image-preview:large, max-video-preview:-1\" \/>\n<link rel=\"canonical\" href=\"https:\/\/www.altercampagne.net\/?p=5786\" \/>\n<meta property=\"og:locale\" content=\"fr_FR\" \/>\n<meta property=\"og:type\" content=\"article\" \/>\n<meta property=\"og:title\" content=\"Journ\u00e9e de repos du 12 ao\u00fbt : Terre Adelys \u00e0 Caudan - AlterTour\" \/>\n<meta property=\"og:description\" content=\"L\u00e9on et sa femme, sont les propri\u00e9taires du lieu qui nous accueille : Terres Adelys. Ils ont pour volont\u00e9 de pr\u00e9server la faune et la flore de cet endroit naturel privil\u00e9gi\u00e9. Aujourd\u2019hui, c\u2019est une journ\u00e9e de \u00ab repos \u00bb. Apr\u00e8s plusieurs jours \u00e0 rouler, nous posons notre campement pour 2 ... Read More\" \/>\n<meta property=\"og:url\" content=\"https:\/\/www.altercampagne.net\/?p=5786\" \/>\n<meta property=\"og:site_name\" content=\"AlterTour\" \/>\n<meta property=\"article:published_time\" content=\"2016-08-12T08:01:40+00:00\" \/>\n<meta property=\"article:modified_time\" content=\"2019-09-13T16:55:56+00:00\" \/>\n<meta property=\"og:image\" content=\"https:\/\/www.altercampagne.net\/wp-content\/uploads\/2016\/08\/2016-08-12_16.44.jpg\" \/>\n\t<meta property=\"og:image:width\" content=\"902\" \/>\n\t<meta property=\"og:image:height\" content=\"472\" \/>\n\t<meta property=\"og:image:type\" content=\"image\/jpeg\" \/>\n<meta name=\"author\" content=\"Mathieu\" \/>\n<meta name=\"twitter:card\" content=\"summary_large_image\" \/>\n<meta name=\"twitter:label1\" content=\"\u00c9crit par\" \/>\n\t<meta name=\"twitter:data1\" content=\"Mathieu\" \/>\n\t<meta name=\"twitter:label2\" content=\"Dur\u00e9e de lecture estim\u00e9e\" \/>\n\t<meta name=\"twitter:data2\" content=\"1 minute\" \/>\n<script type=\"application\/ld+json\" class=\"yoast-schema-graph\">{\"@context\":\"https:\\\/\\\/schema.org\",\"@graph\":[{\"@type\":\"Article\",\"@id\":\"https:\\\/\\\/www.altercampagne.net\\\/?p=5786#article\",\"isPartOf\":{\"@id\":\"https:\\\/\\\/www.altercampagne.net\\\/?p=5786\"},\"author\":{\"name\":\"Mathieu\",\"@id\":\"https:\\\/\\\/www.altercampagne.net\\\/#\\\/schema\\\/person\\\/0f261460c09e430caa0f9bcffa319109\"},\"headline\":\"Journ\u00e9e de repos du 12 ao\u00fbt : Terre Adelys \u00e0 Caudan\",\"datePublished\":\"2016-08-12T08:01:40+00:00\",\"dateModified\":\"2019-09-13T16:55:56+00:00\",\"mainEntityOfPage\":{\"@id\":\"https:\\\/\\\/www.altercampagne.net\\\/?p=5786\"},\"wordCount\":296,\"image\":{\"@id\":\"https:\\\/\\\/www.altercampagne.net\\\/?p=5786#primaryimage\"},\"thumbnailUrl\":\"https:\\\/\\\/www.altercampagne.net\\\/wp-content\\\/uploads\\\/2016\\\/08\\\/2016-08-12_16.44.jpg\",\"keywords\":[\"bretagne\",\"AlterTour 2016\",\"morbihan\",\"Lorient\",\"2016\",\"Terres Adelys\",\"Caudan\",\"festival interceltique\",\"alterjournaliste\"],\"articleSection\":[\"Agriculture\",\"Bretagne\",\"\u00c9dition 2016\",\"Transverse\"],\"inLanguage\":\"fr-FR\"},{\"@type\":\"WebPage\",\"@id\":\"https:\\\/\\\/www.altercampagne.net\\\/?p=5786\",\"url\":\"https:\\\/\\\/www.altercampagne.net\\\/?p=5786\",\"name\":\"Journ\u00e9e de repos du 12 ao\u00fbt : Terre Adelys \u00e0 Caudan - AlterTour\",\"isPartOf\":{\"@id\":\"https:\\\/\\\/www.altercampagne.net\\\/#website\"},\"primaryImageOfPage\":{\"@id\":\"https:\\\/\\\/www.altercampagne.net\\\/?p=5786#primaryimage\"},\"image\":{\"@id\":\"https:\\\/\\\/www.altercampagne.net\\\/?p=5786#primaryimage\"},\"thumbnailUrl\":\"https:\\\/\\\/www.altercampagne.net\\\/wp-content\\\/uploads\\\/2016\\\/08\\\/2016-08-12_16.44.jpg\",\"datePublished\":\"2016-08-12T08:01:40+00:00\",\"dateModified\":\"2019-09-13T16:55:56+00:00\",\"author\":{\"@id\":\"https:\\\/\\\/www.altercampagne.net\\\/#\\\/schema\\\/person\\\/0f261460c09e430caa0f9bcffa319109\"},\"breadcrumb\":{\"@id\":\"https:\\\/\\\/www.altercampagne.net\\\/?p=5786#breadcrumb\"},\"inLanguage\":\"fr-FR\",\"potentialAction\":[{\"@type\":\"ReadAction\",\"target\":[\"https:\\\/\\\/www.altercampagne.net\\\/?p=5786\"]}]},{\"@type\":\"ImageObject\",\"inLanguage\":\"fr-FR\",\"@id\":\"https:\\\/\\\/www.altercampagne.net\\\/?p=5786#primaryimage\",\"url\":\"https:\\\/\\\/www.altercampagne.net\\\/wp-content\\\/uploads\\\/2016\\\/08\\\/2016-08-12_16.44.jpg\",\"contentUrl\":\"https:\\\/\\\/www.altercampagne.net\\\/wp-content\\\/uploads\\\/2016\\\/08\\\/2016-08-12_16.44.jpg\",\"width\":902,\"height\":472},{\"@type\":\"BreadcrumbList\",\"@id\":\"https:\\\/\\\/www.altercampagne.net\\\/?p=5786#breadcrumb\",\"itemListElement\":[{\"@type\":\"ListItem\",\"position\":1,\"name\":\"Accueil\",\"item\":\"https:\\\/\\\/www.altercampagne.net\\\/\"},{\"@type\":\"ListItem\",\"position\":2,\"name\":\"Journ\u00e9e de repos du 12 ao\u00fbt : Terre Adelys \u00e0 Caudan\"}]},{\"@type\":\"WebSite\",\"@id\":\"https:\\\/\\\/www.altercampagne.net\\\/#website\",\"url\":\"https:\\\/\\\/www.altercampagne.net\\\/\",\"name\":\"AlterTour\",\"description\":\"Reliez les Alternatives \u00e0 v\u00e9lo\",\"potentialAction\":[{\"@type\":\"SearchAction\",\"target\":{\"@type\":\"EntryPoint\",\"urlTemplate\":\"https:\\\/\\\/www.altercampagne.net\\\/?s={search_term_string}\"},\"query-input\":{\"@type\":\"PropertyValueSpecification\",\"valueRequired\":true,\"valueName\":\"search_term_string\"}}],\"inLanguage\":\"fr-FR\"},{\"@type\":\"Person\",\"@id\":\"https:\\\/\\\/www.altercampagne.net\\\/#\\\/schema\\\/person\\\/0f261460c09e430caa0f9bcffa319109\",\"name\":\"Mathieu\",\"image\":{\"@type\":\"ImageObject\",\"inLanguage\":\"fr-FR\",\"@id\":\"https:\\\/\\\/secure.gravatar.com\\\/avatar\\\/aa9d3d24c83f2141e5e2709d0f63d09a99f6be6bb7a50abc4915838d9f54501a?s=96&d=mm&r=g\",\"url\":\"https:\\\/\\\/secure.gravatar.com\\\/avatar\\\/aa9d3d24c83f2141e5e2709d0f63d09a99f6be6bb7a50abc4915838d9f54501a?s=96&d=mm&r=g\",\"contentUrl\":\"https:\\\/\\\/secure.gravatar.com\\\/avatar\\\/aa9d3d24c83f2141e5e2709d0f63d09a99f6be6bb7a50abc4915838d9f54501a?s=96&d=mm&r=g\",\"caption\":\"Mathieu\"},\"url\":\"https:\\\/\\\/www.altercampagne.net\\\/?author=214\"}]}<\/script>\n<!-- \/ Yoast SEO plugin. -->","yoast_head_json":{"title":"Journ\u00e9e de repos du 12 ao\u00fbt : Terre Adelys \u00e0 Caudan - AlterTour","robots":{"index":"index","follow":"follow","max-snippet":"max-snippet:-1","max-image-preview":"max-image-preview:large","max-video-preview":"max-video-preview:-1"},"canonical":"https:\/\/www.altercampagne.net\/?p=5786","og_locale":"fr_FR","og_type":"article","og_title":"Journ\u00e9e de repos du 12 ao\u00fbt : Terre Adelys \u00e0 Caudan - AlterTour","og_description":"L\u00e9on et sa femme, sont les propri\u00e9taires du lieu qui nous accueille : Terres Adelys. Ils ont pour volont\u00e9 de pr\u00e9server la faune et la flore de cet endroit naturel privil\u00e9gi\u00e9. Aujourd\u2019hui, c\u2019est une journ\u00e9e de \u00ab repos \u00bb. Apr\u00e8s plusieurs jours \u00e0 rouler, nous posons notre campement pour 2 ... Read More","og_url":"https:\/\/www.altercampagne.net\/?p=5786","og_site_name":"AlterTour","article_published_time":"2016-08-12T08:01:40+00:00","article_modified_time":"2019-09-13T16:55:56+00:00","og_image":[{"width":902,"height":472,"url":"https:\/\/www.altercampagne.net\/wp-content\/uploads\/2016\/08\/2016-08-12_16.44.jpg","type":"image\/jpeg"}],"author":"Mathieu","twitter_card":"summary_large_image","twitter_misc":{"\u00c9crit par":"Mathieu","Dur\u00e9e de lecture estim\u00e9e":"1 minute"},"schema":{"@context":"https:\/\/schema.org","@graph":[{"@type":"Article","@id":"https:\/\/www.altercampagne.net\/?p=5786#article","isPartOf":{"@id":"https:\/\/www.altercampagne.net\/?p=5786"},"author":{"name":"Mathieu","@id":"https:\/\/www.altercampagne.net\/#\/schema\/person\/0f261460c09e430caa0f9bcffa319109"},"headline":"Journ\u00e9e de repos du 12 ao\u00fbt : Terre Adelys \u00e0 Caudan","datePublished":"2016-08-12T08:01:40+00:00","dateModified":"2019-09-13T16:55:56+00:00","mainEntityOfPage":{"@id":"https:\/\/www.altercampagne.net\/?p=5786"},"wordCount":296,"image":{"@id":"https:\/\/www.altercampagne.net\/?p=5786#primaryimage"},"thumbnailUrl":"https:\/\/www.altercampagne.net\/wp-content\/uploads\/2016\/08\/2016-08-12_16.44.jpg","keywords":["bretagne","AlterTour 2016","morbihan","Lorient","2016","Terres Adelys","Caudan","festival interceltique","alterjournaliste"],"articleSection":["Agriculture","Bretagne","\u00c9dition 2016","Transverse"],"inLanguage":"fr-FR"},{"@type":"WebPage","@id":"https:\/\/www.altercampagne.net\/?p=5786","url":"https:\/\/www.altercampagne.net\/?p=5786","name":"Journ\u00e9e de repos du 12 ao\u00fbt : Terre Adelys \u00e0 Caudan - AlterTour","isPartOf":{"@id":"https:\/\/www.altercampagne.net\/#website"},"primaryImageOfPage":{"@id":"https:\/\/www.altercampagne.net\/?p=5786#primaryimage"},"image":{"@id":"https:\/\/www.altercampagne.net\/?p=5786#primaryimage"},"thumbnailUrl":"https:\/\/www.altercampagne.net\/wp-content\/uploads\/2016\/08\/2016-08-12_16.44.jpg","datePublished":"2016-08-12T08:01:40+00:00","dateModified":"2019-09-13T16:55:56+00:00","author":{"@id":"https:\/\/www.altercampagne.net\/#\/schema\/person\/0f261460c09e430caa0f9bcffa319109"},"breadcrumb":{"@id":"https:\/\/www.altercampagne.net\/?p=5786#breadcrumb"},"inLanguage":"fr-FR","potentialAction":[{"@type":"ReadAction","target":["https:\/\/www.altercampagne.net\/?p=5786"]}]},{"@type":"ImageObject","inLanguage":"fr-FR","@id":"https:\/\/www.altercampagne.net\/?p=5786#primaryimage","url":"https:\/\/www.altercampagne.net\/wp-content\/uploads\/2016\/08\/2016-08-12_16.44.jpg","contentUrl":"https:\/\/www.altercampagne.net\/wp-content\/uploads\/2016\/08\/2016-08-12_16.44.jpg","width":902,"height":472},{"@type":"BreadcrumbList","@id":"https:\/\/www.altercampagne.net\/?p=5786#breadcrumb","itemListElement":[{"@type":"ListItem","position":1,"name":"Accueil","item":"https:\/\/www.altercampagne.net\/"},{"@type":"ListItem","position":2,"name":"Journ\u00e9e de repos du 12 ao\u00fbt : Terre Adelys \u00e0 Caudan"}]},{"@type":"WebSite","@id":"https:\/\/www.altercampagne.net\/#website","url":"https:\/\/www.altercampagne.net\/","name":"AlterTour","description":"Reliez les Alternatives \u00e0 v\u00e9lo","potentialAction":[{"@type":"SearchAction","target":{"@type":"EntryPoint","urlTemplate":"https:\/\/www.altercampagne.net\/?s={search_term_string}"},"query-input":{"@type":"PropertyValueSpecification","valueRequired":true,"valueName":"search_term_string"}}],"inLanguage":"fr-FR"},{"@type":"Person","@id":"https:\/\/www.altercampagne.net\/#\/schema\/person\/0f261460c09e430caa0f9bcffa319109","name":"Mathieu","image":{"@type":"ImageObject","inLanguage":"fr-FR","@id":"https:\/\/secure.gravatar.com\/avatar\/aa9d3d24c83f2141e5e2709d0f63d09a99f6be6bb7a50abc4915838d9f54501a?s=96&d=mm&r=g","url":"https:\/\/secure.gravatar.com\/avatar\/aa9d3d24c83f2141e5e2709d0f63d09a99f6be6bb7a50abc4915838d9f54501a?s=96&d=mm&r=g","contentUrl":"https:\/\/secure.gravatar.com\/avatar\/aa9d3d24c83f2141e5e2709d0f63d09a99f6be6bb7a50abc4915838d9f54501a?s=96&d=mm&r=g","caption":"Mathieu"},"url":"https:\/\/www.altercampagne.net\/?author=214"}]}},"_links":{"self":[{"href":"https:\/\/www.altercampagne.net\/index.php?rest_route=\/wp\/v2\/posts\/5786","targetHints":{"allow":["GET"]}}],"collection":[{"href":"https:\/\/www.altercampagne.net\/index.php?rest_route=\/wp\/v2\/posts"}],"about":[{"href":"https:\/\/www.altercampagne.net\/index.php?rest_route=\/wp\/v2\/types\/post"}],"author":[{"embeddable":true,"href":"https:\/\/www.altercampagne.net\/index.php?rest_route=\/wp\/v2\/users\/214"}],"replies":[{"embeddable":true,"href":"https:\/\/www.altercampagne.net\/index.php?rest_route=%2Fwp%2Fv2%2Fcomments&post=5786"}],"version-history":[{"count":0,"href":"https:\/\/www.altercampagne.net\/index.php?rest_route=\/wp\/v2\/posts\/5786\/revisions"}],"wp:featuredmedia":[{"embeddable":true,"href":"https:\/\/www.altercampagne.net\/index.php?rest_route=\/wp\/v2\/media\/15546"}],"wp:attachment":[{"href":"https:\/\/www.altercampagne.net\/index.php?rest_route=%2Fwp%2Fv2%2Fmedia&parent=5786"}],"wp:term":[{"taxonomy":"category","embeddable":true,"href":"https:\/\/www.altercampagne.net\/index.php?rest_route=%2Fwp%2Fv2%2Fcategories&post=5786"},{"taxonomy":"post_tag","embeddable":true,"href":"https:\/\/www.altercampagne.net\/index.php?rest_route=%2Fwp%2Fv2%2Ftags&post=5786"}],"curies":[{"name":"wp","href":"https:\/\/api.w.org\/{rel}","templated":true}]}}