{"id":5788,"date":"2016-08-13T20:02:16","date_gmt":"2016-08-13T18:02:16","guid":{"rendered":"http:\/\/www.altercampagne.net\/?p=5788"},"modified":"2019-09-13T18:59:09","modified_gmt":"2019-09-13T16:59:09","slug":"etape-du-13-aout-les-lucioles-a-erdeven","status":"publish","type":"post","link":"https:\/\/www.altercampagne.net\/?p=5788","title":{"rendered":"\u00c9tape du 13 ao\u00fbt : Les Lucioles \u00e0 Erdeven"},"content":{"rendered":"<p>Apr\u00e8s le r\u00e9veil matinal concoct\u00e9 par le groupe des ados, alors que la brume se d\u00e9chire sur le champ o\u00f9 L\u00e9on et Denise ont accueillis notre campement, les altertouristes s\u2019\u00e9lancent , direction Etel.<br \/>\nNous arrivons au jardin partag\u00e9 des Lucioles.<br \/>\nC\u2019est une association de citoyens regroupant 8 familles qui ont envie sur leur territoire, une poign\u00e9e de communes, de \u00ab changer les choses \u00bb. L\u2019id\u00e9e est de s\u2019inscrire dans la d\u00e9marche de Tom Hopkins des villes en transition et de \u00ab g\u00e9rer les crises qui nous attendent \u00bb. Pour cela, le collectif s\u2019est lanc\u00e9 dans une r\u00e9flexion-action autour de quelques questions : l\u2019alimentation (d\u2019o\u00f9 le jardin), l\u2019\u00e9ducation, les \u00e9nergies, avec la volont\u00e9 de se r\u00e9approprier les choix sur ces questions.<br \/>\nPour l\u2019alimentation par exemple, une action a \u00e9t\u00e9 entreprise avec les cantines scolaires et un partenariat a \u00e9t\u00e9 mis en place avec l\u2019association chouette assiette pour d\u00e9velopper le bio dans les cantines, une \u00e9cole \u00ab en \u00e9conomie circulaire \u00bb va aussi voir le jour. Pierre, le responsable du jardin, qui est ouvert au collectif deux fois par semaine \u00e9voque leur mode de fonctionnement, la rotation des cultures et la collecte collective. Il s\u2019agit de faire des choses \u00ab atteignables \u00bb \u00e0 leur \u00e9chelle. En projet, une \u00e9olienne avec un financement participatif.<br \/>\nNous avons \u00e9t\u00e9 accueillis par Tony, un membre du collectif qui souhaite se lancer dans la production de cidre, pr\u00e9par\u00e9 dans des bouteilles en verre recycl\u00e9es. Apr\u00e8s une journ\u00e9e de plein soleil \u00e0 p\u00e9daler, son ap\u00e9ro a le succ\u00e8s qui convient ! de m\u00eame que le pain cuit par les boulangers membres de ce collectif.<br \/>\nEnsuite, Claire du Th\u00e9\u00e2tre de la ch\u00e8vre et du chou nous pr\u00e9sente un spectacle sous forme de fable sur la consommation, les d\u00e9chets et leur traitement et les in\u00e9vitables experts : un projet d\u2019incin\u00e9rateur sur dimensionn\u00e9 est en projet\u2026 comme dans de nombreuses r\u00e9gions !<\/p>\n<p style=\"text-align: right;\"><strong>Danielle<\/strong><\/p>\n","protected":false},"excerpt":{"rendered":"<p>Apr\u00e8s le r\u00e9veil matinal concoct\u00e9 par le groupe des ados, alors que la brume se d\u00e9chire sur le champ o\u00f9 L\u00e9on et Denise ont accueillis notre campement, les altertouristes s\u2019\u00e9lancent , direction Etel. Nous arrivons au jardin partag\u00e9 des Lucioles. C\u2019est une association de citoyens regroupant 8 familles qui ont &#8230; <\/p>\n<div><a href=\"https:\/\/www.altercampagne.net\/?p=5788\" class=\"more-link\">Read More<\/a><\/div>\n","protected":false},"author":214,"featured_media":15550,"comment_status":"closed","ping_status":"closed","sticky":false,"template":"","format":"standard","meta":{"footnotes":""},"categories":[3472,3486,3459],"tags":[20,304,383,412,1652,2473,2474,2644,2645,2704,2846,2849,2850,2851],"class_list":["post-5788","post","type-post","status-publish","format-standard","has-post-thumbnail","hentry","category-bretagne","category-environnement","category-edition-2016","tag-bretagne","tag-villes-en-transition","tag-altertour-2016","tag-morbihan","tag-1652","tag-etel","tag-lucioles","tag-erderven","tag-tom-hopkins","tag-alterjournaliste","tag-accueillant","tag-accueillant2016","tag-accueillant-2016","tag-altertour2016"],"yoast_head":"<!-- This site is optimized with the Yoast SEO plugin v27.3 - https:\/\/yoast.com\/product\/yoast-seo-wordpress\/ -->\n<title>\u00c9tape du 13 ao\u00fbt : Les Lucioles \u00e0 Erdeven - AlterTour<\/title>\n<meta name=\"robots\" content=\"index, follow, max-snippet:-1, max-image-preview:large, max-video-preview:-1\" \/>\n<link rel=\"canonical\" href=\"https:\/\/www.altercampagne.net\/?p=5788\" \/>\n<meta property=\"og:locale\" content=\"fr_FR\" \/>\n<meta property=\"og:type\" content=\"article\" \/>\n<meta property=\"og:title\" content=\"\u00c9tape du 13 ao\u00fbt : Les Lucioles \u00e0 Erdeven - AlterTour\" \/>\n<meta property=\"og:description\" content=\"Apr\u00e8s le r\u00e9veil matinal concoct\u00e9 par le groupe des ados, alors que la brume se d\u00e9chire sur le champ o\u00f9 L\u00e9on et Denise ont accueillis notre campement, les altertouristes s\u2019\u00e9lancent , direction Etel. Nous arrivons au jardin partag\u00e9 des Lucioles. C\u2019est une association de citoyens regroupant 8 familles qui ont ... Read More\" \/>\n<meta property=\"og:url\" content=\"https:\/\/www.altercampagne.net\/?p=5788\" \/>\n<meta property=\"og:site_name\" content=\"AlterTour\" \/>\n<meta property=\"article:published_time\" content=\"2016-08-13T18:02:16+00:00\" \/>\n<meta property=\"article:modified_time\" content=\"2019-09-13T16:59:09+00:00\" \/>\n<meta property=\"og:image\" content=\"https:\/\/www.altercampagne.net\/wp-content\/uploads\/2016\/08\/2016-08-13_20.10.jpg\" \/>\n\t<meta property=\"og:image:width\" content=\"907\" \/>\n\t<meta property=\"og:image:height\" content=\"474\" \/>\n\t<meta property=\"og:image:type\" content=\"image\/jpeg\" \/>\n<meta name=\"author\" content=\"Mathieu\" \/>\n<meta name=\"twitter:card\" content=\"summary_large_image\" \/>\n<meta name=\"twitter:label1\" content=\"\u00c9crit par\" \/>\n\t<meta name=\"twitter:data1\" content=\"Mathieu\" \/>\n\t<meta name=\"twitter:label2\" content=\"Dur\u00e9e de lecture estim\u00e9e\" \/>\n\t<meta name=\"twitter:data2\" content=\"2 minutes\" \/>\n<script type=\"application\/ld+json\" class=\"yoast-schema-graph\">{\"@context\":\"https:\\\/\\\/schema.org\",\"@graph\":[{\"@type\":\"Article\",\"@id\":\"https:\\\/\\\/www.altercampagne.net\\\/?p=5788#article\",\"isPartOf\":{\"@id\":\"https:\\\/\\\/www.altercampagne.net\\\/?p=5788\"},\"author\":{\"name\":\"Mathieu\",\"@id\":\"https:\\\/\\\/www.altercampagne.net\\\/#\\\/schema\\\/person\\\/0f261460c09e430caa0f9bcffa319109\"},\"headline\":\"\u00c9tape du 13 ao\u00fbt : Les Lucioles \u00e0 Erdeven\",\"datePublished\":\"2016-08-13T18:02:16+00:00\",\"dateModified\":\"2019-09-13T16:59:09+00:00\",\"mainEntityOfPage\":{\"@id\":\"https:\\\/\\\/www.altercampagne.net\\\/?p=5788\"},\"wordCount\":341,\"image\":{\"@id\":\"https:\\\/\\\/www.altercampagne.net\\\/?p=5788#primaryimage\"},\"thumbnailUrl\":\"https:\\\/\\\/www.altercampagne.net\\\/wp-content\\\/uploads\\\/2016\\\/08\\\/2016-08-13_20.10.jpg\",\"keywords\":[\"bretagne\",\"villes en transition\",\"AlterTour 2016\",\"morbihan\",\"2016\",\"Etel\",\"Lucioles\",\"Erderven\",\"Tom Hopkins\",\"alterjournaliste\",\"accueillant\",\"accueillant2016\",\"accueillant 2016\",\"AlterTour2016\"],\"articleSection\":[\"Bretagne\",\"Environnement\",\"\u00c9dition 2016\"],\"inLanguage\":\"fr-FR\"},{\"@type\":\"WebPage\",\"@id\":\"https:\\\/\\\/www.altercampagne.net\\\/?p=5788\",\"url\":\"https:\\\/\\\/www.altercampagne.net\\\/?p=5788\",\"name\":\"\u00c9tape du 13 ao\u00fbt : Les Lucioles \u00e0 Erdeven - AlterTour\",\"isPartOf\":{\"@id\":\"https:\\\/\\\/www.altercampagne.net\\\/#website\"},\"primaryImageOfPage\":{\"@id\":\"https:\\\/\\\/www.altercampagne.net\\\/?p=5788#primaryimage\"},\"image\":{\"@id\":\"https:\\\/\\\/www.altercampagne.net\\\/?p=5788#primaryimage\"},\"thumbnailUrl\":\"https:\\\/\\\/www.altercampagne.net\\\/wp-content\\\/uploads\\\/2016\\\/08\\\/2016-08-13_20.10.jpg\",\"datePublished\":\"2016-08-13T18:02:16+00:00\",\"dateModified\":\"2019-09-13T16:59:09+00:00\",\"author\":{\"@id\":\"https:\\\/\\\/www.altercampagne.net\\\/#\\\/schema\\\/person\\\/0f261460c09e430caa0f9bcffa319109\"},\"breadcrumb\":{\"@id\":\"https:\\\/\\\/www.altercampagne.net\\\/?p=5788#breadcrumb\"},\"inLanguage\":\"fr-FR\",\"potentialAction\":[{\"@type\":\"ReadAction\",\"target\":[\"https:\\\/\\\/www.altercampagne.net\\\/?p=5788\"]}]},{\"@type\":\"ImageObject\",\"inLanguage\":\"fr-FR\",\"@id\":\"https:\\\/\\\/www.altercampagne.net\\\/?p=5788#primaryimage\",\"url\":\"https:\\\/\\\/www.altercampagne.net\\\/wp-content\\\/uploads\\\/2016\\\/08\\\/2016-08-13_20.10.jpg\",\"contentUrl\":\"https:\\\/\\\/www.altercampagne.net\\\/wp-content\\\/uploads\\\/2016\\\/08\\\/2016-08-13_20.10.jpg\",\"width\":907,\"height\":474},{\"@type\":\"BreadcrumbList\",\"@id\":\"https:\\\/\\\/www.altercampagne.net\\\/?p=5788#breadcrumb\",\"itemListElement\":[{\"@type\":\"ListItem\",\"position\":1,\"name\":\"Accueil\",\"item\":\"https:\\\/\\\/www.altercampagne.net\\\/\"},{\"@type\":\"ListItem\",\"position\":2,\"name\":\"\u00c9tape du 13 ao\u00fbt : Les Lucioles \u00e0 Erdeven\"}]},{\"@type\":\"WebSite\",\"@id\":\"https:\\\/\\\/www.altercampagne.net\\\/#website\",\"url\":\"https:\\\/\\\/www.altercampagne.net\\\/\",\"name\":\"AlterTour\",\"description\":\"Reliez les Alternatives \u00e0 v\u00e9lo\",\"potentialAction\":[{\"@type\":\"SearchAction\",\"target\":{\"@type\":\"EntryPoint\",\"urlTemplate\":\"https:\\\/\\\/www.altercampagne.net\\\/?s={search_term_string}\"},\"query-input\":{\"@type\":\"PropertyValueSpecification\",\"valueRequired\":true,\"valueName\":\"search_term_string\"}}],\"inLanguage\":\"fr-FR\"},{\"@type\":\"Person\",\"@id\":\"https:\\\/\\\/www.altercampagne.net\\\/#\\\/schema\\\/person\\\/0f261460c09e430caa0f9bcffa319109\",\"name\":\"Mathieu\",\"image\":{\"@type\":\"ImageObject\",\"inLanguage\":\"fr-FR\",\"@id\":\"https:\\\/\\\/secure.gravatar.com\\\/avatar\\\/aa9d3d24c83f2141e5e2709d0f63d09a99f6be6bb7a50abc4915838d9f54501a?s=96&d=mm&r=g\",\"url\":\"https:\\\/\\\/secure.gravatar.com\\\/avatar\\\/aa9d3d24c83f2141e5e2709d0f63d09a99f6be6bb7a50abc4915838d9f54501a?s=96&d=mm&r=g\",\"contentUrl\":\"https:\\\/\\\/secure.gravatar.com\\\/avatar\\\/aa9d3d24c83f2141e5e2709d0f63d09a99f6be6bb7a50abc4915838d9f54501a?s=96&d=mm&r=g\",\"caption\":\"Mathieu\"},\"url\":\"https:\\\/\\\/www.altercampagne.net\\\/?author=214\"}]}<\/script>\n<!-- \/ Yoast SEO plugin. -->","yoast_head_json":{"title":"\u00c9tape du 13 ao\u00fbt : Les Lucioles \u00e0 Erdeven - AlterTour","robots":{"index":"index","follow":"follow","max-snippet":"max-snippet:-1","max-image-preview":"max-image-preview:large","max-video-preview":"max-video-preview:-1"},"canonical":"https:\/\/www.altercampagne.net\/?p=5788","og_locale":"fr_FR","og_type":"article","og_title":"\u00c9tape du 13 ao\u00fbt : Les Lucioles \u00e0 Erdeven - AlterTour","og_description":"Apr\u00e8s le r\u00e9veil matinal concoct\u00e9 par le groupe des ados, alors que la brume se d\u00e9chire sur le champ o\u00f9 L\u00e9on et Denise ont accueillis notre campement, les altertouristes s\u2019\u00e9lancent , direction Etel. Nous arrivons au jardin partag\u00e9 des Lucioles. C\u2019est une association de citoyens regroupant 8 familles qui ont ... Read More","og_url":"https:\/\/www.altercampagne.net\/?p=5788","og_site_name":"AlterTour","article_published_time":"2016-08-13T18:02:16+00:00","article_modified_time":"2019-09-13T16:59:09+00:00","og_image":[{"width":907,"height":474,"url":"https:\/\/www.altercampagne.net\/wp-content\/uploads\/2016\/08\/2016-08-13_20.10.jpg","type":"image\/jpeg"}],"author":"Mathieu","twitter_card":"summary_large_image","twitter_misc":{"\u00c9crit par":"Mathieu","Dur\u00e9e de lecture estim\u00e9e":"2 minutes"},"schema":{"@context":"https:\/\/schema.org","@graph":[{"@type":"Article","@id":"https:\/\/www.altercampagne.net\/?p=5788#article","isPartOf":{"@id":"https:\/\/www.altercampagne.net\/?p=5788"},"author":{"name":"Mathieu","@id":"https:\/\/www.altercampagne.net\/#\/schema\/person\/0f261460c09e430caa0f9bcffa319109"},"headline":"\u00c9tape du 13 ao\u00fbt : Les Lucioles \u00e0 Erdeven","datePublished":"2016-08-13T18:02:16+00:00","dateModified":"2019-09-13T16:59:09+00:00","mainEntityOfPage":{"@id":"https:\/\/www.altercampagne.net\/?p=5788"},"wordCount":341,"image":{"@id":"https:\/\/www.altercampagne.net\/?p=5788#primaryimage"},"thumbnailUrl":"https:\/\/www.altercampagne.net\/wp-content\/uploads\/2016\/08\/2016-08-13_20.10.jpg","keywords":["bretagne","villes en transition","AlterTour 2016","morbihan","2016","Etel","Lucioles","Erderven","Tom Hopkins","alterjournaliste","accueillant","accueillant2016","accueillant 2016","AlterTour2016"],"articleSection":["Bretagne","Environnement","\u00c9dition 2016"],"inLanguage":"fr-FR"},{"@type":"WebPage","@id":"https:\/\/www.altercampagne.net\/?p=5788","url":"https:\/\/www.altercampagne.net\/?p=5788","name":"\u00c9tape du 13 ao\u00fbt : Les Lucioles \u00e0 Erdeven - AlterTour","isPartOf":{"@id":"https:\/\/www.altercampagne.net\/#website"},"primaryImageOfPage":{"@id":"https:\/\/www.altercampagne.net\/?p=5788#primaryimage"},"image":{"@id":"https:\/\/www.altercampagne.net\/?p=5788#primaryimage"},"thumbnailUrl":"https:\/\/www.altercampagne.net\/wp-content\/uploads\/2016\/08\/2016-08-13_20.10.jpg","datePublished":"2016-08-13T18:02:16+00:00","dateModified":"2019-09-13T16:59:09+00:00","author":{"@id":"https:\/\/www.altercampagne.net\/#\/schema\/person\/0f261460c09e430caa0f9bcffa319109"},"breadcrumb":{"@id":"https:\/\/www.altercampagne.net\/?p=5788#breadcrumb"},"inLanguage":"fr-FR","potentialAction":[{"@type":"ReadAction","target":["https:\/\/www.altercampagne.net\/?p=5788"]}]},{"@type":"ImageObject","inLanguage":"fr-FR","@id":"https:\/\/www.altercampagne.net\/?p=5788#primaryimage","url":"https:\/\/www.altercampagne.net\/wp-content\/uploads\/2016\/08\/2016-08-13_20.10.jpg","contentUrl":"https:\/\/www.altercampagne.net\/wp-content\/uploads\/2016\/08\/2016-08-13_20.10.jpg","width":907,"height":474},{"@type":"BreadcrumbList","@id":"https:\/\/www.altercampagne.net\/?p=5788#breadcrumb","itemListElement":[{"@type":"ListItem","position":1,"name":"Accueil","item":"https:\/\/www.altercampagne.net\/"},{"@type":"ListItem","position":2,"name":"\u00c9tape du 13 ao\u00fbt : Les Lucioles \u00e0 Erdeven"}]},{"@type":"WebSite","@id":"https:\/\/www.altercampagne.net\/#website","url":"https:\/\/www.altercampagne.net\/","name":"AlterTour","description":"Reliez les Alternatives \u00e0 v\u00e9lo","potentialAction":[{"@type":"SearchAction","target":{"@type":"EntryPoint","urlTemplate":"https:\/\/www.altercampagne.net\/?s={search_term_string}"},"query-input":{"@type":"PropertyValueSpecification","valueRequired":true,"valueName":"search_term_string"}}],"inLanguage":"fr-FR"},{"@type":"Person","@id":"https:\/\/www.altercampagne.net\/#\/schema\/person\/0f261460c09e430caa0f9bcffa319109","name":"Mathieu","image":{"@type":"ImageObject","inLanguage":"fr-FR","@id":"https:\/\/secure.gravatar.com\/avatar\/aa9d3d24c83f2141e5e2709d0f63d09a99f6be6bb7a50abc4915838d9f54501a?s=96&d=mm&r=g","url":"https:\/\/secure.gravatar.com\/avatar\/aa9d3d24c83f2141e5e2709d0f63d09a99f6be6bb7a50abc4915838d9f54501a?s=96&d=mm&r=g","contentUrl":"https:\/\/secure.gravatar.com\/avatar\/aa9d3d24c83f2141e5e2709d0f63d09a99f6be6bb7a50abc4915838d9f54501a?s=96&d=mm&r=g","caption":"Mathieu"},"url":"https:\/\/www.altercampagne.net\/?author=214"}]}},"_links":{"self":[{"href":"https:\/\/www.altercampagne.net\/index.php?rest_route=\/wp\/v2\/posts\/5788","targetHints":{"allow":["GET"]}}],"collection":[{"href":"https:\/\/www.altercampagne.net\/index.php?rest_route=\/wp\/v2\/posts"}],"about":[{"href":"https:\/\/www.altercampagne.net\/index.php?rest_route=\/wp\/v2\/types\/post"}],"author":[{"embeddable":true,"href":"https:\/\/www.altercampagne.net\/index.php?rest_route=\/wp\/v2\/users\/214"}],"replies":[{"embeddable":true,"href":"https:\/\/www.altercampagne.net\/index.php?rest_route=%2Fwp%2Fv2%2Fcomments&post=5788"}],"version-history":[{"count":0,"href":"https:\/\/www.altercampagne.net\/index.php?rest_route=\/wp\/v2\/posts\/5788\/revisions"}],"wp:featuredmedia":[{"embeddable":true,"href":"https:\/\/www.altercampagne.net\/index.php?rest_route=\/wp\/v2\/media\/15550"}],"wp:attachment":[{"href":"https:\/\/www.altercampagne.net\/index.php?rest_route=%2Fwp%2Fv2%2Fmedia&parent=5788"}],"wp:term":[{"taxonomy":"category","embeddable":true,"href":"https:\/\/www.altercampagne.net\/index.php?rest_route=%2Fwp%2Fv2%2Fcategories&post=5788"},{"taxonomy":"post_tag","embeddable":true,"href":"https:\/\/www.altercampagne.net\/index.php?rest_route=%2Fwp%2Fv2%2Ftags&post=5788"}],"curies":[{"name":"wp","href":"https:\/\/api.w.org\/{rel}","templated":true}]}}