{"id":5790,"date":"2016-08-14T20:06:50","date_gmt":"2016-08-14T18:06:50","guid":{"rendered":"http:\/\/www.altercampagne.net\/?p=5790"},"modified":"2019-09-13T19:02:32","modified_gmt":"2019-09-13T17:02:32","slug":"etape-du-14-aout-terre-dillich-a-meriadec-et-la-cidrerie-du-golfe-a-arradon","status":"publish","type":"post","link":"https:\/\/www.altercampagne.net\/?p=5790","title":{"rendered":"Etape du 14 ao\u00fbt : Terre d&rsquo;Illich \u00e0 M\u00e9riadec et la Cidrerie du Golfe \u00e0 Arradon"},"content":{"rendered":"<p>Aujourd\u2019hui, \u00e7a \u00e9t\u00e9 une journ\u00e9e de v\u00e9lo plut\u00f4t intense. Nous avons roul\u00e9 pr\u00e8s de 50 km tous ensemble (sous le soleil \ud83d\ude42 ), mont\u00e9e de 2 km inclue.<br \/>\nNous avons rendu visite au centre \u00e9questre de Terre d\u2019Illich. Ce centre a pour particularit\u00e9 d\u2019\u00eatre \u00e0 l\u2019\u00e9coute des chevaux et de les faire \u00e9voluer dans un environnement le plus proche de leur habitat naturel. Leur bien-\u00eatre est une priorit\u00e9. Ainsi, aucun mors, aucun fer \u00e0 cheval ne sont utilis\u00e9s. Le centre accueille un public vari\u00e9 (handicap\u00e9s, entreprises, \u00e9l\u00e8ves..).<br \/>\nCe soir, Fran\u00e7ois et Marc, nous ont h\u00e9berg\u00e9s \u00e0 la cidrerie du Golfe au Moustoir, \u00e0 10 km de Radon. Ils fabriquent du cidre bio et du jus de pomme gr\u00e2ce \u00e0 450 pommiers. Ici, c\u2019est tr\u00e8s convivial, et un espace est pr\u00e9vu pour les artistes. Nous avons m\u00eame eu droit ce soir \u00e0 une prestation de \u00abTrikaner\u00bb, 3 chanteurs militants, dont un guitariste.<br \/>\nCet apr\u00e8s-midi, C\u00e9line, Doula de sa profession, nous a parl\u00e9 de son soutien aupr\u00e8s de futures mamans. Cette accompagnante \u00e0 la naissance, aide les couples \u00e0 recevoir leur nouvel enfant. Elle les soutient dans la pr\u00e9paration \u00e0 l\u2019accouchement et post-naissance.<\/p>\n<p style=\"text-align: right;\"><strong>Marion &amp; Helian<\/strong><\/p>\n","protected":false},"excerpt":{"rendered":"<p>Aujourd\u2019hui, \u00e7a \u00e9t\u00e9 une journ\u00e9e de v\u00e9lo plut\u00f4t intense. Nous avons roul\u00e9 pr\u00e8s de 50 km tous ensemble (sous le soleil \ud83d\ude42 ), mont\u00e9e de 2 km inclue. Nous avons rendu visite au centre \u00e9questre de Terre d\u2019Illich. Ce centre a pour particularit\u00e9 d\u2019\u00eatre \u00e0 l\u2019\u00e9coute des chevaux et de &#8230; <\/p>\n<div><a href=\"https:\/\/www.altercampagne.net\/?p=5790\" class=\"more-link\">Read More<\/a><\/div>\n","protected":false},"author":214,"featured_media":15554,"comment_status":"closed","ping_status":"closed","sticky":false,"template":"","format":"standard","meta":{"footnotes":""},"categories":[3483,3472,3459],"tags":[20,383,412,1652,2646,2647,2648,2649,2650,2651,2652,2704,2846,2849,2850,2851],"class_list":["post-5790","post","type-post","status-publish","format-standard","has-post-thumbnail","hentry","category-agriculture","category-bretagne","category-edition-2016","tag-bretagne","tag-altertour-2016","tag-morbihan","tag-1652","tag-arradon","tag-cidrerie-du-golfe","tag-terre-dillich","tag-meriadec","tag-trikaner","tag-moustoir","tag-doula","tag-alterjournaliste","tag-accueillant","tag-accueillant2016","tag-accueillant-2016","tag-altertour2016"],"yoast_head":"<!-- This site is optimized with the Yoast SEO plugin v27.3 - https:\/\/yoast.com\/product\/yoast-seo-wordpress\/ -->\n<title>Etape du 14 ao\u00fbt : Terre d&#039;Illich \u00e0 M\u00e9riadec et la Cidrerie du Golfe \u00e0 Arradon - AlterTour<\/title>\n<meta name=\"robots\" content=\"index, follow, max-snippet:-1, max-image-preview:large, max-video-preview:-1\" \/>\n<link rel=\"canonical\" href=\"https:\/\/www.altercampagne.net\/?p=5790\" \/>\n<meta property=\"og:locale\" content=\"fr_FR\" \/>\n<meta property=\"og:type\" content=\"article\" \/>\n<meta property=\"og:title\" content=\"Etape du 14 ao\u00fbt : Terre d&#039;Illich \u00e0 M\u00e9riadec et la Cidrerie du Golfe \u00e0 Arradon - AlterTour\" \/>\n<meta property=\"og:description\" content=\"Aujourd\u2019hui, \u00e7a \u00e9t\u00e9 une journ\u00e9e de v\u00e9lo plut\u00f4t intense. Nous avons roul\u00e9 pr\u00e8s de 50 km tous ensemble (sous le soleil \ud83d\ude42 ), mont\u00e9e de 2 km inclue. Nous avons rendu visite au centre \u00e9questre de Terre d\u2019Illich. Ce centre a pour particularit\u00e9 d\u2019\u00eatre \u00e0 l\u2019\u00e9coute des chevaux et de ... Read More\" \/>\n<meta property=\"og:url\" content=\"https:\/\/www.altercampagne.net\/?p=5790\" \/>\n<meta property=\"og:site_name\" content=\"AlterTour\" \/>\n<meta property=\"article:published_time\" content=\"2016-08-14T18:06:50+00:00\" \/>\n<meta property=\"article:modified_time\" content=\"2019-09-13T17:02:32+00:00\" \/>\n<meta property=\"og:image\" content=\"https:\/\/www.altercampagne.net\/wp-content\/uploads\/2016\/08\/2016-08-14_21.26.jpg\" \/>\n\t<meta property=\"og:image:width\" content=\"907\" \/>\n\t<meta property=\"og:image:height\" content=\"474\" \/>\n\t<meta property=\"og:image:type\" content=\"image\/jpeg\" \/>\n<meta name=\"author\" content=\"Mathieu\" \/>\n<meta name=\"twitter:card\" content=\"summary_large_image\" \/>\n<meta name=\"twitter:label1\" content=\"\u00c9crit par\" \/>\n\t<meta name=\"twitter:data1\" content=\"Mathieu\" \/>\n\t<meta name=\"twitter:label2\" content=\"Dur\u00e9e de lecture estim\u00e9e\" \/>\n\t<meta name=\"twitter:data2\" content=\"1 minute\" \/>\n<script type=\"application\/ld+json\" class=\"yoast-schema-graph\">{\"@context\":\"https:\\\/\\\/schema.org\",\"@graph\":[{\"@type\":\"Article\",\"@id\":\"https:\\\/\\\/www.altercampagne.net\\\/?p=5790#article\",\"isPartOf\":{\"@id\":\"https:\\\/\\\/www.altercampagne.net\\\/?p=5790\"},\"author\":{\"name\":\"Mathieu\",\"@id\":\"https:\\\/\\\/www.altercampagne.net\\\/#\\\/schema\\\/person\\\/0f261460c09e430caa0f9bcffa319109\"},\"headline\":\"Etape du 14 ao\u00fbt : Terre d&rsquo;Illich \u00e0 M\u00e9riadec et la Cidrerie du Golfe \u00e0 Arradon\",\"datePublished\":\"2016-08-14T18:06:50+00:00\",\"dateModified\":\"2019-09-13T17:02:32+00:00\",\"mainEntityOfPage\":{\"@id\":\"https:\\\/\\\/www.altercampagne.net\\\/?p=5790\"},\"wordCount\":220,\"image\":{\"@id\":\"https:\\\/\\\/www.altercampagne.net\\\/?p=5790#primaryimage\"},\"thumbnailUrl\":\"https:\\\/\\\/www.altercampagne.net\\\/wp-content\\\/uploads\\\/2016\\\/08\\\/2016-08-14_21.26.jpg\",\"keywords\":[\"bretagne\",\"AlterTour 2016\",\"morbihan\",\"2016\",\"Arradon\",\"cidrerie du Golfe\",\"Terre d'Illich\",\"M\u00e9riadec\",\"Trikaner\",\"Moustoir\",\"Doula\",\"alterjournaliste\",\"accueillant\",\"accueillant2016\",\"accueillant 2016\",\"AlterTour2016\"],\"articleSection\":[\"Agriculture\",\"Bretagne\",\"\u00c9dition 2016\"],\"inLanguage\":\"fr-FR\"},{\"@type\":\"WebPage\",\"@id\":\"https:\\\/\\\/www.altercampagne.net\\\/?p=5790\",\"url\":\"https:\\\/\\\/www.altercampagne.net\\\/?p=5790\",\"name\":\"Etape du 14 ao\u00fbt : Terre d'Illich \u00e0 M\u00e9riadec et la Cidrerie du Golfe \u00e0 Arradon - AlterTour\",\"isPartOf\":{\"@id\":\"https:\\\/\\\/www.altercampagne.net\\\/#website\"},\"primaryImageOfPage\":{\"@id\":\"https:\\\/\\\/www.altercampagne.net\\\/?p=5790#primaryimage\"},\"image\":{\"@id\":\"https:\\\/\\\/www.altercampagne.net\\\/?p=5790#primaryimage\"},\"thumbnailUrl\":\"https:\\\/\\\/www.altercampagne.net\\\/wp-content\\\/uploads\\\/2016\\\/08\\\/2016-08-14_21.26.jpg\",\"datePublished\":\"2016-08-14T18:06:50+00:00\",\"dateModified\":\"2019-09-13T17:02:32+00:00\",\"author\":{\"@id\":\"https:\\\/\\\/www.altercampagne.net\\\/#\\\/schema\\\/person\\\/0f261460c09e430caa0f9bcffa319109\"},\"breadcrumb\":{\"@id\":\"https:\\\/\\\/www.altercampagne.net\\\/?p=5790#breadcrumb\"},\"inLanguage\":\"fr-FR\",\"potentialAction\":[{\"@type\":\"ReadAction\",\"target\":[\"https:\\\/\\\/www.altercampagne.net\\\/?p=5790\"]}]},{\"@type\":\"ImageObject\",\"inLanguage\":\"fr-FR\",\"@id\":\"https:\\\/\\\/www.altercampagne.net\\\/?p=5790#primaryimage\",\"url\":\"https:\\\/\\\/www.altercampagne.net\\\/wp-content\\\/uploads\\\/2016\\\/08\\\/2016-08-14_21.26.jpg\",\"contentUrl\":\"https:\\\/\\\/www.altercampagne.net\\\/wp-content\\\/uploads\\\/2016\\\/08\\\/2016-08-14_21.26.jpg\",\"width\":907,\"height\":474},{\"@type\":\"BreadcrumbList\",\"@id\":\"https:\\\/\\\/www.altercampagne.net\\\/?p=5790#breadcrumb\",\"itemListElement\":[{\"@type\":\"ListItem\",\"position\":1,\"name\":\"Accueil\",\"item\":\"https:\\\/\\\/www.altercampagne.net\\\/\"},{\"@type\":\"ListItem\",\"position\":2,\"name\":\"Etape du 14 ao\u00fbt : Terre d&rsquo;Illich \u00e0 M\u00e9riadec et la Cidrerie du Golfe \u00e0 Arradon\"}]},{\"@type\":\"WebSite\",\"@id\":\"https:\\\/\\\/www.altercampagne.net\\\/#website\",\"url\":\"https:\\\/\\\/www.altercampagne.net\\\/\",\"name\":\"AlterTour\",\"description\":\"Reliez les Alternatives \u00e0 v\u00e9lo\",\"potentialAction\":[{\"@type\":\"SearchAction\",\"target\":{\"@type\":\"EntryPoint\",\"urlTemplate\":\"https:\\\/\\\/www.altercampagne.net\\\/?s={search_term_string}\"},\"query-input\":{\"@type\":\"PropertyValueSpecification\",\"valueRequired\":true,\"valueName\":\"search_term_string\"}}],\"inLanguage\":\"fr-FR\"},{\"@type\":\"Person\",\"@id\":\"https:\\\/\\\/www.altercampagne.net\\\/#\\\/schema\\\/person\\\/0f261460c09e430caa0f9bcffa319109\",\"name\":\"Mathieu\",\"image\":{\"@type\":\"ImageObject\",\"inLanguage\":\"fr-FR\",\"@id\":\"https:\\\/\\\/secure.gravatar.com\\\/avatar\\\/aa9d3d24c83f2141e5e2709d0f63d09a99f6be6bb7a50abc4915838d9f54501a?s=96&d=mm&r=g\",\"url\":\"https:\\\/\\\/secure.gravatar.com\\\/avatar\\\/aa9d3d24c83f2141e5e2709d0f63d09a99f6be6bb7a50abc4915838d9f54501a?s=96&d=mm&r=g\",\"contentUrl\":\"https:\\\/\\\/secure.gravatar.com\\\/avatar\\\/aa9d3d24c83f2141e5e2709d0f63d09a99f6be6bb7a50abc4915838d9f54501a?s=96&d=mm&r=g\",\"caption\":\"Mathieu\"},\"url\":\"https:\\\/\\\/www.altercampagne.net\\\/?author=214\"}]}<\/script>\n<!-- \/ Yoast SEO plugin. -->","yoast_head_json":{"title":"Etape du 14 ao\u00fbt : Terre d'Illich \u00e0 M\u00e9riadec et la Cidrerie du Golfe \u00e0 Arradon - AlterTour","robots":{"index":"index","follow":"follow","max-snippet":"max-snippet:-1","max-image-preview":"max-image-preview:large","max-video-preview":"max-video-preview:-1"},"canonical":"https:\/\/www.altercampagne.net\/?p=5790","og_locale":"fr_FR","og_type":"article","og_title":"Etape du 14 ao\u00fbt : Terre d'Illich \u00e0 M\u00e9riadec et la Cidrerie du Golfe \u00e0 Arradon - AlterTour","og_description":"Aujourd\u2019hui, \u00e7a \u00e9t\u00e9 une journ\u00e9e de v\u00e9lo plut\u00f4t intense. Nous avons roul\u00e9 pr\u00e8s de 50 km tous ensemble (sous le soleil \ud83d\ude42 ), mont\u00e9e de 2 km inclue. Nous avons rendu visite au centre \u00e9questre de Terre d\u2019Illich. Ce centre a pour particularit\u00e9 d\u2019\u00eatre \u00e0 l\u2019\u00e9coute des chevaux et de ... Read More","og_url":"https:\/\/www.altercampagne.net\/?p=5790","og_site_name":"AlterTour","article_published_time":"2016-08-14T18:06:50+00:00","article_modified_time":"2019-09-13T17:02:32+00:00","og_image":[{"width":907,"height":474,"url":"https:\/\/www.altercampagne.net\/wp-content\/uploads\/2016\/08\/2016-08-14_21.26.jpg","type":"image\/jpeg"}],"author":"Mathieu","twitter_card":"summary_large_image","twitter_misc":{"\u00c9crit par":"Mathieu","Dur\u00e9e de lecture estim\u00e9e":"1 minute"},"schema":{"@context":"https:\/\/schema.org","@graph":[{"@type":"Article","@id":"https:\/\/www.altercampagne.net\/?p=5790#article","isPartOf":{"@id":"https:\/\/www.altercampagne.net\/?p=5790"},"author":{"name":"Mathieu","@id":"https:\/\/www.altercampagne.net\/#\/schema\/person\/0f261460c09e430caa0f9bcffa319109"},"headline":"Etape du 14 ao\u00fbt : Terre d&rsquo;Illich \u00e0 M\u00e9riadec et la Cidrerie du Golfe \u00e0 Arradon","datePublished":"2016-08-14T18:06:50+00:00","dateModified":"2019-09-13T17:02:32+00:00","mainEntityOfPage":{"@id":"https:\/\/www.altercampagne.net\/?p=5790"},"wordCount":220,"image":{"@id":"https:\/\/www.altercampagne.net\/?p=5790#primaryimage"},"thumbnailUrl":"https:\/\/www.altercampagne.net\/wp-content\/uploads\/2016\/08\/2016-08-14_21.26.jpg","keywords":["bretagne","AlterTour 2016","morbihan","2016","Arradon","cidrerie du Golfe","Terre d'Illich","M\u00e9riadec","Trikaner","Moustoir","Doula","alterjournaliste","accueillant","accueillant2016","accueillant 2016","AlterTour2016"],"articleSection":["Agriculture","Bretagne","\u00c9dition 2016"],"inLanguage":"fr-FR"},{"@type":"WebPage","@id":"https:\/\/www.altercampagne.net\/?p=5790","url":"https:\/\/www.altercampagne.net\/?p=5790","name":"Etape du 14 ao\u00fbt : Terre d'Illich \u00e0 M\u00e9riadec et la Cidrerie du Golfe \u00e0 Arradon - AlterTour","isPartOf":{"@id":"https:\/\/www.altercampagne.net\/#website"},"primaryImageOfPage":{"@id":"https:\/\/www.altercampagne.net\/?p=5790#primaryimage"},"image":{"@id":"https:\/\/www.altercampagne.net\/?p=5790#primaryimage"},"thumbnailUrl":"https:\/\/www.altercampagne.net\/wp-content\/uploads\/2016\/08\/2016-08-14_21.26.jpg","datePublished":"2016-08-14T18:06:50+00:00","dateModified":"2019-09-13T17:02:32+00:00","author":{"@id":"https:\/\/www.altercampagne.net\/#\/schema\/person\/0f261460c09e430caa0f9bcffa319109"},"breadcrumb":{"@id":"https:\/\/www.altercampagne.net\/?p=5790#breadcrumb"},"inLanguage":"fr-FR","potentialAction":[{"@type":"ReadAction","target":["https:\/\/www.altercampagne.net\/?p=5790"]}]},{"@type":"ImageObject","inLanguage":"fr-FR","@id":"https:\/\/www.altercampagne.net\/?p=5790#primaryimage","url":"https:\/\/www.altercampagne.net\/wp-content\/uploads\/2016\/08\/2016-08-14_21.26.jpg","contentUrl":"https:\/\/www.altercampagne.net\/wp-content\/uploads\/2016\/08\/2016-08-14_21.26.jpg","width":907,"height":474},{"@type":"BreadcrumbList","@id":"https:\/\/www.altercampagne.net\/?p=5790#breadcrumb","itemListElement":[{"@type":"ListItem","position":1,"name":"Accueil","item":"https:\/\/www.altercampagne.net\/"},{"@type":"ListItem","position":2,"name":"Etape du 14 ao\u00fbt : Terre d&rsquo;Illich \u00e0 M\u00e9riadec et la Cidrerie du Golfe \u00e0 Arradon"}]},{"@type":"WebSite","@id":"https:\/\/www.altercampagne.net\/#website","url":"https:\/\/www.altercampagne.net\/","name":"AlterTour","description":"Reliez les Alternatives \u00e0 v\u00e9lo","potentialAction":[{"@type":"SearchAction","target":{"@type":"EntryPoint","urlTemplate":"https:\/\/www.altercampagne.net\/?s={search_term_string}"},"query-input":{"@type":"PropertyValueSpecification","valueRequired":true,"valueName":"search_term_string"}}],"inLanguage":"fr-FR"},{"@type":"Person","@id":"https:\/\/www.altercampagne.net\/#\/schema\/person\/0f261460c09e430caa0f9bcffa319109","name":"Mathieu","image":{"@type":"ImageObject","inLanguage":"fr-FR","@id":"https:\/\/secure.gravatar.com\/avatar\/aa9d3d24c83f2141e5e2709d0f63d09a99f6be6bb7a50abc4915838d9f54501a?s=96&d=mm&r=g","url":"https:\/\/secure.gravatar.com\/avatar\/aa9d3d24c83f2141e5e2709d0f63d09a99f6be6bb7a50abc4915838d9f54501a?s=96&d=mm&r=g","contentUrl":"https:\/\/secure.gravatar.com\/avatar\/aa9d3d24c83f2141e5e2709d0f63d09a99f6be6bb7a50abc4915838d9f54501a?s=96&d=mm&r=g","caption":"Mathieu"},"url":"https:\/\/www.altercampagne.net\/?author=214"}]}},"_links":{"self":[{"href":"https:\/\/www.altercampagne.net\/index.php?rest_route=\/wp\/v2\/posts\/5790","targetHints":{"allow":["GET"]}}],"collection":[{"href":"https:\/\/www.altercampagne.net\/index.php?rest_route=\/wp\/v2\/posts"}],"about":[{"href":"https:\/\/www.altercampagne.net\/index.php?rest_route=\/wp\/v2\/types\/post"}],"author":[{"embeddable":true,"href":"https:\/\/www.altercampagne.net\/index.php?rest_route=\/wp\/v2\/users\/214"}],"replies":[{"embeddable":true,"href":"https:\/\/www.altercampagne.net\/index.php?rest_route=%2Fwp%2Fv2%2Fcomments&post=5790"}],"version-history":[{"count":0,"href":"https:\/\/www.altercampagne.net\/index.php?rest_route=\/wp\/v2\/posts\/5790\/revisions"}],"wp:featuredmedia":[{"embeddable":true,"href":"https:\/\/www.altercampagne.net\/index.php?rest_route=\/wp\/v2\/media\/15554"}],"wp:attachment":[{"href":"https:\/\/www.altercampagne.net\/index.php?rest_route=%2Fwp%2Fv2%2Fmedia&parent=5790"}],"wp:term":[{"taxonomy":"category","embeddable":true,"href":"https:\/\/www.altercampagne.net\/index.php?rest_route=%2Fwp%2Fv2%2Fcategories&post=5790"},{"taxonomy":"post_tag","embeddable":true,"href":"https:\/\/www.altercampagne.net\/index.php?rest_route=%2Fwp%2Fv2%2Ftags&post=5790"}],"curies":[{"name":"wp","href":"https:\/\/api.w.org\/{rel}","templated":true}]}}