{"id":5792,"date":"2016-08-16T20:13:59","date_gmt":"2016-08-16T18:13:59","guid":{"rendered":"http:\/\/www.altercampagne.net\/?p=5792"},"modified":"2019-09-13T19:05:25","modified_gmt":"2019-09-13T17:05:25","slug":"altertour-une-halte-a-terre-dillich","status":"publish","type":"post","link":"https:\/\/www.altercampagne.net\/?p=5792","title":{"rendered":"AlterTour. Une halte \u00e0 Terre d&rsquo;Illich"},"content":{"rendered":"<p>Dimanche, une soixantaine de cyclistes se sont arr\u00eat\u00e9s, le temps d&rsquo;une pause d\u00e9jeuner, au centre \u00e9questre de Terre d&rsquo;Illich, avant de reprendre la route pour rejoindre la Cidrerie du golfe d&rsquo;Arradon. Alter-Tour est un parcours \u00e0 v\u00e9lo qui se d\u00e9roule chaque ann\u00e9e, dans une r\u00e9gion diff\u00e9rente, afin de rencontrer des personnes \u00e0 l&rsquo;initiative de projets originaux en lien avec les valeurs de l&rsquo;association qui sont la coop\u00e9ration, l&rsquo;\u00e9mulation, l&rsquo;autogestion, la solidarit\u00e9 et la d\u00e9fense d&rsquo;une consommation responsable, bio et locale. Le th\u00e8me retenu cette ann\u00e9e est \u00ab Bien vivre, bien(s) commun(s) \u00bb. Parti le 10 juillet de Notre-Dame-des-Landes, ce tour de France s&rsquo;est achev\u00e9, ce dimanche. Comme l&rsquo;explique \u00c9milie Ellouet qui a un projet d&rsquo;ouverture de ferme permaculture et p\u00e9dagogique \u00e0 Terre d&rsquo;Illich : \u00ab Les altercyclistes vont \u00e0 la rencontre des personnes porteuses d&rsquo;alternatives concr\u00e8tes dans tous les domaines (agricole, \u00e9conomique, environnemental, \u00e9ducatif, \u00e9nerg\u00e9tique, social, culturel, etc.), et esp\u00e8rent que ces d\u00e9marches trouvent un \u00e9cho plus large. Le centre \u00e9questre \u00e0 Terre d&rsquo;Illich pratique l&rsquo;\u00e9quitude. Comme pour les altercyclistes qui fournissent l&rsquo;\u00e9nergie pour faire avancer leurs v\u00e9los, ici ce sont les chevaux qui fournissent l&rsquo;\u00e9nergie. Ils ne portent pas de sabots ni de mors \u00bb, a indiqu\u00e9 \u00c9milie Ellouet. Apr\u00e8s une visite comment\u00e9e du centre, les artercyclistes ont repris leurs montures jusqu&rsquo;\u00e0 Arradon.<\/p>\n<p>Source : <a href=\"http:\/\/www.letelegramme.fr\/morbihan\/meriadec\/altertour-une-halte-a-terre-d-illich-16-08-2016-11184038.php\" target=\"_blank\" rel=\"noopener noreferrer\">Le T\u00e9l\u00e9gramme<\/a><\/p>\n","protected":false},"excerpt":{"rendered":"<p>Dimanche, une soixantaine de cyclistes se sont arr\u00eat\u00e9s, le temps d&rsquo;une pause d\u00e9jeuner, au centre \u00e9questre de Terre d&rsquo;Illich, avant de reprendre la route pour rejoindre la Cidrerie du golfe d&rsquo;Arradon. Alter-Tour est un parcours \u00e0 v\u00e9lo qui se d\u00e9roule chaque ann\u00e9e, dans une r\u00e9gion diff\u00e9rente, afin de rencontrer des &#8230; <\/p>\n<div><a href=\"https:\/\/www.altercampagne.net\/?p=5792\" class=\"more-link\">Read More<\/a><\/div>\n","protected":false},"author":214,"featured_media":15558,"comment_status":"closed","ping_status":"closed","sticky":false,"template":"","format":"standard","meta":{"footnotes":""},"categories":[3472,239,3459],"tags":[383,1652,2578,2646,2647,2648,2653,2654,2846,2849,2850,2851],"class_list":["post-5792","post","type-post","status-publish","format-standard","has-post-thumbnail","hentry","category-bretagne","category-revue-de-presse","category-edition-2016","tag-altertour-2016","tag-1652","tag-le-telegramme","tag-arradon","tag-cidrerie-du-golfe","tag-terre-dillich","tag-equitude","tag-emilie-ellouet","tag-accueillant","tag-accueillant2016","tag-accueillant-2016","tag-altertour2016"],"yoast_head":"<!-- This site is optimized with the Yoast SEO plugin v27.3 - https:\/\/yoast.com\/product\/yoast-seo-wordpress\/ -->\n<title>AlterTour. Une halte \u00e0 Terre d&#039;Illich - AlterTour<\/title>\n<meta name=\"robots\" content=\"index, follow, max-snippet:-1, max-image-preview:large, max-video-preview:-1\" \/>\n<link rel=\"canonical\" href=\"https:\/\/www.altercampagne.net\/?p=5792\" \/>\n<meta property=\"og:locale\" content=\"fr_FR\" \/>\n<meta property=\"og:type\" content=\"article\" \/>\n<meta property=\"og:title\" content=\"AlterTour. Une halte \u00e0 Terre d&#039;Illich - AlterTour\" \/>\n<meta property=\"og:description\" content=\"Dimanche, une soixantaine de cyclistes se sont arr\u00eat\u00e9s, le temps d&rsquo;une pause d\u00e9jeuner, au centre \u00e9questre de Terre d&rsquo;Illich, avant de reprendre la route pour rejoindre la Cidrerie du golfe d&rsquo;Arradon. Alter-Tour est un parcours \u00e0 v\u00e9lo qui se d\u00e9roule chaque ann\u00e9e, dans une r\u00e9gion diff\u00e9rente, afin de rencontrer des ... Read More\" \/>\n<meta property=\"og:url\" content=\"https:\/\/www.altercampagne.net\/?p=5792\" \/>\n<meta property=\"og:site_name\" content=\"AlterTour\" \/>\n<meta property=\"article:published_time\" content=\"2016-08-16T18:13:59+00:00\" \/>\n<meta property=\"article:modified_time\" content=\"2019-09-13T17:05:25+00:00\" \/>\n<meta property=\"og:image\" content=\"https:\/\/www.altercampagne.net\/wp-content\/uploads\/2016\/08\/une-soixantaine-d-altercyclistes-se-sont-arretes-a-terre_30480301.jpg\" \/>\n\t<meta property=\"og:image:width\" content=\"999\" \/>\n\t<meta property=\"og:image:height\" content=\"441\" \/>\n\t<meta property=\"og:image:type\" content=\"image\/jpeg\" \/>\n<meta name=\"author\" content=\"Mathieu\" \/>\n<meta name=\"twitter:card\" content=\"summary_large_image\" \/>\n<meta name=\"twitter:label1\" content=\"\u00c9crit par\" \/>\n\t<meta name=\"twitter:data1\" content=\"Mathieu\" \/>\n\t<meta name=\"twitter:label2\" content=\"Dur\u00e9e de lecture estim\u00e9e\" \/>\n\t<meta name=\"twitter:data2\" content=\"1 minute\" \/>\n<script type=\"application\/ld+json\" class=\"yoast-schema-graph\">{\"@context\":\"https:\\\/\\\/schema.org\",\"@graph\":[{\"@type\":\"Article\",\"@id\":\"https:\\\/\\\/www.altercampagne.net\\\/?p=5792#article\",\"isPartOf\":{\"@id\":\"https:\\\/\\\/www.altercampagne.net\\\/?p=5792\"},\"author\":{\"name\":\"Mathieu\",\"@id\":\"https:\\\/\\\/www.altercampagne.net\\\/#\\\/schema\\\/person\\\/0f261460c09e430caa0f9bcffa319109\"},\"headline\":\"AlterTour. Une halte \u00e0 Terre d&rsquo;Illich\",\"datePublished\":\"2016-08-16T18:13:59+00:00\",\"dateModified\":\"2019-09-13T17:05:25+00:00\",\"mainEntityOfPage\":{\"@id\":\"https:\\\/\\\/www.altercampagne.net\\\/?p=5792\"},\"wordCount\":253,\"image\":{\"@id\":\"https:\\\/\\\/www.altercampagne.net\\\/?p=5792#primaryimage\"},\"thumbnailUrl\":\"https:\\\/\\\/www.altercampagne.net\\\/wp-content\\\/uploads\\\/2016\\\/08\\\/une-soixantaine-d-altercyclistes-se-sont-arretes-a-terre_30480301.jpg\",\"keywords\":[\"AlterTour 2016\",\"2016\",\"Le t\u00e9l\u00e9gramme\",\"Arradon\",\"cidrerie du Golfe\",\"Terre d'Illich\",\"\u00e9quitude\",\"\u00c9milie Ellouet\",\"accueillant\",\"accueillant2016\",\"accueillant 2016\",\"AlterTour2016\"],\"articleSection\":[\"Bretagne\",\"Revue de presse\",\"\u00c9dition 2016\"],\"inLanguage\":\"fr-FR\"},{\"@type\":\"WebPage\",\"@id\":\"https:\\\/\\\/www.altercampagne.net\\\/?p=5792\",\"url\":\"https:\\\/\\\/www.altercampagne.net\\\/?p=5792\",\"name\":\"AlterTour. Une halte \u00e0 Terre d'Illich - AlterTour\",\"isPartOf\":{\"@id\":\"https:\\\/\\\/www.altercampagne.net\\\/#website\"},\"primaryImageOfPage\":{\"@id\":\"https:\\\/\\\/www.altercampagne.net\\\/?p=5792#primaryimage\"},\"image\":{\"@id\":\"https:\\\/\\\/www.altercampagne.net\\\/?p=5792#primaryimage\"},\"thumbnailUrl\":\"https:\\\/\\\/www.altercampagne.net\\\/wp-content\\\/uploads\\\/2016\\\/08\\\/une-soixantaine-d-altercyclistes-se-sont-arretes-a-terre_30480301.jpg\",\"datePublished\":\"2016-08-16T18:13:59+00:00\",\"dateModified\":\"2019-09-13T17:05:25+00:00\",\"author\":{\"@id\":\"https:\\\/\\\/www.altercampagne.net\\\/#\\\/schema\\\/person\\\/0f261460c09e430caa0f9bcffa319109\"},\"breadcrumb\":{\"@id\":\"https:\\\/\\\/www.altercampagne.net\\\/?p=5792#breadcrumb\"},\"inLanguage\":\"fr-FR\",\"potentialAction\":[{\"@type\":\"ReadAction\",\"target\":[\"https:\\\/\\\/www.altercampagne.net\\\/?p=5792\"]}]},{\"@type\":\"ImageObject\",\"inLanguage\":\"fr-FR\",\"@id\":\"https:\\\/\\\/www.altercampagne.net\\\/?p=5792#primaryimage\",\"url\":\"https:\\\/\\\/www.altercampagne.net\\\/wp-content\\\/uploads\\\/2016\\\/08\\\/une-soixantaine-d-altercyclistes-se-sont-arretes-a-terre_30480301.jpg\",\"contentUrl\":\"https:\\\/\\\/www.altercampagne.net\\\/wp-content\\\/uploads\\\/2016\\\/08\\\/une-soixantaine-d-altercyclistes-se-sont-arretes-a-terre_30480301.jpg\",\"width\":999,\"height\":441},{\"@type\":\"BreadcrumbList\",\"@id\":\"https:\\\/\\\/www.altercampagne.net\\\/?p=5792#breadcrumb\",\"itemListElement\":[{\"@type\":\"ListItem\",\"position\":1,\"name\":\"Accueil\",\"item\":\"https:\\\/\\\/www.altercampagne.net\\\/\"},{\"@type\":\"ListItem\",\"position\":2,\"name\":\"AlterTour. Une halte \u00e0 Terre d&rsquo;Illich\"}]},{\"@type\":\"WebSite\",\"@id\":\"https:\\\/\\\/www.altercampagne.net\\\/#website\",\"url\":\"https:\\\/\\\/www.altercampagne.net\\\/\",\"name\":\"AlterTour\",\"description\":\"Reliez les Alternatives \u00e0 v\u00e9lo\",\"potentialAction\":[{\"@type\":\"SearchAction\",\"target\":{\"@type\":\"EntryPoint\",\"urlTemplate\":\"https:\\\/\\\/www.altercampagne.net\\\/?s={search_term_string}\"},\"query-input\":{\"@type\":\"PropertyValueSpecification\",\"valueRequired\":true,\"valueName\":\"search_term_string\"}}],\"inLanguage\":\"fr-FR\"},{\"@type\":\"Person\",\"@id\":\"https:\\\/\\\/www.altercampagne.net\\\/#\\\/schema\\\/person\\\/0f261460c09e430caa0f9bcffa319109\",\"name\":\"Mathieu\",\"image\":{\"@type\":\"ImageObject\",\"inLanguage\":\"fr-FR\",\"@id\":\"https:\\\/\\\/secure.gravatar.com\\\/avatar\\\/aa9d3d24c83f2141e5e2709d0f63d09a99f6be6bb7a50abc4915838d9f54501a?s=96&d=mm&r=g\",\"url\":\"https:\\\/\\\/secure.gravatar.com\\\/avatar\\\/aa9d3d24c83f2141e5e2709d0f63d09a99f6be6bb7a50abc4915838d9f54501a?s=96&d=mm&r=g\",\"contentUrl\":\"https:\\\/\\\/secure.gravatar.com\\\/avatar\\\/aa9d3d24c83f2141e5e2709d0f63d09a99f6be6bb7a50abc4915838d9f54501a?s=96&d=mm&r=g\",\"caption\":\"Mathieu\"},\"url\":\"https:\\\/\\\/www.altercampagne.net\\\/?author=214\"}]}<\/script>\n<!-- \/ Yoast SEO plugin. -->","yoast_head_json":{"title":"AlterTour. Une halte \u00e0 Terre d'Illich - AlterTour","robots":{"index":"index","follow":"follow","max-snippet":"max-snippet:-1","max-image-preview":"max-image-preview:large","max-video-preview":"max-video-preview:-1"},"canonical":"https:\/\/www.altercampagne.net\/?p=5792","og_locale":"fr_FR","og_type":"article","og_title":"AlterTour. Une halte \u00e0 Terre d'Illich - AlterTour","og_description":"Dimanche, une soixantaine de cyclistes se sont arr\u00eat\u00e9s, le temps d&rsquo;une pause d\u00e9jeuner, au centre \u00e9questre de Terre d&rsquo;Illich, avant de reprendre la route pour rejoindre la Cidrerie du golfe d&rsquo;Arradon. Alter-Tour est un parcours \u00e0 v\u00e9lo qui se d\u00e9roule chaque ann\u00e9e, dans une r\u00e9gion diff\u00e9rente, afin de rencontrer des ... Read More","og_url":"https:\/\/www.altercampagne.net\/?p=5792","og_site_name":"AlterTour","article_published_time":"2016-08-16T18:13:59+00:00","article_modified_time":"2019-09-13T17:05:25+00:00","og_image":[{"width":999,"height":441,"url":"https:\/\/www.altercampagne.net\/wp-content\/uploads\/2016\/08\/une-soixantaine-d-altercyclistes-se-sont-arretes-a-terre_30480301.jpg","type":"image\/jpeg"}],"author":"Mathieu","twitter_card":"summary_large_image","twitter_misc":{"\u00c9crit par":"Mathieu","Dur\u00e9e de lecture estim\u00e9e":"1 minute"},"schema":{"@context":"https:\/\/schema.org","@graph":[{"@type":"Article","@id":"https:\/\/www.altercampagne.net\/?p=5792#article","isPartOf":{"@id":"https:\/\/www.altercampagne.net\/?p=5792"},"author":{"name":"Mathieu","@id":"https:\/\/www.altercampagne.net\/#\/schema\/person\/0f261460c09e430caa0f9bcffa319109"},"headline":"AlterTour. Une halte \u00e0 Terre d&rsquo;Illich","datePublished":"2016-08-16T18:13:59+00:00","dateModified":"2019-09-13T17:05:25+00:00","mainEntityOfPage":{"@id":"https:\/\/www.altercampagne.net\/?p=5792"},"wordCount":253,"image":{"@id":"https:\/\/www.altercampagne.net\/?p=5792#primaryimage"},"thumbnailUrl":"https:\/\/www.altercampagne.net\/wp-content\/uploads\/2016\/08\/une-soixantaine-d-altercyclistes-se-sont-arretes-a-terre_30480301.jpg","keywords":["AlterTour 2016","2016","Le t\u00e9l\u00e9gramme","Arradon","cidrerie du Golfe","Terre d'Illich","\u00e9quitude","\u00c9milie Ellouet","accueillant","accueillant2016","accueillant 2016","AlterTour2016"],"articleSection":["Bretagne","Revue de presse","\u00c9dition 2016"],"inLanguage":"fr-FR"},{"@type":"WebPage","@id":"https:\/\/www.altercampagne.net\/?p=5792","url":"https:\/\/www.altercampagne.net\/?p=5792","name":"AlterTour. Une halte \u00e0 Terre d'Illich - AlterTour","isPartOf":{"@id":"https:\/\/www.altercampagne.net\/#website"},"primaryImageOfPage":{"@id":"https:\/\/www.altercampagne.net\/?p=5792#primaryimage"},"image":{"@id":"https:\/\/www.altercampagne.net\/?p=5792#primaryimage"},"thumbnailUrl":"https:\/\/www.altercampagne.net\/wp-content\/uploads\/2016\/08\/une-soixantaine-d-altercyclistes-se-sont-arretes-a-terre_30480301.jpg","datePublished":"2016-08-16T18:13:59+00:00","dateModified":"2019-09-13T17:05:25+00:00","author":{"@id":"https:\/\/www.altercampagne.net\/#\/schema\/person\/0f261460c09e430caa0f9bcffa319109"},"breadcrumb":{"@id":"https:\/\/www.altercampagne.net\/?p=5792#breadcrumb"},"inLanguage":"fr-FR","potentialAction":[{"@type":"ReadAction","target":["https:\/\/www.altercampagne.net\/?p=5792"]}]},{"@type":"ImageObject","inLanguage":"fr-FR","@id":"https:\/\/www.altercampagne.net\/?p=5792#primaryimage","url":"https:\/\/www.altercampagne.net\/wp-content\/uploads\/2016\/08\/une-soixantaine-d-altercyclistes-se-sont-arretes-a-terre_30480301.jpg","contentUrl":"https:\/\/www.altercampagne.net\/wp-content\/uploads\/2016\/08\/une-soixantaine-d-altercyclistes-se-sont-arretes-a-terre_30480301.jpg","width":999,"height":441},{"@type":"BreadcrumbList","@id":"https:\/\/www.altercampagne.net\/?p=5792#breadcrumb","itemListElement":[{"@type":"ListItem","position":1,"name":"Accueil","item":"https:\/\/www.altercampagne.net\/"},{"@type":"ListItem","position":2,"name":"AlterTour. Une halte \u00e0 Terre d&rsquo;Illich"}]},{"@type":"WebSite","@id":"https:\/\/www.altercampagne.net\/#website","url":"https:\/\/www.altercampagne.net\/","name":"AlterTour","description":"Reliez les Alternatives \u00e0 v\u00e9lo","potentialAction":[{"@type":"SearchAction","target":{"@type":"EntryPoint","urlTemplate":"https:\/\/www.altercampagne.net\/?s={search_term_string}"},"query-input":{"@type":"PropertyValueSpecification","valueRequired":true,"valueName":"search_term_string"}}],"inLanguage":"fr-FR"},{"@type":"Person","@id":"https:\/\/www.altercampagne.net\/#\/schema\/person\/0f261460c09e430caa0f9bcffa319109","name":"Mathieu","image":{"@type":"ImageObject","inLanguage":"fr-FR","@id":"https:\/\/secure.gravatar.com\/avatar\/aa9d3d24c83f2141e5e2709d0f63d09a99f6be6bb7a50abc4915838d9f54501a?s=96&d=mm&r=g","url":"https:\/\/secure.gravatar.com\/avatar\/aa9d3d24c83f2141e5e2709d0f63d09a99f6be6bb7a50abc4915838d9f54501a?s=96&d=mm&r=g","contentUrl":"https:\/\/secure.gravatar.com\/avatar\/aa9d3d24c83f2141e5e2709d0f63d09a99f6be6bb7a50abc4915838d9f54501a?s=96&d=mm&r=g","caption":"Mathieu"},"url":"https:\/\/www.altercampagne.net\/?author=214"}]}},"_links":{"self":[{"href":"https:\/\/www.altercampagne.net\/index.php?rest_route=\/wp\/v2\/posts\/5792","targetHints":{"allow":["GET"]}}],"collection":[{"href":"https:\/\/www.altercampagne.net\/index.php?rest_route=\/wp\/v2\/posts"}],"about":[{"href":"https:\/\/www.altercampagne.net\/index.php?rest_route=\/wp\/v2\/types\/post"}],"author":[{"embeddable":true,"href":"https:\/\/www.altercampagne.net\/index.php?rest_route=\/wp\/v2\/users\/214"}],"replies":[{"embeddable":true,"href":"https:\/\/www.altercampagne.net\/index.php?rest_route=%2Fwp%2Fv2%2Fcomments&post=5792"}],"version-history":[{"count":0,"href":"https:\/\/www.altercampagne.net\/index.php?rest_route=\/wp\/v2\/posts\/5792\/revisions"}],"wp:featuredmedia":[{"embeddable":true,"href":"https:\/\/www.altercampagne.net\/index.php?rest_route=\/wp\/v2\/media\/15558"}],"wp:attachment":[{"href":"https:\/\/www.altercampagne.net\/index.php?rest_route=%2Fwp%2Fv2%2Fmedia&parent=5792"}],"wp:term":[{"taxonomy":"category","embeddable":true,"href":"https:\/\/www.altercampagne.net\/index.php?rest_route=%2Fwp%2Fv2%2Fcategories&post=5792"},{"taxonomy":"post_tag","embeddable":true,"href":"https:\/\/www.altercampagne.net\/index.php?rest_route=%2Fwp%2Fv2%2Ftags&post=5792"}],"curies":[{"name":"wp","href":"https:\/\/api.w.org\/{rel}","templated":true}]}}