{"id":5795,"date":"2016-08-13T20:37:44","date_gmt":"2016-08-13T18:37:44","guid":{"rendered":"http:\/\/www.altercampagne.net\/?p=5795"},"modified":"2024-10-22T14:50:22","modified_gmt":"2024-10-22T12:50:22","slug":"les-cyclistes-de-laltertour-font-etape-a-caudan","status":"publish","type":"post","link":"https:\/\/www.altercampagne.net\/?p=5795","title":{"rendered":"Les cyclistes de l&rsquo;AlterTour font \u00e9tape \u00e0 Caudan"},"content":{"rendered":"<p><strong>Ils font un tour du grand Ouest, pour relier les atlernatives \u00e0 v\u00e9lo. Jeudi, les altercyclistes ont fait \u00e9tape \u00e0 Caudan. L&rsquo;occasion d&rsquo;\u00e9changer avec des personnes porteuses d&rsquo;initiatives.<\/strong><\/p>\n<p>L&rsquo;initiative<\/p>\n<p>Arriv\u00e9e d&rsquo;Inguiniel \u00e0 v\u00e9lo pour une \u00e9tape de 25 km, une soixantaine de participants de l&rsquo;AlterTour ont \u00e9t\u00e9 accueillis, jeudi soir, par les responsables de Terre Adelys de Caudan.<\/p>\n<p>Pour la neuvi\u00e8me \u00e9dition de l&rsquo;AlterTour, 250 \u00e0 300 altercyclistes se relaient pour sillonner les routes de Bretagne et parler \u00e9cologie, notamment. Cette ann\u00e9e, ils sont partis le 10 juillet de Notre-Dame-des-Landes (44), pour un tour des exp\u00e9riences alternatives sur le th\u00e8me \u00ab Bien vivre, bien(s) commun(s) \u00bb. Les altercyclistes vont \u00e0 la rencontre des personnes porteuses de solutions concr\u00e8tes dans tous les domaines, agricole, \u00e9conomique, environnemental, \u00e9ducatif, \u00e9nerg\u00e9tique, social, culturel.<\/p>\n<p>Un militantisme joyeux<\/p>\n<p>\u00ab <strong>Nous partageons et vivons un militantisme joyeux<\/strong>, explique Mathieu Fromont, coordinateur de l&rsquo;association AlterTour. <strong>L&rsquo;objectif est de proposer aux participants des rencontres avec des personnes porteuses d&rsquo;initiatives, qui pr\u00e9parent la transition \u00e9cologique et \u00e9nerg\u00e9tique. Tout cela s&rsquo;accompagne d&rsquo;exp\u00e9riences alternatives.<\/strong> \u00bb<\/p>\n<p>Accueillis sur un terrain de l&rsquo;association Terres Adelys, \u00e0 Caudan, les altercyclistes ont plant\u00e9 leur bivouac pour deux nuits. \u00ab <strong>Cet espace situ\u00e9 en campagne est id\u00e9al pour cet \u00e9v\u00e9nement. Avec l&rsquo;accord du voisinage, nous pouvions recevoir l&rsquo;\u00e9tape sur nos terres<\/strong> \u00bb, explique L\u00e9on Lano\u00eb, le pr\u00e9sident.<\/p>\n<p>Jeudi soir, les participants ont assist\u00e9 \u00e0 la projection d&rsquo;un film \u00e9voquant les exc\u00e8s des exploitations des ressources de la mer. Vendredi matin, place \u00e0 l&rsquo;action avec une sensibilisation au monde des oiseaux sous la conduite de Jean Anezo, de la Ligue de la protection des oiseaux (LPO). Avant la pause d\u00e9jeuner, la matin\u00e9e s&rsquo;est poursuivie par une initiation au ta\u00ef-chi-chuan et au yoga. Puis en soir\u00e9e, ils se sont rendus au Festival interceltique de Lorient.<\/p>\n<p>Samedi 13 ao\u00fbt, l&rsquo;\u00e9tape de 26 km conduira les altercyclistes \u00e0 Etel. Contact : coordination de l&rsquo;AlterTour, Mathieu Fromont, t\u00e9l. 06 77 59 30 92<\/p>\n<p>Source : <a href=\"http:\/\/www.ouest-france.fr\/bretagne\/caudan-56850\/les-cyclistes-de-laltertour-font-etape-caudan-4419197\" target=\"_blank\" rel=\"noopener noreferrer\">Ouest France<\/a><\/p>\n","protected":false},"excerpt":{"rendered":"<p>Ils font un tour du grand Ouest, pour relier les atlernatives \u00e0 v\u00e9lo. Jeudi, les altercyclistes ont fait \u00e9tape \u00e0 Caudan. L&rsquo;occasion d&rsquo;\u00e9changer avec des personnes porteuses d&rsquo;initiatives. L&rsquo;initiative Arriv\u00e9e d&rsquo;Inguiniel \u00e0 v\u00e9lo pour une \u00e9tape de 25 km, une soixantaine de participants de l&rsquo;AlterTour ont \u00e9t\u00e9 accueillis, jeudi soir, &#8230; <\/p>\n<div><a href=\"https:\/\/www.altercampagne.net\/?p=5795\" class=\"more-link\">Read More<\/a><\/div>\n","protected":false},"author":214,"featured_media":15552,"comment_status":"closed","ping_status":"closed","sticky":false,"template":"","format":"standard","meta":{"footnotes":""},"categories":[3472,239,3459],"tags":[20,383,412,471,1652,2642,2655,2656,2657,2658,2659,2660,2846,2849,2850,2851],"class_list":["post-5795","post","type-post","status-publish","format-standard","has-post-thumbnail","hentry","category-bretagne","category-revue-de-presse","category-edition-2016","tag-bretagne","tag-altertour-2016","tag-morbihan","tag-ouest-france","tag-1652","tag-caudan","tag-terre-adelys","tag-lorrient","tag-jean-anezo","tag-lpo","tag-tai-chi-chuan","tag-yoga","tag-accueillant","tag-accueillant2016","tag-accueillant-2016","tag-altertour2016"],"yoast_head":"<!-- This site is optimized with the Yoast SEO plugin v27.3 - https:\/\/yoast.com\/product\/yoast-seo-wordpress\/ -->\n<title>Les cyclistes de l&#039;AlterTour font \u00e9tape \u00e0 Caudan - AlterTour<\/title>\n<meta name=\"robots\" content=\"index, follow, max-snippet:-1, max-image-preview:large, max-video-preview:-1\" \/>\n<link rel=\"canonical\" href=\"https:\/\/www.altercampagne.net\/?p=5795\" \/>\n<meta property=\"og:locale\" content=\"fr_FR\" \/>\n<meta property=\"og:type\" content=\"article\" \/>\n<meta property=\"og:title\" content=\"Les cyclistes de l&#039;AlterTour font \u00e9tape \u00e0 Caudan - AlterTour\" \/>\n<meta property=\"og:description\" content=\"Ils font un tour du grand Ouest, pour relier les atlernatives \u00e0 v\u00e9lo. Jeudi, les altercyclistes ont fait \u00e9tape \u00e0 Caudan. L&rsquo;occasion d&rsquo;\u00e9changer avec des personnes porteuses d&rsquo;initiatives. L&rsquo;initiative Arriv\u00e9e d&rsquo;Inguiniel \u00e0 v\u00e9lo pour une \u00e9tape de 25 km, une soixantaine de participants de l&rsquo;AlterTour ont \u00e9t\u00e9 accueillis, jeudi soir, ... Read More\" \/>\n<meta property=\"og:url\" content=\"https:\/\/www.altercampagne.net\/?p=5795\" \/>\n<meta property=\"og:site_name\" content=\"AlterTour\" \/>\n<meta property=\"article:published_time\" content=\"2016-08-13T18:37:44+00:00\" \/>\n<meta property=\"article:modified_time\" content=\"2024-10-22T12:50:22+00:00\" \/>\n<meta property=\"og:image\" content=\"https:\/\/www.altercampagne.net\/wp-content\/uploads\/2016\/08\/les-cyclistes-de-laltertour-font-etape-caudan1.jpg\" \/>\n\t<meta property=\"og:image:width\" content=\"640\" \/>\n\t<meta property=\"og:image:height\" content=\"360\" \/>\n\t<meta property=\"og:image:type\" content=\"image\/jpeg\" \/>\n<meta name=\"author\" content=\"Mathieu\" \/>\n<meta name=\"twitter:card\" content=\"summary_large_image\" \/>\n<meta name=\"twitter:label1\" content=\"\u00c9crit par\" \/>\n\t<meta name=\"twitter:data1\" content=\"Mathieu\" \/>\n\t<meta name=\"twitter:label2\" content=\"Dur\u00e9e de lecture estim\u00e9e\" \/>\n\t<meta name=\"twitter:data2\" content=\"2 minutes\" \/>\n<script type=\"application\/ld+json\" class=\"yoast-schema-graph\">{\"@context\":\"https:\\\/\\\/schema.org\",\"@graph\":[{\"@type\":\"Article\",\"@id\":\"https:\\\/\\\/www.altercampagne.net\\\/?p=5795#article\",\"isPartOf\":{\"@id\":\"https:\\\/\\\/www.altercampagne.net\\\/?p=5795\"},\"author\":{\"name\":\"Mathieu\",\"@id\":\"https:\\\/\\\/www.altercampagne.net\\\/#\\\/schema\\\/person\\\/0f261460c09e430caa0f9bcffa319109\"},\"headline\":\"Les cyclistes de l&rsquo;AlterTour font \u00e9tape \u00e0 Caudan\",\"datePublished\":\"2016-08-13T18:37:44+00:00\",\"dateModified\":\"2024-10-22T12:50:22+00:00\",\"mainEntityOfPage\":{\"@id\":\"https:\\\/\\\/www.altercampagne.net\\\/?p=5795\"},\"wordCount\":349,\"image\":{\"@id\":\"https:\\\/\\\/www.altercampagne.net\\\/?p=5795#primaryimage\"},\"thumbnailUrl\":\"https:\\\/\\\/www.altercampagne.net\\\/wp-content\\\/uploads\\\/2016\\\/08\\\/les-cyclistes-de-laltertour-font-etape-caudan1.jpg\",\"keywords\":[\"bretagne\",\"AlterTour 2016\",\"morbihan\",\"ouest france\",\"2016\",\"Caudan\",\"Terre Adelys\",\"lorrient\",\"Jean Anezo\",\"LPO\",\"ta\u00ef-chi-chuan\",\"yoga\",\"accueillant\",\"accueillant2016\",\"accueillant 2016\",\"AlterTour2016\"],\"articleSection\":[\"Bretagne\",\"Revue de presse\",\"\u00c9dition 2016\"],\"inLanguage\":\"fr-FR\"},{\"@type\":\"WebPage\",\"@id\":\"https:\\\/\\\/www.altercampagne.net\\\/?p=5795\",\"url\":\"https:\\\/\\\/www.altercampagne.net\\\/?p=5795\",\"name\":\"Les cyclistes de l'AlterTour font \u00e9tape \u00e0 Caudan - AlterTour\",\"isPartOf\":{\"@id\":\"https:\\\/\\\/www.altercampagne.net\\\/#website\"},\"primaryImageOfPage\":{\"@id\":\"https:\\\/\\\/www.altercampagne.net\\\/?p=5795#primaryimage\"},\"image\":{\"@id\":\"https:\\\/\\\/www.altercampagne.net\\\/?p=5795#primaryimage\"},\"thumbnailUrl\":\"https:\\\/\\\/www.altercampagne.net\\\/wp-content\\\/uploads\\\/2016\\\/08\\\/les-cyclistes-de-laltertour-font-etape-caudan1.jpg\",\"datePublished\":\"2016-08-13T18:37:44+00:00\",\"dateModified\":\"2024-10-22T12:50:22+00:00\",\"author\":{\"@id\":\"https:\\\/\\\/www.altercampagne.net\\\/#\\\/schema\\\/person\\\/0f261460c09e430caa0f9bcffa319109\"},\"breadcrumb\":{\"@id\":\"https:\\\/\\\/www.altercampagne.net\\\/?p=5795#breadcrumb\"},\"inLanguage\":\"fr-FR\",\"potentialAction\":[{\"@type\":\"ReadAction\",\"target\":[\"https:\\\/\\\/www.altercampagne.net\\\/?p=5795\"]}]},{\"@type\":\"ImageObject\",\"inLanguage\":\"fr-FR\",\"@id\":\"https:\\\/\\\/www.altercampagne.net\\\/?p=5795#primaryimage\",\"url\":\"https:\\\/\\\/www.altercampagne.net\\\/wp-content\\\/uploads\\\/2016\\\/08\\\/les-cyclistes-de-laltertour-font-etape-caudan1.jpg\",\"contentUrl\":\"https:\\\/\\\/www.altercampagne.net\\\/wp-content\\\/uploads\\\/2016\\\/08\\\/les-cyclistes-de-laltertour-font-etape-caudan1.jpg\",\"width\":640,\"height\":360},{\"@type\":\"BreadcrumbList\",\"@id\":\"https:\\\/\\\/www.altercampagne.net\\\/?p=5795#breadcrumb\",\"itemListElement\":[{\"@type\":\"ListItem\",\"position\":1,\"name\":\"Accueil\",\"item\":\"https:\\\/\\\/www.altercampagne.net\\\/\"},{\"@type\":\"ListItem\",\"position\":2,\"name\":\"Les cyclistes de l&rsquo;AlterTour font \u00e9tape \u00e0 Caudan\"}]},{\"@type\":\"WebSite\",\"@id\":\"https:\\\/\\\/www.altercampagne.net\\\/#website\",\"url\":\"https:\\\/\\\/www.altercampagne.net\\\/\",\"name\":\"AlterTour\",\"description\":\"Reliez les Alternatives \u00e0 v\u00e9lo\",\"potentialAction\":[{\"@type\":\"SearchAction\",\"target\":{\"@type\":\"EntryPoint\",\"urlTemplate\":\"https:\\\/\\\/www.altercampagne.net\\\/?s={search_term_string}\"},\"query-input\":{\"@type\":\"PropertyValueSpecification\",\"valueRequired\":true,\"valueName\":\"search_term_string\"}}],\"inLanguage\":\"fr-FR\"},{\"@type\":\"Person\",\"@id\":\"https:\\\/\\\/www.altercampagne.net\\\/#\\\/schema\\\/person\\\/0f261460c09e430caa0f9bcffa319109\",\"name\":\"Mathieu\",\"image\":{\"@type\":\"ImageObject\",\"inLanguage\":\"fr-FR\",\"@id\":\"https:\\\/\\\/secure.gravatar.com\\\/avatar\\\/aa9d3d24c83f2141e5e2709d0f63d09a99f6be6bb7a50abc4915838d9f54501a?s=96&d=mm&r=g\",\"url\":\"https:\\\/\\\/secure.gravatar.com\\\/avatar\\\/aa9d3d24c83f2141e5e2709d0f63d09a99f6be6bb7a50abc4915838d9f54501a?s=96&d=mm&r=g\",\"contentUrl\":\"https:\\\/\\\/secure.gravatar.com\\\/avatar\\\/aa9d3d24c83f2141e5e2709d0f63d09a99f6be6bb7a50abc4915838d9f54501a?s=96&d=mm&r=g\",\"caption\":\"Mathieu\"},\"url\":\"https:\\\/\\\/www.altercampagne.net\\\/?author=214\"}]}<\/script>\n<!-- \/ Yoast SEO plugin. -->","yoast_head_json":{"title":"Les cyclistes de l'AlterTour font \u00e9tape \u00e0 Caudan - AlterTour","robots":{"index":"index","follow":"follow","max-snippet":"max-snippet:-1","max-image-preview":"max-image-preview:large","max-video-preview":"max-video-preview:-1"},"canonical":"https:\/\/www.altercampagne.net\/?p=5795","og_locale":"fr_FR","og_type":"article","og_title":"Les cyclistes de l'AlterTour font \u00e9tape \u00e0 Caudan - AlterTour","og_description":"Ils font un tour du grand Ouest, pour relier les atlernatives \u00e0 v\u00e9lo. Jeudi, les altercyclistes ont fait \u00e9tape \u00e0 Caudan. L&rsquo;occasion d&rsquo;\u00e9changer avec des personnes porteuses d&rsquo;initiatives. L&rsquo;initiative Arriv\u00e9e d&rsquo;Inguiniel \u00e0 v\u00e9lo pour une \u00e9tape de 25 km, une soixantaine de participants de l&rsquo;AlterTour ont \u00e9t\u00e9 accueillis, jeudi soir, ... Read More","og_url":"https:\/\/www.altercampagne.net\/?p=5795","og_site_name":"AlterTour","article_published_time":"2016-08-13T18:37:44+00:00","article_modified_time":"2024-10-22T12:50:22+00:00","og_image":[{"width":640,"height":360,"url":"https:\/\/www.altercampagne.net\/wp-content\/uploads\/2016\/08\/les-cyclistes-de-laltertour-font-etape-caudan1.jpg","type":"image\/jpeg"}],"author":"Mathieu","twitter_card":"summary_large_image","twitter_misc":{"\u00c9crit par":"Mathieu","Dur\u00e9e de lecture estim\u00e9e":"2 minutes"},"schema":{"@context":"https:\/\/schema.org","@graph":[{"@type":"Article","@id":"https:\/\/www.altercampagne.net\/?p=5795#article","isPartOf":{"@id":"https:\/\/www.altercampagne.net\/?p=5795"},"author":{"name":"Mathieu","@id":"https:\/\/www.altercampagne.net\/#\/schema\/person\/0f261460c09e430caa0f9bcffa319109"},"headline":"Les cyclistes de l&rsquo;AlterTour font \u00e9tape \u00e0 Caudan","datePublished":"2016-08-13T18:37:44+00:00","dateModified":"2024-10-22T12:50:22+00:00","mainEntityOfPage":{"@id":"https:\/\/www.altercampagne.net\/?p=5795"},"wordCount":349,"image":{"@id":"https:\/\/www.altercampagne.net\/?p=5795#primaryimage"},"thumbnailUrl":"https:\/\/www.altercampagne.net\/wp-content\/uploads\/2016\/08\/les-cyclistes-de-laltertour-font-etape-caudan1.jpg","keywords":["bretagne","AlterTour 2016","morbihan","ouest france","2016","Caudan","Terre Adelys","lorrient","Jean Anezo","LPO","ta\u00ef-chi-chuan","yoga","accueillant","accueillant2016","accueillant 2016","AlterTour2016"],"articleSection":["Bretagne","Revue de presse","\u00c9dition 2016"],"inLanguage":"fr-FR"},{"@type":"WebPage","@id":"https:\/\/www.altercampagne.net\/?p=5795","url":"https:\/\/www.altercampagne.net\/?p=5795","name":"Les cyclistes de l'AlterTour font \u00e9tape \u00e0 Caudan - AlterTour","isPartOf":{"@id":"https:\/\/www.altercampagne.net\/#website"},"primaryImageOfPage":{"@id":"https:\/\/www.altercampagne.net\/?p=5795#primaryimage"},"image":{"@id":"https:\/\/www.altercampagne.net\/?p=5795#primaryimage"},"thumbnailUrl":"https:\/\/www.altercampagne.net\/wp-content\/uploads\/2016\/08\/les-cyclistes-de-laltertour-font-etape-caudan1.jpg","datePublished":"2016-08-13T18:37:44+00:00","dateModified":"2024-10-22T12:50:22+00:00","author":{"@id":"https:\/\/www.altercampagne.net\/#\/schema\/person\/0f261460c09e430caa0f9bcffa319109"},"breadcrumb":{"@id":"https:\/\/www.altercampagne.net\/?p=5795#breadcrumb"},"inLanguage":"fr-FR","potentialAction":[{"@type":"ReadAction","target":["https:\/\/www.altercampagne.net\/?p=5795"]}]},{"@type":"ImageObject","inLanguage":"fr-FR","@id":"https:\/\/www.altercampagne.net\/?p=5795#primaryimage","url":"https:\/\/www.altercampagne.net\/wp-content\/uploads\/2016\/08\/les-cyclistes-de-laltertour-font-etape-caudan1.jpg","contentUrl":"https:\/\/www.altercampagne.net\/wp-content\/uploads\/2016\/08\/les-cyclistes-de-laltertour-font-etape-caudan1.jpg","width":640,"height":360},{"@type":"BreadcrumbList","@id":"https:\/\/www.altercampagne.net\/?p=5795#breadcrumb","itemListElement":[{"@type":"ListItem","position":1,"name":"Accueil","item":"https:\/\/www.altercampagne.net\/"},{"@type":"ListItem","position":2,"name":"Les cyclistes de l&rsquo;AlterTour font \u00e9tape \u00e0 Caudan"}]},{"@type":"WebSite","@id":"https:\/\/www.altercampagne.net\/#website","url":"https:\/\/www.altercampagne.net\/","name":"AlterTour","description":"Reliez les Alternatives \u00e0 v\u00e9lo","potentialAction":[{"@type":"SearchAction","target":{"@type":"EntryPoint","urlTemplate":"https:\/\/www.altercampagne.net\/?s={search_term_string}"},"query-input":{"@type":"PropertyValueSpecification","valueRequired":true,"valueName":"search_term_string"}}],"inLanguage":"fr-FR"},{"@type":"Person","@id":"https:\/\/www.altercampagne.net\/#\/schema\/person\/0f261460c09e430caa0f9bcffa319109","name":"Mathieu","image":{"@type":"ImageObject","inLanguage":"fr-FR","@id":"https:\/\/secure.gravatar.com\/avatar\/aa9d3d24c83f2141e5e2709d0f63d09a99f6be6bb7a50abc4915838d9f54501a?s=96&d=mm&r=g","url":"https:\/\/secure.gravatar.com\/avatar\/aa9d3d24c83f2141e5e2709d0f63d09a99f6be6bb7a50abc4915838d9f54501a?s=96&d=mm&r=g","contentUrl":"https:\/\/secure.gravatar.com\/avatar\/aa9d3d24c83f2141e5e2709d0f63d09a99f6be6bb7a50abc4915838d9f54501a?s=96&d=mm&r=g","caption":"Mathieu"},"url":"https:\/\/www.altercampagne.net\/?author=214"}]}},"_links":{"self":[{"href":"https:\/\/www.altercampagne.net\/index.php?rest_route=\/wp\/v2\/posts\/5795","targetHints":{"allow":["GET"]}}],"collection":[{"href":"https:\/\/www.altercampagne.net\/index.php?rest_route=\/wp\/v2\/posts"}],"about":[{"href":"https:\/\/www.altercampagne.net\/index.php?rest_route=\/wp\/v2\/types\/post"}],"author":[{"embeddable":true,"href":"https:\/\/www.altercampagne.net\/index.php?rest_route=\/wp\/v2\/users\/214"}],"replies":[{"embeddable":true,"href":"https:\/\/www.altercampagne.net\/index.php?rest_route=%2Fwp%2Fv2%2Fcomments&post=5795"}],"version-history":[{"count":1,"href":"https:\/\/www.altercampagne.net\/index.php?rest_route=\/wp\/v2\/posts\/5795\/revisions"}],"predecessor-version":[{"id":28790,"href":"https:\/\/www.altercampagne.net\/index.php?rest_route=\/wp\/v2\/posts\/5795\/revisions\/28790"}],"wp:featuredmedia":[{"embeddable":true,"href":"https:\/\/www.altercampagne.net\/index.php?rest_route=\/wp\/v2\/media\/15552"}],"wp:attachment":[{"href":"https:\/\/www.altercampagne.net\/index.php?rest_route=%2Fwp%2Fv2%2Fmedia&parent=5795"}],"wp:term":[{"taxonomy":"category","embeddable":true,"href":"https:\/\/www.altercampagne.net\/index.php?rest_route=%2Fwp%2Fv2%2Fcategories&post=5795"},{"taxonomy":"post_tag","embeddable":true,"href":"https:\/\/www.altercampagne.net\/index.php?rest_route=%2Fwp%2Fv2%2Ftags&post=5795"}],"curies":[{"name":"wp","href":"https:\/\/api.w.org\/{rel}","templated":true}]}}