{"id":5808,"date":"2016-08-12T20:23:37","date_gmt":"2016-08-12T18:23:37","guid":{"rendered":"http:\/\/www.altercampagne.net\/?p=5808"},"modified":"2017-02-09T12:40:35","modified_gmt":"2017-02-09T11:40:35","slug":"altertour-etapes-a-etel-et-erdeven-samedi","status":"publish","type":"post","link":"https:\/\/www.altercampagne.net\/?p=5808","title":{"rendered":"AlterTour. \u00c9tapes \u00e0 Etel et Erdeven, samedi"},"content":{"rendered":"<p>Samedi, les 70 cyclistes de l&rsquo;AlterTour Bretagne ? Pays-de-la-Loire passeront par \u00c9tel avant de faire \u00e9tape \u00e0 Erdeven, arrivant de Lorient. Parti de Notre-Dame des Landes le 10 juillet, ce tour de Bretagne militant \u00e0 v\u00e9lo relie les initiatives concr\u00e8tes et originales men\u00e9es en mati\u00e8re d&rsquo;agriculture, de transport, d&rsquo;\u00e9nergie, etc., suivant la th\u00e9matique \u00ab Bien vivre, biens communs \u00bb. Pour l&rsquo;\u00e9tape d&rsquo;Erdeven, il s&rsquo;agit des actions engag\u00e9es par les Lucioles de la Ria dans l&rsquo;optique de la transition. L&rsquo;accueil se fera aux jardins partag\u00e9s, \u00e0 c\u00f4t\u00e9 du Moulin de Saint-Germain. Programme de la journ\u00e9e : repas \u00e0 Plouhinec, \u00e0 12 h ; trajet jusqu&rsquo;\u00e0 \u00c9tel, de 14 h \u00e0 16 h ; installation \u00e0 Saint-Germain, temps de repos et baignade ; \u00e0 18 h, briefing ; \u00e0 18 h 30, ap\u00e9ro spectacle et pr\u00e9sentation des Lucioles ; \u00e0 20 h, repas partag\u00e9 ; \u00e0 21 h, soir\u00e9e musicale. \u00ab Amenez votre pique-nique et votre instrument de musique \u00bb, invite Pascale Regalet, des Lucioles. Dimanche, l&rsquo;AlterTour repart \u00e0 9 h 30 en direction de la Cidrerie du golfe, \u00e0 Arradon : pause, \u00e0 11 h, en gare d&rsquo;Auray et d\u00e9jeuner, \u00e0 12 h, \u00e0 Terre D&rsquo;Illich (Le Monde selon les chevaux). L&rsquo;arriv\u00e9e est pr\u00e9vue \u00e0 Rennes le 21 ao\u00fbt.<\/p>\n<p>Contact : <a href=\"https:\/\/www.facebook.com\/LUCIOLESRIATRANSITION\/?fref=ts\" target=\"_blank\">Les Lucioles &#8211; Ria d&rsquo;Etel en Transition<\/a><\/p>\n<p>Source : <a href=\"http:\/\/www.letelegramme.fr\/morbihan\/erdeven\/altertour-etapes-a-etel-et-erdeven-samedi-12-08-2016-11179668.php\" target=\"_blank\">Le T\u00e9l\u00e9gramme<\/a><\/p>\n","protected":false},"excerpt":{"rendered":"<p>Samedi, les 70 cyclistes de l&rsquo;AlterTour Bretagne ? Pays-de-la-Loire passeront par \u00c9tel avant de faire \u00e9tape \u00e0 Erdeven, arrivant de Lorient. Parti de Notre-Dame des Landes le 10 juillet, ce tour de Bretagne militant \u00e0 v\u00e9lo relie les initiatives concr\u00e8tes et originales men\u00e9es en mati\u00e8re d&rsquo;agriculture, de transport, d&rsquo;\u00e9nergie, etc., &#8230; <\/p>\n<div><a href=\"https:\/\/www.altercampagne.net\/?p=5808\" class=\"more-link\">Read More<\/a><\/div>\n","protected":false},"author":214,"featured_media":0,"comment_status":"closed","ping_status":"closed","sticky":false,"template":"","format":"standard","meta":{"footnotes":""},"categories":[239],"tags":[2647,2851,2850,2849,2846,2663,2662,2661,2648,20,2646,2578,2473,1652,1302,412,383],"class_list":["post-5808","post","type-post","status-publish","format-standard","hentry","category-revue-de-presse","tag-cidrerie-du-golfe","tag-altertour2016","tag-accueillant-2016","tag-accueillant2016","tag-accueillant","tag-plouhinec","tag-ria-detel-en-transition","tag-les-lucioles","tag-terre-dillich","tag-bretagne","tag-arradon","tag-le-telegramme","tag-etel","tag-1652","tag-erdeven","tag-morbihan","tag-altertour-2016","no-post-thumbnail"],"yoast_head":"<!-- This site is optimized with the Yoast SEO plugin v27.3 - https:\/\/yoast.com\/product\/yoast-seo-wordpress\/ -->\n<title>AlterTour. \u00c9tapes \u00e0 Etel et Erdeven, samedi - AlterTour<\/title>\n<meta name=\"robots\" content=\"index, follow, max-snippet:-1, max-image-preview:large, max-video-preview:-1\" \/>\n<link rel=\"canonical\" href=\"https:\/\/www.altercampagne.net\/?p=5808\" \/>\n<meta property=\"og:locale\" content=\"fr_FR\" \/>\n<meta property=\"og:type\" content=\"article\" \/>\n<meta property=\"og:title\" content=\"AlterTour. \u00c9tapes \u00e0 Etel et Erdeven, samedi - AlterTour\" \/>\n<meta property=\"og:description\" content=\"Samedi, les 70 cyclistes de l&rsquo;AlterTour Bretagne ? Pays-de-la-Loire passeront par \u00c9tel avant de faire \u00e9tape \u00e0 Erdeven, arrivant de Lorient. Parti de Notre-Dame des Landes le 10 juillet, ce tour de Bretagne militant \u00e0 v\u00e9lo relie les initiatives concr\u00e8tes et originales men\u00e9es en mati\u00e8re d&rsquo;agriculture, de transport, d&rsquo;\u00e9nergie, etc., ... Read More\" \/>\n<meta property=\"og:url\" content=\"https:\/\/www.altercampagne.net\/?p=5808\" \/>\n<meta property=\"og:site_name\" content=\"AlterTour\" \/>\n<meta property=\"article:published_time\" content=\"2016-08-12T18:23:37+00:00\" \/>\n<meta property=\"article:modified_time\" content=\"2017-02-09T11:40:35+00:00\" \/>\n<meta name=\"author\" content=\"Mathieu\" \/>\n<meta name=\"twitter:card\" content=\"summary_large_image\" \/>\n<meta name=\"twitter:label1\" content=\"\u00c9crit par\" \/>\n\t<meta name=\"twitter:data1\" content=\"Mathieu\" \/>\n\t<meta name=\"twitter:label2\" content=\"Dur\u00e9e de lecture estim\u00e9e\" \/>\n\t<meta name=\"twitter:data2\" content=\"1 minute\" \/>\n<script type=\"application\/ld+json\" class=\"yoast-schema-graph\">{\"@context\":\"https:\\\/\\\/schema.org\",\"@graph\":[{\"@type\":\"Article\",\"@id\":\"https:\\\/\\\/www.altercampagne.net\\\/?p=5808#article\",\"isPartOf\":{\"@id\":\"https:\\\/\\\/www.altercampagne.net\\\/?p=5808\"},\"author\":{\"name\":\"Mathieu\",\"@id\":\"https:\\\/\\\/www.altercampagne.net\\\/#\\\/schema\\\/person\\\/0f261460c09e430caa0f9bcffa319109\"},\"headline\":\"AlterTour. \u00c9tapes \u00e0 Etel et Erdeven, samedi\",\"datePublished\":\"2016-08-12T18:23:37+00:00\",\"dateModified\":\"2017-02-09T11:40:35+00:00\",\"mainEntityOfPage\":{\"@id\":\"https:\\\/\\\/www.altercampagne.net\\\/?p=5808\"},\"wordCount\":211,\"keywords\":[\"cidrerie du Golfe\",\"AlterTour2016\",\"accueillant 2016\",\"accueillant2016\",\"accueillant\",\"Plouhinec\",\"ria d'\u00e9tel en transition\",\"Les lucioles\",\"Terre d'Illich\",\"bretagne\",\"Arradon\",\"Le t\u00e9l\u00e9gramme\",\"Etel\",\"2016\",\"Erdeven\",\"morbihan\",\"AlterTour 2016\"],\"articleSection\":[\"Revue de presse\"],\"inLanguage\":\"fr-FR\"},{\"@type\":\"WebPage\",\"@id\":\"https:\\\/\\\/www.altercampagne.net\\\/?p=5808\",\"url\":\"https:\\\/\\\/www.altercampagne.net\\\/?p=5808\",\"name\":\"AlterTour. \u00c9tapes \u00e0 Etel et Erdeven, samedi - AlterTour\",\"isPartOf\":{\"@id\":\"https:\\\/\\\/www.altercampagne.net\\\/#website\"},\"datePublished\":\"2016-08-12T18:23:37+00:00\",\"dateModified\":\"2017-02-09T11:40:35+00:00\",\"author\":{\"@id\":\"https:\\\/\\\/www.altercampagne.net\\\/#\\\/schema\\\/person\\\/0f261460c09e430caa0f9bcffa319109\"},\"breadcrumb\":{\"@id\":\"https:\\\/\\\/www.altercampagne.net\\\/?p=5808#breadcrumb\"},\"inLanguage\":\"fr-FR\",\"potentialAction\":[{\"@type\":\"ReadAction\",\"target\":[\"https:\\\/\\\/www.altercampagne.net\\\/?p=5808\"]}]},{\"@type\":\"BreadcrumbList\",\"@id\":\"https:\\\/\\\/www.altercampagne.net\\\/?p=5808#breadcrumb\",\"itemListElement\":[{\"@type\":\"ListItem\",\"position\":1,\"name\":\"Accueil\",\"item\":\"https:\\\/\\\/www.altercampagne.net\\\/\"},{\"@type\":\"ListItem\",\"position\":2,\"name\":\"AlterTour. \u00c9tapes \u00e0 Etel et Erdeven, samedi\"}]},{\"@type\":\"WebSite\",\"@id\":\"https:\\\/\\\/www.altercampagne.net\\\/#website\",\"url\":\"https:\\\/\\\/www.altercampagne.net\\\/\",\"name\":\"AlterTour\",\"description\":\"Reliez les Alternatives \u00e0 v\u00e9lo\",\"potentialAction\":[{\"@type\":\"SearchAction\",\"target\":{\"@type\":\"EntryPoint\",\"urlTemplate\":\"https:\\\/\\\/www.altercampagne.net\\\/?s={search_term_string}\"},\"query-input\":{\"@type\":\"PropertyValueSpecification\",\"valueRequired\":true,\"valueName\":\"search_term_string\"}}],\"inLanguage\":\"fr-FR\"},{\"@type\":\"Person\",\"@id\":\"https:\\\/\\\/www.altercampagne.net\\\/#\\\/schema\\\/person\\\/0f261460c09e430caa0f9bcffa319109\",\"name\":\"Mathieu\",\"image\":{\"@type\":\"ImageObject\",\"inLanguage\":\"fr-FR\",\"@id\":\"https:\\\/\\\/secure.gravatar.com\\\/avatar\\\/aa9d3d24c83f2141e5e2709d0f63d09a99f6be6bb7a50abc4915838d9f54501a?s=96&d=mm&r=g\",\"url\":\"https:\\\/\\\/secure.gravatar.com\\\/avatar\\\/aa9d3d24c83f2141e5e2709d0f63d09a99f6be6bb7a50abc4915838d9f54501a?s=96&d=mm&r=g\",\"contentUrl\":\"https:\\\/\\\/secure.gravatar.com\\\/avatar\\\/aa9d3d24c83f2141e5e2709d0f63d09a99f6be6bb7a50abc4915838d9f54501a?s=96&d=mm&r=g\",\"caption\":\"Mathieu\"},\"url\":\"https:\\\/\\\/www.altercampagne.net\\\/?author=214\"}]}<\/script>\n<!-- \/ Yoast SEO plugin. -->","yoast_head_json":{"title":"AlterTour. \u00c9tapes \u00e0 Etel et Erdeven, samedi - AlterTour","robots":{"index":"index","follow":"follow","max-snippet":"max-snippet:-1","max-image-preview":"max-image-preview:large","max-video-preview":"max-video-preview:-1"},"canonical":"https:\/\/www.altercampagne.net\/?p=5808","og_locale":"fr_FR","og_type":"article","og_title":"AlterTour. \u00c9tapes \u00e0 Etel et Erdeven, samedi - AlterTour","og_description":"Samedi, les 70 cyclistes de l&rsquo;AlterTour Bretagne ? Pays-de-la-Loire passeront par \u00c9tel avant de faire \u00e9tape \u00e0 Erdeven, arrivant de Lorient. Parti de Notre-Dame des Landes le 10 juillet, ce tour de Bretagne militant \u00e0 v\u00e9lo relie les initiatives concr\u00e8tes et originales men\u00e9es en mati\u00e8re d&rsquo;agriculture, de transport, d&rsquo;\u00e9nergie, etc., ... Read More","og_url":"https:\/\/www.altercampagne.net\/?p=5808","og_site_name":"AlterTour","article_published_time":"2016-08-12T18:23:37+00:00","article_modified_time":"2017-02-09T11:40:35+00:00","author":"Mathieu","twitter_card":"summary_large_image","twitter_misc":{"\u00c9crit par":"Mathieu","Dur\u00e9e de lecture estim\u00e9e":"1 minute"},"schema":{"@context":"https:\/\/schema.org","@graph":[{"@type":"Article","@id":"https:\/\/www.altercampagne.net\/?p=5808#article","isPartOf":{"@id":"https:\/\/www.altercampagne.net\/?p=5808"},"author":{"name":"Mathieu","@id":"https:\/\/www.altercampagne.net\/#\/schema\/person\/0f261460c09e430caa0f9bcffa319109"},"headline":"AlterTour. \u00c9tapes \u00e0 Etel et Erdeven, samedi","datePublished":"2016-08-12T18:23:37+00:00","dateModified":"2017-02-09T11:40:35+00:00","mainEntityOfPage":{"@id":"https:\/\/www.altercampagne.net\/?p=5808"},"wordCount":211,"keywords":["cidrerie du Golfe","AlterTour2016","accueillant 2016","accueillant2016","accueillant","Plouhinec","ria d'\u00e9tel en transition","Les lucioles","Terre d'Illich","bretagne","Arradon","Le t\u00e9l\u00e9gramme","Etel","2016","Erdeven","morbihan","AlterTour 2016"],"articleSection":["Revue de presse"],"inLanguage":"fr-FR"},{"@type":"WebPage","@id":"https:\/\/www.altercampagne.net\/?p=5808","url":"https:\/\/www.altercampagne.net\/?p=5808","name":"AlterTour. \u00c9tapes \u00e0 Etel et Erdeven, samedi - AlterTour","isPartOf":{"@id":"https:\/\/www.altercampagne.net\/#website"},"datePublished":"2016-08-12T18:23:37+00:00","dateModified":"2017-02-09T11:40:35+00:00","author":{"@id":"https:\/\/www.altercampagne.net\/#\/schema\/person\/0f261460c09e430caa0f9bcffa319109"},"breadcrumb":{"@id":"https:\/\/www.altercampagne.net\/?p=5808#breadcrumb"},"inLanguage":"fr-FR","potentialAction":[{"@type":"ReadAction","target":["https:\/\/www.altercampagne.net\/?p=5808"]}]},{"@type":"BreadcrumbList","@id":"https:\/\/www.altercampagne.net\/?p=5808#breadcrumb","itemListElement":[{"@type":"ListItem","position":1,"name":"Accueil","item":"https:\/\/www.altercampagne.net\/"},{"@type":"ListItem","position":2,"name":"AlterTour. \u00c9tapes \u00e0 Etel et Erdeven, samedi"}]},{"@type":"WebSite","@id":"https:\/\/www.altercampagne.net\/#website","url":"https:\/\/www.altercampagne.net\/","name":"AlterTour","description":"Reliez les Alternatives \u00e0 v\u00e9lo","potentialAction":[{"@type":"SearchAction","target":{"@type":"EntryPoint","urlTemplate":"https:\/\/www.altercampagne.net\/?s={search_term_string}"},"query-input":{"@type":"PropertyValueSpecification","valueRequired":true,"valueName":"search_term_string"}}],"inLanguage":"fr-FR"},{"@type":"Person","@id":"https:\/\/www.altercampagne.net\/#\/schema\/person\/0f261460c09e430caa0f9bcffa319109","name":"Mathieu","image":{"@type":"ImageObject","inLanguage":"fr-FR","@id":"https:\/\/secure.gravatar.com\/avatar\/aa9d3d24c83f2141e5e2709d0f63d09a99f6be6bb7a50abc4915838d9f54501a?s=96&d=mm&r=g","url":"https:\/\/secure.gravatar.com\/avatar\/aa9d3d24c83f2141e5e2709d0f63d09a99f6be6bb7a50abc4915838d9f54501a?s=96&d=mm&r=g","contentUrl":"https:\/\/secure.gravatar.com\/avatar\/aa9d3d24c83f2141e5e2709d0f63d09a99f6be6bb7a50abc4915838d9f54501a?s=96&d=mm&r=g","caption":"Mathieu"},"url":"https:\/\/www.altercampagne.net\/?author=214"}]}},"_links":{"self":[{"href":"https:\/\/www.altercampagne.net\/index.php?rest_route=\/wp\/v2\/posts\/5808","targetHints":{"allow":["GET"]}}],"collection":[{"href":"https:\/\/www.altercampagne.net\/index.php?rest_route=\/wp\/v2\/posts"}],"about":[{"href":"https:\/\/www.altercampagne.net\/index.php?rest_route=\/wp\/v2\/types\/post"}],"author":[{"embeddable":true,"href":"https:\/\/www.altercampagne.net\/index.php?rest_route=\/wp\/v2\/users\/214"}],"replies":[{"embeddable":true,"href":"https:\/\/www.altercampagne.net\/index.php?rest_route=%2Fwp%2Fv2%2Fcomments&post=5808"}],"version-history":[{"count":0,"href":"https:\/\/www.altercampagne.net\/index.php?rest_route=\/wp\/v2\/posts\/5808\/revisions"}],"wp:attachment":[{"href":"https:\/\/www.altercampagne.net\/index.php?rest_route=%2Fwp%2Fv2%2Fmedia&parent=5808"}],"wp:term":[{"taxonomy":"category","embeddable":true,"href":"https:\/\/www.altercampagne.net\/index.php?rest_route=%2Fwp%2Fv2%2Fcategories&post=5808"},{"taxonomy":"post_tag","embeddable":true,"href":"https:\/\/www.altercampagne.net\/index.php?rest_route=%2Fwp%2Fv2%2Ftags&post=5808"}],"curies":[{"name":"wp","href":"https:\/\/api.w.org\/{rel}","templated":true}]}}