{"id":5810,"date":"2016-08-13T20:28:09","date_gmt":"2016-08-13T18:28:09","guid":{"rendered":"http:\/\/www.altercampagne.net\/?p=5810"},"modified":"2019-09-13T18:57:05","modified_gmt":"2019-09-13T16:57:05","slug":"cyclisme-lalter-tour-de-passage","status":"publish","type":"post","link":"https:\/\/www.altercampagne.net\/?p=5810","title":{"rendered":"Cyclisme. L&rsquo;Alter Tour de passage"},"content":{"rendered":"<p>Une soixantaine de cyclistes participant actuellement \u00e0 \u00ab l&rsquo;Alter Tour 2016 \u00bb ont fait escale \u00e0 Caudan, jeudi soir et vendredi. Les \u00ab Alter cyclistes \u00bb vont ainsi, au gr\u00e9 de leur p\u00e9riple, \u00e0 la rencontre des personnes porteuses d&rsquo;alternatives concr\u00e8tes dans tous les domaines : agricole, \u00e9conomique, environnemental, \u00e9ducatif, \u00e9nerg\u00e9tique, social, culturel&#8230;<\/p>\n<p><strong>Des chantiers participatifs<\/strong><\/p>\n<p>Ils souhaitent que ces d\u00e9marches trouvent un \u00e9cho plus large dans la population. Ils mettent ainsi en place des chantiers participatifs avec des associations locales, comme Terre Adelys \u00e0 Caudan. \u00c0 l&rsquo;initiative de cette derni\u00e8re, les participants ont fait, jeudi, du d\u00e9frichage et assist\u00e9 \u00e0 une projection de film concernant l&#8217;emprise des lobbies sur l&rsquo;espace marin et la p\u00eache. Vendredi, Jean Annezo s&rsquo;est rendu avec ceux qui le souhaitaient \u00e0 Pen Man\u00e9 (Locmiqu\u00e9lic) pour observer les oiseaux, tandis que d&rsquo;autres pratiquaient le yoga avec Dominique ou le ta\u00ef chi avec Jeanne. Enfin, vendredi apr\u00e8s-midi, tous se sont essay\u00e9s \u00e0 la danse irlandaise avec Maryse. Selon Mathieu Fromont, le coordinateur de l&rsquo;association, \u00ab Tout le monde s&rsquo;implique dans l&rsquo;organisation. Romain est responsable de l&rsquo;\u00e9tape de Caudan et c&rsquo;est Marine, 16 ans, qui va prendre le relais et emmener les cyclistes \u00e0 \u00c9tel ce samedi, puis Arradon \u00bb.<\/p>\n<p>Source : <a href=\"http:\/\/www.letelegramme.fr\/morbihan\/caudan\/cyclisme-l-alter-tour-de-passage-13-08-2016-11180852.php\" target=\"_blank\" rel=\"noopener noreferrer\">Le T\u00e9l\u00e9gramme<\/a><\/p>\n","protected":false},"excerpt":{"rendered":"<p>Une soixantaine de cyclistes participant actuellement \u00e0 \u00ab l&rsquo;Alter Tour 2016 \u00bb ont fait escale \u00e0 Caudan, jeudi soir et vendredi. Les \u00ab Alter cyclistes \u00bb vont ainsi, au gr\u00e9 de leur p\u00e9riple, \u00e0 la rencontre des personnes porteuses d&rsquo;alternatives concr\u00e8tes dans tous les domaines : agricole, \u00e9conomique, environnemental, \u00e9ducatif, &#8230; <\/p>\n<div><a href=\"https:\/\/www.altercampagne.net\/?p=5810\" class=\"more-link\">Read More<\/a><\/div>\n","protected":false},"author":214,"featured_media":15548,"comment_status":"closed","ping_status":"closed","sticky":false,"template":"","format":"standard","meta":{"footnotes":""},"categories":[3472,239,3459,3540],"tags":[20,383,412,1652,2578,2642,2655,2664,2665,2846,2849,2850,2851],"class_list":["post-5810","post","type-post","status-publish","format-standard","has-post-thumbnail","hentry","category-bretagne","category-revue-de-presse","category-edition-2016","category-transverse","tag-bretagne","tag-altertour-2016","tag-morbihan","tag-1652","tag-le-telegramme","tag-caudan","tag-terre-adelys","tag-jean-annezo","tag-pen-mane","tag-accueillant","tag-accueillant2016","tag-accueillant-2016","tag-altertour2016"],"yoast_head":"<!-- This site is optimized with the Yoast SEO plugin v27.3 - https:\/\/yoast.com\/product\/yoast-seo-wordpress\/ -->\n<title>Cyclisme. L&#039;Alter Tour de passage - AlterTour<\/title>\n<meta name=\"robots\" content=\"index, follow, max-snippet:-1, max-image-preview:large, max-video-preview:-1\" \/>\n<link rel=\"canonical\" href=\"https:\/\/www.altercampagne.net\/?p=5810\" \/>\n<meta property=\"og:locale\" content=\"fr_FR\" \/>\n<meta property=\"og:type\" content=\"article\" \/>\n<meta property=\"og:title\" content=\"Cyclisme. L&#039;Alter Tour de passage - AlterTour\" \/>\n<meta property=\"og:description\" content=\"Une soixantaine de cyclistes participant actuellement \u00e0 \u00ab l&rsquo;Alter Tour 2016 \u00bb ont fait escale \u00e0 Caudan, jeudi soir et vendredi. Les \u00ab Alter cyclistes \u00bb vont ainsi, au gr\u00e9 de leur p\u00e9riple, \u00e0 la rencontre des personnes porteuses d&rsquo;alternatives concr\u00e8tes dans tous les domaines : agricole, \u00e9conomique, environnemental, \u00e9ducatif, ... Read More\" \/>\n<meta property=\"og:url\" content=\"https:\/\/www.altercampagne.net\/?p=5810\" \/>\n<meta property=\"og:site_name\" content=\"AlterTour\" \/>\n<meta property=\"article:published_time\" content=\"2016-08-13T18:28:09+00:00\" \/>\n<meta property=\"article:modified_time\" content=\"2019-09-13T16:57:05+00:00\" \/>\n<meta property=\"og:image\" content=\"https:\/\/www.altercampagne.net\/wp-content\/uploads\/2016\/08\/l-alter-tour-est-un-tour-a-velo-en-autogestion-pour-montrer_30428871.jpg\" \/>\n\t<meta property=\"og:image:width\" content=\"998\" \/>\n\t<meta property=\"og:image:height\" content=\"554\" \/>\n\t<meta property=\"og:image:type\" content=\"image\/jpeg\" \/>\n<meta name=\"author\" content=\"Mathieu\" \/>\n<meta name=\"twitter:card\" content=\"summary_large_image\" \/>\n<meta name=\"twitter:label1\" content=\"\u00c9crit par\" \/>\n\t<meta name=\"twitter:data1\" content=\"Mathieu\" \/>\n\t<meta name=\"twitter:label2\" content=\"Dur\u00e9e de lecture estim\u00e9e\" \/>\n\t<meta name=\"twitter:data2\" content=\"1 minute\" \/>\n<script type=\"application\/ld+json\" class=\"yoast-schema-graph\">{\"@context\":\"https:\\\/\\\/schema.org\",\"@graph\":[{\"@type\":\"Article\",\"@id\":\"https:\\\/\\\/www.altercampagne.net\\\/?p=5810#article\",\"isPartOf\":{\"@id\":\"https:\\\/\\\/www.altercampagne.net\\\/?p=5810\"},\"author\":{\"name\":\"Mathieu\",\"@id\":\"https:\\\/\\\/www.altercampagne.net\\\/#\\\/schema\\\/person\\\/0f261460c09e430caa0f9bcffa319109\"},\"headline\":\"Cyclisme. L&rsquo;Alter Tour de passage\",\"datePublished\":\"2016-08-13T18:28:09+00:00\",\"dateModified\":\"2019-09-13T16:57:05+00:00\",\"mainEntityOfPage\":{\"@id\":\"https:\\\/\\\/www.altercampagne.net\\\/?p=5810\"},\"wordCount\":217,\"image\":{\"@id\":\"https:\\\/\\\/www.altercampagne.net\\\/?p=5810#primaryimage\"},\"thumbnailUrl\":\"https:\\\/\\\/www.altercampagne.net\\\/wp-content\\\/uploads\\\/2016\\\/08\\\/l-alter-tour-est-un-tour-a-velo-en-autogestion-pour-montrer_30428871.jpg\",\"keywords\":[\"bretagne\",\"AlterTour 2016\",\"morbihan\",\"2016\",\"Le t\u00e9l\u00e9gramme\",\"Caudan\",\"Terre Adelys\",\"Jean Annezo\",\"Pen Man\u00e9\",\"accueillant\",\"accueillant2016\",\"accueillant 2016\",\"AlterTour2016\"],\"articleSection\":[\"Bretagne\",\"Revue de presse\",\"\u00c9dition 2016\",\"Transverse\"],\"inLanguage\":\"fr-FR\"},{\"@type\":\"WebPage\",\"@id\":\"https:\\\/\\\/www.altercampagne.net\\\/?p=5810\",\"url\":\"https:\\\/\\\/www.altercampagne.net\\\/?p=5810\",\"name\":\"Cyclisme. L'Alter Tour de passage - AlterTour\",\"isPartOf\":{\"@id\":\"https:\\\/\\\/www.altercampagne.net\\\/#website\"},\"primaryImageOfPage\":{\"@id\":\"https:\\\/\\\/www.altercampagne.net\\\/?p=5810#primaryimage\"},\"image\":{\"@id\":\"https:\\\/\\\/www.altercampagne.net\\\/?p=5810#primaryimage\"},\"thumbnailUrl\":\"https:\\\/\\\/www.altercampagne.net\\\/wp-content\\\/uploads\\\/2016\\\/08\\\/l-alter-tour-est-un-tour-a-velo-en-autogestion-pour-montrer_30428871.jpg\",\"datePublished\":\"2016-08-13T18:28:09+00:00\",\"dateModified\":\"2019-09-13T16:57:05+00:00\",\"author\":{\"@id\":\"https:\\\/\\\/www.altercampagne.net\\\/#\\\/schema\\\/person\\\/0f261460c09e430caa0f9bcffa319109\"},\"breadcrumb\":{\"@id\":\"https:\\\/\\\/www.altercampagne.net\\\/?p=5810#breadcrumb\"},\"inLanguage\":\"fr-FR\",\"potentialAction\":[{\"@type\":\"ReadAction\",\"target\":[\"https:\\\/\\\/www.altercampagne.net\\\/?p=5810\"]}]},{\"@type\":\"ImageObject\",\"inLanguage\":\"fr-FR\",\"@id\":\"https:\\\/\\\/www.altercampagne.net\\\/?p=5810#primaryimage\",\"url\":\"https:\\\/\\\/www.altercampagne.net\\\/wp-content\\\/uploads\\\/2016\\\/08\\\/l-alter-tour-est-un-tour-a-velo-en-autogestion-pour-montrer_30428871.jpg\",\"contentUrl\":\"https:\\\/\\\/www.altercampagne.net\\\/wp-content\\\/uploads\\\/2016\\\/08\\\/l-alter-tour-est-un-tour-a-velo-en-autogestion-pour-montrer_30428871.jpg\",\"width\":998,\"height\":554,\"caption\":\"L\u0092AlterTour est un tour \u00e0 v\u00e9lo en autogestion, pour montrer que d\u0092autres modes de vie et de relations sont possibles, plus solidaires...\"},{\"@type\":\"BreadcrumbList\",\"@id\":\"https:\\\/\\\/www.altercampagne.net\\\/?p=5810#breadcrumb\",\"itemListElement\":[{\"@type\":\"ListItem\",\"position\":1,\"name\":\"Accueil\",\"item\":\"https:\\\/\\\/www.altercampagne.net\\\/\"},{\"@type\":\"ListItem\",\"position\":2,\"name\":\"Cyclisme. L&rsquo;Alter Tour de passage\"}]},{\"@type\":\"WebSite\",\"@id\":\"https:\\\/\\\/www.altercampagne.net\\\/#website\",\"url\":\"https:\\\/\\\/www.altercampagne.net\\\/\",\"name\":\"AlterTour\",\"description\":\"Reliez les Alternatives \u00e0 v\u00e9lo\",\"potentialAction\":[{\"@type\":\"SearchAction\",\"target\":{\"@type\":\"EntryPoint\",\"urlTemplate\":\"https:\\\/\\\/www.altercampagne.net\\\/?s={search_term_string}\"},\"query-input\":{\"@type\":\"PropertyValueSpecification\",\"valueRequired\":true,\"valueName\":\"search_term_string\"}}],\"inLanguage\":\"fr-FR\"},{\"@type\":\"Person\",\"@id\":\"https:\\\/\\\/www.altercampagne.net\\\/#\\\/schema\\\/person\\\/0f261460c09e430caa0f9bcffa319109\",\"name\":\"Mathieu\",\"image\":{\"@type\":\"ImageObject\",\"inLanguage\":\"fr-FR\",\"@id\":\"https:\\\/\\\/secure.gravatar.com\\\/avatar\\\/aa9d3d24c83f2141e5e2709d0f63d09a99f6be6bb7a50abc4915838d9f54501a?s=96&d=mm&r=g\",\"url\":\"https:\\\/\\\/secure.gravatar.com\\\/avatar\\\/aa9d3d24c83f2141e5e2709d0f63d09a99f6be6bb7a50abc4915838d9f54501a?s=96&d=mm&r=g\",\"contentUrl\":\"https:\\\/\\\/secure.gravatar.com\\\/avatar\\\/aa9d3d24c83f2141e5e2709d0f63d09a99f6be6bb7a50abc4915838d9f54501a?s=96&d=mm&r=g\",\"caption\":\"Mathieu\"},\"url\":\"https:\\\/\\\/www.altercampagne.net\\\/?author=214\"}]}<\/script>\n<!-- \/ Yoast SEO plugin. -->","yoast_head_json":{"title":"Cyclisme. L'Alter Tour de passage - AlterTour","robots":{"index":"index","follow":"follow","max-snippet":"max-snippet:-1","max-image-preview":"max-image-preview:large","max-video-preview":"max-video-preview:-1"},"canonical":"https:\/\/www.altercampagne.net\/?p=5810","og_locale":"fr_FR","og_type":"article","og_title":"Cyclisme. L'Alter Tour de passage - AlterTour","og_description":"Une soixantaine de cyclistes participant actuellement \u00e0 \u00ab l&rsquo;Alter Tour 2016 \u00bb ont fait escale \u00e0 Caudan, jeudi soir et vendredi. Les \u00ab Alter cyclistes \u00bb vont ainsi, au gr\u00e9 de leur p\u00e9riple, \u00e0 la rencontre des personnes porteuses d&rsquo;alternatives concr\u00e8tes dans tous les domaines : agricole, \u00e9conomique, environnemental, \u00e9ducatif, ... Read More","og_url":"https:\/\/www.altercampagne.net\/?p=5810","og_site_name":"AlterTour","article_published_time":"2016-08-13T18:28:09+00:00","article_modified_time":"2019-09-13T16:57:05+00:00","og_image":[{"width":998,"height":554,"url":"https:\/\/www.altercampagne.net\/wp-content\/uploads\/2016\/08\/l-alter-tour-est-un-tour-a-velo-en-autogestion-pour-montrer_30428871.jpg","type":"image\/jpeg"}],"author":"Mathieu","twitter_card":"summary_large_image","twitter_misc":{"\u00c9crit par":"Mathieu","Dur\u00e9e de lecture estim\u00e9e":"1 minute"},"schema":{"@context":"https:\/\/schema.org","@graph":[{"@type":"Article","@id":"https:\/\/www.altercampagne.net\/?p=5810#article","isPartOf":{"@id":"https:\/\/www.altercampagne.net\/?p=5810"},"author":{"name":"Mathieu","@id":"https:\/\/www.altercampagne.net\/#\/schema\/person\/0f261460c09e430caa0f9bcffa319109"},"headline":"Cyclisme. L&rsquo;Alter Tour de passage","datePublished":"2016-08-13T18:28:09+00:00","dateModified":"2019-09-13T16:57:05+00:00","mainEntityOfPage":{"@id":"https:\/\/www.altercampagne.net\/?p=5810"},"wordCount":217,"image":{"@id":"https:\/\/www.altercampagne.net\/?p=5810#primaryimage"},"thumbnailUrl":"https:\/\/www.altercampagne.net\/wp-content\/uploads\/2016\/08\/l-alter-tour-est-un-tour-a-velo-en-autogestion-pour-montrer_30428871.jpg","keywords":["bretagne","AlterTour 2016","morbihan","2016","Le t\u00e9l\u00e9gramme","Caudan","Terre Adelys","Jean Annezo","Pen Man\u00e9","accueillant","accueillant2016","accueillant 2016","AlterTour2016"],"articleSection":["Bretagne","Revue de presse","\u00c9dition 2016","Transverse"],"inLanguage":"fr-FR"},{"@type":"WebPage","@id":"https:\/\/www.altercampagne.net\/?p=5810","url":"https:\/\/www.altercampagne.net\/?p=5810","name":"Cyclisme. L'Alter Tour de passage - AlterTour","isPartOf":{"@id":"https:\/\/www.altercampagne.net\/#website"},"primaryImageOfPage":{"@id":"https:\/\/www.altercampagne.net\/?p=5810#primaryimage"},"image":{"@id":"https:\/\/www.altercampagne.net\/?p=5810#primaryimage"},"thumbnailUrl":"https:\/\/www.altercampagne.net\/wp-content\/uploads\/2016\/08\/l-alter-tour-est-un-tour-a-velo-en-autogestion-pour-montrer_30428871.jpg","datePublished":"2016-08-13T18:28:09+00:00","dateModified":"2019-09-13T16:57:05+00:00","author":{"@id":"https:\/\/www.altercampagne.net\/#\/schema\/person\/0f261460c09e430caa0f9bcffa319109"},"breadcrumb":{"@id":"https:\/\/www.altercampagne.net\/?p=5810#breadcrumb"},"inLanguage":"fr-FR","potentialAction":[{"@type":"ReadAction","target":["https:\/\/www.altercampagne.net\/?p=5810"]}]},{"@type":"ImageObject","inLanguage":"fr-FR","@id":"https:\/\/www.altercampagne.net\/?p=5810#primaryimage","url":"https:\/\/www.altercampagne.net\/wp-content\/uploads\/2016\/08\/l-alter-tour-est-un-tour-a-velo-en-autogestion-pour-montrer_30428871.jpg","contentUrl":"https:\/\/www.altercampagne.net\/wp-content\/uploads\/2016\/08\/l-alter-tour-est-un-tour-a-velo-en-autogestion-pour-montrer_30428871.jpg","width":998,"height":554,"caption":"L\u0092AlterTour est un tour \u00e0 v\u00e9lo en autogestion, pour montrer que d\u0092autres modes de vie et de relations sont possibles, plus solidaires..."},{"@type":"BreadcrumbList","@id":"https:\/\/www.altercampagne.net\/?p=5810#breadcrumb","itemListElement":[{"@type":"ListItem","position":1,"name":"Accueil","item":"https:\/\/www.altercampagne.net\/"},{"@type":"ListItem","position":2,"name":"Cyclisme. L&rsquo;Alter Tour de passage"}]},{"@type":"WebSite","@id":"https:\/\/www.altercampagne.net\/#website","url":"https:\/\/www.altercampagne.net\/","name":"AlterTour","description":"Reliez les Alternatives \u00e0 v\u00e9lo","potentialAction":[{"@type":"SearchAction","target":{"@type":"EntryPoint","urlTemplate":"https:\/\/www.altercampagne.net\/?s={search_term_string}"},"query-input":{"@type":"PropertyValueSpecification","valueRequired":true,"valueName":"search_term_string"}}],"inLanguage":"fr-FR"},{"@type":"Person","@id":"https:\/\/www.altercampagne.net\/#\/schema\/person\/0f261460c09e430caa0f9bcffa319109","name":"Mathieu","image":{"@type":"ImageObject","inLanguage":"fr-FR","@id":"https:\/\/secure.gravatar.com\/avatar\/aa9d3d24c83f2141e5e2709d0f63d09a99f6be6bb7a50abc4915838d9f54501a?s=96&d=mm&r=g","url":"https:\/\/secure.gravatar.com\/avatar\/aa9d3d24c83f2141e5e2709d0f63d09a99f6be6bb7a50abc4915838d9f54501a?s=96&d=mm&r=g","contentUrl":"https:\/\/secure.gravatar.com\/avatar\/aa9d3d24c83f2141e5e2709d0f63d09a99f6be6bb7a50abc4915838d9f54501a?s=96&d=mm&r=g","caption":"Mathieu"},"url":"https:\/\/www.altercampagne.net\/?author=214"}]}},"_links":{"self":[{"href":"https:\/\/www.altercampagne.net\/index.php?rest_route=\/wp\/v2\/posts\/5810","targetHints":{"allow":["GET"]}}],"collection":[{"href":"https:\/\/www.altercampagne.net\/index.php?rest_route=\/wp\/v2\/posts"}],"about":[{"href":"https:\/\/www.altercampagne.net\/index.php?rest_route=\/wp\/v2\/types\/post"}],"author":[{"embeddable":true,"href":"https:\/\/www.altercampagne.net\/index.php?rest_route=\/wp\/v2\/users\/214"}],"replies":[{"embeddable":true,"href":"https:\/\/www.altercampagne.net\/index.php?rest_route=%2Fwp%2Fv2%2Fcomments&post=5810"}],"version-history":[{"count":0,"href":"https:\/\/www.altercampagne.net\/index.php?rest_route=\/wp\/v2\/posts\/5810\/revisions"}],"wp:featuredmedia":[{"embeddable":true,"href":"https:\/\/www.altercampagne.net\/index.php?rest_route=\/wp\/v2\/media\/15548"}],"wp:attachment":[{"href":"https:\/\/www.altercampagne.net\/index.php?rest_route=%2Fwp%2Fv2%2Fmedia&parent=5810"}],"wp:term":[{"taxonomy":"category","embeddable":true,"href":"https:\/\/www.altercampagne.net\/index.php?rest_route=%2Fwp%2Fv2%2Fcategories&post=5810"},{"taxonomy":"post_tag","embeddable":true,"href":"https:\/\/www.altercampagne.net\/index.php?rest_route=%2Fwp%2Fv2%2Ftags&post=5810"}],"curies":[{"name":"wp","href":"https:\/\/api.w.org\/{rel}","templated":true}]}}