{"id":5816,"date":"2016-08-13T20:35:21","date_gmt":"2016-08-13T18:35:21","guid":{"rendered":"http:\/\/www.altercampagne.net\/?p=5816"},"modified":"2017-02-09T12:37:09","modified_gmt":"2017-02-09T11:37:09","slug":"altertour-2016-passe-par-le-jardin-des-lucioles","status":"publish","type":"post","link":"https:\/\/www.altercampagne.net\/?p=5816","title":{"rendered":"AlterTour 2016 passe par le jardin des Lucioles"},"content":{"rendered":"<p>AlterTour sillonne cette ann\u00e9e les routes de Bretagne du 10 juillet au 21 ao\u00fbt. Il propose aux citoyens de d\u00e9couvrir et de relier, \u00e0 bicyclette, les initiatives d&rsquo;alternatives locales dans tous les domaines : agriculture, transport, construction ou culture.<\/p>\n<p>Ce samedi, les soixante-dix cyclistes de l&rsquo;AlterTour feront une \u00e9tape en passant par le jardin partag\u00e9 des Lucioles. Moments d&rsquo;\u00e9changes et de partage avec les participants \u00e0 l&rsquo;occasion de cette \u00e9tape, \u00e0 partir de 19 h.<\/p>\n<p><b>\u00ab Les participants peuvent amener leur pique-nique et leur instrument de musique<\/b> <b>\u00bb<\/b><b>,<\/b> d\u00e9clare Pascal R\u00e9galet, adh\u00e9rente aux Lucioles. Rencontre, \u00e0 c\u00f4t\u00e9 du fournil du Moulin de Saint-Germain, \u00e0 la limite \u00c9tel-Erdeven. Site : www.altercampagne.net. et https :\/\/luciolesriatransition<\/p>\n<p>Source : <a href=\"http:\/\/www.ouest-france.fr\/bretagne\/etel-56410\/altertour-2016-passe-par-le-jardin-des-lucioles-4419201\" target=\"_blank\">Ouest France<\/a><\/p>\n","protected":false},"excerpt":{"rendered":"<p>AlterTour sillonne cette ann\u00e9e les routes de Bretagne du 10 juillet au 21 ao\u00fbt. Il propose aux citoyens de d\u00e9couvrir et de relier, \u00e0 bicyclette, les initiatives d&rsquo;alternatives locales dans tous les domaines : agriculture, transport, construction ou culture. Ce samedi, les soixante-dix cyclistes de l&rsquo;AlterTour feront une \u00e9tape en &#8230; <\/p>\n<div><a href=\"https:\/\/www.altercampagne.net\/?p=5816\" class=\"more-link\">Read More<\/a><\/div>\n","protected":false},"author":214,"featured_media":0,"comment_status":"closed","ping_status":"closed","sticky":false,"template":"","format":"standard","meta":{"footnotes":""},"categories":[239],"tags":[20,383,412,471,1302,1306,1652,2473,2661,2846,2849,2850,2851],"class_list":["post-5816","post","type-post","status-publish","format-standard","hentry","category-revue-de-presse","tag-bretagne","tag-altertour-2016","tag-morbihan","tag-ouest-france","tag-erdeven","tag-moulin-de-saint-germain","tag-1652","tag-etel","tag-les-lucioles","tag-accueillant","tag-accueillant2016","tag-accueillant-2016","tag-altertour2016","no-post-thumbnail"],"yoast_head":"<!-- This site is optimized with the Yoast SEO plugin v27.3 - https:\/\/yoast.com\/product\/yoast-seo-wordpress\/ -->\n<title>AlterTour 2016 passe par le jardin des Lucioles - AlterTour<\/title>\n<meta name=\"robots\" content=\"index, follow, max-snippet:-1, max-image-preview:large, max-video-preview:-1\" \/>\n<link rel=\"canonical\" href=\"https:\/\/www.altercampagne.net\/?p=5816\" \/>\n<meta property=\"og:locale\" content=\"fr_FR\" \/>\n<meta property=\"og:type\" content=\"article\" \/>\n<meta property=\"og:title\" content=\"AlterTour 2016 passe par le jardin des Lucioles - AlterTour\" \/>\n<meta property=\"og:description\" content=\"AlterTour sillonne cette ann\u00e9e les routes de Bretagne du 10 juillet au 21 ao\u00fbt. Il propose aux citoyens de d\u00e9couvrir et de relier, \u00e0 bicyclette, les initiatives d&rsquo;alternatives locales dans tous les domaines : agriculture, transport, construction ou culture. Ce samedi, les soixante-dix cyclistes de l&rsquo;AlterTour feront une \u00e9tape en ... Read More\" \/>\n<meta property=\"og:url\" content=\"https:\/\/www.altercampagne.net\/?p=5816\" \/>\n<meta property=\"og:site_name\" content=\"AlterTour\" \/>\n<meta property=\"article:published_time\" content=\"2016-08-13T18:35:21+00:00\" \/>\n<meta property=\"article:modified_time\" content=\"2017-02-09T11:37:09+00:00\" \/>\n<meta name=\"author\" content=\"Mathieu\" \/>\n<meta name=\"twitter:card\" content=\"summary_large_image\" \/>\n<meta name=\"twitter:label1\" content=\"\u00c9crit par\" \/>\n\t<meta name=\"twitter:data1\" content=\"Mathieu\" \/>\n\t<meta name=\"twitter:label2\" content=\"Dur\u00e9e de lecture estim\u00e9e\" \/>\n\t<meta name=\"twitter:data2\" content=\"1 minute\" \/>\n<script type=\"application\/ld+json\" class=\"yoast-schema-graph\">{\"@context\":\"https:\\\/\\\/schema.org\",\"@graph\":[{\"@type\":\"Article\",\"@id\":\"https:\\\/\\\/www.altercampagne.net\\\/?p=5816#article\",\"isPartOf\":{\"@id\":\"https:\\\/\\\/www.altercampagne.net\\\/?p=5816\"},\"author\":{\"name\":\"Mathieu\",\"@id\":\"https:\\\/\\\/www.altercampagne.net\\\/#\\\/schema\\\/person\\\/0f261460c09e430caa0f9bcffa319109\"},\"headline\":\"AlterTour 2016 passe par le jardin des Lucioles\",\"datePublished\":\"2016-08-13T18:35:21+00:00\",\"dateModified\":\"2017-02-09T11:37:09+00:00\",\"mainEntityOfPage\":{\"@id\":\"https:\\\/\\\/www.altercampagne.net\\\/?p=5816\"},\"wordCount\":124,\"keywords\":[\"bretagne\",\"AlterTour 2016\",\"morbihan\",\"ouest france\",\"Erdeven\",\"Moulin de Saint Germain\",\"2016\",\"Etel\",\"Les lucioles\",\"accueillant\",\"accueillant2016\",\"accueillant 2016\",\"AlterTour2016\"],\"articleSection\":[\"Revue de presse\"],\"inLanguage\":\"fr-FR\"},{\"@type\":\"WebPage\",\"@id\":\"https:\\\/\\\/www.altercampagne.net\\\/?p=5816\",\"url\":\"https:\\\/\\\/www.altercampagne.net\\\/?p=5816\",\"name\":\"AlterTour 2016 passe par le jardin des Lucioles - AlterTour\",\"isPartOf\":{\"@id\":\"https:\\\/\\\/www.altercampagne.net\\\/#website\"},\"datePublished\":\"2016-08-13T18:35:21+00:00\",\"dateModified\":\"2017-02-09T11:37:09+00:00\",\"author\":{\"@id\":\"https:\\\/\\\/www.altercampagne.net\\\/#\\\/schema\\\/person\\\/0f261460c09e430caa0f9bcffa319109\"},\"breadcrumb\":{\"@id\":\"https:\\\/\\\/www.altercampagne.net\\\/?p=5816#breadcrumb\"},\"inLanguage\":\"fr-FR\",\"potentialAction\":[{\"@type\":\"ReadAction\",\"target\":[\"https:\\\/\\\/www.altercampagne.net\\\/?p=5816\"]}]},{\"@type\":\"BreadcrumbList\",\"@id\":\"https:\\\/\\\/www.altercampagne.net\\\/?p=5816#breadcrumb\",\"itemListElement\":[{\"@type\":\"ListItem\",\"position\":1,\"name\":\"Accueil\",\"item\":\"https:\\\/\\\/www.altercampagne.net\\\/\"},{\"@type\":\"ListItem\",\"position\":2,\"name\":\"AlterTour 2016 passe par le jardin des Lucioles\"}]},{\"@type\":\"WebSite\",\"@id\":\"https:\\\/\\\/www.altercampagne.net\\\/#website\",\"url\":\"https:\\\/\\\/www.altercampagne.net\\\/\",\"name\":\"AlterTour\",\"description\":\"Reliez les Alternatives \u00e0 v\u00e9lo\",\"potentialAction\":[{\"@type\":\"SearchAction\",\"target\":{\"@type\":\"EntryPoint\",\"urlTemplate\":\"https:\\\/\\\/www.altercampagne.net\\\/?s={search_term_string}\"},\"query-input\":{\"@type\":\"PropertyValueSpecification\",\"valueRequired\":true,\"valueName\":\"search_term_string\"}}],\"inLanguage\":\"fr-FR\"},{\"@type\":\"Person\",\"@id\":\"https:\\\/\\\/www.altercampagne.net\\\/#\\\/schema\\\/person\\\/0f261460c09e430caa0f9bcffa319109\",\"name\":\"Mathieu\",\"image\":{\"@type\":\"ImageObject\",\"inLanguage\":\"fr-FR\",\"@id\":\"https:\\\/\\\/secure.gravatar.com\\\/avatar\\\/aa9d3d24c83f2141e5e2709d0f63d09a99f6be6bb7a50abc4915838d9f54501a?s=96&d=mm&r=g\",\"url\":\"https:\\\/\\\/secure.gravatar.com\\\/avatar\\\/aa9d3d24c83f2141e5e2709d0f63d09a99f6be6bb7a50abc4915838d9f54501a?s=96&d=mm&r=g\",\"contentUrl\":\"https:\\\/\\\/secure.gravatar.com\\\/avatar\\\/aa9d3d24c83f2141e5e2709d0f63d09a99f6be6bb7a50abc4915838d9f54501a?s=96&d=mm&r=g\",\"caption\":\"Mathieu\"},\"url\":\"https:\\\/\\\/www.altercampagne.net\\\/?author=214\"}]}<\/script>\n<!-- \/ Yoast SEO plugin. -->","yoast_head_json":{"title":"AlterTour 2016 passe par le jardin des Lucioles - AlterTour","robots":{"index":"index","follow":"follow","max-snippet":"max-snippet:-1","max-image-preview":"max-image-preview:large","max-video-preview":"max-video-preview:-1"},"canonical":"https:\/\/www.altercampagne.net\/?p=5816","og_locale":"fr_FR","og_type":"article","og_title":"AlterTour 2016 passe par le jardin des Lucioles - AlterTour","og_description":"AlterTour sillonne cette ann\u00e9e les routes de Bretagne du 10 juillet au 21 ao\u00fbt. Il propose aux citoyens de d\u00e9couvrir et de relier, \u00e0 bicyclette, les initiatives d&rsquo;alternatives locales dans tous les domaines : agriculture, transport, construction ou culture. Ce samedi, les soixante-dix cyclistes de l&rsquo;AlterTour feront une \u00e9tape en ... Read More","og_url":"https:\/\/www.altercampagne.net\/?p=5816","og_site_name":"AlterTour","article_published_time":"2016-08-13T18:35:21+00:00","article_modified_time":"2017-02-09T11:37:09+00:00","author":"Mathieu","twitter_card":"summary_large_image","twitter_misc":{"\u00c9crit par":"Mathieu","Dur\u00e9e de lecture estim\u00e9e":"1 minute"},"schema":{"@context":"https:\/\/schema.org","@graph":[{"@type":"Article","@id":"https:\/\/www.altercampagne.net\/?p=5816#article","isPartOf":{"@id":"https:\/\/www.altercampagne.net\/?p=5816"},"author":{"name":"Mathieu","@id":"https:\/\/www.altercampagne.net\/#\/schema\/person\/0f261460c09e430caa0f9bcffa319109"},"headline":"AlterTour 2016 passe par le jardin des Lucioles","datePublished":"2016-08-13T18:35:21+00:00","dateModified":"2017-02-09T11:37:09+00:00","mainEntityOfPage":{"@id":"https:\/\/www.altercampagne.net\/?p=5816"},"wordCount":124,"keywords":["bretagne","AlterTour 2016","morbihan","ouest france","Erdeven","Moulin de Saint Germain","2016","Etel","Les lucioles","accueillant","accueillant2016","accueillant 2016","AlterTour2016"],"articleSection":["Revue de presse"],"inLanguage":"fr-FR"},{"@type":"WebPage","@id":"https:\/\/www.altercampagne.net\/?p=5816","url":"https:\/\/www.altercampagne.net\/?p=5816","name":"AlterTour 2016 passe par le jardin des Lucioles - AlterTour","isPartOf":{"@id":"https:\/\/www.altercampagne.net\/#website"},"datePublished":"2016-08-13T18:35:21+00:00","dateModified":"2017-02-09T11:37:09+00:00","author":{"@id":"https:\/\/www.altercampagne.net\/#\/schema\/person\/0f261460c09e430caa0f9bcffa319109"},"breadcrumb":{"@id":"https:\/\/www.altercampagne.net\/?p=5816#breadcrumb"},"inLanguage":"fr-FR","potentialAction":[{"@type":"ReadAction","target":["https:\/\/www.altercampagne.net\/?p=5816"]}]},{"@type":"BreadcrumbList","@id":"https:\/\/www.altercampagne.net\/?p=5816#breadcrumb","itemListElement":[{"@type":"ListItem","position":1,"name":"Accueil","item":"https:\/\/www.altercampagne.net\/"},{"@type":"ListItem","position":2,"name":"AlterTour 2016 passe par le jardin des Lucioles"}]},{"@type":"WebSite","@id":"https:\/\/www.altercampagne.net\/#website","url":"https:\/\/www.altercampagne.net\/","name":"AlterTour","description":"Reliez les Alternatives \u00e0 v\u00e9lo","potentialAction":[{"@type":"SearchAction","target":{"@type":"EntryPoint","urlTemplate":"https:\/\/www.altercampagne.net\/?s={search_term_string}"},"query-input":{"@type":"PropertyValueSpecification","valueRequired":true,"valueName":"search_term_string"}}],"inLanguage":"fr-FR"},{"@type":"Person","@id":"https:\/\/www.altercampagne.net\/#\/schema\/person\/0f261460c09e430caa0f9bcffa319109","name":"Mathieu","image":{"@type":"ImageObject","inLanguage":"fr-FR","@id":"https:\/\/secure.gravatar.com\/avatar\/aa9d3d24c83f2141e5e2709d0f63d09a99f6be6bb7a50abc4915838d9f54501a?s=96&d=mm&r=g","url":"https:\/\/secure.gravatar.com\/avatar\/aa9d3d24c83f2141e5e2709d0f63d09a99f6be6bb7a50abc4915838d9f54501a?s=96&d=mm&r=g","contentUrl":"https:\/\/secure.gravatar.com\/avatar\/aa9d3d24c83f2141e5e2709d0f63d09a99f6be6bb7a50abc4915838d9f54501a?s=96&d=mm&r=g","caption":"Mathieu"},"url":"https:\/\/www.altercampagne.net\/?author=214"}]}},"_links":{"self":[{"href":"https:\/\/www.altercampagne.net\/index.php?rest_route=\/wp\/v2\/posts\/5816","targetHints":{"allow":["GET"]}}],"collection":[{"href":"https:\/\/www.altercampagne.net\/index.php?rest_route=\/wp\/v2\/posts"}],"about":[{"href":"https:\/\/www.altercampagne.net\/index.php?rest_route=\/wp\/v2\/types\/post"}],"author":[{"embeddable":true,"href":"https:\/\/www.altercampagne.net\/index.php?rest_route=\/wp\/v2\/users\/214"}],"replies":[{"embeddable":true,"href":"https:\/\/www.altercampagne.net\/index.php?rest_route=%2Fwp%2Fv2%2Fcomments&post=5816"}],"version-history":[{"count":0,"href":"https:\/\/www.altercampagne.net\/index.php?rest_route=\/wp\/v2\/posts\/5816\/revisions"}],"wp:attachment":[{"href":"https:\/\/www.altercampagne.net\/index.php?rest_route=%2Fwp%2Fv2%2Fmedia&parent=5816"}],"wp:term":[{"taxonomy":"category","embeddable":true,"href":"https:\/\/www.altercampagne.net\/index.php?rest_route=%2Fwp%2Fv2%2Fcategories&post=5816"},{"taxonomy":"post_tag","embeddable":true,"href":"https:\/\/www.altercampagne.net\/index.php?rest_route=%2Fwp%2Fv2%2Ftags&post=5816"}],"curies":[{"name":"wp","href":"https:\/\/api.w.org\/{rel}","templated":true}]}}