{"id":5818,"date":"2016-08-10T20:37:38","date_gmt":"2016-08-10T18:37:38","guid":{"rendered":"http:\/\/www.altercampagne.net\/?p=5818"},"modified":"2019-09-13T18:51:03","modified_gmt":"2019-09-13T16:51:03","slug":"les-cyclistes-de-laltertour-debarquent-en-morbihan","status":"publish","type":"post","link":"https:\/\/www.altercampagne.net\/?p=5818","title":{"rendered":"Les cyclistes de l&rsquo;AlterTour d\u00e9barquent en Morbihan"},"content":{"rendered":"<p>Pour aller \u00e0 la rencontre des acteurs de l&rsquo;\u00e9conomie sociale et solidaire, ils ont reli\u00e9 Pl\u00e9lauff \u00e0 Silfiac, hier. Apr\u00e8s les C\u00f4tes-d&rsquo;Armor, les cyclistes de l&rsquo;AlterTour continuent en Morbihan leur tourn\u00e9e des initiatives alternatives locales (agricoles, \u00e9nerg\u00e9tiques, solidaires, etc.).<\/p>\n<p>Avant de rejoindre Inguiniel ce mercredi, les militants alternatifs ont d\u00e9couvert la r\u00e9serve naturelle de Silfiac, visit\u00e9 une presse \u00e0 huile \u00e0 p\u00e9dales ou rencontr\u00e9 un r\u00e9parateur de v\u00e9los itin\u00e9rant.<\/p>\n<p>Organis\u00e9e depuis huit ans par l&rsquo;association AlterCampagne, la manifestation cycliste rejoindra demain et vendredi le pays de Lorient, pour animer diff\u00e9rents temps forts \u00e0 Terre Adelys \u00e0 Caudan, avant de faire un saut au Festival interceltique. Apr\u00e8s avoir d\u00e9couvert le jardin partag\u00e9 Les Lucioles \u00e0 Erdeven samedi, l&rsquo;AlterTour fera \u00e9tape \u00e0 Arradon, autour d&rsquo;un verre \u00e0 la Cidrerie du Golfe.<\/p>\n<p><b>AlterTour <\/b>en Morbihan, programmation : www.altercampagne.net<\/p>\n<p>Source : <a href=\"http:\/\/www.ouest-france.fr\/bretagne\/ille-et-vilaine\/les-cyclistes-de-laltertour-debarquent-en-morbihan-4414763\" target=\"_blank\" rel=\"noopener noreferrer\">Ouest-France<\/a><\/p>\n","protected":false},"excerpt":{"rendered":"<p>Pour aller \u00e0 la rencontre des acteurs de l&rsquo;\u00e9conomie sociale et solidaire, ils ont reli\u00e9 Pl\u00e9lauff \u00e0 Silfiac, hier. Apr\u00e8s les C\u00f4tes-d&rsquo;Armor, les cyclistes de l&rsquo;AlterTour continuent en Morbihan leur tourn\u00e9e des initiatives alternatives locales (agricoles, \u00e9nerg\u00e9tiques, solidaires, etc.). Avant de rejoindre Inguiniel ce mercredi, les militants alternatifs ont d\u00e9couvert &#8230; <\/p>\n<div><a href=\"https:\/\/www.altercampagne.net\/?p=5818\" class=\"more-link\">Read More<\/a><\/div>\n","protected":false},"author":214,"featured_media":15542,"comment_status":"closed","ping_status":"closed","sticky":false,"template":"","format":"standard","meta":{"footnotes":""},"categories":[3472,239,3459,3485],"tags":[20,383,412,471,1302,1652,2632,2642,2655,2661,2666,2667],"class_list":["post-5818","post","type-post","status-publish","format-standard","has-post-thumbnail","hentry","category-bretagne","category-revue-de-presse","category-edition-2016","category-habitat","tag-bretagne","tag-altertour-2016","tag-morbihan","tag-ouest-france","tag-erdeven","tag-1652","tag-silfiac","tag-caudan","tag-terre-adelys","tag-les-lucioles","tag-plelauff","tag-inguiniel"],"yoast_head":"<!-- This site is optimized with the Yoast SEO plugin v27.3 - https:\/\/yoast.com\/product\/yoast-seo-wordpress\/ -->\n<title>Les cyclistes de l&#039;AlterTour d\u00e9barquent en Morbihan - AlterTour<\/title>\n<meta name=\"robots\" content=\"index, follow, max-snippet:-1, max-image-preview:large, max-video-preview:-1\" \/>\n<link rel=\"canonical\" href=\"https:\/\/www.altercampagne.net\/?p=5818\" \/>\n<meta property=\"og:locale\" content=\"fr_FR\" \/>\n<meta property=\"og:type\" content=\"article\" \/>\n<meta property=\"og:title\" content=\"Les cyclistes de l&#039;AlterTour d\u00e9barquent en Morbihan - AlterTour\" \/>\n<meta property=\"og:description\" content=\"Pour aller \u00e0 la rencontre des acteurs de l&rsquo;\u00e9conomie sociale et solidaire, ils ont reli\u00e9 Pl\u00e9lauff \u00e0 Silfiac, hier. Apr\u00e8s les C\u00f4tes-d&rsquo;Armor, les cyclistes de l&rsquo;AlterTour continuent en Morbihan leur tourn\u00e9e des initiatives alternatives locales (agricoles, \u00e9nerg\u00e9tiques, solidaires, etc.). Avant de rejoindre Inguiniel ce mercredi, les militants alternatifs ont d\u00e9couvert ... Read More\" \/>\n<meta property=\"og:url\" content=\"https:\/\/www.altercampagne.net\/?p=5818\" \/>\n<meta property=\"og:site_name\" content=\"AlterTour\" \/>\n<meta property=\"article:published_time\" content=\"2016-08-10T18:37:38+00:00\" \/>\n<meta property=\"article:modified_time\" content=\"2019-09-13T16:51:03+00:00\" \/>\n<meta property=\"og:image\" content=\"https:\/\/www.altercampagne.net\/wp-content\/uploads\/2016\/08\/les-cyclistes-de-laltertour-debarquent-en-morbihan1.jpg\" \/>\n\t<meta property=\"og:image:width\" content=\"640\" \/>\n\t<meta property=\"og:image:height\" content=\"360\" \/>\n\t<meta property=\"og:image:type\" content=\"image\/jpeg\" \/>\n<meta name=\"author\" content=\"Mathieu\" \/>\n<meta name=\"twitter:card\" content=\"summary_large_image\" \/>\n<meta name=\"twitter:label1\" content=\"\u00c9crit par\" \/>\n\t<meta name=\"twitter:data1\" content=\"Mathieu\" \/>\n\t<meta name=\"twitter:label2\" content=\"Dur\u00e9e de lecture estim\u00e9e\" \/>\n\t<meta name=\"twitter:data2\" content=\"1 minute\" \/>\n<script type=\"application\/ld+json\" class=\"yoast-schema-graph\">{\"@context\":\"https:\\\/\\\/schema.org\",\"@graph\":[{\"@type\":\"Article\",\"@id\":\"https:\\\/\\\/www.altercampagne.net\\\/?p=5818#article\",\"isPartOf\":{\"@id\":\"https:\\\/\\\/www.altercampagne.net\\\/?p=5818\"},\"author\":{\"name\":\"Mathieu\",\"@id\":\"https:\\\/\\\/www.altercampagne.net\\\/#\\\/schema\\\/person\\\/0f261460c09e430caa0f9bcffa319109\"},\"headline\":\"Les cyclistes de l&rsquo;AlterTour d\u00e9barquent en Morbihan\",\"datePublished\":\"2016-08-10T18:37:38+00:00\",\"dateModified\":\"2019-09-13T16:51:03+00:00\",\"mainEntityOfPage\":{\"@id\":\"https:\\\/\\\/www.altercampagne.net\\\/?p=5818\"},\"wordCount\":159,\"image\":{\"@id\":\"https:\\\/\\\/www.altercampagne.net\\\/?p=5818#primaryimage\"},\"thumbnailUrl\":\"https:\\\/\\\/www.altercampagne.net\\\/wp-content\\\/uploads\\\/2016\\\/08\\\/les-cyclistes-de-laltertour-debarquent-en-morbihan1.jpg\",\"keywords\":[\"bretagne\",\"AlterTour 2016\",\"morbihan\",\"ouest france\",\"Erdeven\",\"2016\",\"Silfiac\",\"Caudan\",\"Terre Adelys\",\"Les lucioles\",\"Pl\u00e9lauff\",\"Inguiniel\"],\"articleSection\":[\"Bretagne\",\"Revue de presse\",\"\u00c9dition 2016\",\"Habitat\"],\"inLanguage\":\"fr-FR\"},{\"@type\":\"WebPage\",\"@id\":\"https:\\\/\\\/www.altercampagne.net\\\/?p=5818\",\"url\":\"https:\\\/\\\/www.altercampagne.net\\\/?p=5818\",\"name\":\"Les cyclistes de l'AlterTour d\u00e9barquent en Morbihan - AlterTour\",\"isPartOf\":{\"@id\":\"https:\\\/\\\/www.altercampagne.net\\\/#website\"},\"primaryImageOfPage\":{\"@id\":\"https:\\\/\\\/www.altercampagne.net\\\/?p=5818#primaryimage\"},\"image\":{\"@id\":\"https:\\\/\\\/www.altercampagne.net\\\/?p=5818#primaryimage\"},\"thumbnailUrl\":\"https:\\\/\\\/www.altercampagne.net\\\/wp-content\\\/uploads\\\/2016\\\/08\\\/les-cyclistes-de-laltertour-debarquent-en-morbihan1.jpg\",\"datePublished\":\"2016-08-10T18:37:38+00:00\",\"dateModified\":\"2019-09-13T16:51:03+00:00\",\"author\":{\"@id\":\"https:\\\/\\\/www.altercampagne.net\\\/#\\\/schema\\\/person\\\/0f261460c09e430caa0f9bcffa319109\"},\"breadcrumb\":{\"@id\":\"https:\\\/\\\/www.altercampagne.net\\\/?p=5818#breadcrumb\"},\"inLanguage\":\"fr-FR\",\"potentialAction\":[{\"@type\":\"ReadAction\",\"target\":[\"https:\\\/\\\/www.altercampagne.net\\\/?p=5818\"]}]},{\"@type\":\"ImageObject\",\"inLanguage\":\"fr-FR\",\"@id\":\"https:\\\/\\\/www.altercampagne.net\\\/?p=5818#primaryimage\",\"url\":\"https:\\\/\\\/www.altercampagne.net\\\/wp-content\\\/uploads\\\/2016\\\/08\\\/les-cyclistes-de-laltertour-debarquent-en-morbihan1.jpg\",\"contentUrl\":\"https:\\\/\\\/www.altercampagne.net\\\/wp-content\\\/uploads\\\/2016\\\/08\\\/les-cyclistes-de-laltertour-debarquent-en-morbihan1.jpg\",\"width\":640,\"height\":360},{\"@type\":\"BreadcrumbList\",\"@id\":\"https:\\\/\\\/www.altercampagne.net\\\/?p=5818#breadcrumb\",\"itemListElement\":[{\"@type\":\"ListItem\",\"position\":1,\"name\":\"Accueil\",\"item\":\"https:\\\/\\\/www.altercampagne.net\\\/\"},{\"@type\":\"ListItem\",\"position\":2,\"name\":\"Les cyclistes de l&rsquo;AlterTour d\u00e9barquent en Morbihan\"}]},{\"@type\":\"WebSite\",\"@id\":\"https:\\\/\\\/www.altercampagne.net\\\/#website\",\"url\":\"https:\\\/\\\/www.altercampagne.net\\\/\",\"name\":\"AlterTour\",\"description\":\"Reliez les Alternatives \u00e0 v\u00e9lo\",\"potentialAction\":[{\"@type\":\"SearchAction\",\"target\":{\"@type\":\"EntryPoint\",\"urlTemplate\":\"https:\\\/\\\/www.altercampagne.net\\\/?s={search_term_string}\"},\"query-input\":{\"@type\":\"PropertyValueSpecification\",\"valueRequired\":true,\"valueName\":\"search_term_string\"}}],\"inLanguage\":\"fr-FR\"},{\"@type\":\"Person\",\"@id\":\"https:\\\/\\\/www.altercampagne.net\\\/#\\\/schema\\\/person\\\/0f261460c09e430caa0f9bcffa319109\",\"name\":\"Mathieu\",\"image\":{\"@type\":\"ImageObject\",\"inLanguage\":\"fr-FR\",\"@id\":\"https:\\\/\\\/secure.gravatar.com\\\/avatar\\\/aa9d3d24c83f2141e5e2709d0f63d09a99f6be6bb7a50abc4915838d9f54501a?s=96&d=mm&r=g\",\"url\":\"https:\\\/\\\/secure.gravatar.com\\\/avatar\\\/aa9d3d24c83f2141e5e2709d0f63d09a99f6be6bb7a50abc4915838d9f54501a?s=96&d=mm&r=g\",\"contentUrl\":\"https:\\\/\\\/secure.gravatar.com\\\/avatar\\\/aa9d3d24c83f2141e5e2709d0f63d09a99f6be6bb7a50abc4915838d9f54501a?s=96&d=mm&r=g\",\"caption\":\"Mathieu\"},\"url\":\"https:\\\/\\\/www.altercampagne.net\\\/?author=214\"}]}<\/script>\n<!-- \/ Yoast SEO plugin. -->","yoast_head_json":{"title":"Les cyclistes de l'AlterTour d\u00e9barquent en Morbihan - AlterTour","robots":{"index":"index","follow":"follow","max-snippet":"max-snippet:-1","max-image-preview":"max-image-preview:large","max-video-preview":"max-video-preview:-1"},"canonical":"https:\/\/www.altercampagne.net\/?p=5818","og_locale":"fr_FR","og_type":"article","og_title":"Les cyclistes de l'AlterTour d\u00e9barquent en Morbihan - AlterTour","og_description":"Pour aller \u00e0 la rencontre des acteurs de l&rsquo;\u00e9conomie sociale et solidaire, ils ont reli\u00e9 Pl\u00e9lauff \u00e0 Silfiac, hier. Apr\u00e8s les C\u00f4tes-d&rsquo;Armor, les cyclistes de l&rsquo;AlterTour continuent en Morbihan leur tourn\u00e9e des initiatives alternatives locales (agricoles, \u00e9nerg\u00e9tiques, solidaires, etc.). Avant de rejoindre Inguiniel ce mercredi, les militants alternatifs ont d\u00e9couvert ... Read More","og_url":"https:\/\/www.altercampagne.net\/?p=5818","og_site_name":"AlterTour","article_published_time":"2016-08-10T18:37:38+00:00","article_modified_time":"2019-09-13T16:51:03+00:00","og_image":[{"width":640,"height":360,"url":"https:\/\/www.altercampagne.net\/wp-content\/uploads\/2016\/08\/les-cyclistes-de-laltertour-debarquent-en-morbihan1.jpg","type":"image\/jpeg"}],"author":"Mathieu","twitter_card":"summary_large_image","twitter_misc":{"\u00c9crit par":"Mathieu","Dur\u00e9e de lecture estim\u00e9e":"1 minute"},"schema":{"@context":"https:\/\/schema.org","@graph":[{"@type":"Article","@id":"https:\/\/www.altercampagne.net\/?p=5818#article","isPartOf":{"@id":"https:\/\/www.altercampagne.net\/?p=5818"},"author":{"name":"Mathieu","@id":"https:\/\/www.altercampagne.net\/#\/schema\/person\/0f261460c09e430caa0f9bcffa319109"},"headline":"Les cyclistes de l&rsquo;AlterTour d\u00e9barquent en Morbihan","datePublished":"2016-08-10T18:37:38+00:00","dateModified":"2019-09-13T16:51:03+00:00","mainEntityOfPage":{"@id":"https:\/\/www.altercampagne.net\/?p=5818"},"wordCount":159,"image":{"@id":"https:\/\/www.altercampagne.net\/?p=5818#primaryimage"},"thumbnailUrl":"https:\/\/www.altercampagne.net\/wp-content\/uploads\/2016\/08\/les-cyclistes-de-laltertour-debarquent-en-morbihan1.jpg","keywords":["bretagne","AlterTour 2016","morbihan","ouest france","Erdeven","2016","Silfiac","Caudan","Terre Adelys","Les lucioles","Pl\u00e9lauff","Inguiniel"],"articleSection":["Bretagne","Revue de presse","\u00c9dition 2016","Habitat"],"inLanguage":"fr-FR"},{"@type":"WebPage","@id":"https:\/\/www.altercampagne.net\/?p=5818","url":"https:\/\/www.altercampagne.net\/?p=5818","name":"Les cyclistes de l'AlterTour d\u00e9barquent en Morbihan - AlterTour","isPartOf":{"@id":"https:\/\/www.altercampagne.net\/#website"},"primaryImageOfPage":{"@id":"https:\/\/www.altercampagne.net\/?p=5818#primaryimage"},"image":{"@id":"https:\/\/www.altercampagne.net\/?p=5818#primaryimage"},"thumbnailUrl":"https:\/\/www.altercampagne.net\/wp-content\/uploads\/2016\/08\/les-cyclistes-de-laltertour-debarquent-en-morbihan1.jpg","datePublished":"2016-08-10T18:37:38+00:00","dateModified":"2019-09-13T16:51:03+00:00","author":{"@id":"https:\/\/www.altercampagne.net\/#\/schema\/person\/0f261460c09e430caa0f9bcffa319109"},"breadcrumb":{"@id":"https:\/\/www.altercampagne.net\/?p=5818#breadcrumb"},"inLanguage":"fr-FR","potentialAction":[{"@type":"ReadAction","target":["https:\/\/www.altercampagne.net\/?p=5818"]}]},{"@type":"ImageObject","inLanguage":"fr-FR","@id":"https:\/\/www.altercampagne.net\/?p=5818#primaryimage","url":"https:\/\/www.altercampagne.net\/wp-content\/uploads\/2016\/08\/les-cyclistes-de-laltertour-debarquent-en-morbihan1.jpg","contentUrl":"https:\/\/www.altercampagne.net\/wp-content\/uploads\/2016\/08\/les-cyclistes-de-laltertour-debarquent-en-morbihan1.jpg","width":640,"height":360},{"@type":"BreadcrumbList","@id":"https:\/\/www.altercampagne.net\/?p=5818#breadcrumb","itemListElement":[{"@type":"ListItem","position":1,"name":"Accueil","item":"https:\/\/www.altercampagne.net\/"},{"@type":"ListItem","position":2,"name":"Les cyclistes de l&rsquo;AlterTour d\u00e9barquent en Morbihan"}]},{"@type":"WebSite","@id":"https:\/\/www.altercampagne.net\/#website","url":"https:\/\/www.altercampagne.net\/","name":"AlterTour","description":"Reliez les Alternatives \u00e0 v\u00e9lo","potentialAction":[{"@type":"SearchAction","target":{"@type":"EntryPoint","urlTemplate":"https:\/\/www.altercampagne.net\/?s={search_term_string}"},"query-input":{"@type":"PropertyValueSpecification","valueRequired":true,"valueName":"search_term_string"}}],"inLanguage":"fr-FR"},{"@type":"Person","@id":"https:\/\/www.altercampagne.net\/#\/schema\/person\/0f261460c09e430caa0f9bcffa319109","name":"Mathieu","image":{"@type":"ImageObject","inLanguage":"fr-FR","@id":"https:\/\/secure.gravatar.com\/avatar\/aa9d3d24c83f2141e5e2709d0f63d09a99f6be6bb7a50abc4915838d9f54501a?s=96&d=mm&r=g","url":"https:\/\/secure.gravatar.com\/avatar\/aa9d3d24c83f2141e5e2709d0f63d09a99f6be6bb7a50abc4915838d9f54501a?s=96&d=mm&r=g","contentUrl":"https:\/\/secure.gravatar.com\/avatar\/aa9d3d24c83f2141e5e2709d0f63d09a99f6be6bb7a50abc4915838d9f54501a?s=96&d=mm&r=g","caption":"Mathieu"},"url":"https:\/\/www.altercampagne.net\/?author=214"}]}},"_links":{"self":[{"href":"https:\/\/www.altercampagne.net\/index.php?rest_route=\/wp\/v2\/posts\/5818","targetHints":{"allow":["GET"]}}],"collection":[{"href":"https:\/\/www.altercampagne.net\/index.php?rest_route=\/wp\/v2\/posts"}],"about":[{"href":"https:\/\/www.altercampagne.net\/index.php?rest_route=\/wp\/v2\/types\/post"}],"author":[{"embeddable":true,"href":"https:\/\/www.altercampagne.net\/index.php?rest_route=\/wp\/v2\/users\/214"}],"replies":[{"embeddable":true,"href":"https:\/\/www.altercampagne.net\/index.php?rest_route=%2Fwp%2Fv2%2Fcomments&post=5818"}],"version-history":[{"count":0,"href":"https:\/\/www.altercampagne.net\/index.php?rest_route=\/wp\/v2\/posts\/5818\/revisions"}],"wp:featuredmedia":[{"embeddable":true,"href":"https:\/\/www.altercampagne.net\/index.php?rest_route=\/wp\/v2\/media\/15542"}],"wp:attachment":[{"href":"https:\/\/www.altercampagne.net\/index.php?rest_route=%2Fwp%2Fv2%2Fmedia&parent=5818"}],"wp:term":[{"taxonomy":"category","embeddable":true,"href":"https:\/\/www.altercampagne.net\/index.php?rest_route=%2Fwp%2Fv2%2Fcategories&post=5818"},{"taxonomy":"post_tag","embeddable":true,"href":"https:\/\/www.altercampagne.net\/index.php?rest_route=%2Fwp%2Fv2%2Ftags&post=5818"}],"curies":[{"name":"wp","href":"https:\/\/api.w.org\/{rel}","templated":true}]}}