{"id":5826,"date":"2016-08-10T20:47:13","date_gmt":"2016-08-10T18:47:13","guid":{"rendered":"http:\/\/www.altercampagne.net\/?p=5826"},"modified":"2017-02-09T12:45:11","modified_gmt":"2017-02-09T11:45:11","slug":"laltertour-a-la-rencontre-des-habitants","status":"publish","type":"post","link":"https:\/\/www.altercampagne.net\/?p=5826","title":{"rendered":"L&rsquo;AlterTour \u00e0 la rencontre des habitants \u00e0 Silfiac"},"content":{"rendered":"<p>Pour aller \u00e0 la rencontre des acteurs de l&rsquo;\u00e9conomie sociale et solidaire, ils ont reli\u00e9 Pl\u00e9lauff \u00e0 Silfiac, hier. Apr\u00e8s 10 km \u00e0 v\u00e9lo, les cyclistes participants \u00e0 l&rsquo;AlterTour, apr\u00e8s plusieurs kilom\u00e8tres \u00e0 v\u00e9lo, se sont arr\u00eat\u00e9s dans la commune. Le groupe, divis\u00e9 en six, a visit\u00e9 l&rsquo;\u00e9co-hameau compos\u00e9 de maisons en paille avec K\u00e9vin Rioual, l&#8217;employ\u00e9 communal. Pendant qu&rsquo;un groupe a rendu visite \u00e0 Pierrick Le Borgne, artisan boulanger, d&rsquo;autres sont all\u00e9s voir Micka\u00ebl Jaunay qui fait de l&rsquo;\u00e9co-paturage avec ses moutons.<\/p>\n<p>La maison passive et autonome de France Darimont a beaucoup int\u00e9ress\u00e9 les membres de cette manifestation cycliste organis\u00e9e depuis 8 ans par l&rsquo;association AlterCampagne. La toiture v\u00e9g\u00e9talis\u00e9e d&rsquo;H\u00e9l\u00e8ne Chevalier, et sa maison comprenant un bouilleur et un capteur solaire, a aussi attir\u00e9 toute l&rsquo;attention des militants alternatifs. L&rsquo;apr\u00e8s-midi, le groupe s&rsquo;est rendu \u00e0 la p\u00e9pini\u00e8re d&rsquo;H\u00e9l\u00e8ne Chevalier dans le village de Belle-Fontaine \u00e0 Sainte-Brigitte.<\/p>\n<p>La journ\u00e9e s&rsquo;est termin\u00e9e avec une table ronde sur la situation de la Gr\u00e8ce. Des musiciens locaux ont anim\u00e9 la soir\u00e9e.<\/p>\n<p>Source : <a href=\"http:\/\/www.ouest-france.fr\/bretagne\/silfiac-56480\/laltertour-la-rencontre-des-habitants-4414530\" target=\"_blank\">Ouest-France<\/a><\/p>\n","protected":false},"excerpt":{"rendered":"<p>Pour aller \u00e0 la rencontre des acteurs de l&rsquo;\u00e9conomie sociale et solidaire, ils ont reli\u00e9 Pl\u00e9lauff \u00e0 Silfiac, hier. Apr\u00e8s 10 km \u00e0 v\u00e9lo, les cyclistes participants \u00e0 l&rsquo;AlterTour, apr\u00e8s plusieurs kilom\u00e8tres \u00e0 v\u00e9lo, se sont arr\u00eat\u00e9s dans la commune. Le groupe, divis\u00e9 en six, a visit\u00e9 l&rsquo;\u00e9co-hameau compos\u00e9 de &#8230; <\/p>\n<div><a href=\"https:\/\/www.altercampagne.net\/?p=5826\" class=\"more-link\">Read More<\/a><\/div>\n","protected":false},"author":214,"featured_media":0,"comment_status":"closed","ping_status":"closed","sticky":false,"template":"","format":"standard","meta":{"footnotes":""},"categories":[239],"tags":[383,471,1652,2632,2634,2666,2669,2670,2671,2846,2849,2850,2851],"class_list":["post-5826","post","type-post","status-publish","format-standard","hentry","category-revue-de-presse","tag-altertour-2016","tag-ouest-france","tag-1652","tag-silfiac","tag-france-darimont","tag-plelauff","tag-kevin-rioual","tag-mickael-jaunay","tag-helene-chevalier","tag-accueillant","tag-accueillant2016","tag-accueillant-2016","tag-altertour2016","no-post-thumbnail"],"yoast_head":"<!-- This site is optimized with the Yoast SEO plugin v27.3 - https:\/\/yoast.com\/product\/yoast-seo-wordpress\/ -->\n<title>L&#039;AlterTour \u00e0 la rencontre des habitants \u00e0 Silfiac - AlterTour<\/title>\n<meta name=\"robots\" content=\"index, follow, max-snippet:-1, max-image-preview:large, max-video-preview:-1\" \/>\n<link rel=\"canonical\" href=\"https:\/\/www.altercampagne.net\/?p=5826\" \/>\n<meta property=\"og:locale\" content=\"fr_FR\" \/>\n<meta property=\"og:type\" content=\"article\" \/>\n<meta property=\"og:title\" content=\"L&#039;AlterTour \u00e0 la rencontre des habitants \u00e0 Silfiac - AlterTour\" \/>\n<meta property=\"og:description\" content=\"Pour aller \u00e0 la rencontre des acteurs de l&rsquo;\u00e9conomie sociale et solidaire, ils ont reli\u00e9 Pl\u00e9lauff \u00e0 Silfiac, hier. Apr\u00e8s 10 km \u00e0 v\u00e9lo, les cyclistes participants \u00e0 l&rsquo;AlterTour, apr\u00e8s plusieurs kilom\u00e8tres \u00e0 v\u00e9lo, se sont arr\u00eat\u00e9s dans la commune. Le groupe, divis\u00e9 en six, a visit\u00e9 l&rsquo;\u00e9co-hameau compos\u00e9 de ... Read More\" \/>\n<meta property=\"og:url\" content=\"https:\/\/www.altercampagne.net\/?p=5826\" \/>\n<meta property=\"og:site_name\" content=\"AlterTour\" \/>\n<meta property=\"article:published_time\" content=\"2016-08-10T18:47:13+00:00\" \/>\n<meta property=\"article:modified_time\" content=\"2017-02-09T11:45:11+00:00\" \/>\n<meta name=\"author\" content=\"Mathieu\" \/>\n<meta name=\"twitter:card\" content=\"summary_large_image\" \/>\n<meta name=\"twitter:label1\" content=\"\u00c9crit par\" \/>\n\t<meta name=\"twitter:data1\" content=\"Mathieu\" \/>\n\t<meta name=\"twitter:label2\" content=\"Dur\u00e9e de lecture estim\u00e9e\" \/>\n\t<meta name=\"twitter:data2\" content=\"1 minute\" \/>\n<script type=\"application\/ld+json\" class=\"yoast-schema-graph\">{\"@context\":\"https:\\\/\\\/schema.org\",\"@graph\":[{\"@type\":\"Article\",\"@id\":\"https:\\\/\\\/www.altercampagne.net\\\/?p=5826#article\",\"isPartOf\":{\"@id\":\"https:\\\/\\\/www.altercampagne.net\\\/?p=5826\"},\"author\":{\"name\":\"Mathieu\",\"@id\":\"https:\\\/\\\/www.altercampagne.net\\\/#\\\/schema\\\/person\\\/0f261460c09e430caa0f9bcffa319109\"},\"headline\":\"L&rsquo;AlterTour \u00e0 la rencontre des habitants \u00e0 Silfiac\",\"datePublished\":\"2016-08-10T18:47:13+00:00\",\"dateModified\":\"2017-02-09T11:45:11+00:00\",\"mainEntityOfPage\":{\"@id\":\"https:\\\/\\\/www.altercampagne.net\\\/?p=5826\"},\"wordCount\":208,\"keywords\":[\"AlterTour 2016\",\"ouest france\",\"2016\",\"Silfiac\",\"France Darimont\",\"Pl\u00e9lauff\",\"K\u00e9vin Rioual\",\"Micka\u00ebl Jaunay\",\"H\u00e9l\u00e8ne Chevalier\",\"accueillant\",\"accueillant2016\",\"accueillant 2016\",\"AlterTour2016\"],\"articleSection\":[\"Revue de presse\"],\"inLanguage\":\"fr-FR\"},{\"@type\":\"WebPage\",\"@id\":\"https:\\\/\\\/www.altercampagne.net\\\/?p=5826\",\"url\":\"https:\\\/\\\/www.altercampagne.net\\\/?p=5826\",\"name\":\"L'AlterTour \u00e0 la rencontre des habitants \u00e0 Silfiac - AlterTour\",\"isPartOf\":{\"@id\":\"https:\\\/\\\/www.altercampagne.net\\\/#website\"},\"datePublished\":\"2016-08-10T18:47:13+00:00\",\"dateModified\":\"2017-02-09T11:45:11+00:00\",\"author\":{\"@id\":\"https:\\\/\\\/www.altercampagne.net\\\/#\\\/schema\\\/person\\\/0f261460c09e430caa0f9bcffa319109\"},\"breadcrumb\":{\"@id\":\"https:\\\/\\\/www.altercampagne.net\\\/?p=5826#breadcrumb\"},\"inLanguage\":\"fr-FR\",\"potentialAction\":[{\"@type\":\"ReadAction\",\"target\":[\"https:\\\/\\\/www.altercampagne.net\\\/?p=5826\"]}]},{\"@type\":\"BreadcrumbList\",\"@id\":\"https:\\\/\\\/www.altercampagne.net\\\/?p=5826#breadcrumb\",\"itemListElement\":[{\"@type\":\"ListItem\",\"position\":1,\"name\":\"Accueil\",\"item\":\"https:\\\/\\\/www.altercampagne.net\\\/\"},{\"@type\":\"ListItem\",\"position\":2,\"name\":\"L&rsquo;AlterTour \u00e0 la rencontre des habitants \u00e0 Silfiac\"}]},{\"@type\":\"WebSite\",\"@id\":\"https:\\\/\\\/www.altercampagne.net\\\/#website\",\"url\":\"https:\\\/\\\/www.altercampagne.net\\\/\",\"name\":\"AlterTour\",\"description\":\"Reliez les Alternatives \u00e0 v\u00e9lo\",\"potentialAction\":[{\"@type\":\"SearchAction\",\"target\":{\"@type\":\"EntryPoint\",\"urlTemplate\":\"https:\\\/\\\/www.altercampagne.net\\\/?s={search_term_string}\"},\"query-input\":{\"@type\":\"PropertyValueSpecification\",\"valueRequired\":true,\"valueName\":\"search_term_string\"}}],\"inLanguage\":\"fr-FR\"},{\"@type\":\"Person\",\"@id\":\"https:\\\/\\\/www.altercampagne.net\\\/#\\\/schema\\\/person\\\/0f261460c09e430caa0f9bcffa319109\",\"name\":\"Mathieu\",\"image\":{\"@type\":\"ImageObject\",\"inLanguage\":\"fr-FR\",\"@id\":\"https:\\\/\\\/secure.gravatar.com\\\/avatar\\\/aa9d3d24c83f2141e5e2709d0f63d09a99f6be6bb7a50abc4915838d9f54501a?s=96&d=mm&r=g\",\"url\":\"https:\\\/\\\/secure.gravatar.com\\\/avatar\\\/aa9d3d24c83f2141e5e2709d0f63d09a99f6be6bb7a50abc4915838d9f54501a?s=96&d=mm&r=g\",\"contentUrl\":\"https:\\\/\\\/secure.gravatar.com\\\/avatar\\\/aa9d3d24c83f2141e5e2709d0f63d09a99f6be6bb7a50abc4915838d9f54501a?s=96&d=mm&r=g\",\"caption\":\"Mathieu\"},\"url\":\"https:\\\/\\\/www.altercampagne.net\\\/?author=214\"}]}<\/script>\n<!-- \/ Yoast SEO plugin. -->","yoast_head_json":{"title":"L'AlterTour \u00e0 la rencontre des habitants \u00e0 Silfiac - AlterTour","robots":{"index":"index","follow":"follow","max-snippet":"max-snippet:-1","max-image-preview":"max-image-preview:large","max-video-preview":"max-video-preview:-1"},"canonical":"https:\/\/www.altercampagne.net\/?p=5826","og_locale":"fr_FR","og_type":"article","og_title":"L'AlterTour \u00e0 la rencontre des habitants \u00e0 Silfiac - AlterTour","og_description":"Pour aller \u00e0 la rencontre des acteurs de l&rsquo;\u00e9conomie sociale et solidaire, ils ont reli\u00e9 Pl\u00e9lauff \u00e0 Silfiac, hier. Apr\u00e8s 10 km \u00e0 v\u00e9lo, les cyclistes participants \u00e0 l&rsquo;AlterTour, apr\u00e8s plusieurs kilom\u00e8tres \u00e0 v\u00e9lo, se sont arr\u00eat\u00e9s dans la commune. Le groupe, divis\u00e9 en six, a visit\u00e9 l&rsquo;\u00e9co-hameau compos\u00e9 de ... Read More","og_url":"https:\/\/www.altercampagne.net\/?p=5826","og_site_name":"AlterTour","article_published_time":"2016-08-10T18:47:13+00:00","article_modified_time":"2017-02-09T11:45:11+00:00","author":"Mathieu","twitter_card":"summary_large_image","twitter_misc":{"\u00c9crit par":"Mathieu","Dur\u00e9e de lecture estim\u00e9e":"1 minute"},"schema":{"@context":"https:\/\/schema.org","@graph":[{"@type":"Article","@id":"https:\/\/www.altercampagne.net\/?p=5826#article","isPartOf":{"@id":"https:\/\/www.altercampagne.net\/?p=5826"},"author":{"name":"Mathieu","@id":"https:\/\/www.altercampagne.net\/#\/schema\/person\/0f261460c09e430caa0f9bcffa319109"},"headline":"L&rsquo;AlterTour \u00e0 la rencontre des habitants \u00e0 Silfiac","datePublished":"2016-08-10T18:47:13+00:00","dateModified":"2017-02-09T11:45:11+00:00","mainEntityOfPage":{"@id":"https:\/\/www.altercampagne.net\/?p=5826"},"wordCount":208,"keywords":["AlterTour 2016","ouest france","2016","Silfiac","France Darimont","Pl\u00e9lauff","K\u00e9vin Rioual","Micka\u00ebl Jaunay","H\u00e9l\u00e8ne Chevalier","accueillant","accueillant2016","accueillant 2016","AlterTour2016"],"articleSection":["Revue de presse"],"inLanguage":"fr-FR"},{"@type":"WebPage","@id":"https:\/\/www.altercampagne.net\/?p=5826","url":"https:\/\/www.altercampagne.net\/?p=5826","name":"L'AlterTour \u00e0 la rencontre des habitants \u00e0 Silfiac - AlterTour","isPartOf":{"@id":"https:\/\/www.altercampagne.net\/#website"},"datePublished":"2016-08-10T18:47:13+00:00","dateModified":"2017-02-09T11:45:11+00:00","author":{"@id":"https:\/\/www.altercampagne.net\/#\/schema\/person\/0f261460c09e430caa0f9bcffa319109"},"breadcrumb":{"@id":"https:\/\/www.altercampagne.net\/?p=5826#breadcrumb"},"inLanguage":"fr-FR","potentialAction":[{"@type":"ReadAction","target":["https:\/\/www.altercampagne.net\/?p=5826"]}]},{"@type":"BreadcrumbList","@id":"https:\/\/www.altercampagne.net\/?p=5826#breadcrumb","itemListElement":[{"@type":"ListItem","position":1,"name":"Accueil","item":"https:\/\/www.altercampagne.net\/"},{"@type":"ListItem","position":2,"name":"L&rsquo;AlterTour \u00e0 la rencontre des habitants \u00e0 Silfiac"}]},{"@type":"WebSite","@id":"https:\/\/www.altercampagne.net\/#website","url":"https:\/\/www.altercampagne.net\/","name":"AlterTour","description":"Reliez les Alternatives \u00e0 v\u00e9lo","potentialAction":[{"@type":"SearchAction","target":{"@type":"EntryPoint","urlTemplate":"https:\/\/www.altercampagne.net\/?s={search_term_string}"},"query-input":{"@type":"PropertyValueSpecification","valueRequired":true,"valueName":"search_term_string"}}],"inLanguage":"fr-FR"},{"@type":"Person","@id":"https:\/\/www.altercampagne.net\/#\/schema\/person\/0f261460c09e430caa0f9bcffa319109","name":"Mathieu","image":{"@type":"ImageObject","inLanguage":"fr-FR","@id":"https:\/\/secure.gravatar.com\/avatar\/aa9d3d24c83f2141e5e2709d0f63d09a99f6be6bb7a50abc4915838d9f54501a?s=96&d=mm&r=g","url":"https:\/\/secure.gravatar.com\/avatar\/aa9d3d24c83f2141e5e2709d0f63d09a99f6be6bb7a50abc4915838d9f54501a?s=96&d=mm&r=g","contentUrl":"https:\/\/secure.gravatar.com\/avatar\/aa9d3d24c83f2141e5e2709d0f63d09a99f6be6bb7a50abc4915838d9f54501a?s=96&d=mm&r=g","caption":"Mathieu"},"url":"https:\/\/www.altercampagne.net\/?author=214"}]}},"_links":{"self":[{"href":"https:\/\/www.altercampagne.net\/index.php?rest_route=\/wp\/v2\/posts\/5826","targetHints":{"allow":["GET"]}}],"collection":[{"href":"https:\/\/www.altercampagne.net\/index.php?rest_route=\/wp\/v2\/posts"}],"about":[{"href":"https:\/\/www.altercampagne.net\/index.php?rest_route=\/wp\/v2\/types\/post"}],"author":[{"embeddable":true,"href":"https:\/\/www.altercampagne.net\/index.php?rest_route=\/wp\/v2\/users\/214"}],"replies":[{"embeddable":true,"href":"https:\/\/www.altercampagne.net\/index.php?rest_route=%2Fwp%2Fv2%2Fcomments&post=5826"}],"version-history":[{"count":0,"href":"https:\/\/www.altercampagne.net\/index.php?rest_route=\/wp\/v2\/posts\/5826\/revisions"}],"wp:attachment":[{"href":"https:\/\/www.altercampagne.net\/index.php?rest_route=%2Fwp%2Fv2%2Fmedia&parent=5826"}],"wp:term":[{"taxonomy":"category","embeddable":true,"href":"https:\/\/www.altercampagne.net\/index.php?rest_route=%2Fwp%2Fv2%2Fcategories&post=5826"},{"taxonomy":"post_tag","embeddable":true,"href":"https:\/\/www.altercampagne.net\/index.php?rest_route=%2Fwp%2Fv2%2Ftags&post=5826"}],"curies":[{"name":"wp","href":"https:\/\/api.w.org\/{rel}","templated":true}]}}