{"id":5879,"date":"2016-08-15T22:20:49","date_gmt":"2016-08-15T20:20:49","guid":{"rendered":"http:\/\/www.altercampagne.net\/?p=5879"},"modified":"2019-09-13T19:04:16","modified_gmt":"2019-09-13T17:04:16","slug":"etape-du-15-aout-la-ferme-de-coet-ruel-a-sulniac-et-la-ronce-a-larre","status":"publish","type":"post","link":"https:\/\/www.altercampagne.net\/?p=5879","title":{"rendered":"\u00c9tape du 15 ao\u00fbt : La Ferme de Co\u00ebt Ruel \u00e0 Sulniac et la r.O.n.c.e \u00e0 Larr\u00e9"},"content":{"rendered":"<p><img loading=\"lazy\" decoding=\"async\" class=\" alignleft\" src=\"https:\/\/lh3.googleusercontent.com\/SQt9YUfe6Adxiu6bgX93uTJfb3sVYY3mQLYP9zRN9SeLJpw2M1XVqDw9cyaq4usnrzkXbAzbc2a7hTCNAo5TE-zEOtHEXtJHFWfzE-C5hQJv-zDz5Z81HKF4T9TRrdZw_NlYVAoTGDhiCjwwCzalpEFc0Le7X-BMnTG3DFWIz6vF01a-VzUf2oHjvAuREKz6HeBzbjxs7AE1A6SKzikfVhyuRyTMPD0Rkm3n7yK7RX2kt00ZeWnr3Aml_63SRm5k9zmqb5byuqn46i51OyNmkWxgll195NP90p2KVkWJXma8GHZ4DrRiKQRMbirUX8G2FH1FfROo7m1n8RYaJPJPrfHubPw2aHtR4m-YZQgNyfw3tZ6S4T7ZRPWGHarwgVXbuXuDvxnwaF3HCf3hO8Xir4z2Z4HLX5hRIjYdSLZfc3jZidn0D8g8rWgGZ2ZH2ASTxtM1Zr-a6UAYk7LxULvbv6lMb3RBswSFKNDJYMnglZGBj-FjZK7HXyXFvvi7p4Ebw0i4u5BlmTERVRkHCxSxFO1eo-Pdka_DnSacIwOvn-d0FRfTgFH338WeOULudwUxLVLy-O8baqmn_dyyticKZhkk4pJdSyns=w463-h689-no\" alt=\"\" width=\"231\" height=\"345\">Aujourd\u2019hui c\u2019est 15 aout et c\u2019est jour de f\u00eate&nbsp;! Nous enfourchons nos v\u00e9los t\u00f4t et filons \u00e0 travers les reliefs vallonn\u00e9s du Morbihan sous un grand soleil. Quelques c\u00f4tes plus tard, nous arrivons \u00e0 la <a href=\"http:\/\/www.brebis-en-bretagne.fr\/pages\/Eleveurs-ovins-vente-de-fromage-de-brebis-8654803.html\" target=\"_blank\" rel=\"noopener noreferrer\">Bergerie de Co\u00ebt Ruel<\/a> \u00e0 Sulniac et d\u00e9couvrons le projet fou d\u2019un couple et de sa dizaine d\u2019amis n\u00e9o-paysans qui se sont install\u00e9s il y a 10 ans dans le coin.<\/p>\n<p>Ils n\u2019\u00e9taient pas de la r\u00e9gion, ni fils d\u2019agriculteurs ni ruraux et ils avaient le r\u00eave de devenir boulangers, brasseurs, mara\u00eechers, \u00e9leveurs de b\u0153ufs, ch\u00e8vres, brebis, porcs ou volailles.<\/p>\n<p>Ils se sont rencontr\u00e9s en posant leur candidature pour reprendre l\u2019unique ferme bio de la r\u00e9gion. Ils avaient le choix&nbsp;: soit ils cherchaient un lieu en concurrence les uns contre les autres, soit ils s\u2019unissaient. En cr\u00e9ant le collectif de la <a href=\"http:\/\/www.association-la-marmite.fr\/\" target=\"_blank\" rel=\"noopener noreferrer\">Marmite<\/a> en 2006, ils ont fait le pari de l\u2019unit\u00e9.<\/p>\n<p>Dans cette marmite ont mijot\u00e9 de fougueux acteurs qui se sont pris en pleine face la difficult\u00e9 d\u2019acc\u00e8s au foncier et l\u2019incr\u00e9dulit\u00e9 des agriculteurs d\u00e9j\u00e0 en place. Fraichement arriv\u00e9s, ils n\u2019ont pas h\u00e9sit\u00e9 \u00e0 d\u00e9noncer le syst\u00e8me de l\u2019agriculture conventionnelle. Ils questionnent l\u2019expansionnisme ambiant, l\u2019accroissement du cheptel et des lignes de produits, le conditionnement des subventions, l\u2019absence d\u2019\u00e9quilibre entre la vie priv\u00e9 et le labeur quotidien.<\/p>\n<p>Ils sont cette nouvelle g\u00e9n\u00e9ration de syndicalistes qui ne veut pas se compromettre avec le syst\u00e8me actuel,&nbsp; qui veut fait table rase et reconstruire l\u2019agriculture paysanne sans ses ruines. Ils sont Jeunes Agriculteurs de la <a href=\"https:\/\/www.confederationpaysanne.fr\/\" target=\"_blank\" rel=\"noopener noreferrer\">Conf\u00e9d\u00e9ration Paysanne<\/a>, ils produisent en bio, distribuent leurs produits en magasins de producteurs, en direct, ou sur quelques march\u00e9s. Ils partent de rien et marchent \u00e0 leur rythme, ils ont envie de faire bien et veulent voir grandir leurs enfants.<\/p>\n<p>Ils ont fait du bruit, ils se sont acharn\u00e9s, ils ont trouv\u00e9 des terrains dans le coin, ont repris des fermes ou des terres qui appartiennent \u00e0 la commune. En \u00ab&nbsp;rapaces de l\u2019agriculture industrielle&nbsp;\u00bb, ils ont r\u00e9cup\u00e9r\u00e9s des restes d\u2019usines d\u00e9laiss\u00e9es, construit des hangars \u00e0 partir de rien, ont fait des chantiers et se sont tous entraid\u00e9s.<\/p>\n<p>Aujourd\u2019hui cette terre de Questembert est vivante, associative et source d\u2019inspiration. Et parce qu\u2019ils restent petits, l\u00e9gers, et nombreux, ces n\u00e9o-paysans se prot\u00e8gent les uns les autres, restent libres et avancent. Nous repartons sur la route charg\u00e9s d\u2019espoir \u00e0 la d\u00e9couverte du collectif de la Ronce, apr\u00e8s quelques kilom\u00e8tres sous le cagnard.<\/p>\n<p><img loading=\"lazy\" decoding=\"async\" class=\" alignright\" src=\"https:\/\/lh3.googleusercontent.com\/5gvGlzq1BMjiuH5h20WrLOTV4xNcMv9bnDSYU78DSWJ324adzag9WioAtQWoUzyMNAf1Kb_II1KsLJtJ38kfZyA-TAVLEW-qApr0LfX3DXUD_8JNRm3JbK4zmThQEkkZLwMjb4IAoYqvghbGvAOpa5xEzWqddxJ2RdeEO53eG-0AAuEX5SgI7jsFAO2qSrwKcGcx6HZK1o5gI5DnmsDB7r7b0WhmB66L_Xh_lpTsjs8fd9tWCgk2fxOb2mQQqB3K9nAYA0Te2mOY8E1qHuXNQktBhqpAQDLAfqAUsQz7lB_xvoWAjVgdmFrkIgs5xyp1W1ot6WAlBjuOgRR6ftmfW4FoL2tYRk4RtK5JV_I1An7ddEQUhm_w2boqos_42e0zyUHtgmZVAmd033LI2O2mT8o7j77qM6fqBnAxOuxfn01GojYuLxkkeW8q9MimO6X31bx8-ilmP3MD5FGy4mCAC-wxmlZqCaNjGU0hbsPi5ggCY8mNh_6Qm22Ut_Ep8HzaXW73P6_8rXYATpAr2DiwSFgKZ5QzwGWa96NgiVzNMxWmPisq5PfiAfhUxBuKJJlSg4cga7z0Rd3d70pE2R1ZKAAEQaAldEDI=w463-h689-no\" alt=\"\" width=\"231\" height=\"344\">La <a href=\"http:\/\/utoplib.blogspot.fr\/2010\/02\/la-ronce-une-utopie-en-morbihan.html\" target=\"_blank\" rel=\"noopener noreferrer\">r.O.n.c.e<\/a> <span class=\"Apple-style-span\">(R\u00e9sister, Organiser, Nourrir, Cr\u00e9er, Exister)<\/span> est un collectif bien plus accueillant que laisse \u00e0 penser le nom. Jean-Marie, planteur d\u2019arbres dont le sourire semble accroch\u00e9 au visage nous raconte l\u2019aventure de ce collectif fond\u00e9 en 2009. Dans une grande ferme, en caravane ou en yourte vivent 8 personnes qui cultivent en permaculture, ont des \u00e2nes, cuisent au four \u00e0 bois, et accueillent sur leurs 7 hectares des gens de passages, de ceux qui luttent et cherchent \u00e0 vivre libres.<\/p>\n<p>Le r.O.n.c.e a r\u00e9cemment construit un hangar pour proposer des \u00e9v\u00e9nements culturels et sociaux, et nous sommes ravis d\u2019inaugurer pour la seconde fois le lieu avec la f\u00eate qui s\u2019organise avec des gens du coin. Nos h\u00f4tes nous g\u00e2tent en nous servant un rougail saucisse \u00e0 faire p\u00e2lir les \u00eeles, et pour notre plus grand bonheur, se met en place un concert avec une chorale des gens de la r\u00e9gion. On y chante a cappella des sons du monde entier, corse, gascon, occitan et bien d\u2019autres encore. C\u2019est beau&nbsp;!<\/p>\n<p>Cette journ\u00e9e s\u2019ach\u00e8ve par une pr\u00e9sentation dans le hangar sur l\u2019art-activisme. 2 artistes-activistes engag\u00e9s nous exposent le parall\u00e8le entre les principes permacoles et la capacit\u00e9 de l\u2019art \u00e0 mobiliser les acteurs pour r\u00eaver le monde de demain.<\/p>\n<p>Quelle journ\u00e9e riche, et un peu extraordinaire, car c\u2019\u00e9tait mon anniversaire&nbsp;! 26 piges et la furieuse envie de continuer \u00e0 rouler aupr\u00e8s des engag\u00e9s.<\/p>\n<p style=\"text-align: right;\"><strong>Marine<\/strong><\/p>\n<p>&nbsp;<\/p>\n","protected":false},"excerpt":{"rendered":"<p>Aujourd\u2019hui c\u2019est 15 aout et c\u2019est jour de f\u00eate&nbsp;! Nous enfourchons nos v\u00e9los t\u00f4t et filons \u00e0 travers les reliefs vallonn\u00e9s du Morbihan sous un grand soleil. Quelques c\u00f4tes plus tard, nous arrivons \u00e0 la Bergerie de Co\u00ebt Ruel \u00e0 Sulniac et d\u00e9couvrons le projet fou d\u2019un couple et de &#8230; <\/p>\n<div><a href=\"https:\/\/www.altercampagne.net\/?p=5879\" class=\"more-link\">Read More<\/a><\/div>\n","protected":false},"author":214,"featured_media":15556,"comment_status":"closed","ping_status":"closed","sticky":false,"template":"","format":"standard","meta":{"footnotes":""},"categories":[3483,3472,3459],"tags":[2674,2851,2850,2849,2846,2704,2677,2676,2675,20,2673,2672,2303,1652,449,412,383],"class_list":["post-5879","post","type-post","status-publish","format-standard","has-post-thumbnail","hentry","category-agriculture","category-bretagne","category-edition-2016","tag-bergerie-de-coet-ruel","tag-altertour2016","tag-accueillant-2016","tag-accueillant2016","tag-accueillant","tag-alterjournaliste","tag-sulniac","tag-larre","tag-ferme-de-coet-ruel","tag-bretagne","tag-la-marmite","tag-la-ronce","tag-questembert","tag-1652","tag-confederation-paysanne","tag-morbihan","tag-altertour-2016"],"yoast_head":"<!-- This site is optimized with the Yoast SEO plugin v27.3 - https:\/\/yoast.com\/product\/yoast-seo-wordpress\/ -->\n<title>\u00c9tape du 15 ao\u00fbt : La Ferme de Co\u00ebt Ruel \u00e0 Sulniac et la r.O.n.c.e \u00e0 Larr\u00e9 - AlterTour<\/title>\n<meta name=\"robots\" content=\"index, follow, max-snippet:-1, max-image-preview:large, max-video-preview:-1\" \/>\n<link rel=\"canonical\" href=\"https:\/\/www.altercampagne.net\/?p=5879\" \/>\n<meta property=\"og:locale\" content=\"fr_FR\" \/>\n<meta property=\"og:type\" content=\"article\" \/>\n<meta property=\"og:title\" content=\"\u00c9tape du 15 ao\u00fbt : La Ferme de Co\u00ebt Ruel \u00e0 Sulniac et la r.O.n.c.e \u00e0 Larr\u00e9 - AlterTour\" \/>\n<meta property=\"og:description\" content=\"Aujourd\u2019hui c\u2019est 15 aout et c\u2019est jour de f\u00eate&nbsp;! Nous enfourchons nos v\u00e9los t\u00f4t et filons \u00e0 travers les reliefs vallonn\u00e9s du Morbihan sous un grand soleil. Quelques c\u00f4tes plus tard, nous arrivons \u00e0 la Bergerie de Co\u00ebt Ruel \u00e0 Sulniac et d\u00e9couvrons le projet fou d\u2019un couple et de ... Read More\" \/>\n<meta property=\"og:url\" content=\"https:\/\/www.altercampagne.net\/?p=5879\" \/>\n<meta property=\"og:site_name\" content=\"AlterTour\" \/>\n<meta property=\"article:published_time\" content=\"2016-08-15T20:20:49+00:00\" \/>\n<meta property=\"article:modified_time\" content=\"2019-09-13T17:04:16+00:00\" \/>\n<meta property=\"og:image\" content=\"https:\/\/www.altercampagne.net\/wp-content\/uploads\/2016\/08\/2016-08-15_14.49.jpg\" \/>\n\t<meta property=\"og:image:width\" content=\"907\" \/>\n\t<meta property=\"og:image:height\" content=\"474\" \/>\n\t<meta property=\"og:image:type\" content=\"image\/jpeg\" \/>\n<meta name=\"author\" content=\"Mathieu\" \/>\n<meta name=\"twitter:card\" content=\"summary_large_image\" \/>\n<meta name=\"twitter:label1\" content=\"\u00c9crit par\" \/>\n\t<meta name=\"twitter:data1\" content=\"Mathieu\" \/>\n\t<meta name=\"twitter:label2\" content=\"Dur\u00e9e de lecture estim\u00e9e\" \/>\n\t<meta name=\"twitter:data2\" content=\"4 minutes\" \/>\n<script type=\"application\/ld+json\" class=\"yoast-schema-graph\">{\"@context\":\"https:\\\/\\\/schema.org\",\"@graph\":[{\"@type\":\"Article\",\"@id\":\"https:\\\/\\\/www.altercampagne.net\\\/?p=5879#article\",\"isPartOf\":{\"@id\":\"https:\\\/\\\/www.altercampagne.net\\\/?p=5879\"},\"author\":{\"name\":\"Mathieu\",\"@id\":\"https:\\\/\\\/www.altercampagne.net\\\/#\\\/schema\\\/person\\\/0f261460c09e430caa0f9bcffa319109\"},\"headline\":\"\u00c9tape du 15 ao\u00fbt : La Ferme de Co\u00ebt Ruel \u00e0 Sulniac et la r.O.n.c.e \u00e0 Larr\u00e9\",\"datePublished\":\"2016-08-15T20:20:49+00:00\",\"dateModified\":\"2019-09-13T17:04:16+00:00\",\"mainEntityOfPage\":{\"@id\":\"https:\\\/\\\/www.altercampagne.net\\\/?p=5879\"},\"wordCount\":738,\"image\":{\"@id\":\"https:\\\/\\\/www.altercampagne.net\\\/?p=5879#primaryimage\"},\"thumbnailUrl\":\"https:\\\/\\\/www.altercampagne.net\\\/wp-content\\\/uploads\\\/2016\\\/08\\\/2016-08-15_14.49.jpg\",\"keywords\":[\"Bergerie de Co\u00ebt Ruel\",\"AlterTour2016\",\"accueillant 2016\",\"accueillant2016\",\"accueillant\",\"alterjournaliste\",\"Sulniac\",\"Larr\u00e9\",\"Ferme de Co\u00ebt Ruel\",\"bretagne\",\"La marmite\",\"la ronce\",\"Questembert\",\"2016\",\"conf\u00e9d\u00e9ration paysanne\",\"morbihan\",\"AlterTour 2016\"],\"articleSection\":[\"Agriculture\",\"Bretagne\",\"\u00c9dition 2016\"],\"inLanguage\":\"fr-FR\"},{\"@type\":\"WebPage\",\"@id\":\"https:\\\/\\\/www.altercampagne.net\\\/?p=5879\",\"url\":\"https:\\\/\\\/www.altercampagne.net\\\/?p=5879\",\"name\":\"\u00c9tape du 15 ao\u00fbt : La Ferme de Co\u00ebt Ruel \u00e0 Sulniac et la r.O.n.c.e \u00e0 Larr\u00e9 - AlterTour\",\"isPartOf\":{\"@id\":\"https:\\\/\\\/www.altercampagne.net\\\/#website\"},\"primaryImageOfPage\":{\"@id\":\"https:\\\/\\\/www.altercampagne.net\\\/?p=5879#primaryimage\"},\"image\":{\"@id\":\"https:\\\/\\\/www.altercampagne.net\\\/?p=5879#primaryimage\"},\"thumbnailUrl\":\"https:\\\/\\\/www.altercampagne.net\\\/wp-content\\\/uploads\\\/2016\\\/08\\\/2016-08-15_14.49.jpg\",\"datePublished\":\"2016-08-15T20:20:49+00:00\",\"dateModified\":\"2019-09-13T17:04:16+00:00\",\"author\":{\"@id\":\"https:\\\/\\\/www.altercampagne.net\\\/#\\\/schema\\\/person\\\/0f261460c09e430caa0f9bcffa319109\"},\"breadcrumb\":{\"@id\":\"https:\\\/\\\/www.altercampagne.net\\\/?p=5879#breadcrumb\"},\"inLanguage\":\"fr-FR\",\"potentialAction\":[{\"@type\":\"ReadAction\",\"target\":[\"https:\\\/\\\/www.altercampagne.net\\\/?p=5879\"]}]},{\"@type\":\"ImageObject\",\"inLanguage\":\"fr-FR\",\"@id\":\"https:\\\/\\\/www.altercampagne.net\\\/?p=5879#primaryimage\",\"url\":\"https:\\\/\\\/www.altercampagne.net\\\/wp-content\\\/uploads\\\/2016\\\/08\\\/2016-08-15_14.49.jpg\",\"contentUrl\":\"https:\\\/\\\/www.altercampagne.net\\\/wp-content\\\/uploads\\\/2016\\\/08\\\/2016-08-15_14.49.jpg\",\"width\":907,\"height\":474},{\"@type\":\"BreadcrumbList\",\"@id\":\"https:\\\/\\\/www.altercampagne.net\\\/?p=5879#breadcrumb\",\"itemListElement\":[{\"@type\":\"ListItem\",\"position\":1,\"name\":\"Accueil\",\"item\":\"https:\\\/\\\/www.altercampagne.net\\\/\"},{\"@type\":\"ListItem\",\"position\":2,\"name\":\"\u00c9tape du 15 ao\u00fbt : La Ferme de Co\u00ebt Ruel \u00e0 Sulniac et la r.O.n.c.e \u00e0 Larr\u00e9\"}]},{\"@type\":\"WebSite\",\"@id\":\"https:\\\/\\\/www.altercampagne.net\\\/#website\",\"url\":\"https:\\\/\\\/www.altercampagne.net\\\/\",\"name\":\"AlterTour\",\"description\":\"Reliez les Alternatives \u00e0 v\u00e9lo\",\"potentialAction\":[{\"@type\":\"SearchAction\",\"target\":{\"@type\":\"EntryPoint\",\"urlTemplate\":\"https:\\\/\\\/www.altercampagne.net\\\/?s={search_term_string}\"},\"query-input\":{\"@type\":\"PropertyValueSpecification\",\"valueRequired\":true,\"valueName\":\"search_term_string\"}}],\"inLanguage\":\"fr-FR\"},{\"@type\":\"Person\",\"@id\":\"https:\\\/\\\/www.altercampagne.net\\\/#\\\/schema\\\/person\\\/0f261460c09e430caa0f9bcffa319109\",\"name\":\"Mathieu\",\"image\":{\"@type\":\"ImageObject\",\"inLanguage\":\"fr-FR\",\"@id\":\"https:\\\/\\\/secure.gravatar.com\\\/avatar\\\/aa9d3d24c83f2141e5e2709d0f63d09a99f6be6bb7a50abc4915838d9f54501a?s=96&d=mm&r=g\",\"url\":\"https:\\\/\\\/secure.gravatar.com\\\/avatar\\\/aa9d3d24c83f2141e5e2709d0f63d09a99f6be6bb7a50abc4915838d9f54501a?s=96&d=mm&r=g\",\"contentUrl\":\"https:\\\/\\\/secure.gravatar.com\\\/avatar\\\/aa9d3d24c83f2141e5e2709d0f63d09a99f6be6bb7a50abc4915838d9f54501a?s=96&d=mm&r=g\",\"caption\":\"Mathieu\"},\"url\":\"https:\\\/\\\/www.altercampagne.net\\\/?author=214\"}]}<\/script>\n<!-- \/ Yoast SEO plugin. -->","yoast_head_json":{"title":"\u00c9tape du 15 ao\u00fbt : La Ferme de Co\u00ebt Ruel \u00e0 Sulniac et la r.O.n.c.e \u00e0 Larr\u00e9 - AlterTour","robots":{"index":"index","follow":"follow","max-snippet":"max-snippet:-1","max-image-preview":"max-image-preview:large","max-video-preview":"max-video-preview:-1"},"canonical":"https:\/\/www.altercampagne.net\/?p=5879","og_locale":"fr_FR","og_type":"article","og_title":"\u00c9tape du 15 ao\u00fbt : La Ferme de Co\u00ebt Ruel \u00e0 Sulniac et la r.O.n.c.e \u00e0 Larr\u00e9 - AlterTour","og_description":"Aujourd\u2019hui c\u2019est 15 aout et c\u2019est jour de f\u00eate&nbsp;! Nous enfourchons nos v\u00e9los t\u00f4t et filons \u00e0 travers les reliefs vallonn\u00e9s du Morbihan sous un grand soleil. Quelques c\u00f4tes plus tard, nous arrivons \u00e0 la Bergerie de Co\u00ebt Ruel \u00e0 Sulniac et d\u00e9couvrons le projet fou d\u2019un couple et de ... Read More","og_url":"https:\/\/www.altercampagne.net\/?p=5879","og_site_name":"AlterTour","article_published_time":"2016-08-15T20:20:49+00:00","article_modified_time":"2019-09-13T17:04:16+00:00","og_image":[{"width":907,"height":474,"url":"https:\/\/www.altercampagne.net\/wp-content\/uploads\/2016\/08\/2016-08-15_14.49.jpg","type":"image\/jpeg"}],"author":"Mathieu","twitter_card":"summary_large_image","twitter_misc":{"\u00c9crit par":"Mathieu","Dur\u00e9e de lecture estim\u00e9e":"4 minutes"},"schema":{"@context":"https:\/\/schema.org","@graph":[{"@type":"Article","@id":"https:\/\/www.altercampagne.net\/?p=5879#article","isPartOf":{"@id":"https:\/\/www.altercampagne.net\/?p=5879"},"author":{"name":"Mathieu","@id":"https:\/\/www.altercampagne.net\/#\/schema\/person\/0f261460c09e430caa0f9bcffa319109"},"headline":"\u00c9tape du 15 ao\u00fbt : La Ferme de Co\u00ebt Ruel \u00e0 Sulniac et la r.O.n.c.e \u00e0 Larr\u00e9","datePublished":"2016-08-15T20:20:49+00:00","dateModified":"2019-09-13T17:04:16+00:00","mainEntityOfPage":{"@id":"https:\/\/www.altercampagne.net\/?p=5879"},"wordCount":738,"image":{"@id":"https:\/\/www.altercampagne.net\/?p=5879#primaryimage"},"thumbnailUrl":"https:\/\/www.altercampagne.net\/wp-content\/uploads\/2016\/08\/2016-08-15_14.49.jpg","keywords":["Bergerie de Co\u00ebt Ruel","AlterTour2016","accueillant 2016","accueillant2016","accueillant","alterjournaliste","Sulniac","Larr\u00e9","Ferme de Co\u00ebt Ruel","bretagne","La marmite","la ronce","Questembert","2016","conf\u00e9d\u00e9ration paysanne","morbihan","AlterTour 2016"],"articleSection":["Agriculture","Bretagne","\u00c9dition 2016"],"inLanguage":"fr-FR"},{"@type":"WebPage","@id":"https:\/\/www.altercampagne.net\/?p=5879","url":"https:\/\/www.altercampagne.net\/?p=5879","name":"\u00c9tape du 15 ao\u00fbt : La Ferme de Co\u00ebt Ruel \u00e0 Sulniac et la r.O.n.c.e \u00e0 Larr\u00e9 - AlterTour","isPartOf":{"@id":"https:\/\/www.altercampagne.net\/#website"},"primaryImageOfPage":{"@id":"https:\/\/www.altercampagne.net\/?p=5879#primaryimage"},"image":{"@id":"https:\/\/www.altercampagne.net\/?p=5879#primaryimage"},"thumbnailUrl":"https:\/\/www.altercampagne.net\/wp-content\/uploads\/2016\/08\/2016-08-15_14.49.jpg","datePublished":"2016-08-15T20:20:49+00:00","dateModified":"2019-09-13T17:04:16+00:00","author":{"@id":"https:\/\/www.altercampagne.net\/#\/schema\/person\/0f261460c09e430caa0f9bcffa319109"},"breadcrumb":{"@id":"https:\/\/www.altercampagne.net\/?p=5879#breadcrumb"},"inLanguage":"fr-FR","potentialAction":[{"@type":"ReadAction","target":["https:\/\/www.altercampagne.net\/?p=5879"]}]},{"@type":"ImageObject","inLanguage":"fr-FR","@id":"https:\/\/www.altercampagne.net\/?p=5879#primaryimage","url":"https:\/\/www.altercampagne.net\/wp-content\/uploads\/2016\/08\/2016-08-15_14.49.jpg","contentUrl":"https:\/\/www.altercampagne.net\/wp-content\/uploads\/2016\/08\/2016-08-15_14.49.jpg","width":907,"height":474},{"@type":"BreadcrumbList","@id":"https:\/\/www.altercampagne.net\/?p=5879#breadcrumb","itemListElement":[{"@type":"ListItem","position":1,"name":"Accueil","item":"https:\/\/www.altercampagne.net\/"},{"@type":"ListItem","position":2,"name":"\u00c9tape du 15 ao\u00fbt : La Ferme de Co\u00ebt Ruel \u00e0 Sulniac et la r.O.n.c.e \u00e0 Larr\u00e9"}]},{"@type":"WebSite","@id":"https:\/\/www.altercampagne.net\/#website","url":"https:\/\/www.altercampagne.net\/","name":"AlterTour","description":"Reliez les Alternatives \u00e0 v\u00e9lo","potentialAction":[{"@type":"SearchAction","target":{"@type":"EntryPoint","urlTemplate":"https:\/\/www.altercampagne.net\/?s={search_term_string}"},"query-input":{"@type":"PropertyValueSpecification","valueRequired":true,"valueName":"search_term_string"}}],"inLanguage":"fr-FR"},{"@type":"Person","@id":"https:\/\/www.altercampagne.net\/#\/schema\/person\/0f261460c09e430caa0f9bcffa319109","name":"Mathieu","image":{"@type":"ImageObject","inLanguage":"fr-FR","@id":"https:\/\/secure.gravatar.com\/avatar\/aa9d3d24c83f2141e5e2709d0f63d09a99f6be6bb7a50abc4915838d9f54501a?s=96&d=mm&r=g","url":"https:\/\/secure.gravatar.com\/avatar\/aa9d3d24c83f2141e5e2709d0f63d09a99f6be6bb7a50abc4915838d9f54501a?s=96&d=mm&r=g","contentUrl":"https:\/\/secure.gravatar.com\/avatar\/aa9d3d24c83f2141e5e2709d0f63d09a99f6be6bb7a50abc4915838d9f54501a?s=96&d=mm&r=g","caption":"Mathieu"},"url":"https:\/\/www.altercampagne.net\/?author=214"}]}},"_links":{"self":[{"href":"https:\/\/www.altercampagne.net\/index.php?rest_route=\/wp\/v2\/posts\/5879","targetHints":{"allow":["GET"]}}],"collection":[{"href":"https:\/\/www.altercampagne.net\/index.php?rest_route=\/wp\/v2\/posts"}],"about":[{"href":"https:\/\/www.altercampagne.net\/index.php?rest_route=\/wp\/v2\/types\/post"}],"author":[{"embeddable":true,"href":"https:\/\/www.altercampagne.net\/index.php?rest_route=\/wp\/v2\/users\/214"}],"replies":[{"embeddable":true,"href":"https:\/\/www.altercampagne.net\/index.php?rest_route=%2Fwp%2Fv2%2Fcomments&post=5879"}],"version-history":[{"count":0,"href":"https:\/\/www.altercampagne.net\/index.php?rest_route=\/wp\/v2\/posts\/5879\/revisions"}],"wp:featuredmedia":[{"embeddable":true,"href":"https:\/\/www.altercampagne.net\/index.php?rest_route=\/wp\/v2\/media\/15556"}],"wp:attachment":[{"href":"https:\/\/www.altercampagne.net\/index.php?rest_route=%2Fwp%2Fv2%2Fmedia&parent=5879"}],"wp:term":[{"taxonomy":"category","embeddable":true,"href":"https:\/\/www.altercampagne.net\/index.php?rest_route=%2Fwp%2Fv2%2Fcategories&post=5879"},{"taxonomy":"post_tag","embeddable":true,"href":"https:\/\/www.altercampagne.net\/index.php?rest_route=%2Fwp%2Fv2%2Ftags&post=5879"}],"curies":[{"name":"wp","href":"https:\/\/api.w.org\/{rel}","templated":true}]}}