{"id":5887,"date":"2016-08-20T17:24:56","date_gmt":"2016-08-20T15:24:56","guid":{"rendered":"http:\/\/www.altercampagne.net\/?p=5887"},"modified":"2016-08-20T17:24:56","modified_gmt":"2016-08-20T15:24:56","slug":"derniere-etape-a-rennes-pour-laltertour","status":"publish","type":"post","link":"https:\/\/www.altercampagne.net\/?p=5887","title":{"rendered":"Derni\u00e8re \u00e9tape \u00e0 Rennes pour l\u2019altertour !"},"content":{"rendered":"<p>\u00ab La grande boucle \u00bb est certes termin\u00e9e mais le tour de France des initiatives locales et solidaires, pas encore\u2026<br \/>\n<strong>\u00ab Bien vivre, bien(s) commun(s) \u00bb<\/strong><\/p>\n<p>Pour sa 9i\u00e8me \u00e9dition, l\u2019AlterTour sillonne les routes de Bretagne depuis le 10 juillet dernier au d\u00e9part de Notre Dame Des Landes. Il propose aux citoyen-ne-s de d\u00e9couvrir en v\u00e9lo toutes sortes d\u2019initiatives d\u00eetes alternatives et ce dans tous les domaines : agriculture, transport, construction, culture\u2026 Le but est clairement de montrer et de d\u00e9montrer que d\u2019autres modes de vie et de relations Humaines \u2013 avec un grand H \u2013 sont possibles. <strong>Solidarit\u00e9 et \u00e9cologie<\/strong> sont les grandes th\u00e9matiques abord\u00e9es durant cette \u00ab mobilisation joyeuse \u00bb ayant comme fil rouge les \u00ab<strong> Biens Communs<\/strong> \u00bb.<\/p>\n<p>Le parcours 2016 est bien lanc\u00e9 et touche \u00e0 sa fin. Plus d\u2019un millier de kilom\u00e8tres aval\u00e9s sur 42 jours pour une derni\u00e8re \u00e9tape ici \u00e0 rennes ce week-end. L\u2019AlterTour et <a href=\"https:\/\/rennesencommuns.wordpress.com\/\" target=\"_blank\">Rennes en communs<\/a> proposent donc \u00e0 tous les Rennais-es une journ\u00e9e d\u00e9couverte des \u00ab acteurs alternatifs \u00bb et des \u00ab communs \u00bb du territoire avec deux temps forts : des parcours \u00e0 v\u00e9lo le matin, et un forum convivial l\u2019apr\u00e8s-midi, intitul\u00e9 l\u2019Universit\u00e9 des Communs. Accueillie \u00e0 la Maison de la Consommation et de l\u2019Environnement, cette rencontre est ouverte \u00e0 tous.<br \/>\nPlus d\u2019informations :<\/p>\n<p>Consultez le <a href=\"http:\/\/www.altercampagne.net\/?page_id=172\">programme<\/a> de l\u2019\u00e9dition 2016 pour d\u00e9couvrir le parcours de l\u2019AlterTour.<\/p>\n<p>Voici \u00e9galement le programme sur la r\u00e9gion rennaise :<br \/>\n\u2013 le vendredi 19 ao\u00fbt : <a href=\"http:\/\/www.altercampagne.net\/?page_id=172&amp;route=110\">http:\/\/www.altercampagne.net\/?page_id=172&amp;route=110<\/a><br \/>\n\u2013 le samedi 20 ao\u00fbt : <a href=\"http:\/\/www.altercampagne.net\/?page_id=172&amp;route=108\">http:\/\/www.altercampagne.net\/?page_id=172&amp;route=108<\/a><\/p>\n<p>\u00ab L\u2019AlterTour est n\u00e9 il y a huit ans. L\u2019initiative est issue de l\u2019association AlterCampagne, qui avait \u00e9t\u00e9 cr\u00e9\u00e9e pour f\u00e9d\u00e9rer les associations et collectifs ayant particip\u00e9 aux Journ\u00e9es mondiales d\u2019opposition collective aux OGM agricoles, entre 2004 et 2008.<\/p>\n<p>L\u2019objectif de l\u2019AlterTour est de cr\u00e9er du lien entre associations ou collectifs porteurs d\u2019alternatives dans les domaines de l\u2019agriculture, de l\u2019\u00e9nergie, du transport, de l\u2019\u00e9conomie et de la culture, \u00e0 travers un \u00ab militantisme joyeux \u00bb et un mode de d\u00e9placement doux, le v\u00e9lo.\u00bb<\/p>\n<p>Source : A<a href=\"http:\/\/alter1fo.com\/derniere-etape-a-rennes-pour-laltertour-104171\" target=\"_blank\">lter1fo<\/a><\/p>\n","protected":false},"excerpt":{"rendered":"<p>\u00ab La grande boucle \u00bb est certes termin\u00e9e mais le tour de France des initiatives locales et solidaires, pas encore\u2026 \u00ab Bien vivre, bien(s) commun(s) \u00bb Pour sa 9i\u00e8me \u00e9dition, l\u2019AlterTour sillonne les routes de Bretagne depuis le 10 juillet dernier au d\u00e9part de Notre Dame Des Landes. Il propose &#8230; <\/p>\n<div><a href=\"https:\/\/www.altercampagne.net\/?p=5887\" class=\"more-link\">Read More<\/a><\/div>\n","protected":false},"author":214,"featured_media":0,"comment_status":"closed","ping_status":"closed","sticky":false,"template":"","format":"standard","meta":{"footnotes":""},"categories":[239],"tags":[20,82,383,413,1652,2678,2679],"class_list":["post-5887","post","type-post","status-publish","format-standard","hentry","category-revue-de-presse","tag-bretagne","tag-rennes","tag-altertour-2016","tag-ille-et-vilaine","tag-1652","tag-alter1fo","tag-rennes-en-communs","no-post-thumbnail"],"yoast_head":"<!-- This site is optimized with the Yoast SEO plugin v27.3 - https:\/\/yoast.com\/product\/yoast-seo-wordpress\/ -->\n<title>Derni\u00e8re \u00e9tape \u00e0 Rennes pour l\u2019altertour ! - AlterTour<\/title>\n<meta name=\"robots\" content=\"index, follow, max-snippet:-1, max-image-preview:large, max-video-preview:-1\" \/>\n<link rel=\"canonical\" href=\"https:\/\/www.altercampagne.net\/?p=5887\" \/>\n<meta property=\"og:locale\" content=\"fr_FR\" \/>\n<meta property=\"og:type\" content=\"article\" \/>\n<meta property=\"og:title\" content=\"Derni\u00e8re \u00e9tape \u00e0 Rennes pour l\u2019altertour ! - AlterTour\" \/>\n<meta property=\"og:description\" content=\"\u00ab La grande boucle \u00bb est certes termin\u00e9e mais le tour de France des initiatives locales et solidaires, pas encore\u2026 \u00ab Bien vivre, bien(s) commun(s) \u00bb Pour sa 9i\u00e8me \u00e9dition, l\u2019AlterTour sillonne les routes de Bretagne depuis le 10 juillet dernier au d\u00e9part de Notre Dame Des Landes. Il propose ... Read More\" \/>\n<meta property=\"og:url\" content=\"https:\/\/www.altercampagne.net\/?p=5887\" \/>\n<meta property=\"og:site_name\" content=\"AlterTour\" \/>\n<meta property=\"article:published_time\" content=\"2016-08-20T15:24:56+00:00\" \/>\n<meta name=\"author\" content=\"Mathieu\" \/>\n<meta name=\"twitter:card\" content=\"summary_large_image\" \/>\n<meta name=\"twitter:label1\" content=\"\u00c9crit par\" \/>\n\t<meta name=\"twitter:data1\" content=\"Mathieu\" \/>\n\t<meta name=\"twitter:label2\" content=\"Dur\u00e9e de lecture estim\u00e9e\" \/>\n\t<meta name=\"twitter:data2\" content=\"2 minutes\" \/>\n<script type=\"application\/ld+json\" class=\"yoast-schema-graph\">{\"@context\":\"https:\\\/\\\/schema.org\",\"@graph\":[{\"@type\":\"Article\",\"@id\":\"https:\\\/\\\/www.altercampagne.net\\\/?p=5887#article\",\"isPartOf\":{\"@id\":\"https:\\\/\\\/www.altercampagne.net\\\/?p=5887\"},\"author\":{\"name\":\"Mathieu\",\"@id\":\"https:\\\/\\\/www.altercampagne.net\\\/#\\\/schema\\\/person\\\/0f261460c09e430caa0f9bcffa319109\"},\"headline\":\"Derni\u00e8re \u00e9tape \u00e0 Rennes pour l\u2019altertour !\",\"datePublished\":\"2016-08-20T15:24:56+00:00\",\"mainEntityOfPage\":{\"@id\":\"https:\\\/\\\/www.altercampagne.net\\\/?p=5887\"},\"wordCount\":367,\"keywords\":[\"bretagne\",\"Rennes\",\"AlterTour 2016\",\"ille et vilaine\",\"2016\",\"Alter1fo\",\"rennes en communs\"],\"articleSection\":[\"Revue de presse\"],\"inLanguage\":\"fr-FR\"},{\"@type\":\"WebPage\",\"@id\":\"https:\\\/\\\/www.altercampagne.net\\\/?p=5887\",\"url\":\"https:\\\/\\\/www.altercampagne.net\\\/?p=5887\",\"name\":\"Derni\u00e8re \u00e9tape \u00e0 Rennes pour l\u2019altertour ! - AlterTour\",\"isPartOf\":{\"@id\":\"https:\\\/\\\/www.altercampagne.net\\\/#website\"},\"datePublished\":\"2016-08-20T15:24:56+00:00\",\"author\":{\"@id\":\"https:\\\/\\\/www.altercampagne.net\\\/#\\\/schema\\\/person\\\/0f261460c09e430caa0f9bcffa319109\"},\"breadcrumb\":{\"@id\":\"https:\\\/\\\/www.altercampagne.net\\\/?p=5887#breadcrumb\"},\"inLanguage\":\"fr-FR\",\"potentialAction\":[{\"@type\":\"ReadAction\",\"target\":[\"https:\\\/\\\/www.altercampagne.net\\\/?p=5887\"]}]},{\"@type\":\"BreadcrumbList\",\"@id\":\"https:\\\/\\\/www.altercampagne.net\\\/?p=5887#breadcrumb\",\"itemListElement\":[{\"@type\":\"ListItem\",\"position\":1,\"name\":\"Accueil\",\"item\":\"https:\\\/\\\/www.altercampagne.net\\\/\"},{\"@type\":\"ListItem\",\"position\":2,\"name\":\"Derni\u00e8re \u00e9tape \u00e0 Rennes pour l\u2019altertour !\"}]},{\"@type\":\"WebSite\",\"@id\":\"https:\\\/\\\/www.altercampagne.net\\\/#website\",\"url\":\"https:\\\/\\\/www.altercampagne.net\\\/\",\"name\":\"AlterTour\",\"description\":\"Reliez les Alternatives \u00e0 v\u00e9lo\",\"potentialAction\":[{\"@type\":\"SearchAction\",\"target\":{\"@type\":\"EntryPoint\",\"urlTemplate\":\"https:\\\/\\\/www.altercampagne.net\\\/?s={search_term_string}\"},\"query-input\":{\"@type\":\"PropertyValueSpecification\",\"valueRequired\":true,\"valueName\":\"search_term_string\"}}],\"inLanguage\":\"fr-FR\"},{\"@type\":\"Person\",\"@id\":\"https:\\\/\\\/www.altercampagne.net\\\/#\\\/schema\\\/person\\\/0f261460c09e430caa0f9bcffa319109\",\"name\":\"Mathieu\",\"image\":{\"@type\":\"ImageObject\",\"inLanguage\":\"fr-FR\",\"@id\":\"https:\\\/\\\/secure.gravatar.com\\\/avatar\\\/aa9d3d24c83f2141e5e2709d0f63d09a99f6be6bb7a50abc4915838d9f54501a?s=96&d=mm&r=g\",\"url\":\"https:\\\/\\\/secure.gravatar.com\\\/avatar\\\/aa9d3d24c83f2141e5e2709d0f63d09a99f6be6bb7a50abc4915838d9f54501a?s=96&d=mm&r=g\",\"contentUrl\":\"https:\\\/\\\/secure.gravatar.com\\\/avatar\\\/aa9d3d24c83f2141e5e2709d0f63d09a99f6be6bb7a50abc4915838d9f54501a?s=96&d=mm&r=g\",\"caption\":\"Mathieu\"},\"url\":\"https:\\\/\\\/www.altercampagne.net\\\/?author=214\"}]}<\/script>\n<!-- \/ Yoast SEO plugin. -->","yoast_head_json":{"title":"Derni\u00e8re \u00e9tape \u00e0 Rennes pour l\u2019altertour ! - AlterTour","robots":{"index":"index","follow":"follow","max-snippet":"max-snippet:-1","max-image-preview":"max-image-preview:large","max-video-preview":"max-video-preview:-1"},"canonical":"https:\/\/www.altercampagne.net\/?p=5887","og_locale":"fr_FR","og_type":"article","og_title":"Derni\u00e8re \u00e9tape \u00e0 Rennes pour l\u2019altertour ! - AlterTour","og_description":"\u00ab La grande boucle \u00bb est certes termin\u00e9e mais le tour de France des initiatives locales et solidaires, pas encore\u2026 \u00ab Bien vivre, bien(s) commun(s) \u00bb Pour sa 9i\u00e8me \u00e9dition, l\u2019AlterTour sillonne les routes de Bretagne depuis le 10 juillet dernier au d\u00e9part de Notre Dame Des Landes. Il propose ... Read More","og_url":"https:\/\/www.altercampagne.net\/?p=5887","og_site_name":"AlterTour","article_published_time":"2016-08-20T15:24:56+00:00","author":"Mathieu","twitter_card":"summary_large_image","twitter_misc":{"\u00c9crit par":"Mathieu","Dur\u00e9e de lecture estim\u00e9e":"2 minutes"},"schema":{"@context":"https:\/\/schema.org","@graph":[{"@type":"Article","@id":"https:\/\/www.altercampagne.net\/?p=5887#article","isPartOf":{"@id":"https:\/\/www.altercampagne.net\/?p=5887"},"author":{"name":"Mathieu","@id":"https:\/\/www.altercampagne.net\/#\/schema\/person\/0f261460c09e430caa0f9bcffa319109"},"headline":"Derni\u00e8re \u00e9tape \u00e0 Rennes pour l\u2019altertour !","datePublished":"2016-08-20T15:24:56+00:00","mainEntityOfPage":{"@id":"https:\/\/www.altercampagne.net\/?p=5887"},"wordCount":367,"keywords":["bretagne","Rennes","AlterTour 2016","ille et vilaine","2016","Alter1fo","rennes en communs"],"articleSection":["Revue de presse"],"inLanguage":"fr-FR"},{"@type":"WebPage","@id":"https:\/\/www.altercampagne.net\/?p=5887","url":"https:\/\/www.altercampagne.net\/?p=5887","name":"Derni\u00e8re \u00e9tape \u00e0 Rennes pour l\u2019altertour ! - AlterTour","isPartOf":{"@id":"https:\/\/www.altercampagne.net\/#website"},"datePublished":"2016-08-20T15:24:56+00:00","author":{"@id":"https:\/\/www.altercampagne.net\/#\/schema\/person\/0f261460c09e430caa0f9bcffa319109"},"breadcrumb":{"@id":"https:\/\/www.altercampagne.net\/?p=5887#breadcrumb"},"inLanguage":"fr-FR","potentialAction":[{"@type":"ReadAction","target":["https:\/\/www.altercampagne.net\/?p=5887"]}]},{"@type":"BreadcrumbList","@id":"https:\/\/www.altercampagne.net\/?p=5887#breadcrumb","itemListElement":[{"@type":"ListItem","position":1,"name":"Accueil","item":"https:\/\/www.altercampagne.net\/"},{"@type":"ListItem","position":2,"name":"Derni\u00e8re \u00e9tape \u00e0 Rennes pour l\u2019altertour !"}]},{"@type":"WebSite","@id":"https:\/\/www.altercampagne.net\/#website","url":"https:\/\/www.altercampagne.net\/","name":"AlterTour","description":"Reliez les Alternatives \u00e0 v\u00e9lo","potentialAction":[{"@type":"SearchAction","target":{"@type":"EntryPoint","urlTemplate":"https:\/\/www.altercampagne.net\/?s={search_term_string}"},"query-input":{"@type":"PropertyValueSpecification","valueRequired":true,"valueName":"search_term_string"}}],"inLanguage":"fr-FR"},{"@type":"Person","@id":"https:\/\/www.altercampagne.net\/#\/schema\/person\/0f261460c09e430caa0f9bcffa319109","name":"Mathieu","image":{"@type":"ImageObject","inLanguage":"fr-FR","@id":"https:\/\/secure.gravatar.com\/avatar\/aa9d3d24c83f2141e5e2709d0f63d09a99f6be6bb7a50abc4915838d9f54501a?s=96&d=mm&r=g","url":"https:\/\/secure.gravatar.com\/avatar\/aa9d3d24c83f2141e5e2709d0f63d09a99f6be6bb7a50abc4915838d9f54501a?s=96&d=mm&r=g","contentUrl":"https:\/\/secure.gravatar.com\/avatar\/aa9d3d24c83f2141e5e2709d0f63d09a99f6be6bb7a50abc4915838d9f54501a?s=96&d=mm&r=g","caption":"Mathieu"},"url":"https:\/\/www.altercampagne.net\/?author=214"}]}},"_links":{"self":[{"href":"https:\/\/www.altercampagne.net\/index.php?rest_route=\/wp\/v2\/posts\/5887","targetHints":{"allow":["GET"]}}],"collection":[{"href":"https:\/\/www.altercampagne.net\/index.php?rest_route=\/wp\/v2\/posts"}],"about":[{"href":"https:\/\/www.altercampagne.net\/index.php?rest_route=\/wp\/v2\/types\/post"}],"author":[{"embeddable":true,"href":"https:\/\/www.altercampagne.net\/index.php?rest_route=\/wp\/v2\/users\/214"}],"replies":[{"embeddable":true,"href":"https:\/\/www.altercampagne.net\/index.php?rest_route=%2Fwp%2Fv2%2Fcomments&post=5887"}],"version-history":[{"count":0,"href":"https:\/\/www.altercampagne.net\/index.php?rest_route=\/wp\/v2\/posts\/5887\/revisions"}],"wp:attachment":[{"href":"https:\/\/www.altercampagne.net\/index.php?rest_route=%2Fwp%2Fv2%2Fmedia&parent=5887"}],"wp:term":[{"taxonomy":"category","embeddable":true,"href":"https:\/\/www.altercampagne.net\/index.php?rest_route=%2Fwp%2Fv2%2Fcategories&post=5887"},{"taxonomy":"post_tag","embeddable":true,"href":"https:\/\/www.altercampagne.net\/index.php?rest_route=%2Fwp%2Fv2%2Ftags&post=5887"}],"curies":[{"name":"wp","href":"https:\/\/api.w.org\/{rel}","templated":true}]}}