{"id":5890,"date":"2016-08-11T20:18:59","date_gmt":"2016-08-11T18:18:59","guid":{"rendered":"http:\/\/www.altercampagne.net\/?p=5890"},"modified":"2017-02-09T12:43:40","modified_gmt":"2017-02-09T11:43:40","slug":"du-galleco-au-wir-si-on-payait-autrement","status":"publish","type":"post","link":"https:\/\/www.altercampagne.net\/?p=5890","title":{"rendered":"Du Galleco au Wir, si on payait autrement ?"},"content":{"rendered":"<p><strong><a href=\"http:\/\/www.altercampagne.net\/wp-content\/uploads\/2016\/08\/du-galleco-au-wir-si-payait-autrement.jpg\"><img loading=\"lazy\" decoding=\"async\" class=\" size-medium wp-image-5891 alignleft\" src=\"http:\/\/www.altercampagne.net\/wp-content\/uploads\/2016\/08\/du-galleco-au-wir-si-payait-autrement-300x169.jpg\" alt=\"du-galleco-au-wir-si-payait-autrement\" width=\"300\" height=\"169\" srcset=\"https:\/\/www.altercampagne.net\/wp-content\/uploads\/2016\/08\/du-galleco-au-wir-si-payait-autrement-300x169.jpg 300w, https:\/\/www.altercampagne.net\/wp-content\/uploads\/2016\/08\/du-galleco-au-wir-si-payait-autrement.jpg 640w\" sizes=\"auto, (max-width: 300px) 100vw, 300px\" \/><\/a>Des billets verts, orange, rouges, bleus, violets ou jaunes&#8230; Le Galleco, la monnaie locale de la m\u00e9tropole rennaise, va bien et s&rsquo;\u00e9tend progressivement. \u00ab On est sur Rennes, Redon, Foug\u00e8res et on est en train d&rsquo;arriver sur Bruz et Guichen \u00bb, explique Guillaume Gautier, le responsable du d\u00e9veloppement commercial.<\/strong><\/p>\n<p>Une monnaie locale, c&rsquo;est un moyen de paiement suppl\u00e9mentaire que peuvent vous proposer les cin\u00e9mas, les \u00e9piceries locales et m\u00eame les r\u00e9parateurs de v\u00e9los. Elles se sont d\u00e9velopp\u00e9es un peu partout dans le monde, \u00e0 la suite de la crise financi\u00e8re de 2007. En 2014, il en existerait 14\u2009000 dans le monde.<\/p>\n<p>Un Galleco est et sera toujours \u00e9gal \u00e0 un euro, pas de sp\u00e9culation possible. \u00ab <strong>On veut sensibiliser \u00e0 l&rsquo;achat local. Favoriser les circuits courts et les entreprises qui payent des taxes locales.<\/strong> \u00bb Pour en obtenir, il suffit d&rsquo;ouvrir un compte au Cr\u00e9dit Coop\u00e9ratif et de mettre le montant voulu en euro. Les sommes r\u00e9cup\u00e9r\u00e9es par la banque aideront au financement de pr\u00eats pour des projets d&rsquo;\u00e9conomie sociale et solidaire.<\/p>\n<p>La doyenne des monnaies locales europ\u00e9ennes, c&rsquo;est le Wir suisse. Cr\u00e9\u00e9e dans les ann\u00e9es 1930 durant la Grande D\u00e9pression, la monnaie est devenue un v\u00e9ritable stabilisateur de l&rsquo;\u00e9conomie suisse, utilis\u00e9e par 20 % des PME.<\/p>\n<p>Elle permet aux entreprises de continuer \u00e0 \u00e9changer m\u00eame lorsque leur tr\u00e9sorerie est dans le rouge. \u00ab <strong>Quand le franc suisse se casse la figure, le Wir prend la rel\u00e8ve jusqu&rsquo;\u00e0 ce que la tr\u00e9sorerie revienne dans le positif.<\/strong> \u00bb Le Galleco reste encore loin de cet exemple. \u00ab <strong>Le Wir, c&rsquo;est une banque \u00e0 part enti\u00e8re, tourn\u00e9e surtout vers l&rsquo;inter-entreprise.<\/strong> \u00bb<\/p>\n<p>Aujourd&rsquo;hui, 1\u2009450 particuliers et 230 entreprises utilisent le Galleco. Et c&rsquo;est sans compter les autres monnaies locales du Grand-Ouest qui se d\u00e9veloppent, comme La Maillette dans le Pays de Rance, le Gallais \u00e0 Plo\u00ebrmel, le So&rsquo;Nantes et le Retz&rsquo;l en Pays de la Loire\u2026 L&rsquo;AlterTour, tour \u00e0 v\u00e9lo des initiatives, sillonne en ce moment l&rsquo;ouest. Vous pourrez notamment retrouver le Galleco \u00e0 Rennes, point d&rsquo;arriv\u00e9e du tour, les 19, 20 et 21 ao\u00fbt, dans le Jardin des Mille Pas.<\/p>\n<p style=\"text-align: right;\">Romain MANGATTALE<\/p>\n<p style=\"text-align: left;\">Source : <a href=\"http:\/\/www.ouest-france.fr\/culture\/du-galleco-au-wir-si-payait-autrement-4411877\" target=\"_blank\">Ouest France<\/a><\/p>\n","protected":false},"excerpt":{"rendered":"<p>Des billets verts, orange, rouges, bleus, violets ou jaunes&#8230; Le Galleco, la monnaie locale de la m\u00e9tropole rennaise, va bien et s&rsquo;\u00e9tend progressivement. \u00ab On est sur Rennes, Redon, Foug\u00e8res et on est en train d&rsquo;arriver sur Bruz et Guichen \u00bb, explique Guillaume Gautier, le responsable du d\u00e9veloppement commercial. Une &#8230; <\/p>\n<div><a href=\"https:\/\/www.altercampagne.net\/?p=5890\" class=\"more-link\">Read More<\/a><\/div>\n","protected":false},"author":214,"featured_media":0,"comment_status":"closed","ping_status":"closed","sticky":false,"template":"","format":"standard","meta":{"footnotes":""},"categories":[239],"tags":[82,383,413,471,927,1652,2680,2681,2846,2849,2850,2851],"class_list":["post-5890","post","type-post","status-publish","format-standard","hentry","category-revue-de-presse","tag-rennes","tag-altertour-2016","tag-ille-et-vilaine","tag-ouest-france","tag-break-free-2016","tag-1652","tag-jardin-des-mille-pas","tag-galleco","tag-accueillant","tag-accueillant2016","tag-accueillant-2016","tag-altertour2016","no-post-thumbnail"],"yoast_head":"<!-- This site is optimized with the Yoast SEO plugin v27.3 - https:\/\/yoast.com\/product\/yoast-seo-wordpress\/ -->\n<title>Du Galleco au Wir, si on payait autrement ? - AlterTour<\/title>\n<meta name=\"robots\" content=\"index, follow, max-snippet:-1, max-image-preview:large, max-video-preview:-1\" \/>\n<link rel=\"canonical\" href=\"https:\/\/www.altercampagne.net\/?p=5890\" \/>\n<meta property=\"og:locale\" content=\"fr_FR\" \/>\n<meta property=\"og:type\" content=\"article\" \/>\n<meta property=\"og:title\" content=\"Du Galleco au Wir, si on payait autrement ? - AlterTour\" \/>\n<meta property=\"og:description\" content=\"Des billets verts, orange, rouges, bleus, violets ou jaunes&#8230; Le Galleco, la monnaie locale de la m\u00e9tropole rennaise, va bien et s&rsquo;\u00e9tend progressivement. \u00ab On est sur Rennes, Redon, Foug\u00e8res et on est en train d&rsquo;arriver sur Bruz et Guichen \u00bb, explique Guillaume Gautier, le responsable du d\u00e9veloppement commercial. Une ... Read More\" \/>\n<meta property=\"og:url\" content=\"https:\/\/www.altercampagne.net\/?p=5890\" \/>\n<meta property=\"og:site_name\" content=\"AlterTour\" \/>\n<meta property=\"article:published_time\" content=\"2016-08-11T18:18:59+00:00\" \/>\n<meta property=\"article:modified_time\" content=\"2017-02-09T11:43:40+00:00\" \/>\n<meta property=\"og:image\" content=\"http:\/\/www.altercampagne.net\/wp-content\/uploads\/2016\/08\/du-galleco-au-wir-si-payait-autrement-300x169.jpg\" \/>\n<meta name=\"author\" content=\"Mathieu\" \/>\n<meta name=\"twitter:card\" content=\"summary_large_image\" \/>\n<meta name=\"twitter:label1\" content=\"\u00c9crit par\" \/>\n\t<meta name=\"twitter:data1\" content=\"Mathieu\" \/>\n\t<meta name=\"twitter:label2\" content=\"Dur\u00e9e de lecture estim\u00e9e\" \/>\n\t<meta name=\"twitter:data2\" content=\"2 minutes\" \/>\n<script type=\"application\/ld+json\" class=\"yoast-schema-graph\">{\"@context\":\"https:\\\/\\\/schema.org\",\"@graph\":[{\"@type\":\"Article\",\"@id\":\"https:\\\/\\\/www.altercampagne.net\\\/?p=5890#article\",\"isPartOf\":{\"@id\":\"https:\\\/\\\/www.altercampagne.net\\\/?p=5890\"},\"author\":{\"name\":\"Mathieu\",\"@id\":\"https:\\\/\\\/www.altercampagne.net\\\/#\\\/schema\\\/person\\\/0f261460c09e430caa0f9bcffa319109\"},\"headline\":\"Du Galleco au Wir, si on payait autrement ?\",\"datePublished\":\"2016-08-11T18:18:59+00:00\",\"dateModified\":\"2017-02-09T11:43:40+00:00\",\"mainEntityOfPage\":{\"@id\":\"https:\\\/\\\/www.altercampagne.net\\\/?p=5890\"},\"wordCount\":386,\"image\":{\"@id\":\"https:\\\/\\\/www.altercampagne.net\\\/?p=5890#primaryimage\"},\"thumbnailUrl\":\"http:\\\/\\\/www.altercampagne.net\\\/wp-content\\\/uploads\\\/2016\\\/08\\\/du-galleco-au-wir-si-payait-autrement-300x169.jpg\",\"keywords\":[\"Rennes\",\"AlterTour 2016\",\"ille et vilaine\",\"ouest france\",\"Break Free 2016\",\"2016\",\"Jardin des Mille Pas\",\"Galleco\",\"accueillant\",\"accueillant2016\",\"accueillant 2016\",\"AlterTour2016\"],\"articleSection\":[\"Revue de presse\"],\"inLanguage\":\"fr-FR\"},{\"@type\":\"WebPage\",\"@id\":\"https:\\\/\\\/www.altercampagne.net\\\/?p=5890\",\"url\":\"https:\\\/\\\/www.altercampagne.net\\\/?p=5890\",\"name\":\"Du Galleco au Wir, si on payait autrement ? - AlterTour\",\"isPartOf\":{\"@id\":\"https:\\\/\\\/www.altercampagne.net\\\/#website\"},\"primaryImageOfPage\":{\"@id\":\"https:\\\/\\\/www.altercampagne.net\\\/?p=5890#primaryimage\"},\"image\":{\"@id\":\"https:\\\/\\\/www.altercampagne.net\\\/?p=5890#primaryimage\"},\"thumbnailUrl\":\"http:\\\/\\\/www.altercampagne.net\\\/wp-content\\\/uploads\\\/2016\\\/08\\\/du-galleco-au-wir-si-payait-autrement-300x169.jpg\",\"datePublished\":\"2016-08-11T18:18:59+00:00\",\"dateModified\":\"2017-02-09T11:43:40+00:00\",\"author\":{\"@id\":\"https:\\\/\\\/www.altercampagne.net\\\/#\\\/schema\\\/person\\\/0f261460c09e430caa0f9bcffa319109\"},\"breadcrumb\":{\"@id\":\"https:\\\/\\\/www.altercampagne.net\\\/?p=5890#breadcrumb\"},\"inLanguage\":\"fr-FR\",\"potentialAction\":[{\"@type\":\"ReadAction\",\"target\":[\"https:\\\/\\\/www.altercampagne.net\\\/?p=5890\"]}]},{\"@type\":\"ImageObject\",\"inLanguage\":\"fr-FR\",\"@id\":\"https:\\\/\\\/www.altercampagne.net\\\/?p=5890#primaryimage\",\"url\":\"https:\\\/\\\/www.altercampagne.net\\\/wp-content\\\/uploads\\\/2016\\\/08\\\/du-galleco-au-wir-si-payait-autrement.jpg\",\"contentUrl\":\"https:\\\/\\\/www.altercampagne.net\\\/wp-content\\\/uploads\\\/2016\\\/08\\\/du-galleco-au-wir-si-payait-autrement.jpg\",\"width\":640,\"height\":360},{\"@type\":\"BreadcrumbList\",\"@id\":\"https:\\\/\\\/www.altercampagne.net\\\/?p=5890#breadcrumb\",\"itemListElement\":[{\"@type\":\"ListItem\",\"position\":1,\"name\":\"Accueil\",\"item\":\"https:\\\/\\\/www.altercampagne.net\\\/\"},{\"@type\":\"ListItem\",\"position\":2,\"name\":\"Du Galleco au Wir, si on payait autrement ?\"}]},{\"@type\":\"WebSite\",\"@id\":\"https:\\\/\\\/www.altercampagne.net\\\/#website\",\"url\":\"https:\\\/\\\/www.altercampagne.net\\\/\",\"name\":\"AlterTour\",\"description\":\"Reliez les Alternatives \u00e0 v\u00e9lo\",\"potentialAction\":[{\"@type\":\"SearchAction\",\"target\":{\"@type\":\"EntryPoint\",\"urlTemplate\":\"https:\\\/\\\/www.altercampagne.net\\\/?s={search_term_string}\"},\"query-input\":{\"@type\":\"PropertyValueSpecification\",\"valueRequired\":true,\"valueName\":\"search_term_string\"}}],\"inLanguage\":\"fr-FR\"},{\"@type\":\"Person\",\"@id\":\"https:\\\/\\\/www.altercampagne.net\\\/#\\\/schema\\\/person\\\/0f261460c09e430caa0f9bcffa319109\",\"name\":\"Mathieu\",\"image\":{\"@type\":\"ImageObject\",\"inLanguage\":\"fr-FR\",\"@id\":\"https:\\\/\\\/secure.gravatar.com\\\/avatar\\\/aa9d3d24c83f2141e5e2709d0f63d09a99f6be6bb7a50abc4915838d9f54501a?s=96&d=mm&r=g\",\"url\":\"https:\\\/\\\/secure.gravatar.com\\\/avatar\\\/aa9d3d24c83f2141e5e2709d0f63d09a99f6be6bb7a50abc4915838d9f54501a?s=96&d=mm&r=g\",\"contentUrl\":\"https:\\\/\\\/secure.gravatar.com\\\/avatar\\\/aa9d3d24c83f2141e5e2709d0f63d09a99f6be6bb7a50abc4915838d9f54501a?s=96&d=mm&r=g\",\"caption\":\"Mathieu\"},\"url\":\"https:\\\/\\\/www.altercampagne.net\\\/?author=214\"}]}<\/script>\n<!-- \/ Yoast SEO plugin. -->","yoast_head_json":{"title":"Du Galleco au Wir, si on payait autrement ? - AlterTour","robots":{"index":"index","follow":"follow","max-snippet":"max-snippet:-1","max-image-preview":"max-image-preview:large","max-video-preview":"max-video-preview:-1"},"canonical":"https:\/\/www.altercampagne.net\/?p=5890","og_locale":"fr_FR","og_type":"article","og_title":"Du Galleco au Wir, si on payait autrement ? - AlterTour","og_description":"Des billets verts, orange, rouges, bleus, violets ou jaunes&#8230; Le Galleco, la monnaie locale de la m\u00e9tropole rennaise, va bien et s&rsquo;\u00e9tend progressivement. \u00ab On est sur Rennes, Redon, Foug\u00e8res et on est en train d&rsquo;arriver sur Bruz et Guichen \u00bb, explique Guillaume Gautier, le responsable du d\u00e9veloppement commercial. Une ... Read More","og_url":"https:\/\/www.altercampagne.net\/?p=5890","og_site_name":"AlterTour","article_published_time":"2016-08-11T18:18:59+00:00","article_modified_time":"2017-02-09T11:43:40+00:00","og_image":[{"url":"http:\/\/www.altercampagne.net\/wp-content\/uploads\/2016\/08\/du-galleco-au-wir-si-payait-autrement-300x169.jpg","type":"","width":"","height":""}],"author":"Mathieu","twitter_card":"summary_large_image","twitter_misc":{"\u00c9crit par":"Mathieu","Dur\u00e9e de lecture estim\u00e9e":"2 minutes"},"schema":{"@context":"https:\/\/schema.org","@graph":[{"@type":"Article","@id":"https:\/\/www.altercampagne.net\/?p=5890#article","isPartOf":{"@id":"https:\/\/www.altercampagne.net\/?p=5890"},"author":{"name":"Mathieu","@id":"https:\/\/www.altercampagne.net\/#\/schema\/person\/0f261460c09e430caa0f9bcffa319109"},"headline":"Du Galleco au Wir, si on payait autrement ?","datePublished":"2016-08-11T18:18:59+00:00","dateModified":"2017-02-09T11:43:40+00:00","mainEntityOfPage":{"@id":"https:\/\/www.altercampagne.net\/?p=5890"},"wordCount":386,"image":{"@id":"https:\/\/www.altercampagne.net\/?p=5890#primaryimage"},"thumbnailUrl":"http:\/\/www.altercampagne.net\/wp-content\/uploads\/2016\/08\/du-galleco-au-wir-si-payait-autrement-300x169.jpg","keywords":["Rennes","AlterTour 2016","ille et vilaine","ouest france","Break Free 2016","2016","Jardin des Mille Pas","Galleco","accueillant","accueillant2016","accueillant 2016","AlterTour2016"],"articleSection":["Revue de presse"],"inLanguage":"fr-FR"},{"@type":"WebPage","@id":"https:\/\/www.altercampagne.net\/?p=5890","url":"https:\/\/www.altercampagne.net\/?p=5890","name":"Du Galleco au Wir, si on payait autrement ? - AlterTour","isPartOf":{"@id":"https:\/\/www.altercampagne.net\/#website"},"primaryImageOfPage":{"@id":"https:\/\/www.altercampagne.net\/?p=5890#primaryimage"},"image":{"@id":"https:\/\/www.altercampagne.net\/?p=5890#primaryimage"},"thumbnailUrl":"http:\/\/www.altercampagne.net\/wp-content\/uploads\/2016\/08\/du-galleco-au-wir-si-payait-autrement-300x169.jpg","datePublished":"2016-08-11T18:18:59+00:00","dateModified":"2017-02-09T11:43:40+00:00","author":{"@id":"https:\/\/www.altercampagne.net\/#\/schema\/person\/0f261460c09e430caa0f9bcffa319109"},"breadcrumb":{"@id":"https:\/\/www.altercampagne.net\/?p=5890#breadcrumb"},"inLanguage":"fr-FR","potentialAction":[{"@type":"ReadAction","target":["https:\/\/www.altercampagne.net\/?p=5890"]}]},{"@type":"ImageObject","inLanguage":"fr-FR","@id":"https:\/\/www.altercampagne.net\/?p=5890#primaryimage","url":"https:\/\/www.altercampagne.net\/wp-content\/uploads\/2016\/08\/du-galleco-au-wir-si-payait-autrement.jpg","contentUrl":"https:\/\/www.altercampagne.net\/wp-content\/uploads\/2016\/08\/du-galleco-au-wir-si-payait-autrement.jpg","width":640,"height":360},{"@type":"BreadcrumbList","@id":"https:\/\/www.altercampagne.net\/?p=5890#breadcrumb","itemListElement":[{"@type":"ListItem","position":1,"name":"Accueil","item":"https:\/\/www.altercampagne.net\/"},{"@type":"ListItem","position":2,"name":"Du Galleco au Wir, si on payait autrement ?"}]},{"@type":"WebSite","@id":"https:\/\/www.altercampagne.net\/#website","url":"https:\/\/www.altercampagne.net\/","name":"AlterTour","description":"Reliez les Alternatives \u00e0 v\u00e9lo","potentialAction":[{"@type":"SearchAction","target":{"@type":"EntryPoint","urlTemplate":"https:\/\/www.altercampagne.net\/?s={search_term_string}"},"query-input":{"@type":"PropertyValueSpecification","valueRequired":true,"valueName":"search_term_string"}}],"inLanguage":"fr-FR"},{"@type":"Person","@id":"https:\/\/www.altercampagne.net\/#\/schema\/person\/0f261460c09e430caa0f9bcffa319109","name":"Mathieu","image":{"@type":"ImageObject","inLanguage":"fr-FR","@id":"https:\/\/secure.gravatar.com\/avatar\/aa9d3d24c83f2141e5e2709d0f63d09a99f6be6bb7a50abc4915838d9f54501a?s=96&d=mm&r=g","url":"https:\/\/secure.gravatar.com\/avatar\/aa9d3d24c83f2141e5e2709d0f63d09a99f6be6bb7a50abc4915838d9f54501a?s=96&d=mm&r=g","contentUrl":"https:\/\/secure.gravatar.com\/avatar\/aa9d3d24c83f2141e5e2709d0f63d09a99f6be6bb7a50abc4915838d9f54501a?s=96&d=mm&r=g","caption":"Mathieu"},"url":"https:\/\/www.altercampagne.net\/?author=214"}]}},"_links":{"self":[{"href":"https:\/\/www.altercampagne.net\/index.php?rest_route=\/wp\/v2\/posts\/5890","targetHints":{"allow":["GET"]}}],"collection":[{"href":"https:\/\/www.altercampagne.net\/index.php?rest_route=\/wp\/v2\/posts"}],"about":[{"href":"https:\/\/www.altercampagne.net\/index.php?rest_route=\/wp\/v2\/types\/post"}],"author":[{"embeddable":true,"href":"https:\/\/www.altercampagne.net\/index.php?rest_route=\/wp\/v2\/users\/214"}],"replies":[{"embeddable":true,"href":"https:\/\/www.altercampagne.net\/index.php?rest_route=%2Fwp%2Fv2%2Fcomments&post=5890"}],"version-history":[{"count":0,"href":"https:\/\/www.altercampagne.net\/index.php?rest_route=\/wp\/v2\/posts\/5890\/revisions"}],"wp:attachment":[{"href":"https:\/\/www.altercampagne.net\/index.php?rest_route=%2Fwp%2Fv2%2Fmedia&parent=5890"}],"wp:term":[{"taxonomy":"category","embeddable":true,"href":"https:\/\/www.altercampagne.net\/index.php?rest_route=%2Fwp%2Fv2%2Fcategories&post=5890"},{"taxonomy":"post_tag","embeddable":true,"href":"https:\/\/www.altercampagne.net\/index.php?rest_route=%2Fwp%2Fv2%2Ftags&post=5890"}],"curies":[{"name":"wp","href":"https:\/\/api.w.org\/{rel}","templated":true}]}}