{"id":5894,"date":"2016-08-20T20:28:32","date_gmt":"2016-08-20T18:28:32","guid":{"rendered":"http:\/\/www.altercampagne.net\/?p=5894"},"modified":"2016-08-22T14:31:30","modified_gmt":"2016-08-22T12:31:30","slug":"ce-samedi-lalter-tour-fait-etape-a-rennes","status":"publish","type":"post","link":"https:\/\/www.altercampagne.net\/?p=5894","title":{"rendered":"Ce samedi, l&rsquo;Alter Tour fait \u00e9tape \u00e0 Rennes"},"content":{"rendered":"<p>L&rsquo;Alter Tour fait \u00e9tape ce samedi \u00e0 Rennes. Pour sa 9e \u00e9dition, il a sillonn\u00e9 l&rsquo;Ouest, depuis Notre-Dame-des-Landes d\u00e9but juillet, et ach\u00e8ve ainsi son tour de Bretagne des alternatives. \u00c0 cette occasion, il propose au grand public une journ\u00e9e d\u00e9couverte des acteurs alternatifs du territoire avec deux temps forts : des parcours \u00e0 v\u00e9lo le matin, et un forum convivial l&rsquo;apr\u00e8s-midi, intitul\u00e9 l&rsquo;Universit\u00e9 des Communs.<\/p>\n<p>Accueillie \u00e0 la Maison de la consommation et de l&rsquo;environnement (48, boulevard Magenta, derri\u00e8re les Champs libres), cette rencontre est ouverte \u00e0 tous.<\/p>\n<p>\u00ab <strong>L&rsquo;objectif de l&rsquo;Alter Tour est de cr\u00e9er du lien entre associations ou collectifs porteurs d&rsquo;alternatives dans les domaines de l&rsquo;agriculture, de l&rsquo;\u00e9nergie, du transport, de l&rsquo;\u00e9conomie et de la culture, \u00e0 travers un \u00ab militantisme joyeux \u00bb et un mode de d\u00e9placement doux, le v\u00e9lo<\/strong> \u00bb, expliquent les responsables.<\/p>\n<p>Source : <a href=\"http:\/\/www.ouest-france.fr\/bretagne\/rennes-35000\/ce-samedi-lalter-tour-fait-etape-rennes-4429127\" target=\"_blank\">Ouest France<\/a><\/p>\n","protected":false},"excerpt":{"rendered":"<p>L&rsquo;Alter Tour fait \u00e9tape ce samedi \u00e0 Rennes. Pour sa 9e \u00e9dition, il a sillonn\u00e9 l&rsquo;Ouest, depuis Notre-Dame-des-Landes d\u00e9but juillet, et ach\u00e8ve ainsi son tour de Bretagne des alternatives. \u00c0 cette occasion, il propose au grand public une journ\u00e9e d\u00e9couverte des acteurs alternatifs du territoire avec deux temps forts : &#8230; <\/p>\n<div><a href=\"https:\/\/www.altercampagne.net\/?p=5894\" class=\"more-link\">Read More<\/a><\/div>\n","protected":false},"author":214,"featured_media":0,"comment_status":"closed","ping_status":"closed","sticky":false,"template":"","format":"standard","meta":{"footnotes":""},"categories":[239],"tags":[20,82,383,413,471,1652,2682,2683],"class_list":["post-5894","post","type-post","status-publish","format-standard","hentry","category-revue-de-presse","tag-bretagne","tag-rennes","tag-altertour-2016","tag-ille-et-vilaine","tag-ouest-france","tag-1652","tag-universite-des-commun","tag-maison-de-la-consommation-et-de-lenvironnement","no-post-thumbnail"],"yoast_head":"<!-- This site is optimized with the Yoast SEO plugin v27.3 - https:\/\/yoast.com\/product\/yoast-seo-wordpress\/ -->\n<title>Ce samedi, l&#039;Alter Tour fait \u00e9tape \u00e0 Rennes - AlterTour<\/title>\n<meta name=\"robots\" content=\"index, follow, max-snippet:-1, max-image-preview:large, max-video-preview:-1\" \/>\n<link rel=\"canonical\" href=\"https:\/\/www.altercampagne.net\/?p=5894\" \/>\n<meta property=\"og:locale\" content=\"fr_FR\" \/>\n<meta property=\"og:type\" content=\"article\" \/>\n<meta property=\"og:title\" content=\"Ce samedi, l&#039;Alter Tour fait \u00e9tape \u00e0 Rennes - AlterTour\" \/>\n<meta property=\"og:description\" content=\"L&rsquo;Alter Tour fait \u00e9tape ce samedi \u00e0 Rennes. Pour sa 9e \u00e9dition, il a sillonn\u00e9 l&rsquo;Ouest, depuis Notre-Dame-des-Landes d\u00e9but juillet, et ach\u00e8ve ainsi son tour de Bretagne des alternatives. \u00c0 cette occasion, il propose au grand public une journ\u00e9e d\u00e9couverte des acteurs alternatifs du territoire avec deux temps forts : ... Read More\" \/>\n<meta property=\"og:url\" content=\"https:\/\/www.altercampagne.net\/?p=5894\" \/>\n<meta property=\"og:site_name\" content=\"AlterTour\" \/>\n<meta property=\"article:published_time\" content=\"2016-08-20T18:28:32+00:00\" \/>\n<meta property=\"article:modified_time\" content=\"2016-08-22T12:31:30+00:00\" \/>\n<meta name=\"author\" content=\"Mathieu\" \/>\n<meta name=\"twitter:card\" content=\"summary_large_image\" \/>\n<meta name=\"twitter:label1\" content=\"\u00c9crit par\" \/>\n\t<meta name=\"twitter:data1\" content=\"Mathieu\" \/>\n\t<meta name=\"twitter:label2\" content=\"Dur\u00e9e de lecture estim\u00e9e\" \/>\n\t<meta name=\"twitter:data2\" content=\"1 minute\" \/>\n<script type=\"application\/ld+json\" class=\"yoast-schema-graph\">{\"@context\":\"https:\\\/\\\/schema.org\",\"@graph\":[{\"@type\":\"Article\",\"@id\":\"https:\\\/\\\/www.altercampagne.net\\\/?p=5894#article\",\"isPartOf\":{\"@id\":\"https:\\\/\\\/www.altercampagne.net\\\/?p=5894\"},\"author\":{\"name\":\"Mathieu\",\"@id\":\"https:\\\/\\\/www.altercampagne.net\\\/#\\\/schema\\\/person\\\/0f261460c09e430caa0f9bcffa319109\"},\"headline\":\"Ce samedi, l&rsquo;Alter Tour fait \u00e9tape \u00e0 Rennes\",\"datePublished\":\"2016-08-20T18:28:32+00:00\",\"dateModified\":\"2016-08-22T12:31:30+00:00\",\"mainEntityOfPage\":{\"@id\":\"https:\\\/\\\/www.altercampagne.net\\\/?p=5894\"},\"wordCount\":158,\"keywords\":[\"bretagne\",\"Rennes\",\"AlterTour 2016\",\"ille et vilaine\",\"ouest france\",\"2016\",\"Universit\u00e9 des Commun\",\"Maison de la consommation et de l'environnement\"],\"articleSection\":[\"Revue de presse\"],\"inLanguage\":\"fr-FR\"},{\"@type\":\"WebPage\",\"@id\":\"https:\\\/\\\/www.altercampagne.net\\\/?p=5894\",\"url\":\"https:\\\/\\\/www.altercampagne.net\\\/?p=5894\",\"name\":\"Ce samedi, l'Alter Tour fait \u00e9tape \u00e0 Rennes - AlterTour\",\"isPartOf\":{\"@id\":\"https:\\\/\\\/www.altercampagne.net\\\/#website\"},\"datePublished\":\"2016-08-20T18:28:32+00:00\",\"dateModified\":\"2016-08-22T12:31:30+00:00\",\"author\":{\"@id\":\"https:\\\/\\\/www.altercampagne.net\\\/#\\\/schema\\\/person\\\/0f261460c09e430caa0f9bcffa319109\"},\"breadcrumb\":{\"@id\":\"https:\\\/\\\/www.altercampagne.net\\\/?p=5894#breadcrumb\"},\"inLanguage\":\"fr-FR\",\"potentialAction\":[{\"@type\":\"ReadAction\",\"target\":[\"https:\\\/\\\/www.altercampagne.net\\\/?p=5894\"]}]},{\"@type\":\"BreadcrumbList\",\"@id\":\"https:\\\/\\\/www.altercampagne.net\\\/?p=5894#breadcrumb\",\"itemListElement\":[{\"@type\":\"ListItem\",\"position\":1,\"name\":\"Accueil\",\"item\":\"https:\\\/\\\/www.altercampagne.net\\\/\"},{\"@type\":\"ListItem\",\"position\":2,\"name\":\"Ce samedi, l&rsquo;Alter Tour fait \u00e9tape \u00e0 Rennes\"}]},{\"@type\":\"WebSite\",\"@id\":\"https:\\\/\\\/www.altercampagne.net\\\/#website\",\"url\":\"https:\\\/\\\/www.altercampagne.net\\\/\",\"name\":\"AlterTour\",\"description\":\"Reliez les Alternatives \u00e0 v\u00e9lo\",\"potentialAction\":[{\"@type\":\"SearchAction\",\"target\":{\"@type\":\"EntryPoint\",\"urlTemplate\":\"https:\\\/\\\/www.altercampagne.net\\\/?s={search_term_string}\"},\"query-input\":{\"@type\":\"PropertyValueSpecification\",\"valueRequired\":true,\"valueName\":\"search_term_string\"}}],\"inLanguage\":\"fr-FR\"},{\"@type\":\"Person\",\"@id\":\"https:\\\/\\\/www.altercampagne.net\\\/#\\\/schema\\\/person\\\/0f261460c09e430caa0f9bcffa319109\",\"name\":\"Mathieu\",\"image\":{\"@type\":\"ImageObject\",\"inLanguage\":\"fr-FR\",\"@id\":\"https:\\\/\\\/secure.gravatar.com\\\/avatar\\\/aa9d3d24c83f2141e5e2709d0f63d09a99f6be6bb7a50abc4915838d9f54501a?s=96&d=mm&r=g\",\"url\":\"https:\\\/\\\/secure.gravatar.com\\\/avatar\\\/aa9d3d24c83f2141e5e2709d0f63d09a99f6be6bb7a50abc4915838d9f54501a?s=96&d=mm&r=g\",\"contentUrl\":\"https:\\\/\\\/secure.gravatar.com\\\/avatar\\\/aa9d3d24c83f2141e5e2709d0f63d09a99f6be6bb7a50abc4915838d9f54501a?s=96&d=mm&r=g\",\"caption\":\"Mathieu\"},\"url\":\"https:\\\/\\\/www.altercampagne.net\\\/?author=214\"}]}<\/script>\n<!-- \/ Yoast SEO plugin. -->","yoast_head_json":{"title":"Ce samedi, l'Alter Tour fait \u00e9tape \u00e0 Rennes - AlterTour","robots":{"index":"index","follow":"follow","max-snippet":"max-snippet:-1","max-image-preview":"max-image-preview:large","max-video-preview":"max-video-preview:-1"},"canonical":"https:\/\/www.altercampagne.net\/?p=5894","og_locale":"fr_FR","og_type":"article","og_title":"Ce samedi, l'Alter Tour fait \u00e9tape \u00e0 Rennes - AlterTour","og_description":"L&rsquo;Alter Tour fait \u00e9tape ce samedi \u00e0 Rennes. Pour sa 9e \u00e9dition, il a sillonn\u00e9 l&rsquo;Ouest, depuis Notre-Dame-des-Landes d\u00e9but juillet, et ach\u00e8ve ainsi son tour de Bretagne des alternatives. \u00c0 cette occasion, il propose au grand public une journ\u00e9e d\u00e9couverte des acteurs alternatifs du territoire avec deux temps forts : ... Read More","og_url":"https:\/\/www.altercampagne.net\/?p=5894","og_site_name":"AlterTour","article_published_time":"2016-08-20T18:28:32+00:00","article_modified_time":"2016-08-22T12:31:30+00:00","author":"Mathieu","twitter_card":"summary_large_image","twitter_misc":{"\u00c9crit par":"Mathieu","Dur\u00e9e de lecture estim\u00e9e":"1 minute"},"schema":{"@context":"https:\/\/schema.org","@graph":[{"@type":"Article","@id":"https:\/\/www.altercampagne.net\/?p=5894#article","isPartOf":{"@id":"https:\/\/www.altercampagne.net\/?p=5894"},"author":{"name":"Mathieu","@id":"https:\/\/www.altercampagne.net\/#\/schema\/person\/0f261460c09e430caa0f9bcffa319109"},"headline":"Ce samedi, l&rsquo;Alter Tour fait \u00e9tape \u00e0 Rennes","datePublished":"2016-08-20T18:28:32+00:00","dateModified":"2016-08-22T12:31:30+00:00","mainEntityOfPage":{"@id":"https:\/\/www.altercampagne.net\/?p=5894"},"wordCount":158,"keywords":["bretagne","Rennes","AlterTour 2016","ille et vilaine","ouest france","2016","Universit\u00e9 des Commun","Maison de la consommation et de l'environnement"],"articleSection":["Revue de presse"],"inLanguage":"fr-FR"},{"@type":"WebPage","@id":"https:\/\/www.altercampagne.net\/?p=5894","url":"https:\/\/www.altercampagne.net\/?p=5894","name":"Ce samedi, l'Alter Tour fait \u00e9tape \u00e0 Rennes - AlterTour","isPartOf":{"@id":"https:\/\/www.altercampagne.net\/#website"},"datePublished":"2016-08-20T18:28:32+00:00","dateModified":"2016-08-22T12:31:30+00:00","author":{"@id":"https:\/\/www.altercampagne.net\/#\/schema\/person\/0f261460c09e430caa0f9bcffa319109"},"breadcrumb":{"@id":"https:\/\/www.altercampagne.net\/?p=5894#breadcrumb"},"inLanguage":"fr-FR","potentialAction":[{"@type":"ReadAction","target":["https:\/\/www.altercampagne.net\/?p=5894"]}]},{"@type":"BreadcrumbList","@id":"https:\/\/www.altercampagne.net\/?p=5894#breadcrumb","itemListElement":[{"@type":"ListItem","position":1,"name":"Accueil","item":"https:\/\/www.altercampagne.net\/"},{"@type":"ListItem","position":2,"name":"Ce samedi, l&rsquo;Alter Tour fait \u00e9tape \u00e0 Rennes"}]},{"@type":"WebSite","@id":"https:\/\/www.altercampagne.net\/#website","url":"https:\/\/www.altercampagne.net\/","name":"AlterTour","description":"Reliez les Alternatives \u00e0 v\u00e9lo","potentialAction":[{"@type":"SearchAction","target":{"@type":"EntryPoint","urlTemplate":"https:\/\/www.altercampagne.net\/?s={search_term_string}"},"query-input":{"@type":"PropertyValueSpecification","valueRequired":true,"valueName":"search_term_string"}}],"inLanguage":"fr-FR"},{"@type":"Person","@id":"https:\/\/www.altercampagne.net\/#\/schema\/person\/0f261460c09e430caa0f9bcffa319109","name":"Mathieu","image":{"@type":"ImageObject","inLanguage":"fr-FR","@id":"https:\/\/secure.gravatar.com\/avatar\/aa9d3d24c83f2141e5e2709d0f63d09a99f6be6bb7a50abc4915838d9f54501a?s=96&d=mm&r=g","url":"https:\/\/secure.gravatar.com\/avatar\/aa9d3d24c83f2141e5e2709d0f63d09a99f6be6bb7a50abc4915838d9f54501a?s=96&d=mm&r=g","contentUrl":"https:\/\/secure.gravatar.com\/avatar\/aa9d3d24c83f2141e5e2709d0f63d09a99f6be6bb7a50abc4915838d9f54501a?s=96&d=mm&r=g","caption":"Mathieu"},"url":"https:\/\/www.altercampagne.net\/?author=214"}]}},"_links":{"self":[{"href":"https:\/\/www.altercampagne.net\/index.php?rest_route=\/wp\/v2\/posts\/5894","targetHints":{"allow":["GET"]}}],"collection":[{"href":"https:\/\/www.altercampagne.net\/index.php?rest_route=\/wp\/v2\/posts"}],"about":[{"href":"https:\/\/www.altercampagne.net\/index.php?rest_route=\/wp\/v2\/types\/post"}],"author":[{"embeddable":true,"href":"https:\/\/www.altercampagne.net\/index.php?rest_route=\/wp\/v2\/users\/214"}],"replies":[{"embeddable":true,"href":"https:\/\/www.altercampagne.net\/index.php?rest_route=%2Fwp%2Fv2%2Fcomments&post=5894"}],"version-history":[{"count":0,"href":"https:\/\/www.altercampagne.net\/index.php?rest_route=\/wp\/v2\/posts\/5894\/revisions"}],"wp:attachment":[{"href":"https:\/\/www.altercampagne.net\/index.php?rest_route=%2Fwp%2Fv2%2Fmedia&parent=5894"}],"wp:term":[{"taxonomy":"category","embeddable":true,"href":"https:\/\/www.altercampagne.net\/index.php?rest_route=%2Fwp%2Fv2%2Fcategories&post=5894"},{"taxonomy":"post_tag","embeddable":true,"href":"https:\/\/www.altercampagne.net\/index.php?rest_route=%2Fwp%2Fv2%2Ftags&post=5894"}],"curies":[{"name":"wp","href":"https:\/\/api.w.org\/{rel}","templated":true}]}}