{"id":5896,"date":"2016-08-21T20:52:02","date_gmt":"2016-08-21T18:52:02","guid":{"rendered":"http:\/\/www.altercampagne.net\/?p=5896"},"modified":"2016-08-24T16:01:21","modified_gmt":"2016-08-24T14:01:21","slug":"les-cyclistes-de-laltertour-terminent-au-soleil","status":"publish","type":"post","link":"https:\/\/www.altercampagne.net\/?p=5896","title":{"rendered":"Les cyclistes de l&rsquo;AlterTour terminent au soleil"},"content":{"rendered":"<p><a href=\"http:\/\/www.altercampagne.net\/wp-content\/uploads\/2016\/08\/les-cyclistes-de-laltertour-terminent-au-soleil.jpg\"><img loading=\"lazy\" decoding=\"async\" class=\" size-medium wp-image-5897 alignleft\" src=\"http:\/\/www.altercampagne.net\/wp-content\/uploads\/2016\/08\/les-cyclistes-de-laltertour-terminent-au-soleil-300x169.jpg\" alt=\"les-cyclistes-de-laltertour-terminent-au-soleil\" width=\"300\" height=\"169\" srcset=\"https:\/\/www.altercampagne.net\/wp-content\/uploads\/2016\/08\/les-cyclistes-de-laltertour-terminent-au-soleil-300x169.jpg 300w, https:\/\/www.altercampagne.net\/wp-content\/uploads\/2016\/08\/les-cyclistes-de-laltertour-terminent-au-soleil.jpg 640w\" sizes=\"auto, (max-width: 300px) 100vw, 300px\" \/><\/a>L&rsquo;AlterTour, randonn\u00e9e cycliste qui a fait le tour des initiatives altermondialistes en Bretagne, a termin\u00e9 hier son parcours sous le soleil \u00e0 Rennes. Apr\u00e8s avoir visit\u00e9 une quinzaine d&rsquo;associations, entreprises ou collectifs pendant cinq semaines, les cyclistes se sont r\u00e9unis pour un pique-nique pr\u00e8s des Lices.<\/p>\n<p>\u00ab <strong>Partout o\u00f9 nous sommes all\u00e9s, nous avons vu des initiatives dynamiques<\/strong> \u00bb, t\u00e9moigne Philippe Deregel, qui a particip\u00e9 \u00e0 l&rsquo;organisation de l&rsquo;\u00e9v\u00e9nement. Luttant contre la notion de \u00ab dopage \u00bb sous toutes ses formes (\u00e9conomique, agricole&#8230;), l&rsquo;AlterTour a visit\u00e9 plus de 100 initiatives, sur le th\u00e8me des \u00ab biens communs \u00bb. \u00ab <strong>Ce qui m&rsquo;a le plus plu, c&rsquo;est la richesse des \u00e9changes<\/strong> \u00bb, d\u00e9clare Clara Moussette, qui a organis\u00e9 l&rsquo;accueil des cyclistes \u00e0 Rennes, \u00ab <strong>on ressort chang\u00e9, on s&rsquo;impr\u00e8gne d&rsquo;une autre mani\u00e8re de vivre durant ce tour<\/strong> \u00bb.<\/p>\n<p style=\"text-align: right;\"><strong>Valentin Asselain<\/strong><\/p>\n<p style=\"text-align: left;\">Source : <a href=\"http:\/\/www.ouest-france.fr\/bretagne\/ille-et-vilaine\/les-cyclistes-de-laltertour-terminent-au-soleil-4430708\" target=\"_blank\">Ouest France<\/a><\/p>\n","protected":false},"excerpt":{"rendered":"<p>L&rsquo;AlterTour, randonn\u00e9e cycliste qui a fait le tour des initiatives altermondialistes en Bretagne, a termin\u00e9 hier son parcours sous le soleil \u00e0 Rennes. Apr\u00e8s avoir visit\u00e9 une quinzaine d&rsquo;associations, entreprises ou collectifs pendant cinq semaines, les cyclistes se sont r\u00e9unis pour un pique-nique pr\u00e8s des Lices. \u00ab Partout o\u00f9 nous &#8230; <\/p>\n<div><a href=\"https:\/\/www.altercampagne.net\/?p=5896\" class=\"more-link\">Read More<\/a><\/div>\n","protected":false},"author":214,"featured_media":0,"comment_status":"closed","ping_status":"closed","sticky":false,"template":"","format":"standard","meta":{"footnotes":""},"categories":[239],"tags":[20,82,383,413,471,748,1652,2684,2685],"class_list":["post-5896","post","type-post","status-publish","format-standard","hentry","category-revue-de-presse","tag-bretagne","tag-rennes","tag-altertour-2016","tag-ille-et-vilaine","tag-ouest-france","tag-philippe-deregel","tag-1652","tag-clara-moussette","tag-lices","no-post-thumbnail"],"yoast_head":"<!-- This site is optimized with the Yoast SEO plugin v27.3 - https:\/\/yoast.com\/product\/yoast-seo-wordpress\/ -->\n<title>Les cyclistes de l&#039;AlterTour terminent au soleil - AlterTour<\/title>\n<meta name=\"robots\" content=\"index, follow, max-snippet:-1, max-image-preview:large, max-video-preview:-1\" \/>\n<link rel=\"canonical\" href=\"https:\/\/www.altercampagne.net\/?p=5896\" \/>\n<meta property=\"og:locale\" content=\"fr_FR\" \/>\n<meta property=\"og:type\" content=\"article\" \/>\n<meta property=\"og:title\" content=\"Les cyclistes de l&#039;AlterTour terminent au soleil - AlterTour\" \/>\n<meta property=\"og:description\" content=\"L&rsquo;AlterTour, randonn\u00e9e cycliste qui a fait le tour des initiatives altermondialistes en Bretagne, a termin\u00e9 hier son parcours sous le soleil \u00e0 Rennes. Apr\u00e8s avoir visit\u00e9 une quinzaine d&rsquo;associations, entreprises ou collectifs pendant cinq semaines, les cyclistes se sont r\u00e9unis pour un pique-nique pr\u00e8s des Lices. \u00ab Partout o\u00f9 nous ... Read More\" \/>\n<meta property=\"og:url\" content=\"https:\/\/www.altercampagne.net\/?p=5896\" \/>\n<meta property=\"og:site_name\" content=\"AlterTour\" \/>\n<meta property=\"article:published_time\" content=\"2016-08-21T18:52:02+00:00\" \/>\n<meta property=\"article:modified_time\" content=\"2016-08-24T14:01:21+00:00\" \/>\n<meta property=\"og:image\" content=\"http:\/\/www.altercampagne.net\/wp-content\/uploads\/2016\/08\/les-cyclistes-de-laltertour-terminent-au-soleil-300x169.jpg\" \/>\n<meta name=\"author\" content=\"Mathieu\" \/>\n<meta name=\"twitter:card\" content=\"summary_large_image\" \/>\n<meta name=\"twitter:label1\" content=\"\u00c9crit par\" \/>\n\t<meta name=\"twitter:data1\" content=\"Mathieu\" \/>\n\t<meta name=\"twitter:label2\" content=\"Dur\u00e9e de lecture estim\u00e9e\" \/>\n\t<meta name=\"twitter:data2\" content=\"1 minute\" \/>\n<script type=\"application\/ld+json\" class=\"yoast-schema-graph\">{\"@context\":\"https:\\\/\\\/schema.org\",\"@graph\":[{\"@type\":\"Article\",\"@id\":\"https:\\\/\\\/www.altercampagne.net\\\/?p=5896#article\",\"isPartOf\":{\"@id\":\"https:\\\/\\\/www.altercampagne.net\\\/?p=5896\"},\"author\":{\"name\":\"Mathieu\",\"@id\":\"https:\\\/\\\/www.altercampagne.net\\\/#\\\/schema\\\/person\\\/0f261460c09e430caa0f9bcffa319109\"},\"headline\":\"Les cyclistes de l&rsquo;AlterTour terminent au soleil\",\"datePublished\":\"2016-08-21T18:52:02+00:00\",\"dateModified\":\"2016-08-24T14:01:21+00:00\",\"mainEntityOfPage\":{\"@id\":\"https:\\\/\\\/www.altercampagne.net\\\/?p=5896\"},\"wordCount\":157,\"image\":{\"@id\":\"https:\\\/\\\/www.altercampagne.net\\\/?p=5896#primaryimage\"},\"thumbnailUrl\":\"http:\\\/\\\/www.altercampagne.net\\\/wp-content\\\/uploads\\\/2016\\\/08\\\/les-cyclistes-de-laltertour-terminent-au-soleil-300x169.jpg\",\"keywords\":[\"bretagne\",\"Rennes\",\"AlterTour 2016\",\"ille et vilaine\",\"ouest france\",\"Philippe Der\u00e9gel\",\"2016\",\"Clara Moussette\",\"Lices\"],\"articleSection\":[\"Revue de presse\"],\"inLanguage\":\"fr-FR\"},{\"@type\":\"WebPage\",\"@id\":\"https:\\\/\\\/www.altercampagne.net\\\/?p=5896\",\"url\":\"https:\\\/\\\/www.altercampagne.net\\\/?p=5896\",\"name\":\"Les cyclistes de l'AlterTour terminent au soleil - AlterTour\",\"isPartOf\":{\"@id\":\"https:\\\/\\\/www.altercampagne.net\\\/#website\"},\"primaryImageOfPage\":{\"@id\":\"https:\\\/\\\/www.altercampagne.net\\\/?p=5896#primaryimage\"},\"image\":{\"@id\":\"https:\\\/\\\/www.altercampagne.net\\\/?p=5896#primaryimage\"},\"thumbnailUrl\":\"http:\\\/\\\/www.altercampagne.net\\\/wp-content\\\/uploads\\\/2016\\\/08\\\/les-cyclistes-de-laltertour-terminent-au-soleil-300x169.jpg\",\"datePublished\":\"2016-08-21T18:52:02+00:00\",\"dateModified\":\"2016-08-24T14:01:21+00:00\",\"author\":{\"@id\":\"https:\\\/\\\/www.altercampagne.net\\\/#\\\/schema\\\/person\\\/0f261460c09e430caa0f9bcffa319109\"},\"breadcrumb\":{\"@id\":\"https:\\\/\\\/www.altercampagne.net\\\/?p=5896#breadcrumb\"},\"inLanguage\":\"fr-FR\",\"potentialAction\":[{\"@type\":\"ReadAction\",\"target\":[\"https:\\\/\\\/www.altercampagne.net\\\/?p=5896\"]}]},{\"@type\":\"ImageObject\",\"inLanguage\":\"fr-FR\",\"@id\":\"https:\\\/\\\/www.altercampagne.net\\\/?p=5896#primaryimage\",\"url\":\"https:\\\/\\\/www.altercampagne.net\\\/wp-content\\\/uploads\\\/2016\\\/08\\\/les-cyclistes-de-laltertour-terminent-au-soleil.jpg\",\"contentUrl\":\"https:\\\/\\\/www.altercampagne.net\\\/wp-content\\\/uploads\\\/2016\\\/08\\\/les-cyclistes-de-laltertour-terminent-au-soleil.jpg\",\"width\":640,\"height\":360},{\"@type\":\"BreadcrumbList\",\"@id\":\"https:\\\/\\\/www.altercampagne.net\\\/?p=5896#breadcrumb\",\"itemListElement\":[{\"@type\":\"ListItem\",\"position\":1,\"name\":\"Accueil\",\"item\":\"https:\\\/\\\/www.altercampagne.net\\\/\"},{\"@type\":\"ListItem\",\"position\":2,\"name\":\"Les cyclistes de l&rsquo;AlterTour terminent au soleil\"}]},{\"@type\":\"WebSite\",\"@id\":\"https:\\\/\\\/www.altercampagne.net\\\/#website\",\"url\":\"https:\\\/\\\/www.altercampagne.net\\\/\",\"name\":\"AlterTour\",\"description\":\"Reliez les Alternatives \u00e0 v\u00e9lo\",\"potentialAction\":[{\"@type\":\"SearchAction\",\"target\":{\"@type\":\"EntryPoint\",\"urlTemplate\":\"https:\\\/\\\/www.altercampagne.net\\\/?s={search_term_string}\"},\"query-input\":{\"@type\":\"PropertyValueSpecification\",\"valueRequired\":true,\"valueName\":\"search_term_string\"}}],\"inLanguage\":\"fr-FR\"},{\"@type\":\"Person\",\"@id\":\"https:\\\/\\\/www.altercampagne.net\\\/#\\\/schema\\\/person\\\/0f261460c09e430caa0f9bcffa319109\",\"name\":\"Mathieu\",\"image\":{\"@type\":\"ImageObject\",\"inLanguage\":\"fr-FR\",\"@id\":\"https:\\\/\\\/secure.gravatar.com\\\/avatar\\\/aa9d3d24c83f2141e5e2709d0f63d09a99f6be6bb7a50abc4915838d9f54501a?s=96&d=mm&r=g\",\"url\":\"https:\\\/\\\/secure.gravatar.com\\\/avatar\\\/aa9d3d24c83f2141e5e2709d0f63d09a99f6be6bb7a50abc4915838d9f54501a?s=96&d=mm&r=g\",\"contentUrl\":\"https:\\\/\\\/secure.gravatar.com\\\/avatar\\\/aa9d3d24c83f2141e5e2709d0f63d09a99f6be6bb7a50abc4915838d9f54501a?s=96&d=mm&r=g\",\"caption\":\"Mathieu\"},\"url\":\"https:\\\/\\\/www.altercampagne.net\\\/?author=214\"}]}<\/script>\n<!-- \/ Yoast SEO plugin. -->","yoast_head_json":{"title":"Les cyclistes de l'AlterTour terminent au soleil - AlterTour","robots":{"index":"index","follow":"follow","max-snippet":"max-snippet:-1","max-image-preview":"max-image-preview:large","max-video-preview":"max-video-preview:-1"},"canonical":"https:\/\/www.altercampagne.net\/?p=5896","og_locale":"fr_FR","og_type":"article","og_title":"Les cyclistes de l'AlterTour terminent au soleil - AlterTour","og_description":"L&rsquo;AlterTour, randonn\u00e9e cycliste qui a fait le tour des initiatives altermondialistes en Bretagne, a termin\u00e9 hier son parcours sous le soleil \u00e0 Rennes. Apr\u00e8s avoir visit\u00e9 une quinzaine d&rsquo;associations, entreprises ou collectifs pendant cinq semaines, les cyclistes se sont r\u00e9unis pour un pique-nique pr\u00e8s des Lices. \u00ab Partout o\u00f9 nous ... Read More","og_url":"https:\/\/www.altercampagne.net\/?p=5896","og_site_name":"AlterTour","article_published_time":"2016-08-21T18:52:02+00:00","article_modified_time":"2016-08-24T14:01:21+00:00","og_image":[{"url":"http:\/\/www.altercampagne.net\/wp-content\/uploads\/2016\/08\/les-cyclistes-de-laltertour-terminent-au-soleil-300x169.jpg","type":"","width":"","height":""}],"author":"Mathieu","twitter_card":"summary_large_image","twitter_misc":{"\u00c9crit par":"Mathieu","Dur\u00e9e de lecture estim\u00e9e":"1 minute"},"schema":{"@context":"https:\/\/schema.org","@graph":[{"@type":"Article","@id":"https:\/\/www.altercampagne.net\/?p=5896#article","isPartOf":{"@id":"https:\/\/www.altercampagne.net\/?p=5896"},"author":{"name":"Mathieu","@id":"https:\/\/www.altercampagne.net\/#\/schema\/person\/0f261460c09e430caa0f9bcffa319109"},"headline":"Les cyclistes de l&rsquo;AlterTour terminent au soleil","datePublished":"2016-08-21T18:52:02+00:00","dateModified":"2016-08-24T14:01:21+00:00","mainEntityOfPage":{"@id":"https:\/\/www.altercampagne.net\/?p=5896"},"wordCount":157,"image":{"@id":"https:\/\/www.altercampagne.net\/?p=5896#primaryimage"},"thumbnailUrl":"http:\/\/www.altercampagne.net\/wp-content\/uploads\/2016\/08\/les-cyclistes-de-laltertour-terminent-au-soleil-300x169.jpg","keywords":["bretagne","Rennes","AlterTour 2016","ille et vilaine","ouest france","Philippe Der\u00e9gel","2016","Clara Moussette","Lices"],"articleSection":["Revue de presse"],"inLanguage":"fr-FR"},{"@type":"WebPage","@id":"https:\/\/www.altercampagne.net\/?p=5896","url":"https:\/\/www.altercampagne.net\/?p=5896","name":"Les cyclistes de l'AlterTour terminent au soleil - AlterTour","isPartOf":{"@id":"https:\/\/www.altercampagne.net\/#website"},"primaryImageOfPage":{"@id":"https:\/\/www.altercampagne.net\/?p=5896#primaryimage"},"image":{"@id":"https:\/\/www.altercampagne.net\/?p=5896#primaryimage"},"thumbnailUrl":"http:\/\/www.altercampagne.net\/wp-content\/uploads\/2016\/08\/les-cyclistes-de-laltertour-terminent-au-soleil-300x169.jpg","datePublished":"2016-08-21T18:52:02+00:00","dateModified":"2016-08-24T14:01:21+00:00","author":{"@id":"https:\/\/www.altercampagne.net\/#\/schema\/person\/0f261460c09e430caa0f9bcffa319109"},"breadcrumb":{"@id":"https:\/\/www.altercampagne.net\/?p=5896#breadcrumb"},"inLanguage":"fr-FR","potentialAction":[{"@type":"ReadAction","target":["https:\/\/www.altercampagne.net\/?p=5896"]}]},{"@type":"ImageObject","inLanguage":"fr-FR","@id":"https:\/\/www.altercampagne.net\/?p=5896#primaryimage","url":"https:\/\/www.altercampagne.net\/wp-content\/uploads\/2016\/08\/les-cyclistes-de-laltertour-terminent-au-soleil.jpg","contentUrl":"https:\/\/www.altercampagne.net\/wp-content\/uploads\/2016\/08\/les-cyclistes-de-laltertour-terminent-au-soleil.jpg","width":640,"height":360},{"@type":"BreadcrumbList","@id":"https:\/\/www.altercampagne.net\/?p=5896#breadcrumb","itemListElement":[{"@type":"ListItem","position":1,"name":"Accueil","item":"https:\/\/www.altercampagne.net\/"},{"@type":"ListItem","position":2,"name":"Les cyclistes de l&rsquo;AlterTour terminent au soleil"}]},{"@type":"WebSite","@id":"https:\/\/www.altercampagne.net\/#website","url":"https:\/\/www.altercampagne.net\/","name":"AlterTour","description":"Reliez les Alternatives \u00e0 v\u00e9lo","potentialAction":[{"@type":"SearchAction","target":{"@type":"EntryPoint","urlTemplate":"https:\/\/www.altercampagne.net\/?s={search_term_string}"},"query-input":{"@type":"PropertyValueSpecification","valueRequired":true,"valueName":"search_term_string"}}],"inLanguage":"fr-FR"},{"@type":"Person","@id":"https:\/\/www.altercampagne.net\/#\/schema\/person\/0f261460c09e430caa0f9bcffa319109","name":"Mathieu","image":{"@type":"ImageObject","inLanguage":"fr-FR","@id":"https:\/\/secure.gravatar.com\/avatar\/aa9d3d24c83f2141e5e2709d0f63d09a99f6be6bb7a50abc4915838d9f54501a?s=96&d=mm&r=g","url":"https:\/\/secure.gravatar.com\/avatar\/aa9d3d24c83f2141e5e2709d0f63d09a99f6be6bb7a50abc4915838d9f54501a?s=96&d=mm&r=g","contentUrl":"https:\/\/secure.gravatar.com\/avatar\/aa9d3d24c83f2141e5e2709d0f63d09a99f6be6bb7a50abc4915838d9f54501a?s=96&d=mm&r=g","caption":"Mathieu"},"url":"https:\/\/www.altercampagne.net\/?author=214"}]}},"_links":{"self":[{"href":"https:\/\/www.altercampagne.net\/index.php?rest_route=\/wp\/v2\/posts\/5896","targetHints":{"allow":["GET"]}}],"collection":[{"href":"https:\/\/www.altercampagne.net\/index.php?rest_route=\/wp\/v2\/posts"}],"about":[{"href":"https:\/\/www.altercampagne.net\/index.php?rest_route=\/wp\/v2\/types\/post"}],"author":[{"embeddable":true,"href":"https:\/\/www.altercampagne.net\/index.php?rest_route=\/wp\/v2\/users\/214"}],"replies":[{"embeddable":true,"href":"https:\/\/www.altercampagne.net\/index.php?rest_route=%2Fwp%2Fv2%2Fcomments&post=5896"}],"version-history":[{"count":0,"href":"https:\/\/www.altercampagne.net\/index.php?rest_route=\/wp\/v2\/posts\/5896\/revisions"}],"wp:attachment":[{"href":"https:\/\/www.altercampagne.net\/index.php?rest_route=%2Fwp%2Fv2%2Fmedia&parent=5896"}],"wp:term":[{"taxonomy":"category","embeddable":true,"href":"https:\/\/www.altercampagne.net\/index.php?rest_route=%2Fwp%2Fv2%2Fcategories&post=5896"},{"taxonomy":"post_tag","embeddable":true,"href":"https:\/\/www.altercampagne.net\/index.php?rest_route=%2Fwp%2Fv2%2Ftags&post=5896"}],"curies":[{"name":"wp","href":"https:\/\/api.w.org\/{rel}","templated":true}]}}