{"id":5900,"date":"2016-08-19T11:21:17","date_gmt":"2016-08-19T09:21:17","guid":{"rendered":"http:\/\/www.altercampagne.net\/?p=5900"},"modified":"2019-09-13T19:09:58","modified_gmt":"2019-09-13T17:09:58","slug":"visite-du-jardin-associatif-de-guichen-culture-bio","status":"publish","type":"post","link":"https:\/\/www.altercampagne.net\/?p=5900","title":{"rendered":"Visite du jardin associatif de Guichen \u00ab\u00a0Culture Bio\u00a0\u00bb"},"content":{"rendered":"<p>Ce matin, Arnaud nous guide sur cette d\u00e9couverte de la permaculture dont les principes sont les cultures avec la lune, le paillage, le grelinage, peu d&rsquo;arrosage gr\u00e2ce a l&rsquo;agroforestie avec la plantation de bouleau et de saule qui preservent l&rsquo;humidit\u00e9 ainsi que le melange fleurs-legumes. Pour parer aux maladies il applique une bouillie bordelaise et du purin d&rsquo;orties. Ce sont 10 ben\u00e9voles qui se retrouvent 2 fois par semaine sur le jardin pr\u00e9t\u00e9 par la ville pour se partager les taches. Les moyens financiers sont les dons, les achats perso et la fabrication de semences. Ce jardin contribue \u00e0 l&rsquo;alimentation des b\u00e9n\u00e9voles et aux personnes en difficult\u00e9 qui habitent \u00e0 proximit\u00e9.<\/p>\n","protected":false},"excerpt":{"rendered":"<p>Ce matin, Arnaud nous guide sur cette d\u00e9couverte de la permaculture dont les principes sont les cultures avec la lune, le paillage, le grelinage, peu d&rsquo;arrosage gr\u00e2ce a l&rsquo;agroforestie avec la plantation de bouleau et de saule qui preservent l&rsquo;humidit\u00e9 ainsi que le melange fleurs-legumes. Pour parer aux maladies il &#8230; <\/p>\n<div><a href=\"https:\/\/www.altercampagne.net\/?p=5900\" class=\"more-link\">Read More<\/a><\/div>\n","protected":false},"author":198,"featured_media":15562,"comment_status":"closed","ping_status":"closed","sticky":false,"template":"","format":"standard","meta":{"footnotes":""},"categories":[3483,3472,3459],"tags":[20,294,383,413,1652,2482,2483,2704,2705,2846,2849,2850,2851],"class_list":["post-5900","post","type-post","status-publish","format-standard","has-post-thumbnail","hentry","category-agriculture","category-bretagne","category-edition-2016","tag-bretagne","tag-permaculture","tag-altertour-2016","tag-ille-et-vilaine","tag-1652","tag-culture-bio","tag-guichen","tag-alterjournaliste","tag-agroforestie","tag-accueillant","tag-accueillant2016","tag-accueillant-2016","tag-altertour2016"],"yoast_head":"<!-- This site is optimized with the Yoast SEO plugin v27.3 - https:\/\/yoast.com\/product\/yoast-seo-wordpress\/ -->\n<title>Visite du jardin associatif de Guichen &quot;Culture Bio&quot; - AlterTour<\/title>\n<meta name=\"robots\" content=\"index, follow, max-snippet:-1, max-image-preview:large, max-video-preview:-1\" \/>\n<link rel=\"canonical\" href=\"https:\/\/www.altercampagne.net\/?p=5900\" \/>\n<meta property=\"og:locale\" content=\"fr_FR\" \/>\n<meta property=\"og:type\" content=\"article\" \/>\n<meta property=\"og:title\" content=\"Visite du jardin associatif de Guichen &quot;Culture Bio&quot; - AlterTour\" \/>\n<meta property=\"og:description\" content=\"Ce matin, Arnaud nous guide sur cette d\u00e9couverte de la permaculture dont les principes sont les cultures avec la lune, le paillage, le grelinage, peu d&rsquo;arrosage gr\u00e2ce a l&rsquo;agroforestie avec la plantation de bouleau et de saule qui preservent l&rsquo;humidit\u00e9 ainsi que le melange fleurs-legumes. Pour parer aux maladies il ... Read More\" \/>\n<meta property=\"og:url\" content=\"https:\/\/www.altercampagne.net\/?p=5900\" \/>\n<meta property=\"og:site_name\" content=\"AlterTour\" \/>\n<meta property=\"article:published_time\" content=\"2016-08-19T09:21:17+00:00\" \/>\n<meta property=\"article:modified_time\" content=\"2019-09-13T17:09:58+00:00\" \/>\n<meta property=\"og:image\" content=\"https:\/\/www.altercampagne.net\/wp-content\/uploads\/2016\/08\/2016-08-18_18.24.jpg\" \/>\n\t<meta property=\"og:image:width\" content=\"902\" \/>\n\t<meta property=\"og:image:height\" content=\"472\" \/>\n\t<meta property=\"og:image:type\" content=\"image\/jpeg\" \/>\n<meta name=\"author\" content=\"Marine R\" \/>\n<meta name=\"twitter:card\" content=\"summary_large_image\" \/>\n<meta name=\"twitter:label1\" content=\"\u00c9crit par\" \/>\n\t<meta name=\"twitter:data1\" content=\"Marine R\" \/>\n\t<meta name=\"twitter:label2\" content=\"Dur\u00e9e de lecture estim\u00e9e\" \/>\n\t<meta name=\"twitter:data2\" content=\"1 minute\" \/>\n<script type=\"application\/ld+json\" class=\"yoast-schema-graph\">{\"@context\":\"https:\\\/\\\/schema.org\",\"@graph\":[{\"@type\":\"Article\",\"@id\":\"https:\\\/\\\/www.altercampagne.net\\\/?p=5900#article\",\"isPartOf\":{\"@id\":\"https:\\\/\\\/www.altercampagne.net\\\/?p=5900\"},\"author\":{\"name\":\"Marine R\",\"@id\":\"https:\\\/\\\/www.altercampagne.net\\\/#\\\/schema\\\/person\\\/3afde49d8c0be52224ae61fe720b4b19\"},\"headline\":\"Visite du jardin associatif de Guichen \u00ab\u00a0Culture Bio\u00a0\u00bb\",\"datePublished\":\"2016-08-19T09:21:17+00:00\",\"dateModified\":\"2019-09-13T17:09:58+00:00\",\"mainEntityOfPage\":{\"@id\":\"https:\\\/\\\/www.altercampagne.net\\\/?p=5900\"},\"wordCount\":126,\"image\":{\"@id\":\"https:\\\/\\\/www.altercampagne.net\\\/?p=5900#primaryimage\"},\"thumbnailUrl\":\"https:\\\/\\\/www.altercampagne.net\\\/wp-content\\\/uploads\\\/2016\\\/08\\\/2016-08-18_18.24.jpg\",\"keywords\":[\"bretagne\",\"permaculture\",\"AlterTour 2016\",\"ille et vilaine\",\"2016\",\"Culture Bio\",\"Guichen\",\"alterjournaliste\",\"agroforestie\",\"accueillant\",\"accueillant2016\",\"accueillant 2016\",\"AlterTour2016\"],\"articleSection\":[\"Agriculture\",\"Bretagne\",\"\u00c9dition 2016\"],\"inLanguage\":\"fr-FR\"},{\"@type\":\"WebPage\",\"@id\":\"https:\\\/\\\/www.altercampagne.net\\\/?p=5900\",\"url\":\"https:\\\/\\\/www.altercampagne.net\\\/?p=5900\",\"name\":\"Visite du jardin associatif de Guichen \\\"Culture Bio\\\" - AlterTour\",\"isPartOf\":{\"@id\":\"https:\\\/\\\/www.altercampagne.net\\\/#website\"},\"primaryImageOfPage\":{\"@id\":\"https:\\\/\\\/www.altercampagne.net\\\/?p=5900#primaryimage\"},\"image\":{\"@id\":\"https:\\\/\\\/www.altercampagne.net\\\/?p=5900#primaryimage\"},\"thumbnailUrl\":\"https:\\\/\\\/www.altercampagne.net\\\/wp-content\\\/uploads\\\/2016\\\/08\\\/2016-08-18_18.24.jpg\",\"datePublished\":\"2016-08-19T09:21:17+00:00\",\"dateModified\":\"2019-09-13T17:09:58+00:00\",\"author\":{\"@id\":\"https:\\\/\\\/www.altercampagne.net\\\/#\\\/schema\\\/person\\\/3afde49d8c0be52224ae61fe720b4b19\"},\"breadcrumb\":{\"@id\":\"https:\\\/\\\/www.altercampagne.net\\\/?p=5900#breadcrumb\"},\"inLanguage\":\"fr-FR\",\"potentialAction\":[{\"@type\":\"ReadAction\",\"target\":[\"https:\\\/\\\/www.altercampagne.net\\\/?p=5900\"]}]},{\"@type\":\"ImageObject\",\"inLanguage\":\"fr-FR\",\"@id\":\"https:\\\/\\\/www.altercampagne.net\\\/?p=5900#primaryimage\",\"url\":\"https:\\\/\\\/www.altercampagne.net\\\/wp-content\\\/uploads\\\/2016\\\/08\\\/2016-08-18_18.24.jpg\",\"contentUrl\":\"https:\\\/\\\/www.altercampagne.net\\\/wp-content\\\/uploads\\\/2016\\\/08\\\/2016-08-18_18.24.jpg\",\"width\":902,\"height\":472},{\"@type\":\"BreadcrumbList\",\"@id\":\"https:\\\/\\\/www.altercampagne.net\\\/?p=5900#breadcrumb\",\"itemListElement\":[{\"@type\":\"ListItem\",\"position\":1,\"name\":\"Accueil\",\"item\":\"https:\\\/\\\/www.altercampagne.net\\\/\"},{\"@type\":\"ListItem\",\"position\":2,\"name\":\"Visite du jardin associatif de Guichen \u00ab\u00a0Culture Bio\u00a0\u00bb\"}]},{\"@type\":\"WebSite\",\"@id\":\"https:\\\/\\\/www.altercampagne.net\\\/#website\",\"url\":\"https:\\\/\\\/www.altercampagne.net\\\/\",\"name\":\"AlterTour\",\"description\":\"Reliez les Alternatives \u00e0 v\u00e9lo\",\"potentialAction\":[{\"@type\":\"SearchAction\",\"target\":{\"@type\":\"EntryPoint\",\"urlTemplate\":\"https:\\\/\\\/www.altercampagne.net\\\/?s={search_term_string}\"},\"query-input\":{\"@type\":\"PropertyValueSpecification\",\"valueRequired\":true,\"valueName\":\"search_term_string\"}}],\"inLanguage\":\"fr-FR\"},{\"@type\":\"Person\",\"@id\":\"https:\\\/\\\/www.altercampagne.net\\\/#\\\/schema\\\/person\\\/3afde49d8c0be52224ae61fe720b4b19\",\"name\":\"Marine R\",\"image\":{\"@type\":\"ImageObject\",\"inLanguage\":\"fr-FR\",\"@id\":\"https:\\\/\\\/secure.gravatar.com\\\/avatar\\\/a3c4f944a184c737c95a33c9fc36f74b2637ea270671045d89722a608b50fd88?s=96&d=mm&r=g\",\"url\":\"https:\\\/\\\/secure.gravatar.com\\\/avatar\\\/a3c4f944a184c737c95a33c9fc36f74b2637ea270671045d89722a608b50fd88?s=96&d=mm&r=g\",\"contentUrl\":\"https:\\\/\\\/secure.gravatar.com\\\/avatar\\\/a3c4f944a184c737c95a33c9fc36f74b2637ea270671045d89722a608b50fd88?s=96&d=mm&r=g\",\"caption\":\"Marine R\"},\"url\":\"https:\\\/\\\/www.altercampagne.net\\\/?author=198\"}]}<\/script>\n<!-- \/ Yoast SEO plugin. -->","yoast_head_json":{"title":"Visite du jardin associatif de Guichen \"Culture Bio\" - AlterTour","robots":{"index":"index","follow":"follow","max-snippet":"max-snippet:-1","max-image-preview":"max-image-preview:large","max-video-preview":"max-video-preview:-1"},"canonical":"https:\/\/www.altercampagne.net\/?p=5900","og_locale":"fr_FR","og_type":"article","og_title":"Visite du jardin associatif de Guichen \"Culture Bio\" - AlterTour","og_description":"Ce matin, Arnaud nous guide sur cette d\u00e9couverte de la permaculture dont les principes sont les cultures avec la lune, le paillage, le grelinage, peu d&rsquo;arrosage gr\u00e2ce a l&rsquo;agroforestie avec la plantation de bouleau et de saule qui preservent l&rsquo;humidit\u00e9 ainsi que le melange fleurs-legumes. Pour parer aux maladies il ... Read More","og_url":"https:\/\/www.altercampagne.net\/?p=5900","og_site_name":"AlterTour","article_published_time":"2016-08-19T09:21:17+00:00","article_modified_time":"2019-09-13T17:09:58+00:00","og_image":[{"width":902,"height":472,"url":"https:\/\/www.altercampagne.net\/wp-content\/uploads\/2016\/08\/2016-08-18_18.24.jpg","type":"image\/jpeg"}],"author":"Marine R","twitter_card":"summary_large_image","twitter_misc":{"\u00c9crit par":"Marine R","Dur\u00e9e de lecture estim\u00e9e":"1 minute"},"schema":{"@context":"https:\/\/schema.org","@graph":[{"@type":"Article","@id":"https:\/\/www.altercampagne.net\/?p=5900#article","isPartOf":{"@id":"https:\/\/www.altercampagne.net\/?p=5900"},"author":{"name":"Marine R","@id":"https:\/\/www.altercampagne.net\/#\/schema\/person\/3afde49d8c0be52224ae61fe720b4b19"},"headline":"Visite du jardin associatif de Guichen \u00ab\u00a0Culture Bio\u00a0\u00bb","datePublished":"2016-08-19T09:21:17+00:00","dateModified":"2019-09-13T17:09:58+00:00","mainEntityOfPage":{"@id":"https:\/\/www.altercampagne.net\/?p=5900"},"wordCount":126,"image":{"@id":"https:\/\/www.altercampagne.net\/?p=5900#primaryimage"},"thumbnailUrl":"https:\/\/www.altercampagne.net\/wp-content\/uploads\/2016\/08\/2016-08-18_18.24.jpg","keywords":["bretagne","permaculture","AlterTour 2016","ille et vilaine","2016","Culture Bio","Guichen","alterjournaliste","agroforestie","accueillant","accueillant2016","accueillant 2016","AlterTour2016"],"articleSection":["Agriculture","Bretagne","\u00c9dition 2016"],"inLanguage":"fr-FR"},{"@type":"WebPage","@id":"https:\/\/www.altercampagne.net\/?p=5900","url":"https:\/\/www.altercampagne.net\/?p=5900","name":"Visite du jardin associatif de Guichen \"Culture Bio\" - AlterTour","isPartOf":{"@id":"https:\/\/www.altercampagne.net\/#website"},"primaryImageOfPage":{"@id":"https:\/\/www.altercampagne.net\/?p=5900#primaryimage"},"image":{"@id":"https:\/\/www.altercampagne.net\/?p=5900#primaryimage"},"thumbnailUrl":"https:\/\/www.altercampagne.net\/wp-content\/uploads\/2016\/08\/2016-08-18_18.24.jpg","datePublished":"2016-08-19T09:21:17+00:00","dateModified":"2019-09-13T17:09:58+00:00","author":{"@id":"https:\/\/www.altercampagne.net\/#\/schema\/person\/3afde49d8c0be52224ae61fe720b4b19"},"breadcrumb":{"@id":"https:\/\/www.altercampagne.net\/?p=5900#breadcrumb"},"inLanguage":"fr-FR","potentialAction":[{"@type":"ReadAction","target":["https:\/\/www.altercampagne.net\/?p=5900"]}]},{"@type":"ImageObject","inLanguage":"fr-FR","@id":"https:\/\/www.altercampagne.net\/?p=5900#primaryimage","url":"https:\/\/www.altercampagne.net\/wp-content\/uploads\/2016\/08\/2016-08-18_18.24.jpg","contentUrl":"https:\/\/www.altercampagne.net\/wp-content\/uploads\/2016\/08\/2016-08-18_18.24.jpg","width":902,"height":472},{"@type":"BreadcrumbList","@id":"https:\/\/www.altercampagne.net\/?p=5900#breadcrumb","itemListElement":[{"@type":"ListItem","position":1,"name":"Accueil","item":"https:\/\/www.altercampagne.net\/"},{"@type":"ListItem","position":2,"name":"Visite du jardin associatif de Guichen \u00ab\u00a0Culture Bio\u00a0\u00bb"}]},{"@type":"WebSite","@id":"https:\/\/www.altercampagne.net\/#website","url":"https:\/\/www.altercampagne.net\/","name":"AlterTour","description":"Reliez les Alternatives \u00e0 v\u00e9lo","potentialAction":[{"@type":"SearchAction","target":{"@type":"EntryPoint","urlTemplate":"https:\/\/www.altercampagne.net\/?s={search_term_string}"},"query-input":{"@type":"PropertyValueSpecification","valueRequired":true,"valueName":"search_term_string"}}],"inLanguage":"fr-FR"},{"@type":"Person","@id":"https:\/\/www.altercampagne.net\/#\/schema\/person\/3afde49d8c0be52224ae61fe720b4b19","name":"Marine R","image":{"@type":"ImageObject","inLanguage":"fr-FR","@id":"https:\/\/secure.gravatar.com\/avatar\/a3c4f944a184c737c95a33c9fc36f74b2637ea270671045d89722a608b50fd88?s=96&d=mm&r=g","url":"https:\/\/secure.gravatar.com\/avatar\/a3c4f944a184c737c95a33c9fc36f74b2637ea270671045d89722a608b50fd88?s=96&d=mm&r=g","contentUrl":"https:\/\/secure.gravatar.com\/avatar\/a3c4f944a184c737c95a33c9fc36f74b2637ea270671045d89722a608b50fd88?s=96&d=mm&r=g","caption":"Marine R"},"url":"https:\/\/www.altercampagne.net\/?author=198"}]}},"_links":{"self":[{"href":"https:\/\/www.altercampagne.net\/index.php?rest_route=\/wp\/v2\/posts\/5900","targetHints":{"allow":["GET"]}}],"collection":[{"href":"https:\/\/www.altercampagne.net\/index.php?rest_route=\/wp\/v2\/posts"}],"about":[{"href":"https:\/\/www.altercampagne.net\/index.php?rest_route=\/wp\/v2\/types\/post"}],"author":[{"embeddable":true,"href":"https:\/\/www.altercampagne.net\/index.php?rest_route=\/wp\/v2\/users\/198"}],"replies":[{"embeddable":true,"href":"https:\/\/www.altercampagne.net\/index.php?rest_route=%2Fwp%2Fv2%2Fcomments&post=5900"}],"version-history":[{"count":0,"href":"https:\/\/www.altercampagne.net\/index.php?rest_route=\/wp\/v2\/posts\/5900\/revisions"}],"wp:featuredmedia":[{"embeddable":true,"href":"https:\/\/www.altercampagne.net\/index.php?rest_route=\/wp\/v2\/media\/15562"}],"wp:attachment":[{"href":"https:\/\/www.altercampagne.net\/index.php?rest_route=%2Fwp%2Fv2%2Fmedia&parent=5900"}],"wp:term":[{"taxonomy":"category","embeddable":true,"href":"https:\/\/www.altercampagne.net\/index.php?rest_route=%2Fwp%2Fv2%2Fcategories&post=5900"},{"taxonomy":"post_tag","embeddable":true,"href":"https:\/\/www.altercampagne.net\/index.php?rest_route=%2Fwp%2Fv2%2Ftags&post=5900"}],"curies":[{"name":"wp","href":"https:\/\/api.w.org\/{rel}","templated":true}]}}