{"id":5915,"date":"2016-08-08T19:14:07","date_gmt":"2016-08-08T17:14:07","guid":{"rendered":"http:\/\/www.altercampagne.net\/?p=5915"},"modified":"2019-09-13T18:35:42","modified_gmt":"2019-09-13T16:35:42","slug":"etape-du-8-aout-loasis-kerlanic-a-plelauff","status":"publish","type":"post","link":"https:\/\/www.altercampagne.net\/?p=5915","title":{"rendered":"\u00c9tape du 8 ao\u00fbt : L&rsquo;Oasis Kerlanic \u00e0 Pl\u00e9lauff"},"content":{"rendered":"<p>D\u2019oasis en oasis<\/p>\n<p>Nous nous roulons d\u2019oasis en <strong><a href=\"http:\/\/www.colibris-lemouvement.org\/oasis\/les-oasis-en-france\" target=\"_blank\" rel=\"noopener noreferrer\">oasis<\/a><\/strong>. Apr\u00e8s avoir d\u00e9couvert <a href=\"http:\/\/maraisgueguen.over-blog.com\/\" target=\"_blank\" rel=\"noopener noreferrer\"><strong>Ti Lipouz<\/strong><\/a>, quelques coups de p\u00e9dale plus loin, nous voil\u00e0 \u00e0 <strong><a href=\"http:\/\/colibris.cc\/oasis\/wakka.php?wiki=KerlaniC\" target=\"_blank\" rel=\"noopener noreferrer\">Kerlanic<\/a>,<\/strong> situ\u00e9 sur la commune de Pl\u00e9lauff. Depuis un peu plus de deux ans, cinq adultes et cinq enfants s\u2019emploient \u00e0 d\u00e9velopper un lieu de vie alternatif. Ce projet a \u00e9t\u00e9 initi\u00e9 par Audrey qui retrouve le bonheur dans la simplicit\u00e9, apr\u00e8s avoir trop couru lorsqu\u2019elle \u00e9tait cadre parisienne. Ici, point d\u2019acc\u00e8s \u00e0 l\u2019eau ou \u00e0 l\u2019\u00e9lectricit\u00e9 courante. La recherche d\u2019autonomie est totale, jusque dans l\u2019exp\u00e9rimentation de l\u2019instruction libre. Mais autonomie ne veut pas dire autarcie et Kerlanic se veut un lieu ouvert et accueillant, \u00e0 l\u2019image de son \u00ab Jamal\u2019s bar \u00bb qui porte le nom de son initiateur de passage sur les lieux et de son festival annuel. La maison est r\u00e9nov\u00e9e avec des lieux d\u2019accueil, une phyto-\u00e9puration, des panneaux solaires. L\u2019eau se r\u00e9cup\u00e8re directement \u00e0 la source, \u00e0 trois kilom\u00e8tres de l\u00e0. C\u2019est qu\u2019en Bretagne, chaque source \u00e0 son histoire. Le soir, une immense chaine humaine s\u2019organise pour ramener de la for\u00eat le bois qui servira \u00e0 alimenter le po\u00eale pour l\u2019hiver. On d\u00e9couvre \u00e0 Kerlanic une autre approche de l\u2019\u00e9levage des ch\u00e8vres, dans le respect profond de l\u2019animal. Le sevrage est naturel, la traite se fait \u00e0 la main, en libert\u00e9, et \u00e0 la demande de l\u2019animal. Cinq ch\u00e8vres offrent entre cinq et dix litres de lait par jour, qui sera transform\u00e9 en fromage. Elles ne sont pas \u00e9corn\u00e9es et la hi\u00e9rarchie du troupeau respect\u00e9e. Le jardin d\u2019esp\u00e9rance se met en place peu \u00e0 peu, comme le jardin humain.<\/p>\n<p style=\"text-align: right;\"><strong>Marion<\/strong><\/p>\n","protected":false},"excerpt":{"rendered":"<p>D\u2019oasis en oasis Nous nous roulons d\u2019oasis en oasis. Apr\u00e8s avoir d\u00e9couvert Ti Lipouz, quelques coups de p\u00e9dale plus loin, nous voil\u00e0 \u00e0 Kerlanic, situ\u00e9 sur la commune de Pl\u00e9lauff. Depuis un peu plus de deux ans, cinq adultes et cinq enfants s\u2019emploient \u00e0 d\u00e9velopper un lieu de vie alternatif. &#8230; <\/p>\n<div><a href=\"https:\/\/www.altercampagne.net\/?p=5915\" class=\"more-link\">Read More<\/a><\/div>\n","protected":false},"author":214,"featured_media":15533,"comment_status":"closed","ping_status":"closed","sticky":false,"template":"","format":"standard","meta":{"footnotes":""},"categories":[3472,3938,3459,3485],"tags":[20,383,508,1652,1669,2014,2441,2666,2704,2846,2849,2850,2851],"class_list":["post-5915","post","type-post","status-publish","format-standard","has-post-thumbnail","hentry","category-bretagne","category-education","category-edition-2016","category-habitat","tag-bretagne","tag-altertour-2016","tag-oasis-kerlanic","tag-1652","tag-cotes-darmor","tag-oasis-en-tous-lieux","tag-ti-lipouz","tag-plelauff","tag-alterjournaliste","tag-accueillant","tag-accueillant2016","tag-accueillant-2016","tag-altertour2016"],"yoast_head":"<!-- This site is optimized with the Yoast SEO plugin v27.3 - https:\/\/yoast.com\/product\/yoast-seo-wordpress\/ -->\n<title>\u00c9tape du 8 ao\u00fbt : L&#039;Oasis Kerlanic \u00e0 Pl\u00e9lauff - AlterTour<\/title>\n<meta name=\"robots\" content=\"index, follow, max-snippet:-1, max-image-preview:large, max-video-preview:-1\" \/>\n<link rel=\"canonical\" href=\"https:\/\/www.altercampagne.net\/?p=5915\" \/>\n<meta property=\"og:locale\" content=\"fr_FR\" \/>\n<meta property=\"og:type\" content=\"article\" \/>\n<meta property=\"og:title\" content=\"\u00c9tape du 8 ao\u00fbt : L&#039;Oasis Kerlanic \u00e0 Pl\u00e9lauff - AlterTour\" \/>\n<meta property=\"og:description\" content=\"D\u2019oasis en oasis Nous nous roulons d\u2019oasis en oasis. Apr\u00e8s avoir d\u00e9couvert Ti Lipouz, quelques coups de p\u00e9dale plus loin, nous voil\u00e0 \u00e0 Kerlanic, situ\u00e9 sur la commune de Pl\u00e9lauff. Depuis un peu plus de deux ans, cinq adultes et cinq enfants s\u2019emploient \u00e0 d\u00e9velopper un lieu de vie alternatif. ... Read More\" \/>\n<meta property=\"og:url\" content=\"https:\/\/www.altercampagne.net\/?p=5915\" \/>\n<meta property=\"og:site_name\" content=\"AlterTour\" \/>\n<meta property=\"article:published_time\" content=\"2016-08-08T17:14:07+00:00\" \/>\n<meta property=\"article:modified_time\" content=\"2019-09-13T16:35:42+00:00\" \/>\n<meta property=\"og:image\" content=\"https:\/\/www.altercampagne.net\/wp-content\/uploads\/2016\/08\/2016-08-08_17.19.jpg\" \/>\n\t<meta property=\"og:image:width\" content=\"907\" \/>\n\t<meta property=\"og:image:height\" content=\"474\" \/>\n\t<meta property=\"og:image:type\" content=\"image\/jpeg\" \/>\n<meta name=\"author\" content=\"Mathieu\" \/>\n<meta name=\"twitter:card\" content=\"summary_large_image\" \/>\n<meta name=\"twitter:label1\" content=\"\u00c9crit par\" \/>\n\t<meta name=\"twitter:data1\" content=\"Mathieu\" \/>\n\t<meta name=\"twitter:label2\" content=\"Dur\u00e9e de lecture estim\u00e9e\" \/>\n\t<meta name=\"twitter:data2\" content=\"1 minute\" \/>\n<script type=\"application\/ld+json\" class=\"yoast-schema-graph\">{\"@context\":\"https:\\\/\\\/schema.org\",\"@graph\":[{\"@type\":\"Article\",\"@id\":\"https:\\\/\\\/www.altercampagne.net\\\/?p=5915#article\",\"isPartOf\":{\"@id\":\"https:\\\/\\\/www.altercampagne.net\\\/?p=5915\"},\"author\":{\"name\":\"Mathieu\",\"@id\":\"https:\\\/\\\/www.altercampagne.net\\\/#\\\/schema\\\/person\\\/0f261460c09e430caa0f9bcffa319109\"},\"headline\":\"\u00c9tape du 8 ao\u00fbt : L&rsquo;Oasis Kerlanic \u00e0 Pl\u00e9lauff\",\"datePublished\":\"2016-08-08T17:14:07+00:00\",\"dateModified\":\"2019-09-13T16:35:42+00:00\",\"mainEntityOfPage\":{\"@id\":\"https:\\\/\\\/www.altercampagne.net\\\/?p=5915\"},\"wordCount\":306,\"image\":{\"@id\":\"https:\\\/\\\/www.altercampagne.net\\\/?p=5915#primaryimage\"},\"thumbnailUrl\":\"https:\\\/\\\/www.altercampagne.net\\\/wp-content\\\/uploads\\\/2016\\\/08\\\/2016-08-08_17.19.jpg\",\"keywords\":[\"bretagne\",\"AlterTour 2016\",\"oasis kerlanic\",\"2016\",\"C\u00f4tes-d'Armor\",\"oasis en tous lieux\",\"Ti Lipouz\",\"Pl\u00e9lauff\",\"alterjournaliste\",\"accueillant\",\"accueillant2016\",\"accueillant 2016\",\"AlterTour2016\"],\"articleSection\":[\"Bretagne\",\"Education\",\"\u00c9dition 2016\",\"Habitat\"],\"inLanguage\":\"fr-FR\"},{\"@type\":\"WebPage\",\"@id\":\"https:\\\/\\\/www.altercampagne.net\\\/?p=5915\",\"url\":\"https:\\\/\\\/www.altercampagne.net\\\/?p=5915\",\"name\":\"\u00c9tape du 8 ao\u00fbt : L'Oasis Kerlanic \u00e0 Pl\u00e9lauff - AlterTour\",\"isPartOf\":{\"@id\":\"https:\\\/\\\/www.altercampagne.net\\\/#website\"},\"primaryImageOfPage\":{\"@id\":\"https:\\\/\\\/www.altercampagne.net\\\/?p=5915#primaryimage\"},\"image\":{\"@id\":\"https:\\\/\\\/www.altercampagne.net\\\/?p=5915#primaryimage\"},\"thumbnailUrl\":\"https:\\\/\\\/www.altercampagne.net\\\/wp-content\\\/uploads\\\/2016\\\/08\\\/2016-08-08_17.19.jpg\",\"datePublished\":\"2016-08-08T17:14:07+00:00\",\"dateModified\":\"2019-09-13T16:35:42+00:00\",\"author\":{\"@id\":\"https:\\\/\\\/www.altercampagne.net\\\/#\\\/schema\\\/person\\\/0f261460c09e430caa0f9bcffa319109\"},\"breadcrumb\":{\"@id\":\"https:\\\/\\\/www.altercampagne.net\\\/?p=5915#breadcrumb\"},\"inLanguage\":\"fr-FR\",\"potentialAction\":[{\"@type\":\"ReadAction\",\"target\":[\"https:\\\/\\\/www.altercampagne.net\\\/?p=5915\"]}]},{\"@type\":\"ImageObject\",\"inLanguage\":\"fr-FR\",\"@id\":\"https:\\\/\\\/www.altercampagne.net\\\/?p=5915#primaryimage\",\"url\":\"https:\\\/\\\/www.altercampagne.net\\\/wp-content\\\/uploads\\\/2016\\\/08\\\/2016-08-08_17.19.jpg\",\"contentUrl\":\"https:\\\/\\\/www.altercampagne.net\\\/wp-content\\\/uploads\\\/2016\\\/08\\\/2016-08-08_17.19.jpg\",\"width\":907,\"height\":474},{\"@type\":\"BreadcrumbList\",\"@id\":\"https:\\\/\\\/www.altercampagne.net\\\/?p=5915#breadcrumb\",\"itemListElement\":[{\"@type\":\"ListItem\",\"position\":1,\"name\":\"Accueil\",\"item\":\"https:\\\/\\\/www.altercampagne.net\\\/\"},{\"@type\":\"ListItem\",\"position\":2,\"name\":\"\u00c9tape du 8 ao\u00fbt : L&rsquo;Oasis Kerlanic \u00e0 Pl\u00e9lauff\"}]},{\"@type\":\"WebSite\",\"@id\":\"https:\\\/\\\/www.altercampagne.net\\\/#website\",\"url\":\"https:\\\/\\\/www.altercampagne.net\\\/\",\"name\":\"AlterTour\",\"description\":\"Reliez les Alternatives \u00e0 v\u00e9lo\",\"potentialAction\":[{\"@type\":\"SearchAction\",\"target\":{\"@type\":\"EntryPoint\",\"urlTemplate\":\"https:\\\/\\\/www.altercampagne.net\\\/?s={search_term_string}\"},\"query-input\":{\"@type\":\"PropertyValueSpecification\",\"valueRequired\":true,\"valueName\":\"search_term_string\"}}],\"inLanguage\":\"fr-FR\"},{\"@type\":\"Person\",\"@id\":\"https:\\\/\\\/www.altercampagne.net\\\/#\\\/schema\\\/person\\\/0f261460c09e430caa0f9bcffa319109\",\"name\":\"Mathieu\",\"image\":{\"@type\":\"ImageObject\",\"inLanguage\":\"fr-FR\",\"@id\":\"https:\\\/\\\/secure.gravatar.com\\\/avatar\\\/aa9d3d24c83f2141e5e2709d0f63d09a99f6be6bb7a50abc4915838d9f54501a?s=96&d=mm&r=g\",\"url\":\"https:\\\/\\\/secure.gravatar.com\\\/avatar\\\/aa9d3d24c83f2141e5e2709d0f63d09a99f6be6bb7a50abc4915838d9f54501a?s=96&d=mm&r=g\",\"contentUrl\":\"https:\\\/\\\/secure.gravatar.com\\\/avatar\\\/aa9d3d24c83f2141e5e2709d0f63d09a99f6be6bb7a50abc4915838d9f54501a?s=96&d=mm&r=g\",\"caption\":\"Mathieu\"},\"url\":\"https:\\\/\\\/www.altercampagne.net\\\/?author=214\"}]}<\/script>\n<!-- \/ Yoast SEO plugin. -->","yoast_head_json":{"title":"\u00c9tape du 8 ao\u00fbt : L'Oasis Kerlanic \u00e0 Pl\u00e9lauff - AlterTour","robots":{"index":"index","follow":"follow","max-snippet":"max-snippet:-1","max-image-preview":"max-image-preview:large","max-video-preview":"max-video-preview:-1"},"canonical":"https:\/\/www.altercampagne.net\/?p=5915","og_locale":"fr_FR","og_type":"article","og_title":"\u00c9tape du 8 ao\u00fbt : L'Oasis Kerlanic \u00e0 Pl\u00e9lauff - AlterTour","og_description":"D\u2019oasis en oasis Nous nous roulons d\u2019oasis en oasis. Apr\u00e8s avoir d\u00e9couvert Ti Lipouz, quelques coups de p\u00e9dale plus loin, nous voil\u00e0 \u00e0 Kerlanic, situ\u00e9 sur la commune de Pl\u00e9lauff. Depuis un peu plus de deux ans, cinq adultes et cinq enfants s\u2019emploient \u00e0 d\u00e9velopper un lieu de vie alternatif. ... Read More","og_url":"https:\/\/www.altercampagne.net\/?p=5915","og_site_name":"AlterTour","article_published_time":"2016-08-08T17:14:07+00:00","article_modified_time":"2019-09-13T16:35:42+00:00","og_image":[{"width":907,"height":474,"url":"https:\/\/www.altercampagne.net\/wp-content\/uploads\/2016\/08\/2016-08-08_17.19.jpg","type":"image\/jpeg"}],"author":"Mathieu","twitter_card":"summary_large_image","twitter_misc":{"\u00c9crit par":"Mathieu","Dur\u00e9e de lecture estim\u00e9e":"1 minute"},"schema":{"@context":"https:\/\/schema.org","@graph":[{"@type":"Article","@id":"https:\/\/www.altercampagne.net\/?p=5915#article","isPartOf":{"@id":"https:\/\/www.altercampagne.net\/?p=5915"},"author":{"name":"Mathieu","@id":"https:\/\/www.altercampagne.net\/#\/schema\/person\/0f261460c09e430caa0f9bcffa319109"},"headline":"\u00c9tape du 8 ao\u00fbt : L&rsquo;Oasis Kerlanic \u00e0 Pl\u00e9lauff","datePublished":"2016-08-08T17:14:07+00:00","dateModified":"2019-09-13T16:35:42+00:00","mainEntityOfPage":{"@id":"https:\/\/www.altercampagne.net\/?p=5915"},"wordCount":306,"image":{"@id":"https:\/\/www.altercampagne.net\/?p=5915#primaryimage"},"thumbnailUrl":"https:\/\/www.altercampagne.net\/wp-content\/uploads\/2016\/08\/2016-08-08_17.19.jpg","keywords":["bretagne","AlterTour 2016","oasis kerlanic","2016","C\u00f4tes-d'Armor","oasis en tous lieux","Ti Lipouz","Pl\u00e9lauff","alterjournaliste","accueillant","accueillant2016","accueillant 2016","AlterTour2016"],"articleSection":["Bretagne","Education","\u00c9dition 2016","Habitat"],"inLanguage":"fr-FR"},{"@type":"WebPage","@id":"https:\/\/www.altercampagne.net\/?p=5915","url":"https:\/\/www.altercampagne.net\/?p=5915","name":"\u00c9tape du 8 ao\u00fbt : L'Oasis Kerlanic \u00e0 Pl\u00e9lauff - AlterTour","isPartOf":{"@id":"https:\/\/www.altercampagne.net\/#website"},"primaryImageOfPage":{"@id":"https:\/\/www.altercampagne.net\/?p=5915#primaryimage"},"image":{"@id":"https:\/\/www.altercampagne.net\/?p=5915#primaryimage"},"thumbnailUrl":"https:\/\/www.altercampagne.net\/wp-content\/uploads\/2016\/08\/2016-08-08_17.19.jpg","datePublished":"2016-08-08T17:14:07+00:00","dateModified":"2019-09-13T16:35:42+00:00","author":{"@id":"https:\/\/www.altercampagne.net\/#\/schema\/person\/0f261460c09e430caa0f9bcffa319109"},"breadcrumb":{"@id":"https:\/\/www.altercampagne.net\/?p=5915#breadcrumb"},"inLanguage":"fr-FR","potentialAction":[{"@type":"ReadAction","target":["https:\/\/www.altercampagne.net\/?p=5915"]}]},{"@type":"ImageObject","inLanguage":"fr-FR","@id":"https:\/\/www.altercampagne.net\/?p=5915#primaryimage","url":"https:\/\/www.altercampagne.net\/wp-content\/uploads\/2016\/08\/2016-08-08_17.19.jpg","contentUrl":"https:\/\/www.altercampagne.net\/wp-content\/uploads\/2016\/08\/2016-08-08_17.19.jpg","width":907,"height":474},{"@type":"BreadcrumbList","@id":"https:\/\/www.altercampagne.net\/?p=5915#breadcrumb","itemListElement":[{"@type":"ListItem","position":1,"name":"Accueil","item":"https:\/\/www.altercampagne.net\/"},{"@type":"ListItem","position":2,"name":"\u00c9tape du 8 ao\u00fbt : L&rsquo;Oasis Kerlanic \u00e0 Pl\u00e9lauff"}]},{"@type":"WebSite","@id":"https:\/\/www.altercampagne.net\/#website","url":"https:\/\/www.altercampagne.net\/","name":"AlterTour","description":"Reliez les Alternatives \u00e0 v\u00e9lo","potentialAction":[{"@type":"SearchAction","target":{"@type":"EntryPoint","urlTemplate":"https:\/\/www.altercampagne.net\/?s={search_term_string}"},"query-input":{"@type":"PropertyValueSpecification","valueRequired":true,"valueName":"search_term_string"}}],"inLanguage":"fr-FR"},{"@type":"Person","@id":"https:\/\/www.altercampagne.net\/#\/schema\/person\/0f261460c09e430caa0f9bcffa319109","name":"Mathieu","image":{"@type":"ImageObject","inLanguage":"fr-FR","@id":"https:\/\/secure.gravatar.com\/avatar\/aa9d3d24c83f2141e5e2709d0f63d09a99f6be6bb7a50abc4915838d9f54501a?s=96&d=mm&r=g","url":"https:\/\/secure.gravatar.com\/avatar\/aa9d3d24c83f2141e5e2709d0f63d09a99f6be6bb7a50abc4915838d9f54501a?s=96&d=mm&r=g","contentUrl":"https:\/\/secure.gravatar.com\/avatar\/aa9d3d24c83f2141e5e2709d0f63d09a99f6be6bb7a50abc4915838d9f54501a?s=96&d=mm&r=g","caption":"Mathieu"},"url":"https:\/\/www.altercampagne.net\/?author=214"}]}},"_links":{"self":[{"href":"https:\/\/www.altercampagne.net\/index.php?rest_route=\/wp\/v2\/posts\/5915","targetHints":{"allow":["GET"]}}],"collection":[{"href":"https:\/\/www.altercampagne.net\/index.php?rest_route=\/wp\/v2\/posts"}],"about":[{"href":"https:\/\/www.altercampagne.net\/index.php?rest_route=\/wp\/v2\/types\/post"}],"author":[{"embeddable":true,"href":"https:\/\/www.altercampagne.net\/index.php?rest_route=\/wp\/v2\/users\/214"}],"replies":[{"embeddable":true,"href":"https:\/\/www.altercampagne.net\/index.php?rest_route=%2Fwp%2Fv2%2Fcomments&post=5915"}],"version-history":[{"count":0,"href":"https:\/\/www.altercampagne.net\/index.php?rest_route=\/wp\/v2\/posts\/5915\/revisions"}],"wp:featuredmedia":[{"embeddable":true,"href":"https:\/\/www.altercampagne.net\/index.php?rest_route=\/wp\/v2\/media\/15533"}],"wp:attachment":[{"href":"https:\/\/www.altercampagne.net\/index.php?rest_route=%2Fwp%2Fv2%2Fmedia&parent=5915"}],"wp:term":[{"taxonomy":"category","embeddable":true,"href":"https:\/\/www.altercampagne.net\/index.php?rest_route=%2Fwp%2Fv2%2Fcategories&post=5915"},{"taxonomy":"post_tag","embeddable":true,"href":"https:\/\/www.altercampagne.net\/index.php?rest_route=%2Fwp%2Fv2%2Ftags&post=5915"}],"curies":[{"name":"wp","href":"https:\/\/api.w.org\/{rel}","templated":true}]}}