{"id":5919,"date":"2016-08-09T19:21:31","date_gmt":"2016-08-09T17:21:31","guid":{"rendered":"http:\/\/www.altercampagne.net\/?p=5919"},"modified":"2019-09-13T18:48:58","modified_gmt":"2019-09-13T16:48:58","slug":"etape-du-9-aout-pierrick-le-paysan-boulanger-a-silfiac","status":"publish","type":"post","link":"https:\/\/www.altercampagne.net\/?p=5919","title":{"rendered":"\u00c9tape du 9 ao\u00fbt : Pierrick, le paysan boulanger \u00e0 Silfiac"},"content":{"rendered":"<p>Pierrick Le Borgne est heureux. Ces ann\u00e9es d\u2019ing\u00e9nieur automobile sont loin. D\u00e9sormais, il est paysan-boulanger. Bastaque et Kali, ses deux juments de trait, complices de son projet, l\u2019\u00e9merveillent chaque jour. C\u2019est avant tout pour elles, qu\u2019il cultive betteraves, endives, courges, etc. Le potager est impeccablement align\u00e9 pour permettre le passage des chevaux dans les sillons. Les juments aident aussi \u00e0 la culture du bl\u00e9. D\u00e8s que la conversion bio sera effective, c\u2019est de ce bl\u00e9 que seront fait les pains et les brioches de Pierrick. Mais d\u00e9j\u00e0, trois fois par semaine, Pierrick p\u00e9trit le pain \u00e0 5 heures du matin. Un pain au levain, dor\u00e9 \u00e0 souhait, patiemment cuit dans un four \u00e0 chauffe indirecte, que les intol\u00e9rants au gluten peuvent appr\u00e9cier en retrouvant le go\u00fbt des choses vrais. Pas besoin de chronom\u00e8tre, la cuisson se surveille \u00e0 l\u2019odeur. Les facteurs m\u00e9t\u00e9orologiques, le vent, la pluie donnent \u00e0 chaque fourn\u00e9e une saveur diff\u00e9rente. Sur commande, ou dans les AMAP, les papilles de d\u00e9lectent et les altercyclistes aussi !<\/p>\n<p style=\"text-align: right;\"><strong>Marion<\/strong><\/p>\n","protected":false},"excerpt":{"rendered":"<p>Pierrick Le Borgne est heureux. Ces ann\u00e9es d\u2019ing\u00e9nieur automobile sont loin. D\u00e9sormais, il est paysan-boulanger. Bastaque et Kali, ses deux juments de trait, complices de son projet, l\u2019\u00e9merveillent chaque jour. C\u2019est avant tout pour elles, qu\u2019il cultive betteraves, endives, courges, etc. Le potager est impeccablement align\u00e9 pour permettre le passage &#8230; <\/p>\n<div><a href=\"https:\/\/www.altercampagne.net\/?p=5919\" class=\"more-link\">Read More<\/a><\/div>\n","protected":false},"author":214,"featured_media":15537,"comment_status":"closed","ping_status":"closed","sticky":false,"template":"","format":"standard","meta":{"footnotes":""},"categories":[3483,3472,3459],"tags":[20,383,412,1050,1652,2632,2686,2704,2846,2849,2850,2851],"class_list":["post-5919","post","type-post","status-publish","format-standard","has-post-thumbnail","hentry","category-agriculture","category-bretagne","category-edition-2016","tag-bretagne","tag-altertour-2016","tag-morbihan","tag-paysan-boulanger","tag-1652","tag-silfiac","tag-pierrick-le-borgne","tag-alterjournaliste","tag-accueillant","tag-accueillant2016","tag-accueillant-2016","tag-altertour2016"],"yoast_head":"<!-- This site is optimized with the Yoast SEO plugin v27.3 - https:\/\/yoast.com\/product\/yoast-seo-wordpress\/ -->\n<title>\u00c9tape du 9 ao\u00fbt : Pierrick, le paysan boulanger \u00e0 Silfiac - AlterTour<\/title>\n<meta name=\"robots\" content=\"index, follow, max-snippet:-1, max-image-preview:large, max-video-preview:-1\" \/>\n<link rel=\"canonical\" href=\"https:\/\/www.altercampagne.net\/?p=5919\" \/>\n<meta property=\"og:locale\" content=\"fr_FR\" \/>\n<meta property=\"og:type\" content=\"article\" \/>\n<meta property=\"og:title\" content=\"\u00c9tape du 9 ao\u00fbt : Pierrick, le paysan boulanger \u00e0 Silfiac - AlterTour\" \/>\n<meta property=\"og:description\" content=\"Pierrick Le Borgne est heureux. Ces ann\u00e9es d\u2019ing\u00e9nieur automobile sont loin. D\u00e9sormais, il est paysan-boulanger. Bastaque et Kali, ses deux juments de trait, complices de son projet, l\u2019\u00e9merveillent chaque jour. C\u2019est avant tout pour elles, qu\u2019il cultive betteraves, endives, courges, etc. Le potager est impeccablement align\u00e9 pour permettre le passage ... Read More\" \/>\n<meta property=\"og:url\" content=\"https:\/\/www.altercampagne.net\/?p=5919\" \/>\n<meta property=\"og:site_name\" content=\"AlterTour\" \/>\n<meta property=\"article:published_time\" content=\"2016-08-09T17:21:31+00:00\" \/>\n<meta property=\"article:modified_time\" content=\"2019-09-13T16:48:58+00:00\" \/>\n<meta property=\"og:image\" content=\"https:\/\/www.altercampagne.net\/wp-content\/uploads\/2016\/08\/2016-08-09-DSC_0844.jpg\" \/>\n\t<meta property=\"og:image:width\" content=\"907\" \/>\n\t<meta property=\"og:image:height\" content=\"474\" \/>\n\t<meta property=\"og:image:type\" content=\"image\/jpeg\" \/>\n<meta name=\"author\" content=\"Mathieu\" \/>\n<meta name=\"twitter:card\" content=\"summary_large_image\" \/>\n<meta name=\"twitter:label1\" content=\"\u00c9crit par\" \/>\n\t<meta name=\"twitter:data1\" content=\"Mathieu\" \/>\n\t<meta name=\"twitter:label2\" content=\"Dur\u00e9e de lecture estim\u00e9e\" \/>\n\t<meta name=\"twitter:data2\" content=\"1 minute\" \/>\n<script type=\"application\/ld+json\" class=\"yoast-schema-graph\">{\"@context\":\"https:\\\/\\\/schema.org\",\"@graph\":[{\"@type\":\"Article\",\"@id\":\"https:\\\/\\\/www.altercampagne.net\\\/?p=5919#article\",\"isPartOf\":{\"@id\":\"https:\\\/\\\/www.altercampagne.net\\\/?p=5919\"},\"author\":{\"name\":\"Mathieu\",\"@id\":\"https:\\\/\\\/www.altercampagne.net\\\/#\\\/schema\\\/person\\\/0f261460c09e430caa0f9bcffa319109\"},\"headline\":\"\u00c9tape du 9 ao\u00fbt : Pierrick, le paysan boulanger \u00e0 Silfiac\",\"datePublished\":\"2016-08-09T17:21:31+00:00\",\"dateModified\":\"2019-09-13T16:48:58+00:00\",\"mainEntityOfPage\":{\"@id\":\"https:\\\/\\\/www.altercampagne.net\\\/?p=5919\"},\"wordCount\":191,\"image\":{\"@id\":\"https:\\\/\\\/www.altercampagne.net\\\/?p=5919#primaryimage\"},\"thumbnailUrl\":\"https:\\\/\\\/www.altercampagne.net\\\/wp-content\\\/uploads\\\/2016\\\/08\\\/2016-08-09-DSC_0844.jpg\",\"keywords\":[\"bretagne\",\"AlterTour 2016\",\"morbihan\",\"paysan boulanger\",\"2016\",\"Silfiac\",\"Pierrick Le Borgne\",\"alterjournaliste\",\"accueillant\",\"accueillant2016\",\"accueillant 2016\",\"AlterTour2016\"],\"articleSection\":[\"Agriculture\",\"Bretagne\",\"\u00c9dition 2016\"],\"inLanguage\":\"fr-FR\"},{\"@type\":\"WebPage\",\"@id\":\"https:\\\/\\\/www.altercampagne.net\\\/?p=5919\",\"url\":\"https:\\\/\\\/www.altercampagne.net\\\/?p=5919\",\"name\":\"\u00c9tape du 9 ao\u00fbt : Pierrick, le paysan boulanger \u00e0 Silfiac - AlterTour\",\"isPartOf\":{\"@id\":\"https:\\\/\\\/www.altercampagne.net\\\/#website\"},\"primaryImageOfPage\":{\"@id\":\"https:\\\/\\\/www.altercampagne.net\\\/?p=5919#primaryimage\"},\"image\":{\"@id\":\"https:\\\/\\\/www.altercampagne.net\\\/?p=5919#primaryimage\"},\"thumbnailUrl\":\"https:\\\/\\\/www.altercampagne.net\\\/wp-content\\\/uploads\\\/2016\\\/08\\\/2016-08-09-DSC_0844.jpg\",\"datePublished\":\"2016-08-09T17:21:31+00:00\",\"dateModified\":\"2019-09-13T16:48:58+00:00\",\"author\":{\"@id\":\"https:\\\/\\\/www.altercampagne.net\\\/#\\\/schema\\\/person\\\/0f261460c09e430caa0f9bcffa319109\"},\"breadcrumb\":{\"@id\":\"https:\\\/\\\/www.altercampagne.net\\\/?p=5919#breadcrumb\"},\"inLanguage\":\"fr-FR\",\"potentialAction\":[{\"@type\":\"ReadAction\",\"target\":[\"https:\\\/\\\/www.altercampagne.net\\\/?p=5919\"]}]},{\"@type\":\"ImageObject\",\"inLanguage\":\"fr-FR\",\"@id\":\"https:\\\/\\\/www.altercampagne.net\\\/?p=5919#primaryimage\",\"url\":\"https:\\\/\\\/www.altercampagne.net\\\/wp-content\\\/uploads\\\/2016\\\/08\\\/2016-08-09-DSC_0844.jpg\",\"contentUrl\":\"https:\\\/\\\/www.altercampagne.net\\\/wp-content\\\/uploads\\\/2016\\\/08\\\/2016-08-09-DSC_0844.jpg\",\"width\":907,\"height\":474},{\"@type\":\"BreadcrumbList\",\"@id\":\"https:\\\/\\\/www.altercampagne.net\\\/?p=5919#breadcrumb\",\"itemListElement\":[{\"@type\":\"ListItem\",\"position\":1,\"name\":\"Accueil\",\"item\":\"https:\\\/\\\/www.altercampagne.net\\\/\"},{\"@type\":\"ListItem\",\"position\":2,\"name\":\"\u00c9tape du 9 ao\u00fbt : Pierrick, le paysan boulanger \u00e0 Silfiac\"}]},{\"@type\":\"WebSite\",\"@id\":\"https:\\\/\\\/www.altercampagne.net\\\/#website\",\"url\":\"https:\\\/\\\/www.altercampagne.net\\\/\",\"name\":\"AlterTour\",\"description\":\"Reliez les Alternatives \u00e0 v\u00e9lo\",\"potentialAction\":[{\"@type\":\"SearchAction\",\"target\":{\"@type\":\"EntryPoint\",\"urlTemplate\":\"https:\\\/\\\/www.altercampagne.net\\\/?s={search_term_string}\"},\"query-input\":{\"@type\":\"PropertyValueSpecification\",\"valueRequired\":true,\"valueName\":\"search_term_string\"}}],\"inLanguage\":\"fr-FR\"},{\"@type\":\"Person\",\"@id\":\"https:\\\/\\\/www.altercampagne.net\\\/#\\\/schema\\\/person\\\/0f261460c09e430caa0f9bcffa319109\",\"name\":\"Mathieu\",\"image\":{\"@type\":\"ImageObject\",\"inLanguage\":\"fr-FR\",\"@id\":\"https:\\\/\\\/secure.gravatar.com\\\/avatar\\\/aa9d3d24c83f2141e5e2709d0f63d09a99f6be6bb7a50abc4915838d9f54501a?s=96&d=mm&r=g\",\"url\":\"https:\\\/\\\/secure.gravatar.com\\\/avatar\\\/aa9d3d24c83f2141e5e2709d0f63d09a99f6be6bb7a50abc4915838d9f54501a?s=96&d=mm&r=g\",\"contentUrl\":\"https:\\\/\\\/secure.gravatar.com\\\/avatar\\\/aa9d3d24c83f2141e5e2709d0f63d09a99f6be6bb7a50abc4915838d9f54501a?s=96&d=mm&r=g\",\"caption\":\"Mathieu\"},\"url\":\"https:\\\/\\\/www.altercampagne.net\\\/?author=214\"}]}<\/script>\n<!-- \/ Yoast SEO plugin. -->","yoast_head_json":{"title":"\u00c9tape du 9 ao\u00fbt : Pierrick, le paysan boulanger \u00e0 Silfiac - AlterTour","robots":{"index":"index","follow":"follow","max-snippet":"max-snippet:-1","max-image-preview":"max-image-preview:large","max-video-preview":"max-video-preview:-1"},"canonical":"https:\/\/www.altercampagne.net\/?p=5919","og_locale":"fr_FR","og_type":"article","og_title":"\u00c9tape du 9 ao\u00fbt : Pierrick, le paysan boulanger \u00e0 Silfiac - AlterTour","og_description":"Pierrick Le Borgne est heureux. Ces ann\u00e9es d\u2019ing\u00e9nieur automobile sont loin. D\u00e9sormais, il est paysan-boulanger. Bastaque et Kali, ses deux juments de trait, complices de son projet, l\u2019\u00e9merveillent chaque jour. C\u2019est avant tout pour elles, qu\u2019il cultive betteraves, endives, courges, etc. Le potager est impeccablement align\u00e9 pour permettre le passage ... Read More","og_url":"https:\/\/www.altercampagne.net\/?p=5919","og_site_name":"AlterTour","article_published_time":"2016-08-09T17:21:31+00:00","article_modified_time":"2019-09-13T16:48:58+00:00","og_image":[{"width":907,"height":474,"url":"https:\/\/www.altercampagne.net\/wp-content\/uploads\/2016\/08\/2016-08-09-DSC_0844.jpg","type":"image\/jpeg"}],"author":"Mathieu","twitter_card":"summary_large_image","twitter_misc":{"\u00c9crit par":"Mathieu","Dur\u00e9e de lecture estim\u00e9e":"1 minute"},"schema":{"@context":"https:\/\/schema.org","@graph":[{"@type":"Article","@id":"https:\/\/www.altercampagne.net\/?p=5919#article","isPartOf":{"@id":"https:\/\/www.altercampagne.net\/?p=5919"},"author":{"name":"Mathieu","@id":"https:\/\/www.altercampagne.net\/#\/schema\/person\/0f261460c09e430caa0f9bcffa319109"},"headline":"\u00c9tape du 9 ao\u00fbt : Pierrick, le paysan boulanger \u00e0 Silfiac","datePublished":"2016-08-09T17:21:31+00:00","dateModified":"2019-09-13T16:48:58+00:00","mainEntityOfPage":{"@id":"https:\/\/www.altercampagne.net\/?p=5919"},"wordCount":191,"image":{"@id":"https:\/\/www.altercampagne.net\/?p=5919#primaryimage"},"thumbnailUrl":"https:\/\/www.altercampagne.net\/wp-content\/uploads\/2016\/08\/2016-08-09-DSC_0844.jpg","keywords":["bretagne","AlterTour 2016","morbihan","paysan boulanger","2016","Silfiac","Pierrick Le Borgne","alterjournaliste","accueillant","accueillant2016","accueillant 2016","AlterTour2016"],"articleSection":["Agriculture","Bretagne","\u00c9dition 2016"],"inLanguage":"fr-FR"},{"@type":"WebPage","@id":"https:\/\/www.altercampagne.net\/?p=5919","url":"https:\/\/www.altercampagne.net\/?p=5919","name":"\u00c9tape du 9 ao\u00fbt : Pierrick, le paysan boulanger \u00e0 Silfiac - AlterTour","isPartOf":{"@id":"https:\/\/www.altercampagne.net\/#website"},"primaryImageOfPage":{"@id":"https:\/\/www.altercampagne.net\/?p=5919#primaryimage"},"image":{"@id":"https:\/\/www.altercampagne.net\/?p=5919#primaryimage"},"thumbnailUrl":"https:\/\/www.altercampagne.net\/wp-content\/uploads\/2016\/08\/2016-08-09-DSC_0844.jpg","datePublished":"2016-08-09T17:21:31+00:00","dateModified":"2019-09-13T16:48:58+00:00","author":{"@id":"https:\/\/www.altercampagne.net\/#\/schema\/person\/0f261460c09e430caa0f9bcffa319109"},"breadcrumb":{"@id":"https:\/\/www.altercampagne.net\/?p=5919#breadcrumb"},"inLanguage":"fr-FR","potentialAction":[{"@type":"ReadAction","target":["https:\/\/www.altercampagne.net\/?p=5919"]}]},{"@type":"ImageObject","inLanguage":"fr-FR","@id":"https:\/\/www.altercampagne.net\/?p=5919#primaryimage","url":"https:\/\/www.altercampagne.net\/wp-content\/uploads\/2016\/08\/2016-08-09-DSC_0844.jpg","contentUrl":"https:\/\/www.altercampagne.net\/wp-content\/uploads\/2016\/08\/2016-08-09-DSC_0844.jpg","width":907,"height":474},{"@type":"BreadcrumbList","@id":"https:\/\/www.altercampagne.net\/?p=5919#breadcrumb","itemListElement":[{"@type":"ListItem","position":1,"name":"Accueil","item":"https:\/\/www.altercampagne.net\/"},{"@type":"ListItem","position":2,"name":"\u00c9tape du 9 ao\u00fbt : Pierrick, le paysan boulanger \u00e0 Silfiac"}]},{"@type":"WebSite","@id":"https:\/\/www.altercampagne.net\/#website","url":"https:\/\/www.altercampagne.net\/","name":"AlterTour","description":"Reliez les Alternatives \u00e0 v\u00e9lo","potentialAction":[{"@type":"SearchAction","target":{"@type":"EntryPoint","urlTemplate":"https:\/\/www.altercampagne.net\/?s={search_term_string}"},"query-input":{"@type":"PropertyValueSpecification","valueRequired":true,"valueName":"search_term_string"}}],"inLanguage":"fr-FR"},{"@type":"Person","@id":"https:\/\/www.altercampagne.net\/#\/schema\/person\/0f261460c09e430caa0f9bcffa319109","name":"Mathieu","image":{"@type":"ImageObject","inLanguage":"fr-FR","@id":"https:\/\/secure.gravatar.com\/avatar\/aa9d3d24c83f2141e5e2709d0f63d09a99f6be6bb7a50abc4915838d9f54501a?s=96&d=mm&r=g","url":"https:\/\/secure.gravatar.com\/avatar\/aa9d3d24c83f2141e5e2709d0f63d09a99f6be6bb7a50abc4915838d9f54501a?s=96&d=mm&r=g","contentUrl":"https:\/\/secure.gravatar.com\/avatar\/aa9d3d24c83f2141e5e2709d0f63d09a99f6be6bb7a50abc4915838d9f54501a?s=96&d=mm&r=g","caption":"Mathieu"},"url":"https:\/\/www.altercampagne.net\/?author=214"}]}},"_links":{"self":[{"href":"https:\/\/www.altercampagne.net\/index.php?rest_route=\/wp\/v2\/posts\/5919","targetHints":{"allow":["GET"]}}],"collection":[{"href":"https:\/\/www.altercampagne.net\/index.php?rest_route=\/wp\/v2\/posts"}],"about":[{"href":"https:\/\/www.altercampagne.net\/index.php?rest_route=\/wp\/v2\/types\/post"}],"author":[{"embeddable":true,"href":"https:\/\/www.altercampagne.net\/index.php?rest_route=\/wp\/v2\/users\/214"}],"replies":[{"embeddable":true,"href":"https:\/\/www.altercampagne.net\/index.php?rest_route=%2Fwp%2Fv2%2Fcomments&post=5919"}],"version-history":[{"count":0,"href":"https:\/\/www.altercampagne.net\/index.php?rest_route=\/wp\/v2\/posts\/5919\/revisions"}],"wp:featuredmedia":[{"embeddable":true,"href":"https:\/\/www.altercampagne.net\/index.php?rest_route=\/wp\/v2\/media\/15537"}],"wp:attachment":[{"href":"https:\/\/www.altercampagne.net\/index.php?rest_route=%2Fwp%2Fv2%2Fmedia&parent=5919"}],"wp:term":[{"taxonomy":"category","embeddable":true,"href":"https:\/\/www.altercampagne.net\/index.php?rest_route=%2Fwp%2Fv2%2Fcategories&post=5919"},{"taxonomy":"post_tag","embeddable":true,"href":"https:\/\/www.altercampagne.net\/index.php?rest_route=%2Fwp%2Fv2%2Ftags&post=5919"}],"curies":[{"name":"wp","href":"https:\/\/api.w.org\/{rel}","templated":true}]}}