{"id":5921,"date":"2016-08-20T19:30:48","date_gmt":"2016-08-20T17:30:48","guid":{"rendered":"http:\/\/www.altercampagne.net\/?p=5921"},"modified":"2019-09-13T19:14:27","modified_gmt":"2019-09-13T17:14:27","slug":"journee-de-repos-la-cooperative-jeunesse-a-rennes","status":"publish","type":"post","link":"https:\/\/www.altercampagne.net\/?p=5921","title":{"rendered":"Journ\u00e9e de repos du 20 ao\u00fbt : la Coop\u00e9rative Jeunesse, R\u00e9nov\u2019Positif et Jardins (ou)verts \u00e0 Rennes"},"content":{"rendered":"<p><a href=\"http:\/\/www.altercampagne.net\/wp-content\/uploads\/2016\/08\/2016-08-20-110719.jpg\"><img loading=\"lazy\" decoding=\"async\" class=\" size-medium wp-image-5923 alignleft\" src=\"http:\/\/www.altercampagne.net\/wp-content\/uploads\/2016\/08\/2016-08-20-110719-300x225.jpg\" alt=\"2016-08-20 110719\" width=\"300\" height=\"225\" srcset=\"https:\/\/www.altercampagne.net\/wp-content\/uploads\/2016\/08\/2016-08-20-110719-300x225.jpg 300w, https:\/\/www.altercampagne.net\/wp-content\/uploads\/2016\/08\/2016-08-20-110719-1024x768.jpg 1024w\" sizes=\"auto, (max-width: 300px) 100vw, 300px\" \/><\/a><strong>Les jeunes coop\u00e8rent pour leurs jobs d\u2019\u00e9t\u00e9<\/strong><\/p>\n<p>Initi\u00e9es en 1988 au Qu\u00e9bec, les <a href=\"http:\/\/cae35.coop\/entreprendre-en-cae\/qui-sommes-nous\/cooperatives-jeunesse-de-services\" target=\"_blank\" rel=\"noopener noreferrer\">coop\u00e9ratives jeunesse de service (CJS)<\/a>, ont \u00e9t\u00e9 exp\u00e9riment\u00e9es en Bretagne d\u00e8s 2013. C\u2019est une mani\u00e8re pour les jeunes de 16 \u00e0 19 ans d\u2019exp\u00e9rimenter la gestion et le travail collectif. L\u2019action jeunesse n\u2019est plus uniquement assimil\u00e9e au loisir. Aux jeunes de d\u00e9marcher les particuliers, entreprises, associations ; r\u00e9aliser les devis et les factures et fournir le service qui leur permettra de financer leur coop\u00e9rative temporaire et leur salaire. C\u2019est l\u2019apprentissage de l\u2019autogestion ! Parmi les services propos\u00e9s au sein des CJS : nettoyage, jardinage, garde d&rsquo;enfants, etc. H\u00e9berg\u00e9e par la <a href=\"http:\/\/cae35.coop\/entreprendre-en-cae\/qui-sommes-nous\/elan-createur-interactiv\" target=\"_blank\" rel=\"noopener noreferrer\">coop\u00e9rative d\u2019activit\u00e9 et d\u2019emploi (CAE) Elan Cr\u00e9ateur<\/a>, les CJS se recr\u00e9ent chaque ann\u00e9e, et sont en 2016 au nombre de six. D\u2019autres formes de coop\u00e9ratives existent, telles que les <a href=\"http:\/\/www2.occe.coop\/actualite\/la-cooperative-expliquee-aux-parents\" target=\"_blank\" rel=\"noopener noreferrer\">coop\u00e9ratives scolaires<\/a> pour les photocopies et fournitures ou encore la gestion du logement \u00e9tudiant, sur le mod\u00e8le <a href=\"https:\/\/fr.wikipedia.org\/wiki\/Kot-%C3%A0-projet\" target=\"_blank\" rel=\"noopener noreferrer\">des KOT \u00e0 Projet (KAP)<\/a> en Belgique. Peut-\u00eatre verront-elles aussi le jour en Bretagne sur la base des exp\u00e9rimentations des CJS ?<\/p>\n<p>&nbsp;<\/p>\n<p><strong>R\u00e9nov\u2019Positif<\/strong><\/p>\n<p>Faire d\u2019une maison ancienne, un habitat \u00e0 \u00e9nergie positive ? C\u2019est le d\u00e9fi relev\u00e9 par Pierre, \u00e9co thermicien \u00e0 Rennes. Fort de son exp\u00e9rience avec <a href=\"http:\/\/www.fizians-environnement.fr\/\" target=\"_blank\" rel=\"noopener noreferrer\">Fizians Environnement<\/a>, Pierre a enti\u00e8rement r\u00e9nov\u00e9 sa maison avec un objectif d\u2019\u00e9nergie positive. Vu l\u2019augmentation permanente du co\u00fbt des \u00e9nergies, il \u00e9tait essentiel d\u2019investir maintenant pour les dix prochaines ann\u00e9es dans la transformation de l\u2019habitat ancien. Co\u00fbt de la r\u00e9novation ? 50 000 \u20ac dont pas mal de travaux en autor\u00e9alisation. Ainsi, la maison a \u00e9t\u00e9 enti\u00e8rement restaur\u00e9e avec des mat\u00e9riaux bio-sourc\u00e9s. Le chauffage, par les murs repris en argile, est solaire \u00e0 60%. L\u2019eau chaude sanitaire est produite par des panneaux g\u00e9othermiques. L\u2019isolation s\u2019est faite en fonction de l\u2019exposition, par du polystyr\u00e8ne enduit \u00e0 la chaud ou de la laine de bois sous un bardage en douglas. L\u2019eau n\u2019est pas en reste, puisqu\u2019un syst\u00e8me de collecte des eaux de pluies alimente les toilettes et les sanitaires. Le pari est gagn\u00e9, puisque \u00e0 l\u2019ann\u00e9e, ce sont 3200 KwH qui sont produits, contre seulement 3000 KwH consomm\u00e9s. Et pour le delta, la fourniture d\u2019\u00e9lectricit\u00e9 par <a href=\"http:\/\/www.enercoop.fr\/\" target=\"_blank\" rel=\"noopener noreferrer\">Enercoop<\/a> assure une \u00e9nergie 100 % renouvelable.<\/p>\n<p>&nbsp;<\/p>\n<p><strong>Les jardins (ou)verts<\/strong><\/p>\n<p>L\u2019<a href=\"http:\/\/jardinsouverts.wixsite.com\/jardinsouverts\" target=\"_blank\" rel=\"noopener noreferrer\">association des jardins (ou)verts<\/a> nous a justement ouvert les portes des 1200 m\u00b2 de jardin partag\u00e9 du Landry. La permaculture n\u2019est pas une technique, mais plut\u00f4t un mod\u00e8le de conception. C&rsquo;est la culture permanente, une conception plus large que l&rsquo;agriculture. C&rsquo;est une m\u00e9thode d&rsquo;agencement de l&rsquo;espace qui \u00e9tudie les interactions de la nature mais aussi des gens.<\/p>\n<p>Au jardin du Landry, trois fonctions principales sont exp\u00e9riment\u00e9es : le lien social, la p\u00e9dagogie et la production de nourriture. Au final, ce jardin, situ\u00e9 sur la ville et ouvert, comme son nom l\u2019indique, est devenu un vaste espace d\u2019<a href=\"http:\/\/lesincroyablescomestibles.fr\/\" target=\"_blank\" rel=\"noopener noreferrer\">incroyables comestibles<\/a>, les personnes y entrent, croisent les b\u00e9n\u00e9voles, \u00e9changent. Les 125 membres de l\u2019association expliquant les \u00ab trous \u00e0 serrure \u00bb, buttes potag\u00e8res baissi\u00e8res et spirales aromatiques. Parfois, des ateliers et chantiers collectifs s\u2019organisent. Des ponts sont tiss\u00e9s avec d\u2019autres jardins, comme le <a href=\"http:\/\/jardindesmillepas.wixsite.com\/jardin-des-mille-pas\" target=\"_blank\" rel=\"noopener noreferrer\">jardin des milles pas<\/a>. Souvent, les projets \u00e9chouent pour des probl\u00e8mes de gouvernance, alors ici, c\u2019est avant tout les rapports humains que l\u2019on exp\u00e9rimente.<\/p>\n<p style=\"text-align: right;\"><strong>Marion<\/strong><\/p>\n","protected":false},"excerpt":{"rendered":"<p>Les jeunes coop\u00e8rent pour leurs jobs d\u2019\u00e9t\u00e9 Initi\u00e9es en 1988 au Qu\u00e9bec, les coop\u00e9ratives jeunesse de service (CJS), ont \u00e9t\u00e9 exp\u00e9riment\u00e9es en Bretagne d\u00e8s 2013. C\u2019est une mani\u00e8re pour les jeunes de 16 \u00e0 19 ans d\u2019exp\u00e9rimenter la gestion et le travail collectif. L\u2019action jeunesse n\u2019est plus uniquement assimil\u00e9e au &#8230; <\/p>\n<div><a href=\"https:\/\/www.altercampagne.net\/?p=5921\" class=\"more-link\">Read More<\/a><\/div>\n","protected":false},"author":214,"featured_media":15564,"comment_status":"closed","ping_status":"closed","sticky":false,"template":"","format":"standard","meta":{"footnotes":""},"categories":[3472,3459,3485],"tags":[20,82,383,413,1652,2687,2688,2689,2704,2846,2849,2850,2851],"class_list":["post-5921","post","type-post","status-publish","format-standard","has-post-thumbnail","hentry","category-bretagne","category-edition-2016","category-habitat","tag-bretagne","tag-rennes","tag-altertour-2016","tag-ille-et-vilaine","tag-1652","tag-cooperative-jeunesse","tag-renovpositif","tag-jardins-ouverts","tag-alterjournaliste","tag-accueillant","tag-accueillant2016","tag-accueillant-2016","tag-altertour2016"],"yoast_head":"<!-- This site is optimized with the Yoast SEO plugin v27.3 - https:\/\/yoast.com\/product\/yoast-seo-wordpress\/ -->\n<title>Journ\u00e9e de repos du 20 ao\u00fbt : la Coop\u00e9rative Jeunesse, R\u00e9nov\u2019Positif et Jardins (ou)verts \u00e0 Rennes - AlterTour<\/title>\n<meta name=\"robots\" content=\"index, follow, max-snippet:-1, max-image-preview:large, max-video-preview:-1\" \/>\n<link rel=\"canonical\" href=\"https:\/\/www.altercampagne.net\/?p=5921\" \/>\n<meta property=\"og:locale\" content=\"fr_FR\" \/>\n<meta property=\"og:type\" content=\"article\" \/>\n<meta property=\"og:title\" content=\"Journ\u00e9e de repos du 20 ao\u00fbt : la Coop\u00e9rative Jeunesse, R\u00e9nov\u2019Positif et Jardins (ou)verts \u00e0 Rennes - AlterTour\" \/>\n<meta property=\"og:description\" content=\"Les jeunes coop\u00e8rent pour leurs jobs d\u2019\u00e9t\u00e9 Initi\u00e9es en 1988 au Qu\u00e9bec, les coop\u00e9ratives jeunesse de service (CJS), ont \u00e9t\u00e9 exp\u00e9riment\u00e9es en Bretagne d\u00e8s 2013. C\u2019est une mani\u00e8re pour les jeunes de 16 \u00e0 19 ans d\u2019exp\u00e9rimenter la gestion et le travail collectif. L\u2019action jeunesse n\u2019est plus uniquement assimil\u00e9e au ... Read More\" \/>\n<meta property=\"og:url\" content=\"https:\/\/www.altercampagne.net\/?p=5921\" \/>\n<meta property=\"og:site_name\" content=\"AlterTour\" \/>\n<meta property=\"article:published_time\" content=\"2016-08-20T17:30:48+00:00\" \/>\n<meta property=\"article:modified_time\" content=\"2019-09-13T17:14:27+00:00\" \/>\n<meta property=\"og:image\" content=\"https:\/\/www.altercampagne.net\/wp-content\/uploads\/2016\/08\/2016-08-20_11.00.jpg\" \/>\n\t<meta property=\"og:image:width\" content=\"902\" \/>\n\t<meta property=\"og:image:height\" content=\"472\" \/>\n\t<meta property=\"og:image:type\" content=\"image\/jpeg\" \/>\n<meta name=\"author\" content=\"Mathieu\" \/>\n<meta name=\"twitter:card\" content=\"summary_large_image\" \/>\n<meta name=\"twitter:label1\" content=\"\u00c9crit par\" \/>\n\t<meta name=\"twitter:data1\" content=\"Mathieu\" \/>\n\t<meta name=\"twitter:label2\" content=\"Dur\u00e9e de lecture estim\u00e9e\" \/>\n\t<meta name=\"twitter:data2\" content=\"3 minutes\" \/>\n<script type=\"application\/ld+json\" class=\"yoast-schema-graph\">{\"@context\":\"https:\\\/\\\/schema.org\",\"@graph\":[{\"@type\":\"Article\",\"@id\":\"https:\\\/\\\/www.altercampagne.net\\\/?p=5921#article\",\"isPartOf\":{\"@id\":\"https:\\\/\\\/www.altercampagne.net\\\/?p=5921\"},\"author\":{\"name\":\"Mathieu\",\"@id\":\"https:\\\/\\\/www.altercampagne.net\\\/#\\\/schema\\\/person\\\/0f261460c09e430caa0f9bcffa319109\"},\"headline\":\"Journ\u00e9e de repos du 20 ao\u00fbt : la Coop\u00e9rative Jeunesse, R\u00e9nov\u2019Positif et Jardins (ou)verts \u00e0 Rennes\",\"datePublished\":\"2016-08-20T17:30:48+00:00\",\"dateModified\":\"2019-09-13T17:14:27+00:00\",\"mainEntityOfPage\":{\"@id\":\"https:\\\/\\\/www.altercampagne.net\\\/?p=5921\"},\"wordCount\":616,\"image\":{\"@id\":\"https:\\\/\\\/www.altercampagne.net\\\/?p=5921#primaryimage\"},\"thumbnailUrl\":\"https:\\\/\\\/www.altercampagne.net\\\/wp-content\\\/uploads\\\/2016\\\/08\\\/2016-08-20_11.00.jpg\",\"keywords\":[\"bretagne\",\"Rennes\",\"AlterTour 2016\",\"ille et vilaine\",\"2016\",\"Coop\u00e9rative Jeunesse\",\"R\u00e9nov\u2019Positif\",\"Jardins (ou)verts\",\"alterjournaliste\",\"accueillant\",\"accueillant2016\",\"accueillant 2016\",\"AlterTour2016\"],\"articleSection\":[\"Bretagne\",\"\u00c9dition 2016\",\"Habitat\"],\"inLanguage\":\"fr-FR\"},{\"@type\":\"WebPage\",\"@id\":\"https:\\\/\\\/www.altercampagne.net\\\/?p=5921\",\"url\":\"https:\\\/\\\/www.altercampagne.net\\\/?p=5921\",\"name\":\"Journ\u00e9e de repos du 20 ao\u00fbt : la Coop\u00e9rative Jeunesse, R\u00e9nov\u2019Positif et Jardins (ou)verts \u00e0 Rennes - AlterTour\",\"isPartOf\":{\"@id\":\"https:\\\/\\\/www.altercampagne.net\\\/#website\"},\"primaryImageOfPage\":{\"@id\":\"https:\\\/\\\/www.altercampagne.net\\\/?p=5921#primaryimage\"},\"image\":{\"@id\":\"https:\\\/\\\/www.altercampagne.net\\\/?p=5921#primaryimage\"},\"thumbnailUrl\":\"https:\\\/\\\/www.altercampagne.net\\\/wp-content\\\/uploads\\\/2016\\\/08\\\/2016-08-20_11.00.jpg\",\"datePublished\":\"2016-08-20T17:30:48+00:00\",\"dateModified\":\"2019-09-13T17:14:27+00:00\",\"author\":{\"@id\":\"https:\\\/\\\/www.altercampagne.net\\\/#\\\/schema\\\/person\\\/0f261460c09e430caa0f9bcffa319109\"},\"breadcrumb\":{\"@id\":\"https:\\\/\\\/www.altercampagne.net\\\/?p=5921#breadcrumb\"},\"inLanguage\":\"fr-FR\",\"potentialAction\":[{\"@type\":\"ReadAction\",\"target\":[\"https:\\\/\\\/www.altercampagne.net\\\/?p=5921\"]}]},{\"@type\":\"ImageObject\",\"inLanguage\":\"fr-FR\",\"@id\":\"https:\\\/\\\/www.altercampagne.net\\\/?p=5921#primaryimage\",\"url\":\"https:\\\/\\\/www.altercampagne.net\\\/wp-content\\\/uploads\\\/2016\\\/08\\\/2016-08-20_11.00.jpg\",\"contentUrl\":\"https:\\\/\\\/www.altercampagne.net\\\/wp-content\\\/uploads\\\/2016\\\/08\\\/2016-08-20_11.00.jpg\",\"width\":902,\"height\":472},{\"@type\":\"BreadcrumbList\",\"@id\":\"https:\\\/\\\/www.altercampagne.net\\\/?p=5921#breadcrumb\",\"itemListElement\":[{\"@type\":\"ListItem\",\"position\":1,\"name\":\"Accueil\",\"item\":\"https:\\\/\\\/www.altercampagne.net\\\/\"},{\"@type\":\"ListItem\",\"position\":2,\"name\":\"Journ\u00e9e de repos du 20 ao\u00fbt : la Coop\u00e9rative Jeunesse, R\u00e9nov\u2019Positif et Jardins (ou)verts \u00e0 Rennes\"}]},{\"@type\":\"WebSite\",\"@id\":\"https:\\\/\\\/www.altercampagne.net\\\/#website\",\"url\":\"https:\\\/\\\/www.altercampagne.net\\\/\",\"name\":\"AlterTour\",\"description\":\"Reliez les Alternatives \u00e0 v\u00e9lo\",\"potentialAction\":[{\"@type\":\"SearchAction\",\"target\":{\"@type\":\"EntryPoint\",\"urlTemplate\":\"https:\\\/\\\/www.altercampagne.net\\\/?s={search_term_string}\"},\"query-input\":{\"@type\":\"PropertyValueSpecification\",\"valueRequired\":true,\"valueName\":\"search_term_string\"}}],\"inLanguage\":\"fr-FR\"},{\"@type\":\"Person\",\"@id\":\"https:\\\/\\\/www.altercampagne.net\\\/#\\\/schema\\\/person\\\/0f261460c09e430caa0f9bcffa319109\",\"name\":\"Mathieu\",\"image\":{\"@type\":\"ImageObject\",\"inLanguage\":\"fr-FR\",\"@id\":\"https:\\\/\\\/secure.gravatar.com\\\/avatar\\\/aa9d3d24c83f2141e5e2709d0f63d09a99f6be6bb7a50abc4915838d9f54501a?s=96&d=mm&r=g\",\"url\":\"https:\\\/\\\/secure.gravatar.com\\\/avatar\\\/aa9d3d24c83f2141e5e2709d0f63d09a99f6be6bb7a50abc4915838d9f54501a?s=96&d=mm&r=g\",\"contentUrl\":\"https:\\\/\\\/secure.gravatar.com\\\/avatar\\\/aa9d3d24c83f2141e5e2709d0f63d09a99f6be6bb7a50abc4915838d9f54501a?s=96&d=mm&r=g\",\"caption\":\"Mathieu\"},\"url\":\"https:\\\/\\\/www.altercampagne.net\\\/?author=214\"}]}<\/script>\n<!-- \/ Yoast SEO plugin. -->","yoast_head_json":{"title":"Journ\u00e9e de repos du 20 ao\u00fbt : la Coop\u00e9rative Jeunesse, R\u00e9nov\u2019Positif et Jardins (ou)verts \u00e0 Rennes - AlterTour","robots":{"index":"index","follow":"follow","max-snippet":"max-snippet:-1","max-image-preview":"max-image-preview:large","max-video-preview":"max-video-preview:-1"},"canonical":"https:\/\/www.altercampagne.net\/?p=5921","og_locale":"fr_FR","og_type":"article","og_title":"Journ\u00e9e de repos du 20 ao\u00fbt : la Coop\u00e9rative Jeunesse, R\u00e9nov\u2019Positif et Jardins (ou)verts \u00e0 Rennes - AlterTour","og_description":"Les jeunes coop\u00e8rent pour leurs jobs d\u2019\u00e9t\u00e9 Initi\u00e9es en 1988 au Qu\u00e9bec, les coop\u00e9ratives jeunesse de service (CJS), ont \u00e9t\u00e9 exp\u00e9riment\u00e9es en Bretagne d\u00e8s 2013. C\u2019est une mani\u00e8re pour les jeunes de 16 \u00e0 19 ans d\u2019exp\u00e9rimenter la gestion et le travail collectif. L\u2019action jeunesse n\u2019est plus uniquement assimil\u00e9e au ... Read More","og_url":"https:\/\/www.altercampagne.net\/?p=5921","og_site_name":"AlterTour","article_published_time":"2016-08-20T17:30:48+00:00","article_modified_time":"2019-09-13T17:14:27+00:00","og_image":[{"width":902,"height":472,"url":"https:\/\/www.altercampagne.net\/wp-content\/uploads\/2016\/08\/2016-08-20_11.00.jpg","type":"image\/jpeg"}],"author":"Mathieu","twitter_card":"summary_large_image","twitter_misc":{"\u00c9crit par":"Mathieu","Dur\u00e9e de lecture estim\u00e9e":"3 minutes"},"schema":{"@context":"https:\/\/schema.org","@graph":[{"@type":"Article","@id":"https:\/\/www.altercampagne.net\/?p=5921#article","isPartOf":{"@id":"https:\/\/www.altercampagne.net\/?p=5921"},"author":{"name":"Mathieu","@id":"https:\/\/www.altercampagne.net\/#\/schema\/person\/0f261460c09e430caa0f9bcffa319109"},"headline":"Journ\u00e9e de repos du 20 ao\u00fbt : la Coop\u00e9rative Jeunesse, R\u00e9nov\u2019Positif et Jardins (ou)verts \u00e0 Rennes","datePublished":"2016-08-20T17:30:48+00:00","dateModified":"2019-09-13T17:14:27+00:00","mainEntityOfPage":{"@id":"https:\/\/www.altercampagne.net\/?p=5921"},"wordCount":616,"image":{"@id":"https:\/\/www.altercampagne.net\/?p=5921#primaryimage"},"thumbnailUrl":"https:\/\/www.altercampagne.net\/wp-content\/uploads\/2016\/08\/2016-08-20_11.00.jpg","keywords":["bretagne","Rennes","AlterTour 2016","ille et vilaine","2016","Coop\u00e9rative Jeunesse","R\u00e9nov\u2019Positif","Jardins (ou)verts","alterjournaliste","accueillant","accueillant2016","accueillant 2016","AlterTour2016"],"articleSection":["Bretagne","\u00c9dition 2016","Habitat"],"inLanguage":"fr-FR"},{"@type":"WebPage","@id":"https:\/\/www.altercampagne.net\/?p=5921","url":"https:\/\/www.altercampagne.net\/?p=5921","name":"Journ\u00e9e de repos du 20 ao\u00fbt : la Coop\u00e9rative Jeunesse, R\u00e9nov\u2019Positif et Jardins (ou)verts \u00e0 Rennes - AlterTour","isPartOf":{"@id":"https:\/\/www.altercampagne.net\/#website"},"primaryImageOfPage":{"@id":"https:\/\/www.altercampagne.net\/?p=5921#primaryimage"},"image":{"@id":"https:\/\/www.altercampagne.net\/?p=5921#primaryimage"},"thumbnailUrl":"https:\/\/www.altercampagne.net\/wp-content\/uploads\/2016\/08\/2016-08-20_11.00.jpg","datePublished":"2016-08-20T17:30:48+00:00","dateModified":"2019-09-13T17:14:27+00:00","author":{"@id":"https:\/\/www.altercampagne.net\/#\/schema\/person\/0f261460c09e430caa0f9bcffa319109"},"breadcrumb":{"@id":"https:\/\/www.altercampagne.net\/?p=5921#breadcrumb"},"inLanguage":"fr-FR","potentialAction":[{"@type":"ReadAction","target":["https:\/\/www.altercampagne.net\/?p=5921"]}]},{"@type":"ImageObject","inLanguage":"fr-FR","@id":"https:\/\/www.altercampagne.net\/?p=5921#primaryimage","url":"https:\/\/www.altercampagne.net\/wp-content\/uploads\/2016\/08\/2016-08-20_11.00.jpg","contentUrl":"https:\/\/www.altercampagne.net\/wp-content\/uploads\/2016\/08\/2016-08-20_11.00.jpg","width":902,"height":472},{"@type":"BreadcrumbList","@id":"https:\/\/www.altercampagne.net\/?p=5921#breadcrumb","itemListElement":[{"@type":"ListItem","position":1,"name":"Accueil","item":"https:\/\/www.altercampagne.net\/"},{"@type":"ListItem","position":2,"name":"Journ\u00e9e de repos du 20 ao\u00fbt : la Coop\u00e9rative Jeunesse, R\u00e9nov\u2019Positif et Jardins (ou)verts \u00e0 Rennes"}]},{"@type":"WebSite","@id":"https:\/\/www.altercampagne.net\/#website","url":"https:\/\/www.altercampagne.net\/","name":"AlterTour","description":"Reliez les Alternatives \u00e0 v\u00e9lo","potentialAction":[{"@type":"SearchAction","target":{"@type":"EntryPoint","urlTemplate":"https:\/\/www.altercampagne.net\/?s={search_term_string}"},"query-input":{"@type":"PropertyValueSpecification","valueRequired":true,"valueName":"search_term_string"}}],"inLanguage":"fr-FR"},{"@type":"Person","@id":"https:\/\/www.altercampagne.net\/#\/schema\/person\/0f261460c09e430caa0f9bcffa319109","name":"Mathieu","image":{"@type":"ImageObject","inLanguage":"fr-FR","@id":"https:\/\/secure.gravatar.com\/avatar\/aa9d3d24c83f2141e5e2709d0f63d09a99f6be6bb7a50abc4915838d9f54501a?s=96&d=mm&r=g","url":"https:\/\/secure.gravatar.com\/avatar\/aa9d3d24c83f2141e5e2709d0f63d09a99f6be6bb7a50abc4915838d9f54501a?s=96&d=mm&r=g","contentUrl":"https:\/\/secure.gravatar.com\/avatar\/aa9d3d24c83f2141e5e2709d0f63d09a99f6be6bb7a50abc4915838d9f54501a?s=96&d=mm&r=g","caption":"Mathieu"},"url":"https:\/\/www.altercampagne.net\/?author=214"}]}},"_links":{"self":[{"href":"https:\/\/www.altercampagne.net\/index.php?rest_route=\/wp\/v2\/posts\/5921","targetHints":{"allow":["GET"]}}],"collection":[{"href":"https:\/\/www.altercampagne.net\/index.php?rest_route=\/wp\/v2\/posts"}],"about":[{"href":"https:\/\/www.altercampagne.net\/index.php?rest_route=\/wp\/v2\/types\/post"}],"author":[{"embeddable":true,"href":"https:\/\/www.altercampagne.net\/index.php?rest_route=\/wp\/v2\/users\/214"}],"replies":[{"embeddable":true,"href":"https:\/\/www.altercampagne.net\/index.php?rest_route=%2Fwp%2Fv2%2Fcomments&post=5921"}],"version-history":[{"count":0,"href":"https:\/\/www.altercampagne.net\/index.php?rest_route=\/wp\/v2\/posts\/5921\/revisions"}],"wp:featuredmedia":[{"embeddable":true,"href":"https:\/\/www.altercampagne.net\/index.php?rest_route=\/wp\/v2\/media\/15564"}],"wp:attachment":[{"href":"https:\/\/www.altercampagne.net\/index.php?rest_route=%2Fwp%2Fv2%2Fmedia&parent=5921"}],"wp:term":[{"taxonomy":"category","embeddable":true,"href":"https:\/\/www.altercampagne.net\/index.php?rest_route=%2Fwp%2Fv2%2Fcategories&post=5921"},{"taxonomy":"post_tag","embeddable":true,"href":"https:\/\/www.altercampagne.net\/index.php?rest_route=%2Fwp%2Fv2%2Ftags&post=5921"}],"curies":[{"name":"wp","href":"https:\/\/api.w.org\/{rel}","templated":true}]}}