{"id":5928,"date":"2016-08-20T20:03:15","date_gmt":"2016-08-20T18:03:15","guid":{"rendered":"http:\/\/www.altercampagne.net\/?p=5928"},"modified":"2019-09-13T19:16:29","modified_gmt":"2019-09-13T17:16:29","slug":"journee-de-repos-du-20-aout-la-cartoucherie-les-ateliers-du-vent-et-data2b-a-rennes","status":"publish","type":"post","link":"https:\/\/www.altercampagne.net\/?p=5928","title":{"rendered":"Journ\u00e9e de repos du 20 ao\u00fbt : la Cartoucherie, les Ateliers du Vent et Data2b \u00e0 Rennes"},"content":{"rendered":"<p>Journ\u00e9e du 20 ao\u00fbt, parcours C<\/p>\n<p>(&#8230;.le programme de la matin\u00e9e permet \u00e0 chacun d&rsquo;opter pour l&rsquo;un ou l&rsquo;autre parcours propos\u00e9 par nos h\u00f4tes rennais)<\/p>\n<p>Le parcours C, guid\u00e9 par Annaig, urbaniste \u00e0 Rennes, nous am\u00e8ne dans un premier lieu, la Cartoucherie, situ\u00e9 \u00e0 proximit\u00e9 du nouveau \u00e9coquartier Courrouze. On se retrouve entour\u00e9 d&rsquo;un mur et d&rsquo;une enceinte en vieilles pierres dans laquelle on a construit un long abri avec tables, fauteuils et barbecue et plus loin, une passerelle . Ici, se trouvait auparavant une fabrique de munitions. \u00c9tant donn\u00e9 qu&rsquo;on y manipulait de la poudre, des &lsquo;alv\u00e9oles&rsquo; ont \u00e9t\u00e9 \u00e9rig\u00e9es pour prot\u00e9ger des explosions les habitations au pourtour (quant aux ouvriers qui travaillaient en son sein, c&rsquo;est une autre histoire !).<br \/>\nComme ce site, class\u00e9 en zone ind\u00e9termin\u00e9e pouvait se voir affubler de toute sorte d&rsquo;affectation et b\u00e2timent (une tour par exemple) et afin de le pr\u00e9server, un groupe d&rsquo;\u00e9tudiants en derni\u00e8re ann\u00e9e d&rsquo;architecture, le Bureau Cosmique, s&rsquo;y est int\u00e9ress\u00e9 pour en faire un lieu commun : un endroit que les gens peuvent s&rsquo;approprier sans cadre type. Depuis lors, la commune en assure l&rsquo;entretien et la s\u00e9curit\u00e9.<\/p>\n<p>En route pour les Ateliers du Vent, jouxtant toujours Courrouze. Fran\u00e7ois et Brigitte nous pr\u00e9sentent leur lieu (une ancienne usine Amora) et leur association, issue, il y a 20 ans, des mouvements de gr\u00e8ve. Ils sont plusieurs \u00e0 avoir mis en commun leur exp\u00e9rience sociale et militante pour d\u00e9boucher ensemble sur des projets artistiques et cr\u00e9er une aventure th\u00e9\u00e2trale, visuelle, musicale, po\u00e9tique et politique.<br \/>\nLes Ateliers du Vent constituent d&rsquo;abord un lieu de cr\u00e9ation (des grands espaces collectifs, des ateliers) le plus ouvert possible sur le quartier avec la volont\u00e9 de montrer les diff\u00e9rentes \u00e9tapes du processus cr\u00e9atif.<br \/>\nIls \u00e9tablissent aussi une programmation o\u00f9 s&rsquo;inscrit aussi le fait de prendre le temps de la rencontre et de l&rsquo;impr\u00e9vu . Enfin , leur assoc, c&rsquo;est aussi une mutualisation entre artistes : les locaux, 8 salari\u00e9s (production, diffusion, &#8230;)<br \/>\n<a href=\"http:\/\/www.lesateliersduvent.org\" target=\"_blank\" rel=\"noopener noreferrer\">http:\/\/www.lesateliersduvent.org<\/a><\/p>\n<p>Et on termine cette matin\u00e9e sur des chapeaux de roue avec Zinnya de Data2b, qui nous parle de son projet Big Cycle Data ou comment le Big Data, objet de tant de convoitises des commerciaux et marketers, peut aussi servir \u00e0 la mobilit\u00e9 douce, comme pour le syst\u00e8me de v\u00e9los en libre-service de Rennes, v\u00e9lo STAR.<\/p>\n<p style=\"text-align: right;\"><strong>Dominique<\/strong><\/p>\n","protected":false},"excerpt":{"rendered":"<p>Journ\u00e9e du 20 ao\u00fbt, parcours C (&#8230;.le programme de la matin\u00e9e permet \u00e0 chacun d&rsquo;opter pour l&rsquo;un ou l&rsquo;autre parcours propos\u00e9 par nos h\u00f4tes rennais) Le parcours C, guid\u00e9 par Annaig, urbaniste \u00e0 Rennes, nous am\u00e8ne dans un premier lieu, la Cartoucherie, situ\u00e9 \u00e0 proximit\u00e9 du nouveau \u00e9coquartier Courrouze. On &#8230; <\/p>\n<div><a href=\"https:\/\/www.altercampagne.net\/?p=5928\" class=\"more-link\">Read More<\/a><\/div>\n","protected":false},"author":214,"featured_media":15566,"comment_status":"closed","ping_status":"closed","sticky":false,"template":"","format":"standard","meta":{"footnotes":""},"categories":[3472,3459],"tags":[20,82,383,413,1652,2690,2691,2692,2693,2704,2846,2849,2850,2851],"class_list":["post-5928","post","type-post","status-publish","format-standard","has-post-thumbnail","hentry","category-bretagne","category-edition-2016","tag-bretagne","tag-rennes","tag-altertour-2016","tag-ille-et-vilaine","tag-1652","tag-cartoucherie","tag-ateliers-du-vent","tag-data2b","tag-rennes-en-commun","tag-alterjournaliste","tag-accueillant","tag-accueillant2016","tag-accueillant-2016","tag-altertour2016"],"yoast_head":"<!-- This site is optimized with the Yoast SEO plugin v27.3 - https:\/\/yoast.com\/product\/yoast-seo-wordpress\/ -->\n<title>Journ\u00e9e de repos du 20 ao\u00fbt : la Cartoucherie, les Ateliers du Vent et Data2b \u00e0 Rennes - AlterTour<\/title>\n<meta name=\"robots\" content=\"index, follow, max-snippet:-1, max-image-preview:large, max-video-preview:-1\" \/>\n<link rel=\"canonical\" href=\"https:\/\/www.altercampagne.net\/?p=5928\" \/>\n<meta property=\"og:locale\" content=\"fr_FR\" \/>\n<meta property=\"og:type\" content=\"article\" \/>\n<meta property=\"og:title\" content=\"Journ\u00e9e de repos du 20 ao\u00fbt : la Cartoucherie, les Ateliers du Vent et Data2b \u00e0 Rennes - AlterTour\" \/>\n<meta property=\"og:description\" content=\"Journ\u00e9e du 20 ao\u00fbt, parcours C (&#8230;.le programme de la matin\u00e9e permet \u00e0 chacun d&rsquo;opter pour l&rsquo;un ou l&rsquo;autre parcours propos\u00e9 par nos h\u00f4tes rennais) Le parcours C, guid\u00e9 par Annaig, urbaniste \u00e0 Rennes, nous am\u00e8ne dans un premier lieu, la Cartoucherie, situ\u00e9 \u00e0 proximit\u00e9 du nouveau \u00e9coquartier Courrouze. On ... Read More\" \/>\n<meta property=\"og:url\" content=\"https:\/\/www.altercampagne.net\/?p=5928\" \/>\n<meta property=\"og:site_name\" content=\"AlterTour\" \/>\n<meta property=\"article:published_time\" content=\"2016-08-20T18:03:15+00:00\" \/>\n<meta property=\"article:modified_time\" content=\"2019-09-13T17:16:29+00:00\" \/>\n<meta property=\"og:image\" content=\"https:\/\/www.altercampagne.net\/wp-content\/uploads\/2016\/08\/2016-08-20_11.29.jpg\" \/>\n\t<meta property=\"og:image:width\" content=\"902\" \/>\n\t<meta property=\"og:image:height\" content=\"471\" \/>\n\t<meta property=\"og:image:type\" content=\"image\/jpeg\" \/>\n<meta name=\"author\" content=\"Mathieu\" \/>\n<meta name=\"twitter:card\" content=\"summary_large_image\" \/>\n<meta name=\"twitter:label1\" content=\"\u00c9crit par\" \/>\n\t<meta name=\"twitter:data1\" content=\"Mathieu\" \/>\n\t<meta name=\"twitter:label2\" content=\"Dur\u00e9e de lecture estim\u00e9e\" \/>\n\t<meta name=\"twitter:data2\" content=\"2 minutes\" \/>\n<script type=\"application\/ld+json\" class=\"yoast-schema-graph\">{\"@context\":\"https:\\\/\\\/schema.org\",\"@graph\":[{\"@type\":\"Article\",\"@id\":\"https:\\\/\\\/www.altercampagne.net\\\/?p=5928#article\",\"isPartOf\":{\"@id\":\"https:\\\/\\\/www.altercampagne.net\\\/?p=5928\"},\"author\":{\"name\":\"Mathieu\",\"@id\":\"https:\\\/\\\/www.altercampagne.net\\\/#\\\/schema\\\/person\\\/0f261460c09e430caa0f9bcffa319109\"},\"headline\":\"Journ\u00e9e de repos du 20 ao\u00fbt : la Cartoucherie, les Ateliers du Vent et Data2b \u00e0 Rennes\",\"datePublished\":\"2016-08-20T18:03:15+00:00\",\"dateModified\":\"2019-09-13T17:16:29+00:00\",\"mainEntityOfPage\":{\"@id\":\"https:\\\/\\\/www.altercampagne.net\\\/?p=5928\"},\"wordCount\":439,\"image\":{\"@id\":\"https:\\\/\\\/www.altercampagne.net\\\/?p=5928#primaryimage\"},\"thumbnailUrl\":\"https:\\\/\\\/www.altercampagne.net\\\/wp-content\\\/uploads\\\/2016\\\/08\\\/2016-08-20_11.29.jpg\",\"keywords\":[\"bretagne\",\"Rennes\",\"AlterTour 2016\",\"ille et vilaine\",\"2016\",\"Cartoucherie\",\"Ateliers du Vent\",\"Data2b\",\"Rennes en commun\",\"alterjournaliste\",\"accueillant\",\"accueillant2016\",\"accueillant 2016\",\"AlterTour2016\"],\"articleSection\":[\"Bretagne\",\"\u00c9dition 2016\"],\"inLanguage\":\"fr-FR\"},{\"@type\":\"WebPage\",\"@id\":\"https:\\\/\\\/www.altercampagne.net\\\/?p=5928\",\"url\":\"https:\\\/\\\/www.altercampagne.net\\\/?p=5928\",\"name\":\"Journ\u00e9e de repos du 20 ao\u00fbt : la Cartoucherie, les Ateliers du Vent et Data2b \u00e0 Rennes - AlterTour\",\"isPartOf\":{\"@id\":\"https:\\\/\\\/www.altercampagne.net\\\/#website\"},\"primaryImageOfPage\":{\"@id\":\"https:\\\/\\\/www.altercampagne.net\\\/?p=5928#primaryimage\"},\"image\":{\"@id\":\"https:\\\/\\\/www.altercampagne.net\\\/?p=5928#primaryimage\"},\"thumbnailUrl\":\"https:\\\/\\\/www.altercampagne.net\\\/wp-content\\\/uploads\\\/2016\\\/08\\\/2016-08-20_11.29.jpg\",\"datePublished\":\"2016-08-20T18:03:15+00:00\",\"dateModified\":\"2019-09-13T17:16:29+00:00\",\"author\":{\"@id\":\"https:\\\/\\\/www.altercampagne.net\\\/#\\\/schema\\\/person\\\/0f261460c09e430caa0f9bcffa319109\"},\"breadcrumb\":{\"@id\":\"https:\\\/\\\/www.altercampagne.net\\\/?p=5928#breadcrumb\"},\"inLanguage\":\"fr-FR\",\"potentialAction\":[{\"@type\":\"ReadAction\",\"target\":[\"https:\\\/\\\/www.altercampagne.net\\\/?p=5928\"]}]},{\"@type\":\"ImageObject\",\"inLanguage\":\"fr-FR\",\"@id\":\"https:\\\/\\\/www.altercampagne.net\\\/?p=5928#primaryimage\",\"url\":\"https:\\\/\\\/www.altercampagne.net\\\/wp-content\\\/uploads\\\/2016\\\/08\\\/2016-08-20_11.29.jpg\",\"contentUrl\":\"https:\\\/\\\/www.altercampagne.net\\\/wp-content\\\/uploads\\\/2016\\\/08\\\/2016-08-20_11.29.jpg\",\"width\":902,\"height\":471},{\"@type\":\"BreadcrumbList\",\"@id\":\"https:\\\/\\\/www.altercampagne.net\\\/?p=5928#breadcrumb\",\"itemListElement\":[{\"@type\":\"ListItem\",\"position\":1,\"name\":\"Accueil\",\"item\":\"https:\\\/\\\/www.altercampagne.net\\\/\"},{\"@type\":\"ListItem\",\"position\":2,\"name\":\"Journ\u00e9e de repos du 20 ao\u00fbt : la Cartoucherie, les Ateliers du Vent et Data2b \u00e0 Rennes\"}]},{\"@type\":\"WebSite\",\"@id\":\"https:\\\/\\\/www.altercampagne.net\\\/#website\",\"url\":\"https:\\\/\\\/www.altercampagne.net\\\/\",\"name\":\"AlterTour\",\"description\":\"Reliez les Alternatives \u00e0 v\u00e9lo\",\"potentialAction\":[{\"@type\":\"SearchAction\",\"target\":{\"@type\":\"EntryPoint\",\"urlTemplate\":\"https:\\\/\\\/www.altercampagne.net\\\/?s={search_term_string}\"},\"query-input\":{\"@type\":\"PropertyValueSpecification\",\"valueRequired\":true,\"valueName\":\"search_term_string\"}}],\"inLanguage\":\"fr-FR\"},{\"@type\":\"Person\",\"@id\":\"https:\\\/\\\/www.altercampagne.net\\\/#\\\/schema\\\/person\\\/0f261460c09e430caa0f9bcffa319109\",\"name\":\"Mathieu\",\"image\":{\"@type\":\"ImageObject\",\"inLanguage\":\"fr-FR\",\"@id\":\"https:\\\/\\\/secure.gravatar.com\\\/avatar\\\/aa9d3d24c83f2141e5e2709d0f63d09a99f6be6bb7a50abc4915838d9f54501a?s=96&d=mm&r=g\",\"url\":\"https:\\\/\\\/secure.gravatar.com\\\/avatar\\\/aa9d3d24c83f2141e5e2709d0f63d09a99f6be6bb7a50abc4915838d9f54501a?s=96&d=mm&r=g\",\"contentUrl\":\"https:\\\/\\\/secure.gravatar.com\\\/avatar\\\/aa9d3d24c83f2141e5e2709d0f63d09a99f6be6bb7a50abc4915838d9f54501a?s=96&d=mm&r=g\",\"caption\":\"Mathieu\"},\"url\":\"https:\\\/\\\/www.altercampagne.net\\\/?author=214\"}]}<\/script>\n<!-- \/ Yoast SEO plugin. -->","yoast_head_json":{"title":"Journ\u00e9e de repos du 20 ao\u00fbt : la Cartoucherie, les Ateliers du Vent et Data2b \u00e0 Rennes - AlterTour","robots":{"index":"index","follow":"follow","max-snippet":"max-snippet:-1","max-image-preview":"max-image-preview:large","max-video-preview":"max-video-preview:-1"},"canonical":"https:\/\/www.altercampagne.net\/?p=5928","og_locale":"fr_FR","og_type":"article","og_title":"Journ\u00e9e de repos du 20 ao\u00fbt : la Cartoucherie, les Ateliers du Vent et Data2b \u00e0 Rennes - AlterTour","og_description":"Journ\u00e9e du 20 ao\u00fbt, parcours C (&#8230;.le programme de la matin\u00e9e permet \u00e0 chacun d&rsquo;opter pour l&rsquo;un ou l&rsquo;autre parcours propos\u00e9 par nos h\u00f4tes rennais) Le parcours C, guid\u00e9 par Annaig, urbaniste \u00e0 Rennes, nous am\u00e8ne dans un premier lieu, la Cartoucherie, situ\u00e9 \u00e0 proximit\u00e9 du nouveau \u00e9coquartier Courrouze. On ... Read More","og_url":"https:\/\/www.altercampagne.net\/?p=5928","og_site_name":"AlterTour","article_published_time":"2016-08-20T18:03:15+00:00","article_modified_time":"2019-09-13T17:16:29+00:00","og_image":[{"width":902,"height":471,"url":"https:\/\/www.altercampagne.net\/wp-content\/uploads\/2016\/08\/2016-08-20_11.29.jpg","type":"image\/jpeg"}],"author":"Mathieu","twitter_card":"summary_large_image","twitter_misc":{"\u00c9crit par":"Mathieu","Dur\u00e9e de lecture estim\u00e9e":"2 minutes"},"schema":{"@context":"https:\/\/schema.org","@graph":[{"@type":"Article","@id":"https:\/\/www.altercampagne.net\/?p=5928#article","isPartOf":{"@id":"https:\/\/www.altercampagne.net\/?p=5928"},"author":{"name":"Mathieu","@id":"https:\/\/www.altercampagne.net\/#\/schema\/person\/0f261460c09e430caa0f9bcffa319109"},"headline":"Journ\u00e9e de repos du 20 ao\u00fbt : la Cartoucherie, les Ateliers du Vent et Data2b \u00e0 Rennes","datePublished":"2016-08-20T18:03:15+00:00","dateModified":"2019-09-13T17:16:29+00:00","mainEntityOfPage":{"@id":"https:\/\/www.altercampagne.net\/?p=5928"},"wordCount":439,"image":{"@id":"https:\/\/www.altercampagne.net\/?p=5928#primaryimage"},"thumbnailUrl":"https:\/\/www.altercampagne.net\/wp-content\/uploads\/2016\/08\/2016-08-20_11.29.jpg","keywords":["bretagne","Rennes","AlterTour 2016","ille et vilaine","2016","Cartoucherie","Ateliers du Vent","Data2b","Rennes en commun","alterjournaliste","accueillant","accueillant2016","accueillant 2016","AlterTour2016"],"articleSection":["Bretagne","\u00c9dition 2016"],"inLanguage":"fr-FR"},{"@type":"WebPage","@id":"https:\/\/www.altercampagne.net\/?p=5928","url":"https:\/\/www.altercampagne.net\/?p=5928","name":"Journ\u00e9e de repos du 20 ao\u00fbt : la Cartoucherie, les Ateliers du Vent et Data2b \u00e0 Rennes - AlterTour","isPartOf":{"@id":"https:\/\/www.altercampagne.net\/#website"},"primaryImageOfPage":{"@id":"https:\/\/www.altercampagne.net\/?p=5928#primaryimage"},"image":{"@id":"https:\/\/www.altercampagne.net\/?p=5928#primaryimage"},"thumbnailUrl":"https:\/\/www.altercampagne.net\/wp-content\/uploads\/2016\/08\/2016-08-20_11.29.jpg","datePublished":"2016-08-20T18:03:15+00:00","dateModified":"2019-09-13T17:16:29+00:00","author":{"@id":"https:\/\/www.altercampagne.net\/#\/schema\/person\/0f261460c09e430caa0f9bcffa319109"},"breadcrumb":{"@id":"https:\/\/www.altercampagne.net\/?p=5928#breadcrumb"},"inLanguage":"fr-FR","potentialAction":[{"@type":"ReadAction","target":["https:\/\/www.altercampagne.net\/?p=5928"]}]},{"@type":"ImageObject","inLanguage":"fr-FR","@id":"https:\/\/www.altercampagne.net\/?p=5928#primaryimage","url":"https:\/\/www.altercampagne.net\/wp-content\/uploads\/2016\/08\/2016-08-20_11.29.jpg","contentUrl":"https:\/\/www.altercampagne.net\/wp-content\/uploads\/2016\/08\/2016-08-20_11.29.jpg","width":902,"height":471},{"@type":"BreadcrumbList","@id":"https:\/\/www.altercampagne.net\/?p=5928#breadcrumb","itemListElement":[{"@type":"ListItem","position":1,"name":"Accueil","item":"https:\/\/www.altercampagne.net\/"},{"@type":"ListItem","position":2,"name":"Journ\u00e9e de repos du 20 ao\u00fbt : la Cartoucherie, les Ateliers du Vent et Data2b \u00e0 Rennes"}]},{"@type":"WebSite","@id":"https:\/\/www.altercampagne.net\/#website","url":"https:\/\/www.altercampagne.net\/","name":"AlterTour","description":"Reliez les Alternatives \u00e0 v\u00e9lo","potentialAction":[{"@type":"SearchAction","target":{"@type":"EntryPoint","urlTemplate":"https:\/\/www.altercampagne.net\/?s={search_term_string}"},"query-input":{"@type":"PropertyValueSpecification","valueRequired":true,"valueName":"search_term_string"}}],"inLanguage":"fr-FR"},{"@type":"Person","@id":"https:\/\/www.altercampagne.net\/#\/schema\/person\/0f261460c09e430caa0f9bcffa319109","name":"Mathieu","image":{"@type":"ImageObject","inLanguage":"fr-FR","@id":"https:\/\/secure.gravatar.com\/avatar\/aa9d3d24c83f2141e5e2709d0f63d09a99f6be6bb7a50abc4915838d9f54501a?s=96&d=mm&r=g","url":"https:\/\/secure.gravatar.com\/avatar\/aa9d3d24c83f2141e5e2709d0f63d09a99f6be6bb7a50abc4915838d9f54501a?s=96&d=mm&r=g","contentUrl":"https:\/\/secure.gravatar.com\/avatar\/aa9d3d24c83f2141e5e2709d0f63d09a99f6be6bb7a50abc4915838d9f54501a?s=96&d=mm&r=g","caption":"Mathieu"},"url":"https:\/\/www.altercampagne.net\/?author=214"}]}},"_links":{"self":[{"href":"https:\/\/www.altercampagne.net\/index.php?rest_route=\/wp\/v2\/posts\/5928","targetHints":{"allow":["GET"]}}],"collection":[{"href":"https:\/\/www.altercampagne.net\/index.php?rest_route=\/wp\/v2\/posts"}],"about":[{"href":"https:\/\/www.altercampagne.net\/index.php?rest_route=\/wp\/v2\/types\/post"}],"author":[{"embeddable":true,"href":"https:\/\/www.altercampagne.net\/index.php?rest_route=\/wp\/v2\/users\/214"}],"replies":[{"embeddable":true,"href":"https:\/\/www.altercampagne.net\/index.php?rest_route=%2Fwp%2Fv2%2Fcomments&post=5928"}],"version-history":[{"count":0,"href":"https:\/\/www.altercampagne.net\/index.php?rest_route=\/wp\/v2\/posts\/5928\/revisions"}],"wp:featuredmedia":[{"embeddable":true,"href":"https:\/\/www.altercampagne.net\/index.php?rest_route=\/wp\/v2\/media\/15566"}],"wp:attachment":[{"href":"https:\/\/www.altercampagne.net\/index.php?rest_route=%2Fwp%2Fv2%2Fmedia&parent=5928"}],"wp:term":[{"taxonomy":"category","embeddable":true,"href":"https:\/\/www.altercampagne.net\/index.php?rest_route=%2Fwp%2Fv2%2Fcategories&post=5928"},{"taxonomy":"post_tag","embeddable":true,"href":"https:\/\/www.altercampagne.net\/index.php?rest_route=%2Fwp%2Fv2%2Ftags&post=5928"}],"curies":[{"name":"wp","href":"https:\/\/api.w.org\/{rel}","templated":true}]}}