{"id":595,"date":"2014-10-07T11:26:17","date_gmt":"2014-10-07T09:26:17","guid":{"rendered":"http:\/\/www.altercampagne.net\/?p=595"},"modified":"2020-02-24T17:59:24","modified_gmt":"2020-02-24T16:59:24","slug":"la-1ere-reunion-de-preparation-de-laltertour-2015-aura-lieu-a-paris-les-18-et-19-octobre-2014","status":"publish","type":"post","link":"https:\/\/www.altercampagne.net\/?p=595","title":{"rendered":"La 1\u00e8re r\u00e9union de pr\u00e9paration de l&rsquo;AlterTour 2015 aura lieu \u00e0 Paris les 18 et 19 octobre 2014"},"content":{"rendered":"<p class=\"Style271 Style138 Style152\" align=\"justify\"><a href=\"http:\/\/www.altercampagne.net\/wp-content\/uploads\/2015\/02\/reunions.jpg\"><img loading=\"lazy\" decoding=\"async\" class=\"alignnone size-full wp-image-596\" src=\"http:\/\/www.altercampagne.net\/wp-content\/uploads\/2015\/02\/reunions.jpg\" alt=\"reunions\" width=\"900\" height=\"211\" srcset=\"https:\/\/www.altercampagne.net\/wp-content\/uploads\/2015\/02\/reunions.jpg 900w, https:\/\/www.altercampagne.net\/wp-content\/uploads\/2015\/02\/reunions-300x70.jpg 300w\" sizes=\"auto, (max-width: 900px) 100vw, 900px\" \/><\/a><\/p>\n<p class=\"Style271 Style138 Style152\" align=\"justify\"><strong>SAMEDI<\/strong><\/p>\n<p class=\"Style271 Style138 Style152\" align=\"justify\">Accueil \/ caf\u00e9 \/ retrouvailles \u00e0 partir de 9h et d\u00e9but de la r\u00e9union \u00e0 9h30<\/p>\n<p class=\"Style271 Style138 Style152\" align=\"justify\">Matin\u00e9e :<\/p>\n<p class=\"Style271 Style138 Style152\" align=\"justify\">&#8211; D\u00e9couvrir les modalit\u00e9s d&rsquo;engagement dans l&rsquo;AlterTour et tous les outils utilis\u00e9s pour l&rsquo;orga<br \/>\n&#8211; Bilan de l\u2019AlterTour 2014<\/p>\n<p class=\"Style271 Style138 Style152\" align=\"justify\">Midi : repas partag\u00e9 (chacun am\u00e8ne une part)<\/p>\n<p class=\"Style271 Style138 Style152\" align=\"justify\">Apr\u00e8s-midi :<\/p>\n<p class=\"Style271 Style138 Style152\" align=\"justify\">&#8211; Bilan des commissions<br \/>\n&#8211; Bilan de l\u2019orga 2014<br \/>\n&#8211; Quelle organisation et fonctionnement dans l&rsquo;ann\u00e9e ?<\/p>\n<p class=\"Style271 Style138 Style152\" align=\"justify\">Soir\u00e9e : repas partag\u00e9, puis soir\u00e9e<\/p>\n<p class=\"Style271 Style138 Style152\" align=\"justify\"><strong>DIMANCHE<\/strong><\/p>\n<p class=\"Style271 Style138 Style152\" align=\"justify\">Matin\u00e9e (d\u00e8s 9h30) :<\/p>\n<p class=\"Style271 Style138 Style152\" align=\"justify\">&#8211; Propositions pour 2015 : R\u00e9gions travers\u00e9es \/ th\u00e8me<br \/>\n&#8211; R\u00e9partition des t\u00e2ches<\/p>\n<p class=\"Style271 Style138 Style152\" align=\"justify\">Midi : repas partag\u00e9<\/p>\n<p class=\"Style271 Style138 Style152\" align=\"justify\">Apr\u00e8s-midi : Logistique \/ Communication \/ Finances<\/p>\n<p class=\"Style271 Style138 Style152\" align=\"justify\"><strong>INFOS PRATIQUES<\/strong><\/p>\n<p class=\"Style271 Style138 Style152\" align=\"justify\"><strong>Lieu<\/strong> : Les Marmites Volantes : 69 Rue Armand Carrel &#8211; 75019 Paris<br \/>\nM\u00e9tro Jaur\u00e8s (Lignes 2, 5 et 7bis)<br \/>\n<a href=\"https:\/\/www.google.fr\/maps\/place\/69+Rue+Armand+Carrel,+75019+Paris\/@48.8829123,2.3734455,17z\/data=%213m1%214b1%214m2%213m1%211s0x47e66dd905c6cd8b:0x951b9a30bc3bdeca\" target=\"_blank\" rel=\"noopener noreferrer\">Plan ici <\/a><\/p>\n<p class=\"Style271 Style138 Style152\" align=\"justify\"><strong>Num\u00e9ros utiles<\/strong> : Marmites Volantes : 09 51 66 72 22 ou Marie : 06 64 88 69 64 ou Mathieu 06 77 59 30 92<\/p>\n<p class=\"Style271 Style138 Style152\" align=\"justify\">Rappel \/ n&rsquo;oubliez pas que les repas sont partag\u00e9s :<br \/>\n&gt; Pensez \u00e0 apporter de quoi manger pour samedi midi + soir et dimanche midi<br \/>\n&gt; Caf\u00e9 \/ th\u00e9 \/ sucre pour ceux qui peuvent<\/p>\n","protected":false},"excerpt":{"rendered":"<p>SAMEDI Accueil \/ caf\u00e9 \/ retrouvailles \u00e0 partir de 9h et d\u00e9but de la r\u00e9union \u00e0 9h30 Matin\u00e9e : &#8211; D\u00e9couvrir les modalit\u00e9s d&rsquo;engagement dans l&rsquo;AlterTour et tous les outils utilis\u00e9s pour l&rsquo;orga &#8211; Bilan de l\u2019AlterTour 2014 Midi : repas partag\u00e9 (chacun am\u00e8ne une part) Apr\u00e8s-midi : &#8211; Bilan &#8230; <\/p>\n<div><a href=\"https:\/\/www.altercampagne.net\/?p=595\" class=\"more-link\">Read More<\/a><\/div>\n","protected":false},"author":214,"featured_media":0,"comment_status":"closed","ping_status":"closed","sticky":false,"template":"","format":"standard","meta":{"footnotes":""},"categories":[3539],"tags":[68,69,74,75,76,192],"class_list":["post-595","post","type-post","status-publish","format-standard","hentry","category-we-de-preparation","tag-paris","tag-1ere-pleniere","tag-octobre","tag-marmitesz-volantes","tag-bilan-2014","tag-altertour-2015","no-post-thumbnail"],"yoast_head":"<!-- This site is optimized with the Yoast SEO plugin v27.3 - https:\/\/yoast.com\/product\/yoast-seo-wordpress\/ -->\n<title>La 1\u00e8re r\u00e9union de pr\u00e9paration de l&#039;AlterTour 2015 aura lieu \u00e0 Paris les 18 et 19 octobre 2014 - AlterTour<\/title>\n<meta name=\"robots\" content=\"index, follow, max-snippet:-1, max-image-preview:large, max-video-preview:-1\" \/>\n<link rel=\"canonical\" href=\"https:\/\/www.altercampagne.net\/?p=595\" \/>\n<meta property=\"og:locale\" content=\"fr_FR\" \/>\n<meta property=\"og:type\" content=\"article\" \/>\n<meta property=\"og:title\" content=\"La 1\u00e8re r\u00e9union de pr\u00e9paration de l&#039;AlterTour 2015 aura lieu \u00e0 Paris les 18 et 19 octobre 2014 - AlterTour\" \/>\n<meta property=\"og:description\" content=\"SAMEDI Accueil \/ caf\u00e9 \/ retrouvailles \u00e0 partir de 9h et d\u00e9but de la r\u00e9union \u00e0 9h30 Matin\u00e9e : &#8211; D\u00e9couvrir les modalit\u00e9s d&rsquo;engagement dans l&rsquo;AlterTour et tous les outils utilis\u00e9s pour l&rsquo;orga &#8211; Bilan de l\u2019AlterTour 2014 Midi : repas partag\u00e9 (chacun am\u00e8ne une part) Apr\u00e8s-midi : &#8211; Bilan ... Read More\" \/>\n<meta property=\"og:url\" content=\"https:\/\/www.altercampagne.net\/?p=595\" \/>\n<meta property=\"og:site_name\" content=\"AlterTour\" \/>\n<meta property=\"article:published_time\" content=\"2014-10-07T09:26:17+00:00\" \/>\n<meta property=\"article:modified_time\" content=\"2020-02-24T16:59:24+00:00\" \/>\n<meta property=\"og:image\" content=\"http:\/\/www.altercampagne.net\/wp-content\/uploads\/2015\/02\/reunions.jpg\" \/>\n<meta name=\"author\" content=\"Mathieu\" \/>\n<meta name=\"twitter:card\" content=\"summary_large_image\" \/>\n<meta name=\"twitter:label1\" content=\"\u00c9crit par\" \/>\n\t<meta name=\"twitter:data1\" content=\"Mathieu\" \/>\n\t<meta name=\"twitter:label2\" content=\"Dur\u00e9e de lecture estim\u00e9e\" \/>\n\t<meta name=\"twitter:data2\" content=\"1 minute\" \/>\n<script type=\"application\/ld+json\" class=\"yoast-schema-graph\">{\"@context\":\"https:\\\/\\\/schema.org\",\"@graph\":[{\"@type\":\"Article\",\"@id\":\"https:\\\/\\\/www.altercampagne.net\\\/?p=595#article\",\"isPartOf\":{\"@id\":\"https:\\\/\\\/www.altercampagne.net\\\/?p=595\"},\"author\":{\"name\":\"Mathieu\",\"@id\":\"https:\\\/\\\/www.altercampagne.net\\\/#\\\/schema\\\/person\\\/0f261460c09e430caa0f9bcffa319109\"},\"headline\":\"La 1\u00e8re r\u00e9union de pr\u00e9paration de l&rsquo;AlterTour 2015 aura lieu \u00e0 Paris les 18 et 19 octobre 2014\",\"datePublished\":\"2014-10-07T09:26:17+00:00\",\"dateModified\":\"2020-02-24T16:59:24+00:00\",\"mainEntityOfPage\":{\"@id\":\"https:\\\/\\\/www.altercampagne.net\\\/?p=595\"},\"wordCount\":182,\"image\":{\"@id\":\"https:\\\/\\\/www.altercampagne.net\\\/?p=595#primaryimage\"},\"thumbnailUrl\":\"http:\\\/\\\/www.altercampagne.net\\\/wp-content\\\/uploads\\\/2015\\\/02\\\/reunions.jpg\",\"keywords\":[\"paris\",\"1\u00e8re pl\u00e9ni\u00e8re\",\"octobre\",\"marmitesz volantes\",\"bilan 2014\",\"AlterTour 2015\"],\"articleSection\":[\"WE de pr\u00e9paration\"],\"inLanguage\":\"fr-FR\"},{\"@type\":\"WebPage\",\"@id\":\"https:\\\/\\\/www.altercampagne.net\\\/?p=595\",\"url\":\"https:\\\/\\\/www.altercampagne.net\\\/?p=595\",\"name\":\"La 1\u00e8re r\u00e9union de pr\u00e9paration de l'AlterTour 2015 aura lieu \u00e0 Paris les 18 et 19 octobre 2014 - AlterTour\",\"isPartOf\":{\"@id\":\"https:\\\/\\\/www.altercampagne.net\\\/#website\"},\"primaryImageOfPage\":{\"@id\":\"https:\\\/\\\/www.altercampagne.net\\\/?p=595#primaryimage\"},\"image\":{\"@id\":\"https:\\\/\\\/www.altercampagne.net\\\/?p=595#primaryimage\"},\"thumbnailUrl\":\"http:\\\/\\\/www.altercampagne.net\\\/wp-content\\\/uploads\\\/2015\\\/02\\\/reunions.jpg\",\"datePublished\":\"2014-10-07T09:26:17+00:00\",\"dateModified\":\"2020-02-24T16:59:24+00:00\",\"author\":{\"@id\":\"https:\\\/\\\/www.altercampagne.net\\\/#\\\/schema\\\/person\\\/0f261460c09e430caa0f9bcffa319109\"},\"breadcrumb\":{\"@id\":\"https:\\\/\\\/www.altercampagne.net\\\/?p=595#breadcrumb\"},\"inLanguage\":\"fr-FR\",\"potentialAction\":[{\"@type\":\"ReadAction\",\"target\":[\"https:\\\/\\\/www.altercampagne.net\\\/?p=595\"]}]},{\"@type\":\"ImageObject\",\"inLanguage\":\"fr-FR\",\"@id\":\"https:\\\/\\\/www.altercampagne.net\\\/?p=595#primaryimage\",\"url\":\"http:\\\/\\\/www.altercampagne.net\\\/wp-content\\\/uploads\\\/2015\\\/02\\\/reunions.jpg\",\"contentUrl\":\"http:\\\/\\\/www.altercampagne.net\\\/wp-content\\\/uploads\\\/2015\\\/02\\\/reunions.jpg\"},{\"@type\":\"BreadcrumbList\",\"@id\":\"https:\\\/\\\/www.altercampagne.net\\\/?p=595#breadcrumb\",\"itemListElement\":[{\"@type\":\"ListItem\",\"position\":1,\"name\":\"Accueil\",\"item\":\"https:\\\/\\\/www.altercampagne.net\\\/\"},{\"@type\":\"ListItem\",\"position\":2,\"name\":\"La 1\u00e8re r\u00e9union de pr\u00e9paration de l&rsquo;AlterTour 2015 aura lieu \u00e0 Paris les 18 et 19 octobre 2014\"}]},{\"@type\":\"WebSite\",\"@id\":\"https:\\\/\\\/www.altercampagne.net\\\/#website\",\"url\":\"https:\\\/\\\/www.altercampagne.net\\\/\",\"name\":\"AlterTour\",\"description\":\"Reliez les Alternatives \u00e0 v\u00e9lo\",\"potentialAction\":[{\"@type\":\"SearchAction\",\"target\":{\"@type\":\"EntryPoint\",\"urlTemplate\":\"https:\\\/\\\/www.altercampagne.net\\\/?s={search_term_string}\"},\"query-input\":{\"@type\":\"PropertyValueSpecification\",\"valueRequired\":true,\"valueName\":\"search_term_string\"}}],\"inLanguage\":\"fr-FR\"},{\"@type\":\"Person\",\"@id\":\"https:\\\/\\\/www.altercampagne.net\\\/#\\\/schema\\\/person\\\/0f261460c09e430caa0f9bcffa319109\",\"name\":\"Mathieu\",\"image\":{\"@type\":\"ImageObject\",\"inLanguage\":\"fr-FR\",\"@id\":\"https:\\\/\\\/secure.gravatar.com\\\/avatar\\\/aa9d3d24c83f2141e5e2709d0f63d09a99f6be6bb7a50abc4915838d9f54501a?s=96&d=mm&r=g\",\"url\":\"https:\\\/\\\/secure.gravatar.com\\\/avatar\\\/aa9d3d24c83f2141e5e2709d0f63d09a99f6be6bb7a50abc4915838d9f54501a?s=96&d=mm&r=g\",\"contentUrl\":\"https:\\\/\\\/secure.gravatar.com\\\/avatar\\\/aa9d3d24c83f2141e5e2709d0f63d09a99f6be6bb7a50abc4915838d9f54501a?s=96&d=mm&r=g\",\"caption\":\"Mathieu\"},\"url\":\"https:\\\/\\\/www.altercampagne.net\\\/?author=214\"}]}<\/script>\n<!-- \/ Yoast SEO plugin. -->","yoast_head_json":{"title":"La 1\u00e8re r\u00e9union de pr\u00e9paration de l'AlterTour 2015 aura lieu \u00e0 Paris les 18 et 19 octobre 2014 - AlterTour","robots":{"index":"index","follow":"follow","max-snippet":"max-snippet:-1","max-image-preview":"max-image-preview:large","max-video-preview":"max-video-preview:-1"},"canonical":"https:\/\/www.altercampagne.net\/?p=595","og_locale":"fr_FR","og_type":"article","og_title":"La 1\u00e8re r\u00e9union de pr\u00e9paration de l'AlterTour 2015 aura lieu \u00e0 Paris les 18 et 19 octobre 2014 - AlterTour","og_description":"SAMEDI Accueil \/ caf\u00e9 \/ retrouvailles \u00e0 partir de 9h et d\u00e9but de la r\u00e9union \u00e0 9h30 Matin\u00e9e : &#8211; D\u00e9couvrir les modalit\u00e9s d&rsquo;engagement dans l&rsquo;AlterTour et tous les outils utilis\u00e9s pour l&rsquo;orga &#8211; Bilan de l\u2019AlterTour 2014 Midi : repas partag\u00e9 (chacun am\u00e8ne une part) Apr\u00e8s-midi : &#8211; Bilan ... Read More","og_url":"https:\/\/www.altercampagne.net\/?p=595","og_site_name":"AlterTour","article_published_time":"2014-10-07T09:26:17+00:00","article_modified_time":"2020-02-24T16:59:24+00:00","og_image":[{"url":"http:\/\/www.altercampagne.net\/wp-content\/uploads\/2015\/02\/reunions.jpg","type":"","width":"","height":""}],"author":"Mathieu","twitter_card":"summary_large_image","twitter_misc":{"\u00c9crit par":"Mathieu","Dur\u00e9e de lecture estim\u00e9e":"1 minute"},"schema":{"@context":"https:\/\/schema.org","@graph":[{"@type":"Article","@id":"https:\/\/www.altercampagne.net\/?p=595#article","isPartOf":{"@id":"https:\/\/www.altercampagne.net\/?p=595"},"author":{"name":"Mathieu","@id":"https:\/\/www.altercampagne.net\/#\/schema\/person\/0f261460c09e430caa0f9bcffa319109"},"headline":"La 1\u00e8re r\u00e9union de pr\u00e9paration de l&rsquo;AlterTour 2015 aura lieu \u00e0 Paris les 18 et 19 octobre 2014","datePublished":"2014-10-07T09:26:17+00:00","dateModified":"2020-02-24T16:59:24+00:00","mainEntityOfPage":{"@id":"https:\/\/www.altercampagne.net\/?p=595"},"wordCount":182,"image":{"@id":"https:\/\/www.altercampagne.net\/?p=595#primaryimage"},"thumbnailUrl":"http:\/\/www.altercampagne.net\/wp-content\/uploads\/2015\/02\/reunions.jpg","keywords":["paris","1\u00e8re pl\u00e9ni\u00e8re","octobre","marmitesz volantes","bilan 2014","AlterTour 2015"],"articleSection":["WE de pr\u00e9paration"],"inLanguage":"fr-FR"},{"@type":"WebPage","@id":"https:\/\/www.altercampagne.net\/?p=595","url":"https:\/\/www.altercampagne.net\/?p=595","name":"La 1\u00e8re r\u00e9union de pr\u00e9paration de l'AlterTour 2015 aura lieu \u00e0 Paris les 18 et 19 octobre 2014 - AlterTour","isPartOf":{"@id":"https:\/\/www.altercampagne.net\/#website"},"primaryImageOfPage":{"@id":"https:\/\/www.altercampagne.net\/?p=595#primaryimage"},"image":{"@id":"https:\/\/www.altercampagne.net\/?p=595#primaryimage"},"thumbnailUrl":"http:\/\/www.altercampagne.net\/wp-content\/uploads\/2015\/02\/reunions.jpg","datePublished":"2014-10-07T09:26:17+00:00","dateModified":"2020-02-24T16:59:24+00:00","author":{"@id":"https:\/\/www.altercampagne.net\/#\/schema\/person\/0f261460c09e430caa0f9bcffa319109"},"breadcrumb":{"@id":"https:\/\/www.altercampagne.net\/?p=595#breadcrumb"},"inLanguage":"fr-FR","potentialAction":[{"@type":"ReadAction","target":["https:\/\/www.altercampagne.net\/?p=595"]}]},{"@type":"ImageObject","inLanguage":"fr-FR","@id":"https:\/\/www.altercampagne.net\/?p=595#primaryimage","url":"http:\/\/www.altercampagne.net\/wp-content\/uploads\/2015\/02\/reunions.jpg","contentUrl":"http:\/\/www.altercampagne.net\/wp-content\/uploads\/2015\/02\/reunions.jpg"},{"@type":"BreadcrumbList","@id":"https:\/\/www.altercampagne.net\/?p=595#breadcrumb","itemListElement":[{"@type":"ListItem","position":1,"name":"Accueil","item":"https:\/\/www.altercampagne.net\/"},{"@type":"ListItem","position":2,"name":"La 1\u00e8re r\u00e9union de pr\u00e9paration de l&rsquo;AlterTour 2015 aura lieu \u00e0 Paris les 18 et 19 octobre 2014"}]},{"@type":"WebSite","@id":"https:\/\/www.altercampagne.net\/#website","url":"https:\/\/www.altercampagne.net\/","name":"AlterTour","description":"Reliez les Alternatives \u00e0 v\u00e9lo","potentialAction":[{"@type":"SearchAction","target":{"@type":"EntryPoint","urlTemplate":"https:\/\/www.altercampagne.net\/?s={search_term_string}"},"query-input":{"@type":"PropertyValueSpecification","valueRequired":true,"valueName":"search_term_string"}}],"inLanguage":"fr-FR"},{"@type":"Person","@id":"https:\/\/www.altercampagne.net\/#\/schema\/person\/0f261460c09e430caa0f9bcffa319109","name":"Mathieu","image":{"@type":"ImageObject","inLanguage":"fr-FR","@id":"https:\/\/secure.gravatar.com\/avatar\/aa9d3d24c83f2141e5e2709d0f63d09a99f6be6bb7a50abc4915838d9f54501a?s=96&d=mm&r=g","url":"https:\/\/secure.gravatar.com\/avatar\/aa9d3d24c83f2141e5e2709d0f63d09a99f6be6bb7a50abc4915838d9f54501a?s=96&d=mm&r=g","contentUrl":"https:\/\/secure.gravatar.com\/avatar\/aa9d3d24c83f2141e5e2709d0f63d09a99f6be6bb7a50abc4915838d9f54501a?s=96&d=mm&r=g","caption":"Mathieu"},"url":"https:\/\/www.altercampagne.net\/?author=214"}]}},"_links":{"self":[{"href":"https:\/\/www.altercampagne.net\/index.php?rest_route=\/wp\/v2\/posts\/595","targetHints":{"allow":["GET"]}}],"collection":[{"href":"https:\/\/www.altercampagne.net\/index.php?rest_route=\/wp\/v2\/posts"}],"about":[{"href":"https:\/\/www.altercampagne.net\/index.php?rest_route=\/wp\/v2\/types\/post"}],"author":[{"embeddable":true,"href":"https:\/\/www.altercampagne.net\/index.php?rest_route=\/wp\/v2\/users\/214"}],"replies":[{"embeddable":true,"href":"https:\/\/www.altercampagne.net\/index.php?rest_route=%2Fwp%2Fv2%2Fcomments&post=595"}],"version-history":[{"count":1,"href":"https:\/\/www.altercampagne.net\/index.php?rest_route=\/wp\/v2\/posts\/595\/revisions"}],"predecessor-version":[{"id":17504,"href":"https:\/\/www.altercampagne.net\/index.php?rest_route=\/wp\/v2\/posts\/595\/revisions\/17504"}],"wp:attachment":[{"href":"https:\/\/www.altercampagne.net\/index.php?rest_route=%2Fwp%2Fv2%2Fmedia&parent=595"}],"wp:term":[{"taxonomy":"category","embeddable":true,"href":"https:\/\/www.altercampagne.net\/index.php?rest_route=%2Fwp%2Fv2%2Fcategories&post=595"},{"taxonomy":"post_tag","embeddable":true,"href":"https:\/\/www.altercampagne.net\/index.php?rest_route=%2Fwp%2Fv2%2Ftags&post=595"}],"curies":[{"name":"wp","href":"https:\/\/api.w.org\/{rel}","templated":true}]}}