{"id":5955,"date":"2016-08-18T21:18:28","date_gmt":"2016-08-18T19:18:28","guid":{"rendered":"http:\/\/www.altercampagne.net\/?p=5955"},"modified":"2019-09-13T19:07:50","modified_gmt":"2019-09-13T17:07:50","slug":"etape-du-18-aout-culture-bio-a-guichen","status":"publish","type":"post","link":"https:\/\/www.altercampagne.net\/?p=5955","title":{"rendered":"\u00c9tape du 18 ao\u00fbt : Culture Bio \u00e0 Guichen"},"content":{"rendered":"<p><img loading=\"lazy\" decoding=\"async\" class=\" alignright\" src=\"https:\/\/lh3.googleusercontent.com\/8pTAngBA34fFLY0T71lAWxKQYHrDPjZT21k6xdRTnVASPFB2S9iyF4wg4-di-grsd8Rc0tTbEfHIJNoLu0jT9Tw2lDc4GSnAEkrXDiLpy8vgcOAH1Yf2wEZsf-udS5k32TsoeJigr8IEzQserOTyzrdKL3xBy__Xy1iThrIVpWJ7h_0PqS204v9oQga3YrdubKMpOovQ9_s26kKdDmzfib5K0esoU1jiC5DiFjH_RJLjmSMXI8Ye62Xq0uo54RbuztM5I7Xz7tv44KOjaCaO-UKe8aIulZ9IPt-GuwsV2M8aoG269dPFDI7lrOCq_1AZh6OirQ3wa3nHwYCaMZ3w3za8AjslRr7j2R7osgyLVSE0B41ENwxyEF93ooi2pBQLFpwlcL6TrSJqGdsbZrq1MXYWkm_izrI7arEuTkq9gf6L5-axqJMWbLbA3f71JzBlRBslZV2TW9y3gAupt1sE8SM6p8FYe6D3TSt9oPmptTpSnfVeSrh7C000swtqfzQF3Hd1kNxlMEWDSOq1giyXmWqRXMU1Vt4HuF_mgNO15sLg1xm2-Jdu0pKWV52nXlzByrT648jz8OVLegRzGJpxF_lYrBD5smVwS721jVLHPO8bFNI=w511-h761-no\" alt=\"\" width=\"207\" height=\"529\" \/>Aujourd\u2019hui 18 ao\u00fbt, nous quittons le Champ Commun sur des derniers adieux \u00e9mouvants, cap sur Guichen en passant par la voie verte ! Apr\u00e8s une petite journ\u00e9e de v\u00e9lo et un d\u00e9jeuner dans l\u2019ex-caserne gracieusement pr\u00eat\u00e9e de Maure-de-Bretagne, nous posons les v\u00e9los dans le magnifique jardin bio d\u00e9monstratif et p\u00e9dagogique de l\u2019association Culture Bio, \u00e0 Guichen.<\/p>\n<p>Nous sommes accueillis par l\u2019un des co-pr\u00e9sidents, Fr\u00e9d\u00e9ric Vanpoulle, qui nous d\u00e9taille l\u2019historique de l\u2019association et du jardin ; cr\u00e9\u00e9e en 1999, Culture Bio s\u2019est donn\u00e9 pour mission de promouvoir le d\u00e9veloppement d\u2019une culture et une dynamique d\u2019\u00e9changes, de connaissances et de savoir-faire favorisant le progr\u00e8s individuel et collectif vers des modes de vie plus \u00e9cologiques, plus humains et plus solidaires. \u00c0 cet effet, la plus grosse contribution de l\u2019association est l\u2019organisation du salon annuel Ille et Bio (les 8-9 octobre en 2016) qui a rassembl\u00e9 jusqu\u2019\u00e0 15 000 participants autour d\u2019ateliers, de conf\u00e9rences et de stands de vente d\u00e9di\u00e9s \u00e0 la culture et agriculture bio. L\u2019association a pu ensuite diversifier ses activit\u00e9s gr\u00e2ce \u00e0 la mise \u00e0 disposition d\u2019un terrain de 7 hectares par la mairie de Guichen, qui lui a permis de mettre en place le jardin de d\u00e9monstration o\u00f9 nous avons \u00e9t\u00e9 chaleureusement accueillis (et dont les l\u00e9gumes ont \u00e9t\u00e9 tr\u00e8s bien re\u00e7us par nos cuisiniers !). Forte de ces deux succ\u00e8s, l\u2019association s\u2019est ensuite lanc\u00e9e dans la construction d\u2019un grand Ecop\u00f4le attenant au jardin, pour accueillir un \u00ab salon permanent \u00bb int\u00e9grant un espace de vente, un restaurant et un centre de ressources, dans un b\u00e2timent \u00e9cologique \u00e0 basse consommation. Malheureusement, l\u2019association rencontre en 2014 une s\u00e9rie de difficult\u00e9s financi\u00e8res qui lui interdisent de terminer le projet. Rachet\u00e9 aujourd\u2019hui par la mairie de Guichen, l\u2019Ecop\u00f4le non encore termin\u00e9 deviendra bient\u00f4t une m\u00e9diath\u00e8que municipale.<br \/>\nAu c\u0153ur du jardin bio en forme de triskell, la journ\u00e9e se termine en beaut\u00e9 autour d\u2019un feu de camp regroupant les altercyclistes, quelques membres de Culture Bio et des sympathisants de l\u2019AlterTour venus de Rennes pour la soir\u00e9e. Apr\u00e8s une belle le\u00e7on de \u00ab chant al\u00e9atoire \u00bb (un joli n\u00e9ologisme pour dire que chaque chanteur de l\u2019assembl\u00e9e chante sur sa propre tonalit\u00e9, voire sur son propre air), les accord\u00e9ons s\u2019invitent \u00e0 la soir\u00e9e et c\u2019est parti pour une session m\u00e9morable de danses folkloriques autour du feu\u2026 Bref, un beau final pour une belle journ\u00e9e !<\/p>\n<p style=\"text-align: right;\"><strong>S\u00e9bastien<\/strong><\/p>\n","protected":false},"excerpt":{"rendered":"<p>Aujourd\u2019hui 18 ao\u00fbt, nous quittons le Champ Commun sur des derniers adieux \u00e9mouvants, cap sur Guichen en passant par la voie verte ! Apr\u00e8s une petite journ\u00e9e de v\u00e9lo et un d\u00e9jeuner dans l\u2019ex-caserne gracieusement pr\u00eat\u00e9e de Maure-de-Bretagne, nous posons les v\u00e9los dans le magnifique jardin bio d\u00e9monstratif et p\u00e9dagogique &#8230; <\/p>\n<div><a href=\"https:\/\/www.altercampagne.net\/?p=5955\" class=\"more-link\">Read More<\/a><\/div>\n","protected":false},"author":214,"featured_media":15560,"comment_status":"closed","ping_status":"closed","sticky":false,"template":"","format":"standard","meta":{"footnotes":""},"categories":[3483,3472,3459],"tags":[20,383,413,1652,2482,2483,2484,2702,2703,2704,2846,2849,2850,2851],"class_list":["post-5955","post","type-post","status-publish","format-standard","has-post-thumbnail","hentry","category-agriculture","category-bretagne","category-edition-2016","tag-bretagne","tag-altertour-2016","tag-ille-et-vilaine","tag-1652","tag-culture-bio","tag-guichen","tag-ille-et-bio","tag-ecopole","tag-frederic-vanpoulle","tag-alterjournaliste","tag-accueillant","tag-accueillant2016","tag-accueillant-2016","tag-altertour2016"],"yoast_head":"<!-- This site is optimized with the Yoast SEO plugin v27.3 - https:\/\/yoast.com\/product\/yoast-seo-wordpress\/ -->\n<title>\u00c9tape du 18 ao\u00fbt : Culture Bio \u00e0 Guichen - AlterTour<\/title>\n<meta name=\"robots\" content=\"index, follow, max-snippet:-1, max-image-preview:large, max-video-preview:-1\" \/>\n<link rel=\"canonical\" href=\"https:\/\/www.altercampagne.net\/?p=5955\" \/>\n<meta property=\"og:locale\" content=\"fr_FR\" \/>\n<meta property=\"og:type\" content=\"article\" \/>\n<meta property=\"og:title\" content=\"\u00c9tape du 18 ao\u00fbt : Culture Bio \u00e0 Guichen - AlterTour\" \/>\n<meta property=\"og:description\" content=\"Aujourd\u2019hui 18 ao\u00fbt, nous quittons le Champ Commun sur des derniers adieux \u00e9mouvants, cap sur Guichen en passant par la voie verte ! Apr\u00e8s une petite journ\u00e9e de v\u00e9lo et un d\u00e9jeuner dans l\u2019ex-caserne gracieusement pr\u00eat\u00e9e de Maure-de-Bretagne, nous posons les v\u00e9los dans le magnifique jardin bio d\u00e9monstratif et p\u00e9dagogique ... Read More\" \/>\n<meta property=\"og:url\" content=\"https:\/\/www.altercampagne.net\/?p=5955\" \/>\n<meta property=\"og:site_name\" content=\"AlterTour\" \/>\n<meta property=\"article:published_time\" content=\"2016-08-18T19:18:28+00:00\" \/>\n<meta property=\"article:modified_time\" content=\"2019-09-13T17:07:50+00:00\" \/>\n<meta property=\"og:image\" content=\"https:\/\/www.altercampagne.net\/wp-content\/uploads\/2016\/08\/2016-08-18_18.26.jpg\" \/>\n\t<meta property=\"og:image:width\" content=\"907\" \/>\n\t<meta property=\"og:image:height\" content=\"474\" \/>\n\t<meta property=\"og:image:type\" content=\"image\/jpeg\" \/>\n<meta name=\"author\" content=\"Mathieu\" \/>\n<meta name=\"twitter:card\" content=\"summary_large_image\" \/>\n<meta name=\"twitter:label1\" content=\"\u00c9crit par\" \/>\n\t<meta name=\"twitter:data1\" content=\"Mathieu\" \/>\n\t<meta name=\"twitter:label2\" content=\"Dur\u00e9e de lecture estim\u00e9e\" \/>\n\t<meta name=\"twitter:data2\" content=\"2 minutes\" \/>\n<script type=\"application\/ld+json\" class=\"yoast-schema-graph\">{\"@context\":\"https:\\\/\\\/schema.org\",\"@graph\":[{\"@type\":\"Article\",\"@id\":\"https:\\\/\\\/www.altercampagne.net\\\/?p=5955#article\",\"isPartOf\":{\"@id\":\"https:\\\/\\\/www.altercampagne.net\\\/?p=5955\"},\"author\":{\"name\":\"Mathieu\",\"@id\":\"https:\\\/\\\/www.altercampagne.net\\\/#\\\/schema\\\/person\\\/0f261460c09e430caa0f9bcffa319109\"},\"headline\":\"\u00c9tape du 18 ao\u00fbt : Culture Bio \u00e0 Guichen\",\"datePublished\":\"2016-08-18T19:18:28+00:00\",\"dateModified\":\"2019-09-13T17:07:50+00:00\",\"mainEntityOfPage\":{\"@id\":\"https:\\\/\\\/www.altercampagne.net\\\/?p=5955\"},\"wordCount\":451,\"image\":{\"@id\":\"https:\\\/\\\/www.altercampagne.net\\\/?p=5955#primaryimage\"},\"thumbnailUrl\":\"https:\\\/\\\/www.altercampagne.net\\\/wp-content\\\/uploads\\\/2016\\\/08\\\/2016-08-18_18.26.jpg\",\"keywords\":[\"bretagne\",\"AlterTour 2016\",\"ille et vilaine\",\"2016\",\"Culture Bio\",\"Guichen\",\"Ille et bio\",\"Ecop\u00f4le\",\"Fr\u00e9d\u00e9ric Vanpoulle\",\"alterjournaliste\",\"accueillant\",\"accueillant2016\",\"accueillant 2016\",\"AlterTour2016\"],\"articleSection\":[\"Agriculture\",\"Bretagne\",\"\u00c9dition 2016\"],\"inLanguage\":\"fr-FR\"},{\"@type\":\"WebPage\",\"@id\":\"https:\\\/\\\/www.altercampagne.net\\\/?p=5955\",\"url\":\"https:\\\/\\\/www.altercampagne.net\\\/?p=5955\",\"name\":\"\u00c9tape du 18 ao\u00fbt : Culture Bio \u00e0 Guichen - AlterTour\",\"isPartOf\":{\"@id\":\"https:\\\/\\\/www.altercampagne.net\\\/#website\"},\"primaryImageOfPage\":{\"@id\":\"https:\\\/\\\/www.altercampagne.net\\\/?p=5955#primaryimage\"},\"image\":{\"@id\":\"https:\\\/\\\/www.altercampagne.net\\\/?p=5955#primaryimage\"},\"thumbnailUrl\":\"https:\\\/\\\/www.altercampagne.net\\\/wp-content\\\/uploads\\\/2016\\\/08\\\/2016-08-18_18.26.jpg\",\"datePublished\":\"2016-08-18T19:18:28+00:00\",\"dateModified\":\"2019-09-13T17:07:50+00:00\",\"author\":{\"@id\":\"https:\\\/\\\/www.altercampagne.net\\\/#\\\/schema\\\/person\\\/0f261460c09e430caa0f9bcffa319109\"},\"breadcrumb\":{\"@id\":\"https:\\\/\\\/www.altercampagne.net\\\/?p=5955#breadcrumb\"},\"inLanguage\":\"fr-FR\",\"potentialAction\":[{\"@type\":\"ReadAction\",\"target\":[\"https:\\\/\\\/www.altercampagne.net\\\/?p=5955\"]}]},{\"@type\":\"ImageObject\",\"inLanguage\":\"fr-FR\",\"@id\":\"https:\\\/\\\/www.altercampagne.net\\\/?p=5955#primaryimage\",\"url\":\"https:\\\/\\\/www.altercampagne.net\\\/wp-content\\\/uploads\\\/2016\\\/08\\\/2016-08-18_18.26.jpg\",\"contentUrl\":\"https:\\\/\\\/www.altercampagne.net\\\/wp-content\\\/uploads\\\/2016\\\/08\\\/2016-08-18_18.26.jpg\",\"width\":907,\"height\":474},{\"@type\":\"BreadcrumbList\",\"@id\":\"https:\\\/\\\/www.altercampagne.net\\\/?p=5955#breadcrumb\",\"itemListElement\":[{\"@type\":\"ListItem\",\"position\":1,\"name\":\"Accueil\",\"item\":\"https:\\\/\\\/www.altercampagne.net\\\/\"},{\"@type\":\"ListItem\",\"position\":2,\"name\":\"\u00c9tape du 18 ao\u00fbt : Culture Bio \u00e0 Guichen\"}]},{\"@type\":\"WebSite\",\"@id\":\"https:\\\/\\\/www.altercampagne.net\\\/#website\",\"url\":\"https:\\\/\\\/www.altercampagne.net\\\/\",\"name\":\"AlterTour\",\"description\":\"Reliez les Alternatives \u00e0 v\u00e9lo\",\"potentialAction\":[{\"@type\":\"SearchAction\",\"target\":{\"@type\":\"EntryPoint\",\"urlTemplate\":\"https:\\\/\\\/www.altercampagne.net\\\/?s={search_term_string}\"},\"query-input\":{\"@type\":\"PropertyValueSpecification\",\"valueRequired\":true,\"valueName\":\"search_term_string\"}}],\"inLanguage\":\"fr-FR\"},{\"@type\":\"Person\",\"@id\":\"https:\\\/\\\/www.altercampagne.net\\\/#\\\/schema\\\/person\\\/0f261460c09e430caa0f9bcffa319109\",\"name\":\"Mathieu\",\"image\":{\"@type\":\"ImageObject\",\"inLanguage\":\"fr-FR\",\"@id\":\"https:\\\/\\\/secure.gravatar.com\\\/avatar\\\/aa9d3d24c83f2141e5e2709d0f63d09a99f6be6bb7a50abc4915838d9f54501a?s=96&d=mm&r=g\",\"url\":\"https:\\\/\\\/secure.gravatar.com\\\/avatar\\\/aa9d3d24c83f2141e5e2709d0f63d09a99f6be6bb7a50abc4915838d9f54501a?s=96&d=mm&r=g\",\"contentUrl\":\"https:\\\/\\\/secure.gravatar.com\\\/avatar\\\/aa9d3d24c83f2141e5e2709d0f63d09a99f6be6bb7a50abc4915838d9f54501a?s=96&d=mm&r=g\",\"caption\":\"Mathieu\"},\"url\":\"https:\\\/\\\/www.altercampagne.net\\\/?author=214\"}]}<\/script>\n<!-- \/ Yoast SEO plugin. -->","yoast_head_json":{"title":"\u00c9tape du 18 ao\u00fbt : Culture Bio \u00e0 Guichen - AlterTour","robots":{"index":"index","follow":"follow","max-snippet":"max-snippet:-1","max-image-preview":"max-image-preview:large","max-video-preview":"max-video-preview:-1"},"canonical":"https:\/\/www.altercampagne.net\/?p=5955","og_locale":"fr_FR","og_type":"article","og_title":"\u00c9tape du 18 ao\u00fbt : Culture Bio \u00e0 Guichen - AlterTour","og_description":"Aujourd\u2019hui 18 ao\u00fbt, nous quittons le Champ Commun sur des derniers adieux \u00e9mouvants, cap sur Guichen en passant par la voie verte ! Apr\u00e8s une petite journ\u00e9e de v\u00e9lo et un d\u00e9jeuner dans l\u2019ex-caserne gracieusement pr\u00eat\u00e9e de Maure-de-Bretagne, nous posons les v\u00e9los dans le magnifique jardin bio d\u00e9monstratif et p\u00e9dagogique ... Read More","og_url":"https:\/\/www.altercampagne.net\/?p=5955","og_site_name":"AlterTour","article_published_time":"2016-08-18T19:18:28+00:00","article_modified_time":"2019-09-13T17:07:50+00:00","og_image":[{"width":907,"height":474,"url":"https:\/\/www.altercampagne.net\/wp-content\/uploads\/2016\/08\/2016-08-18_18.26.jpg","type":"image\/jpeg"}],"author":"Mathieu","twitter_card":"summary_large_image","twitter_misc":{"\u00c9crit par":"Mathieu","Dur\u00e9e de lecture estim\u00e9e":"2 minutes"},"schema":{"@context":"https:\/\/schema.org","@graph":[{"@type":"Article","@id":"https:\/\/www.altercampagne.net\/?p=5955#article","isPartOf":{"@id":"https:\/\/www.altercampagne.net\/?p=5955"},"author":{"name":"Mathieu","@id":"https:\/\/www.altercampagne.net\/#\/schema\/person\/0f261460c09e430caa0f9bcffa319109"},"headline":"\u00c9tape du 18 ao\u00fbt : Culture Bio \u00e0 Guichen","datePublished":"2016-08-18T19:18:28+00:00","dateModified":"2019-09-13T17:07:50+00:00","mainEntityOfPage":{"@id":"https:\/\/www.altercampagne.net\/?p=5955"},"wordCount":451,"image":{"@id":"https:\/\/www.altercampagne.net\/?p=5955#primaryimage"},"thumbnailUrl":"https:\/\/www.altercampagne.net\/wp-content\/uploads\/2016\/08\/2016-08-18_18.26.jpg","keywords":["bretagne","AlterTour 2016","ille et vilaine","2016","Culture Bio","Guichen","Ille et bio","Ecop\u00f4le","Fr\u00e9d\u00e9ric Vanpoulle","alterjournaliste","accueillant","accueillant2016","accueillant 2016","AlterTour2016"],"articleSection":["Agriculture","Bretagne","\u00c9dition 2016"],"inLanguage":"fr-FR"},{"@type":"WebPage","@id":"https:\/\/www.altercampagne.net\/?p=5955","url":"https:\/\/www.altercampagne.net\/?p=5955","name":"\u00c9tape du 18 ao\u00fbt : Culture Bio \u00e0 Guichen - AlterTour","isPartOf":{"@id":"https:\/\/www.altercampagne.net\/#website"},"primaryImageOfPage":{"@id":"https:\/\/www.altercampagne.net\/?p=5955#primaryimage"},"image":{"@id":"https:\/\/www.altercampagne.net\/?p=5955#primaryimage"},"thumbnailUrl":"https:\/\/www.altercampagne.net\/wp-content\/uploads\/2016\/08\/2016-08-18_18.26.jpg","datePublished":"2016-08-18T19:18:28+00:00","dateModified":"2019-09-13T17:07:50+00:00","author":{"@id":"https:\/\/www.altercampagne.net\/#\/schema\/person\/0f261460c09e430caa0f9bcffa319109"},"breadcrumb":{"@id":"https:\/\/www.altercampagne.net\/?p=5955#breadcrumb"},"inLanguage":"fr-FR","potentialAction":[{"@type":"ReadAction","target":["https:\/\/www.altercampagne.net\/?p=5955"]}]},{"@type":"ImageObject","inLanguage":"fr-FR","@id":"https:\/\/www.altercampagne.net\/?p=5955#primaryimage","url":"https:\/\/www.altercampagne.net\/wp-content\/uploads\/2016\/08\/2016-08-18_18.26.jpg","contentUrl":"https:\/\/www.altercampagne.net\/wp-content\/uploads\/2016\/08\/2016-08-18_18.26.jpg","width":907,"height":474},{"@type":"BreadcrumbList","@id":"https:\/\/www.altercampagne.net\/?p=5955#breadcrumb","itemListElement":[{"@type":"ListItem","position":1,"name":"Accueil","item":"https:\/\/www.altercampagne.net\/"},{"@type":"ListItem","position":2,"name":"\u00c9tape du 18 ao\u00fbt : Culture Bio \u00e0 Guichen"}]},{"@type":"WebSite","@id":"https:\/\/www.altercampagne.net\/#website","url":"https:\/\/www.altercampagne.net\/","name":"AlterTour","description":"Reliez les Alternatives \u00e0 v\u00e9lo","potentialAction":[{"@type":"SearchAction","target":{"@type":"EntryPoint","urlTemplate":"https:\/\/www.altercampagne.net\/?s={search_term_string}"},"query-input":{"@type":"PropertyValueSpecification","valueRequired":true,"valueName":"search_term_string"}}],"inLanguage":"fr-FR"},{"@type":"Person","@id":"https:\/\/www.altercampagne.net\/#\/schema\/person\/0f261460c09e430caa0f9bcffa319109","name":"Mathieu","image":{"@type":"ImageObject","inLanguage":"fr-FR","@id":"https:\/\/secure.gravatar.com\/avatar\/aa9d3d24c83f2141e5e2709d0f63d09a99f6be6bb7a50abc4915838d9f54501a?s=96&d=mm&r=g","url":"https:\/\/secure.gravatar.com\/avatar\/aa9d3d24c83f2141e5e2709d0f63d09a99f6be6bb7a50abc4915838d9f54501a?s=96&d=mm&r=g","contentUrl":"https:\/\/secure.gravatar.com\/avatar\/aa9d3d24c83f2141e5e2709d0f63d09a99f6be6bb7a50abc4915838d9f54501a?s=96&d=mm&r=g","caption":"Mathieu"},"url":"https:\/\/www.altercampagne.net\/?author=214"}]}},"_links":{"self":[{"href":"https:\/\/www.altercampagne.net\/index.php?rest_route=\/wp\/v2\/posts\/5955","targetHints":{"allow":["GET"]}}],"collection":[{"href":"https:\/\/www.altercampagne.net\/index.php?rest_route=\/wp\/v2\/posts"}],"about":[{"href":"https:\/\/www.altercampagne.net\/index.php?rest_route=\/wp\/v2\/types\/post"}],"author":[{"embeddable":true,"href":"https:\/\/www.altercampagne.net\/index.php?rest_route=\/wp\/v2\/users\/214"}],"replies":[{"embeddable":true,"href":"https:\/\/www.altercampagne.net\/index.php?rest_route=%2Fwp%2Fv2%2Fcomments&post=5955"}],"version-history":[{"count":0,"href":"https:\/\/www.altercampagne.net\/index.php?rest_route=\/wp\/v2\/posts\/5955\/revisions"}],"wp:featuredmedia":[{"embeddable":true,"href":"https:\/\/www.altercampagne.net\/index.php?rest_route=\/wp\/v2\/media\/15560"}],"wp:attachment":[{"href":"https:\/\/www.altercampagne.net\/index.php?rest_route=%2Fwp%2Fv2%2Fmedia&parent=5955"}],"wp:term":[{"taxonomy":"category","embeddable":true,"href":"https:\/\/www.altercampagne.net\/index.php?rest_route=%2Fwp%2Fv2%2Fcategories&post=5955"},{"taxonomy":"post_tag","embeddable":true,"href":"https:\/\/www.altercampagne.net\/index.php?rest_route=%2Fwp%2Fv2%2Ftags&post=5955"}],"curies":[{"name":"wp","href":"https:\/\/api.w.org\/{rel}","templated":true}]}}