{"id":5977,"date":"2016-09-14T16:36:01","date_gmt":"2016-09-14T14:36:01","guid":{"rendered":"http:\/\/www.altercampagne.net\/?p=5977"},"modified":"2016-09-15T10:55:17","modified_gmt":"2016-09-15T08:55:17","slug":"les-rendez-vous-avec-la-collection-anthropocene-sur-radio-france-au-festival-des-utopies-concretes-et-ailleurs","status":"publish","type":"post","link":"https:\/\/www.altercampagne.net\/?p=5977","title":{"rendered":"Les rendez-vous avec la collection Anthropoc\u00e8ne sur Radio France, au Festival des Utopies Concr\u00e8tes, et ailleurs\u2026"},"content":{"rendered":"<h2>Une reconnaissance\u2026<\/h2>\n<p>Quelques semaines apr\u00e8s le jour du d\u00e9passement \u00e9cologique global (survenu le 8 ao\u00fbt cette ann\u00e9e), le Groupe de travail sur l\u2019Anthropoc\u00e8ne de la Soci\u00e9t\u00e9 Internationale de G\u00e9ologie <a href=\"http:\/\/www2.le.ac.uk\/offices\/press\/press-releases\/2016\/august\/media-note-anthropocene-working-group-awg\" target=\"_blank\">a adopt\u00e9 fin ao\u00fbt un rapport<\/a> qui marque une \u00e9tape majeure vers la reconnaissance officielle de l\u2019Anthropoc\u00e8ne comme nouvelle \u00e9poque dans l\u2019\u00e9chelle des temps g\u00e9ologiques.<\/p>\n<p>\u00ab <a href=\"https:\/\/www.franceinter.fr\/emissions\/le-telephone-sonne\" target=\"_blank\">Le t\u00e9l\u00e9phone sonne<\/a> \u00bb de ce <span style=\"color: #ff0000;\">mercredi 14 septembre (19h20 sur France inter)<\/span> abordera les marqueurs et les enjeux de ce basculement g\u00e9ologique de notre plan\u00e8te avec la participation de <strong>Christophe Bonneuil<\/strong>, animateur de la <a href=\"http:\/\/www.seuil.com\/collection\/collection-618\" target=\"_blank\">Collection Anthropoc\u00e8ne aux Ed. du Seuil<\/a> et <strong>Catherine Jeandel<\/strong>, oc\u00e9anologue.<\/p>\n<h2>Une performance\u2026<\/h2>\n<p>Apr\u00e8s la validation scientifique, devra aussi venir aussi le temps des changements de paradigmes et de civilisation\u2026 Les oasis, es r\u00e9sistance et les alternatives fleurissent d\u00e9j\u00e0 en tous lieux comme en t\u00e9moignera \u00e0 Paris le <a href=\"http:\/\/festivaldesutopiesconcretes.org\/\" target=\"_blank\">Festival des Utopies Concr\u00e8tes<\/a>, du 21 au 30 septembre. En ouverture de ce festival, le <span style=\"color: #ff0000;\">mercredi 21 septembre \u00e0 19h30 \u00e0 La G\u00e9n\u00e9rale<\/span> (14 av. Parmentier, Paris 11e), une <strong>conf\u00e9rence-performance<\/strong> sur l\u2019Anthropoc\u00e8ne :<\/p>\n<p style=\"text-align: center;\">Ce qui nous arrive<br \/>\npar Christophe Bonneuil et John Jordan<br \/>\nApr\u00e8s nous le d\u00e9luge ?<br \/>\nQue se passe-t-il quand le temps de la Terre et le temps des humains se t\u00e9l\u00e9scopent ?<br \/>\nLa g\u00e9ologie fait-elle de la politique et la nature fait-elle l\u2019histoire ?<br \/>\nFaut-il appeler \u00ab Anthropoc\u00e8ne \u00bb le nouvel \u00e2ge dans lequel nous sommes entr\u00e9s?<br \/>\nPourquoi pas plut\u00f4t \u00ab Occidentaloc\u00e8ne \u00bb ou \u00ab Capitaloc\u00e8ne \u00bb ?<br \/>\nEst-ce la fin du monde ou bien seulement la fin d\u2019un monde ?<br \/>\nEt si la catastrophe avait d\u00e9j\u00e0 commenc\u00e9 depuis longtemps ?<br \/>\nQui sont les victimes de l\u2019Anthropoc\u00e8ne ? Pourquoi et comment pourraient-elles demander justice ?<br \/>\nEt nous, que pouvons-nous faire ?<\/p>\n<p style=\"text-align: center;\">C. Bonneuil est co-auteur avec J.-B. Fressoz de L\u2019\u00e9v\u00e9nement Anthropoc\u00e8ne. La Terre l\u2019Histoire et nous)<\/p>\n<p style=\"text-align: center;\">John Jordan est artiste-activiste, membre du Laboratoire d\u2019Imagination Insurrectionnelle, co-auteur avec Isabelle Fremaux des Chemins d\u2019Utopie et habitant de la ZAD de Notre-Dame-des-Landes.<\/p>\n<h2>Des livres, des auteur.e.s et des d\u00e9bats\u2026<\/h2>\n<p>Le petit dernier de la collection anthropoc\u00e8ne, <a href=\"http:\/\/www.seuil.com\/ouvrage\/comment-les-economistes-rechauffent-la-planete-antonin-pottier\/9782021302417\" target=\"_blank\">Comment les \u00e9conomistes r\u00e9chauffent la plan\u00e8te<\/a>, d\u2019<strong>Antonin Pottier<\/strong> vient de paraitre, avec une pr\u00e9face de Ga\u00ebl Giraud. Antonin Pottier sera l\u2019invit\u00e9 de \u00ab <a href=\"http:\/\/www.franceculture.fr\/emissions\/leconomie-en-questions\" target=\"_blank\">L\u2019\u00e9conomie en question<\/a> \u00bb sur France Culture ce samedi 17 sept. \u00e0 12h. Il interviendra \u00e9galement le <a href=\"https:\/\/www.eventbrite.fr\/e\/billets-comment-les-economistes-rechauffent-la-planete-27541621732\" target=\"_blank\">21 septembre \u00e0 l&rsquo;AFD<\/a>. A para\u00eetre tout prochainement aussi, un entretien avec A. Pottier dans <a href=\"https:\/\/reporterre.net\/\" target=\"_blank\">Reporterre<\/a><\/p>\n<p><strong>Philippe Bihouix<\/strong>, auteur de <a href=\"http:\/\/www.seuil.com\/ouvrage\/l-age-des-low-tech-philippe-bihouix\/9782021160727\" target=\"_blank\">L\u2019\u00e2ge des Low Tech<\/a> (2014) et co-auteur avec <strong>Karine Mauvilly<\/strong> du <a href=\"http:\/\/www.seuil.com\/ouvrage\/le-desastre-de-l-ecole-numerique-philippe-bihouix\/9782021319187\" target=\"_blank\">D\u00e9sastre de l\u2019\u00e9cole num\u00e9rique<\/a> (ao\u00fbt 2016, cf. <a href=\"http:\/\/www.liberation.fr\/debats\/2016\/09\/02\/philippe-bihouix-avec-l-ecole-numerique-nous-allons-elever-nos-enfants-hors-sol-comme-des-tomates_1478435\" target=\"_blank\">entretien dans Lib\u00e9ration<\/a>) interviendra notamment :<br \/>\n&#8211; Le 20 octobre \u00e0 19h, \u00e0 la Halle Pajol (Paris 18e) \u00e0 l\u2019invitation de Naturparif sur : \u00ab Croissance verte ou low tech : quelle innovation dans un monde contraint en ressources ? \u00bb<br \/>\n&#8211; Le 26 novembre \u00e0 15h30, Tribunes de la presse \u00e0 Bordeaux, sur \u00ab Le pouvoir de la technologie \u00bb<\/p>\n<p><strong>Val\u00e9rie Cabanes<\/strong>, auteure de <a href=\"http:\/\/valeriecabanes.eu\/\" target=\"_blank\">Un nouveau droit pour la Terre. Pour en finir avec l\u2019\u00e9cocide<\/a> (sortie le 6 oct 2016, pr\u00e9face de Dominique Bourg).<\/p>\n<p><strong>Romain Felli<\/strong>, auteur de <a href=\"http:\/\/www.seuil.com\/ouvrage\/la-grande-adaptation-romain-felli\/9782021288940\" target=\"_blank\">La grande adaptation. Climat, capitalisme et catastrophe<\/a> (2016, nomin\u00e9 au prix de l&rsquo;essai des librairies Payot et de l&rsquo;Hebdo) interviendra :<br \/>\n&#8211; les 21-22 octobre, au Colloque \u00ab\u00a0D\u00e9fis environnementaux: \u00e9cosyst\u00e8mes et changements climatiques\u00a0\u00bb, Casablanca, Maroc<br \/>\n&#8211; les 10-12 novembre, \u00e0 la Conf\u00e9rence \u00ab\u00a0Historical Materialism\u00a0\u00bb \u00e0 Londres<br \/>\n&#8211; les 2-4 f\u00e9vrier 2017, \u00e0 la Conf\u00e9rence \u00ab\u00a0Reclaim Democracy\u00a0\u00bb, \u00e0 B\u00e2le.<br \/>\n&#8211; le 1er mars, \u00e0 l\u2019Ehess Paris.<\/p>\n<p><strong>Sebastian Grevsm\u00fchl<\/strong>, auteur de <a href=\"http:\/\/www.seuil.com\/ouvrage\/la-terre-vue-d-en-haut-sebastian-vincent-grevsm-hl\/9782021111293\" target=\"_blank\">La terre vue d\u2019en Haut<\/a> (2015) rejoint en cette rentr\u00e9e le Centre National de la recherche Scientifique.<\/p>\n<p><strong>Clive Hamilton<\/strong>, auteur des <a href=\"http:\/\/www.seuil.com\/ouvrage\/les-apprentis-sorciers-du-climat-clive-hamilton\/9782021120264\" target=\"_blank\">Apprentis-sorciers du climat<\/a> (2013) a r\u00e9cemment publi\u00e9 <a href=\"http:\/\/www.nature.com\/news\/define-the-anthropocene-in-terms-of-the-whole-earth-1.20427\" target=\"_blank\">une tribune sur l\u2019Anthropoc\u00e8ne<\/a> et sa d\u00e9finition dans la revue scientifique Nature.<\/p>\n<p><strong>Fr\u00e9d\u00e9ric Neyrat<\/strong>, auteur de <a href=\"http:\/\/www.seuil.com\/ouvrage\/la-part-inconstructible-de-la-terre-frederic-neyrat\/9782021296488\" target=\"_blank\">La part inconstructible de la nature<\/a> (2016) travaille \u00e0 l\u2019\u00e9dition am\u00e9ricaine de son ouvrage.<\/p>\n<p><strong>Maxime Combes<\/strong>, co-auteur de <a href=\"http:\/\/www.seuil.com\/ouvrage\/crime-climatique-stop-collectif\/9782021283648\" target=\"_blank\">Crime climatique stop !<\/a> (2015) et de <a href=\"http:\/\/www.seuil.com\/ouvrage\/sortons-de-l-age-des-fossiles-maxime-combes\/9782021160765\" target=\"_blank\">Sortons de l\u2019$age des fossiles !<\/a> participera dimanche 18 sept. \u00e0 la <a href=\"http:\/\/www.bastamag.net\/Face-a-la-double-autoroute-voulue-par-Laurent-Wauquiez-les-opposants-se\" target=\"_blank\">manifestation contre le projet d\u2019autoroute A45<\/a> tout en suivant de pr\u00e8s la lente avanc\u00e9e des n\u00e9gociations \u00e0 l\u2019approche de la COP 22 au Maroc.<\/p>\n<p><strong>Pablo Servigne<\/strong> et <strong>Rapahel Stevens<\/strong>, pr\u00e9parent avec <strong>Gauthier Chapelle<\/strong> un nouveau livre pour 2017, poursuivant les analyses ouvertes dans <a href=\"http:\/\/www.seuil.com\/ouvrage\/comment-tout-peut-s-effondrer-pablo-servigne\/9782021223316\" target=\"_blank\">Comment tout peut s\u2019effondrer<\/a> (2015)<\/p>\n<p>Enfin, les 8-9 octobre, vous retrouverez plusieurs de ces auteurs soit au <a href=\"http:\/\/www.seuil.com\/ouvrage\/comment-tout-peut-s-effondrer-pablo-servigne\/9782021223316\" target=\"_blank\">rassemblement de Notre-Dame-des Landes<\/a> (44), soit au <a href=\"http:\/\/www.festival-livre-presse-ecologie.org\/\" target=\"_blank\">FEstival du LIvre et de la Presse Ecologiste<\/a> (F\u00e9lip\u00e9, 75)<\/p>\n<p>N\u2019h\u00e9sitez pas \u00e0 diffuser ces informations si elles vous semblent utiles \u00e0 vos ami.e.s<\/p>\n","protected":false},"excerpt":{"rendered":"<p>Une reconnaissance\u2026 Quelques semaines apr\u00e8s le jour du d\u00e9passement \u00e9cologique global (survenu le 8 ao\u00fbt cette ann\u00e9e), le Groupe de travail sur l\u2019Anthropoc\u00e8ne de la Soci\u00e9t\u00e9 Internationale de G\u00e9ologie a adopt\u00e9 fin ao\u00fbt un rapport qui marque une \u00e9tape majeure vers la reconnaissance officielle de l\u2019Anthropoc\u00e8ne comme nouvelle \u00e9poque dans &#8230; <\/p>\n<div><a href=\"https:\/\/www.altercampagne.net\/?p=5977\" class=\"more-link\">Read More<\/a><\/div>\n","protected":false},"author":214,"featured_media":0,"comment_status":"closed","ping_status":"closed","sticky":false,"template":"","format":"standard","meta":{"footnotes":""},"categories":[1],"tags":[2713,2721,2720,2719,2718,2717,2716,2715,2714,622,2712,2711,2710,2709,2708,2707,2706,860],"class_list":["post-5977","post","type-post","status-publish","format-standard","hentry","category-non-classe","tag-valerie-cabanes","tag-gauthier-chapelle","tag-rapahel-stevens","tag-pablo-servigne","tag-maxime-combes","tag-frederic-neyrat","tag-clive-hamilton","tag-sebastian-grevsmuhl","tag-romain-felli","tag-christophe-bonneuil","tag-karine-mauvilly","tag-philippe-bihouix","tag-antonin-pottier","tag-chemins-dutopie","tag-isabelle-fremaux","tag-john-jordan","tag-catherine-jeandel","tag-anthropocene","no-post-thumbnail"],"yoast_head":"<!-- This site is optimized with the Yoast SEO plugin v27.3 - https:\/\/yoast.com\/product\/yoast-seo-wordpress\/ -->\n<title>Les rendez-vous avec la collection Anthropoc\u00e8ne sur Radio France, au Festival des Utopies Concr\u00e8tes, et ailleurs\u2026 - AlterTour<\/title>\n<meta name=\"robots\" content=\"index, follow, max-snippet:-1, max-image-preview:large, max-video-preview:-1\" \/>\n<link rel=\"canonical\" href=\"https:\/\/www.altercampagne.net\/?p=5977\" \/>\n<meta property=\"og:locale\" content=\"fr_FR\" \/>\n<meta property=\"og:type\" content=\"article\" \/>\n<meta property=\"og:title\" content=\"Les rendez-vous avec la collection Anthropoc\u00e8ne sur Radio France, au Festival des Utopies Concr\u00e8tes, et ailleurs\u2026 - AlterTour\" \/>\n<meta property=\"og:description\" content=\"Une reconnaissance\u2026 Quelques semaines apr\u00e8s le jour du d\u00e9passement \u00e9cologique global (survenu le 8 ao\u00fbt cette ann\u00e9e), le Groupe de travail sur l\u2019Anthropoc\u00e8ne de la Soci\u00e9t\u00e9 Internationale de G\u00e9ologie a adopt\u00e9 fin ao\u00fbt un rapport qui marque une \u00e9tape majeure vers la reconnaissance officielle de l\u2019Anthropoc\u00e8ne comme nouvelle \u00e9poque dans ... Read More\" \/>\n<meta property=\"og:url\" content=\"https:\/\/www.altercampagne.net\/?p=5977\" \/>\n<meta property=\"og:site_name\" content=\"AlterTour\" \/>\n<meta property=\"article:published_time\" content=\"2016-09-14T14:36:01+00:00\" \/>\n<meta property=\"article:modified_time\" content=\"2016-09-15T08:55:17+00:00\" \/>\n<meta name=\"author\" content=\"Mathieu\" \/>\n<meta name=\"twitter:card\" content=\"summary_large_image\" \/>\n<meta name=\"twitter:label1\" content=\"\u00c9crit par\" \/>\n\t<meta name=\"twitter:data1\" content=\"Mathieu\" \/>\n\t<meta name=\"twitter:label2\" content=\"Dur\u00e9e de lecture estim\u00e9e\" \/>\n\t<meta name=\"twitter:data2\" content=\"4 minutes\" \/>\n<script type=\"application\/ld+json\" class=\"yoast-schema-graph\">{\"@context\":\"https:\\\/\\\/schema.org\",\"@graph\":[{\"@type\":\"Article\",\"@id\":\"https:\\\/\\\/www.altercampagne.net\\\/?p=5977#article\",\"isPartOf\":{\"@id\":\"https:\\\/\\\/www.altercampagne.net\\\/?p=5977\"},\"author\":{\"name\":\"Mathieu\",\"@id\":\"https:\\\/\\\/www.altercampagne.net\\\/#\\\/schema\\\/person\\\/0f261460c09e430caa0f9bcffa319109\"},\"headline\":\"Les rendez-vous avec la collection Anthropoc\u00e8ne sur Radio France, au Festival des Utopies Concr\u00e8tes, et ailleurs\u2026\",\"datePublished\":\"2016-09-14T14:36:01+00:00\",\"dateModified\":\"2016-09-15T08:55:17+00:00\",\"mainEntityOfPage\":{\"@id\":\"https:\\\/\\\/www.altercampagne.net\\\/?p=5977\"},\"wordCount\":789,\"keywords\":[\"Val\u00e9rie Cabanes\",\"Gauthier Chapelle\",\"Rapahel Stevens\",\"Pablo Servigne\",\"Maxime Combes\",\"Fr\u00e9d\u00e9ric Neyrat\",\"Clive Hamilton\",\"Sebastian Grevsm\u00fchl\",\"Romain Felli\",\"Christophe BONNEUIL\",\"Karine Mauvilly\",\"Philippe Bihouix\",\"Antonin Pottier\",\"Chemins d\u2019Utopie\",\"Isabelle Fremaux\",\"John Jordan\",\"Catherine Jeandel\",\"anthropoc\u00e8ne\"],\"inLanguage\":\"fr-FR\"},{\"@type\":\"WebPage\",\"@id\":\"https:\\\/\\\/www.altercampagne.net\\\/?p=5977\",\"url\":\"https:\\\/\\\/www.altercampagne.net\\\/?p=5977\",\"name\":\"Les rendez-vous avec la collection Anthropoc\u00e8ne sur Radio France, au Festival des Utopies Concr\u00e8tes, et ailleurs\u2026 - AlterTour\",\"isPartOf\":{\"@id\":\"https:\\\/\\\/www.altercampagne.net\\\/#website\"},\"datePublished\":\"2016-09-14T14:36:01+00:00\",\"dateModified\":\"2016-09-15T08:55:17+00:00\",\"author\":{\"@id\":\"https:\\\/\\\/www.altercampagne.net\\\/#\\\/schema\\\/person\\\/0f261460c09e430caa0f9bcffa319109\"},\"breadcrumb\":{\"@id\":\"https:\\\/\\\/www.altercampagne.net\\\/?p=5977#breadcrumb\"},\"inLanguage\":\"fr-FR\",\"potentialAction\":[{\"@type\":\"ReadAction\",\"target\":[\"https:\\\/\\\/www.altercampagne.net\\\/?p=5977\"]}]},{\"@type\":\"BreadcrumbList\",\"@id\":\"https:\\\/\\\/www.altercampagne.net\\\/?p=5977#breadcrumb\",\"itemListElement\":[{\"@type\":\"ListItem\",\"position\":1,\"name\":\"Accueil\",\"item\":\"https:\\\/\\\/www.altercampagne.net\\\/\"},{\"@type\":\"ListItem\",\"position\":2,\"name\":\"Les rendez-vous avec la collection Anthropoc\u00e8ne sur Radio France, au Festival des Utopies Concr\u00e8tes, et ailleurs\u2026\"}]},{\"@type\":\"WebSite\",\"@id\":\"https:\\\/\\\/www.altercampagne.net\\\/#website\",\"url\":\"https:\\\/\\\/www.altercampagne.net\\\/\",\"name\":\"AlterTour\",\"description\":\"Reliez les Alternatives \u00e0 v\u00e9lo\",\"potentialAction\":[{\"@type\":\"SearchAction\",\"target\":{\"@type\":\"EntryPoint\",\"urlTemplate\":\"https:\\\/\\\/www.altercampagne.net\\\/?s={search_term_string}\"},\"query-input\":{\"@type\":\"PropertyValueSpecification\",\"valueRequired\":true,\"valueName\":\"search_term_string\"}}],\"inLanguage\":\"fr-FR\"},{\"@type\":\"Person\",\"@id\":\"https:\\\/\\\/www.altercampagne.net\\\/#\\\/schema\\\/person\\\/0f261460c09e430caa0f9bcffa319109\",\"name\":\"Mathieu\",\"image\":{\"@type\":\"ImageObject\",\"inLanguage\":\"fr-FR\",\"@id\":\"https:\\\/\\\/secure.gravatar.com\\\/avatar\\\/aa9d3d24c83f2141e5e2709d0f63d09a99f6be6bb7a50abc4915838d9f54501a?s=96&d=mm&r=g\",\"url\":\"https:\\\/\\\/secure.gravatar.com\\\/avatar\\\/aa9d3d24c83f2141e5e2709d0f63d09a99f6be6bb7a50abc4915838d9f54501a?s=96&d=mm&r=g\",\"contentUrl\":\"https:\\\/\\\/secure.gravatar.com\\\/avatar\\\/aa9d3d24c83f2141e5e2709d0f63d09a99f6be6bb7a50abc4915838d9f54501a?s=96&d=mm&r=g\",\"caption\":\"Mathieu\"},\"url\":\"https:\\\/\\\/www.altercampagne.net\\\/?author=214\"}]}<\/script>\n<!-- \/ Yoast SEO plugin. -->","yoast_head_json":{"title":"Les rendez-vous avec la collection Anthropoc\u00e8ne sur Radio France, au Festival des Utopies Concr\u00e8tes, et ailleurs\u2026 - AlterTour","robots":{"index":"index","follow":"follow","max-snippet":"max-snippet:-1","max-image-preview":"max-image-preview:large","max-video-preview":"max-video-preview:-1"},"canonical":"https:\/\/www.altercampagne.net\/?p=5977","og_locale":"fr_FR","og_type":"article","og_title":"Les rendez-vous avec la collection Anthropoc\u00e8ne sur Radio France, au Festival des Utopies Concr\u00e8tes, et ailleurs\u2026 - AlterTour","og_description":"Une reconnaissance\u2026 Quelques semaines apr\u00e8s le jour du d\u00e9passement \u00e9cologique global (survenu le 8 ao\u00fbt cette ann\u00e9e), le Groupe de travail sur l\u2019Anthropoc\u00e8ne de la Soci\u00e9t\u00e9 Internationale de G\u00e9ologie a adopt\u00e9 fin ao\u00fbt un rapport qui marque une \u00e9tape majeure vers la reconnaissance officielle de l\u2019Anthropoc\u00e8ne comme nouvelle \u00e9poque dans ... Read More","og_url":"https:\/\/www.altercampagne.net\/?p=5977","og_site_name":"AlterTour","article_published_time":"2016-09-14T14:36:01+00:00","article_modified_time":"2016-09-15T08:55:17+00:00","author":"Mathieu","twitter_card":"summary_large_image","twitter_misc":{"\u00c9crit par":"Mathieu","Dur\u00e9e de lecture estim\u00e9e":"4 minutes"},"schema":{"@context":"https:\/\/schema.org","@graph":[{"@type":"Article","@id":"https:\/\/www.altercampagne.net\/?p=5977#article","isPartOf":{"@id":"https:\/\/www.altercampagne.net\/?p=5977"},"author":{"name":"Mathieu","@id":"https:\/\/www.altercampagne.net\/#\/schema\/person\/0f261460c09e430caa0f9bcffa319109"},"headline":"Les rendez-vous avec la collection Anthropoc\u00e8ne sur Radio France, au Festival des Utopies Concr\u00e8tes, et ailleurs\u2026","datePublished":"2016-09-14T14:36:01+00:00","dateModified":"2016-09-15T08:55:17+00:00","mainEntityOfPage":{"@id":"https:\/\/www.altercampagne.net\/?p=5977"},"wordCount":789,"keywords":["Val\u00e9rie Cabanes","Gauthier Chapelle","Rapahel Stevens","Pablo Servigne","Maxime Combes","Fr\u00e9d\u00e9ric Neyrat","Clive Hamilton","Sebastian Grevsm\u00fchl","Romain Felli","Christophe BONNEUIL","Karine Mauvilly","Philippe Bihouix","Antonin Pottier","Chemins d\u2019Utopie","Isabelle Fremaux","John Jordan","Catherine Jeandel","anthropoc\u00e8ne"],"inLanguage":"fr-FR"},{"@type":"WebPage","@id":"https:\/\/www.altercampagne.net\/?p=5977","url":"https:\/\/www.altercampagne.net\/?p=5977","name":"Les rendez-vous avec la collection Anthropoc\u00e8ne sur Radio France, au Festival des Utopies Concr\u00e8tes, et ailleurs\u2026 - AlterTour","isPartOf":{"@id":"https:\/\/www.altercampagne.net\/#website"},"datePublished":"2016-09-14T14:36:01+00:00","dateModified":"2016-09-15T08:55:17+00:00","author":{"@id":"https:\/\/www.altercampagne.net\/#\/schema\/person\/0f261460c09e430caa0f9bcffa319109"},"breadcrumb":{"@id":"https:\/\/www.altercampagne.net\/?p=5977#breadcrumb"},"inLanguage":"fr-FR","potentialAction":[{"@type":"ReadAction","target":["https:\/\/www.altercampagne.net\/?p=5977"]}]},{"@type":"BreadcrumbList","@id":"https:\/\/www.altercampagne.net\/?p=5977#breadcrumb","itemListElement":[{"@type":"ListItem","position":1,"name":"Accueil","item":"https:\/\/www.altercampagne.net\/"},{"@type":"ListItem","position":2,"name":"Les rendez-vous avec la collection Anthropoc\u00e8ne sur Radio France, au Festival des Utopies Concr\u00e8tes, et ailleurs\u2026"}]},{"@type":"WebSite","@id":"https:\/\/www.altercampagne.net\/#website","url":"https:\/\/www.altercampagne.net\/","name":"AlterTour","description":"Reliez les Alternatives \u00e0 v\u00e9lo","potentialAction":[{"@type":"SearchAction","target":{"@type":"EntryPoint","urlTemplate":"https:\/\/www.altercampagne.net\/?s={search_term_string}"},"query-input":{"@type":"PropertyValueSpecification","valueRequired":true,"valueName":"search_term_string"}}],"inLanguage":"fr-FR"},{"@type":"Person","@id":"https:\/\/www.altercampagne.net\/#\/schema\/person\/0f261460c09e430caa0f9bcffa319109","name":"Mathieu","image":{"@type":"ImageObject","inLanguage":"fr-FR","@id":"https:\/\/secure.gravatar.com\/avatar\/aa9d3d24c83f2141e5e2709d0f63d09a99f6be6bb7a50abc4915838d9f54501a?s=96&d=mm&r=g","url":"https:\/\/secure.gravatar.com\/avatar\/aa9d3d24c83f2141e5e2709d0f63d09a99f6be6bb7a50abc4915838d9f54501a?s=96&d=mm&r=g","contentUrl":"https:\/\/secure.gravatar.com\/avatar\/aa9d3d24c83f2141e5e2709d0f63d09a99f6be6bb7a50abc4915838d9f54501a?s=96&d=mm&r=g","caption":"Mathieu"},"url":"https:\/\/www.altercampagne.net\/?author=214"}]}},"_links":{"self":[{"href":"https:\/\/www.altercampagne.net\/index.php?rest_route=\/wp\/v2\/posts\/5977","targetHints":{"allow":["GET"]}}],"collection":[{"href":"https:\/\/www.altercampagne.net\/index.php?rest_route=\/wp\/v2\/posts"}],"about":[{"href":"https:\/\/www.altercampagne.net\/index.php?rest_route=\/wp\/v2\/types\/post"}],"author":[{"embeddable":true,"href":"https:\/\/www.altercampagne.net\/index.php?rest_route=\/wp\/v2\/users\/214"}],"replies":[{"embeddable":true,"href":"https:\/\/www.altercampagne.net\/index.php?rest_route=%2Fwp%2Fv2%2Fcomments&post=5977"}],"version-history":[{"count":0,"href":"https:\/\/www.altercampagne.net\/index.php?rest_route=\/wp\/v2\/posts\/5977\/revisions"}],"wp:attachment":[{"href":"https:\/\/www.altercampagne.net\/index.php?rest_route=%2Fwp%2Fv2%2Fmedia&parent=5977"}],"wp:term":[{"taxonomy":"category","embeddable":true,"href":"https:\/\/www.altercampagne.net\/index.php?rest_route=%2Fwp%2Fv2%2Fcategories&post=5977"},{"taxonomy":"post_tag","embeddable":true,"href":"https:\/\/www.altercampagne.net\/index.php?rest_route=%2Fwp%2Fv2%2Ftags&post=5977"}],"curies":[{"name":"wp","href":"https:\/\/api.w.org\/{rel}","templated":true}]}}