{"id":601,"date":"2014-10-20T12:01:15","date_gmt":"2014-10-20T10:01:15","guid":{"rendered":"http:\/\/www.altercampagne.net\/?p=601"},"modified":"2020-02-24T17:30:54","modified_gmt":"2020-02-24T16:30:54","slug":"1ere-reunion-de-preparation-de-laltertour-2015-les-prospections-commencent","status":"publish","type":"post","link":"https:\/\/www.altercampagne.net\/?p=601","title":{"rendered":"1\u00e8re r\u00e9union de pr\u00e9paration de l&rsquo;AlterTour 2015, les prospections commencent !"},"content":{"rendered":"<p class=\"Style271 Style138 Style152\" align=\"justify\"><a href=\"http:\/\/marmitesvolantes.com\/\" target=\"_blank\" rel=\"noopener noreferrer\"><img loading=\"lazy\" decoding=\"async\" class=\"alignnone wp-image-602 size-full\" src=\"http:\/\/www.altercampagne.net\/wp-content\/uploads\/2015\/02\/1erepleniere.jpg\" alt=\"1erepleniere\" width=\"900\" height=\"600\" srcset=\"https:\/\/www.altercampagne.net\/wp-content\/uploads\/2015\/02\/1erepleniere.jpg 900w, https:\/\/www.altercampagne.net\/wp-content\/uploads\/2015\/02\/1erepleniere-300x200.jpg 300w\" sizes=\"auto, (max-width: 900px) 100vw, 900px\" \/><\/a><\/p>\n<p class=\"Style271 Style138 Style152\" align=\"justify\">Les 18 et 19 octobre dernier, une 30aine d&rsquo;Altercyclistes \u00e9tait r\u00e9unie au restaurant les <a href=\"http:\/\/marmitesvolantes.com\/\" target=\"_blank\" rel=\"noopener noreferrer\">Marmites Volantes<\/a> \u00e0 Paris<\/p>\n<p class=\"Style271 Style138 Style152\" align=\"justify\">Nous avons fait le bilan de l&rsquo;AlterTour 2014 et travaill\u00e9 sur notre mode d&rsquo;organisation pour l&rsquo;\u00e9dition 2015.<\/p>\n<p class=\"Style271 Style138 Style152\" align=\"justify\">A la suite des \u00e9changes, un groupe de travail a \u00e9t\u00e9 constitu\u00e9 pour avancer entre les deux pl\u00e9ni\u00e8res et faire une proposition pour la 2\u00e8me r\u00e9union de pr\u00e9paration de l&rsquo;Altertour des 15 et 16 novembre \u00e0 Lyon.<\/p>\n<p class=\"Style271 Style138 Style152\" align=\"justify\">Nous avons d\u00e9fini le calendrier des r\u00e9unions de l&rsquo;ann\u00e9e accessible sur l&rsquo;espace membre.<\/p>\n<p class=\"Style271 Style138 Style152\" align=\"justify\">Nous avons act\u00e9 la reconduite du Recueil des Alternatives de l&rsquo;AlterTour en partenariat avec la <a href=\"http:\/\/www.revuesilence.net\/\" target=\"_blank\" rel=\"noopener noreferrer\">Revue Silence<\/a>.<\/p>\n<p class=\"Style271 Style138 Style152\" align=\"justify\">Guillaume s&rsquo;occupera de la r\u00e9alisation technique et coordonnera la r\u00e9daction des articles. Vous avez la possibilit\u00e9 de rejoindre l&rsquo;\u00e9quipe de r\u00e9daction qui se constituera \u00e0 l&rsquo;occasion de l&rsquo;AG du 13 d\u00e9cembre \u00e0 Paris.<\/p>\n<p class=\"Style271 Style138 Style152\" align=\"justify\">Une r\u00e9flexion est lanc\u00e9e sur la d\u00e9googlisation de l&rsquo;AlterTour et le passage du site internet en site participatif.<\/p>\n<p class=\"Style271 Style138 Style152\" align=\"justify\">Jon et Txetx d&rsquo;<a href=\"http:\/\/alternatiba.eu\/\" target=\"_blank\" rel=\"noopener noreferrer\">Alternatiba<\/a> \u00e9taient pr\u00e9sents pour nous pr\u00e9senter le Tour Alternatiba 2015. Nous pr\u00e9voyons de converger sur une ou plusieurs \u00e9tapes.<\/p>\n<p class=\"Style271 Style138 Style152\" align=\"justify\">La Zone g\u00e9ographique du d\u00e9frichage est fix\u00e9e aux d\u00e9partements du Nord, du Pas-de-Calais, de l&rsquo;Aisne, des Ardennes, de la Marne, de l&rsquo;Aube, de la Haute-Marne, de la Meuse, de la Moselle, de la Meurthe-et-Moselle et \u00e0 la Belgique, au Luxembourg et \u00e0 l&rsquo;Allemagne limitrophe<\/p>\n<p class=\"Style271 Style138 Style152\" align=\"justify\">Le travail de recensement des Alternatives et des \u00e9v\u00e8nements militants de l&rsquo;\u00e9t\u00e9 2015 nous permettra d&rsquo;effectuer une premi\u00e8re projection du parcours \u00e0 l&rsquo;occasion de la 2\u00e8me r\u00e9union de pr\u00e9paration de l&rsquo;AlterTour les 15 et 16 novembre \u00e0 Lyon.<\/p>\n<p class=\"Style271 Style138 Style152\" align=\"justify\">Vous pouvez \u00e0 tout moment rejoindre l&rsquo;organisation et nous aider \u00e0 trouver des Alternatives dans les r\u00e9gions s\u00e9lectionn\u00e9es pour l&rsquo;AlterTour 2014<\/p>\n","protected":false},"excerpt":{"rendered":"<p>Les 18 et 19 octobre dernier, une 30aine d&rsquo;Altercyclistes \u00e9tait r\u00e9unie au restaurant les Marmites Volantes \u00e0 Paris Nous avons fait le bilan de l&rsquo;AlterTour 2014 et travaill\u00e9 sur notre mode d&rsquo;organisation pour l&rsquo;\u00e9dition 2015. A la suite des \u00e9changes, un groupe de travail a \u00e9t\u00e9 constitu\u00e9 pour avancer entre &#8230; <\/p>\n<div><a href=\"https:\/\/www.altercampagne.net\/?p=601\" class=\"more-link\">Read More<\/a><\/div>\n","protected":false},"author":214,"featured_media":0,"comment_status":"closed","ping_status":"closed","sticky":false,"template":"","format":"standard","meta":{"footnotes":""},"categories":[3539],"tags":[11,13,22,67,68,69,192],"class_list":["post-601","post","type-post","status-publish","format-standard","hentry","category-we-de-preparation","tag-alternatiba","tag-revue-silence","tag-parcours-2015","tag-marmites-volantes","tag-paris","tag-1ere-pleniere","tag-altertour-2015","no-post-thumbnail"],"yoast_head":"<!-- This site is optimized with the Yoast SEO plugin v27.3 - https:\/\/yoast.com\/product\/yoast-seo-wordpress\/ -->\n<title>1\u00e8re r\u00e9union de pr\u00e9paration de l&#039;AlterTour 2015, les prospections commencent ! - AlterTour<\/title>\n<meta name=\"robots\" content=\"index, follow, max-snippet:-1, max-image-preview:large, max-video-preview:-1\" \/>\n<link rel=\"canonical\" href=\"https:\/\/www.altercampagne.net\/?p=601\" \/>\n<meta property=\"og:locale\" content=\"fr_FR\" \/>\n<meta property=\"og:type\" content=\"article\" \/>\n<meta property=\"og:title\" content=\"1\u00e8re r\u00e9union de pr\u00e9paration de l&#039;AlterTour 2015, les prospections commencent ! - AlterTour\" \/>\n<meta property=\"og:description\" content=\"Les 18 et 19 octobre dernier, une 30aine d&rsquo;Altercyclistes \u00e9tait r\u00e9unie au restaurant les Marmites Volantes \u00e0 Paris Nous avons fait le bilan de l&rsquo;AlterTour 2014 et travaill\u00e9 sur notre mode d&rsquo;organisation pour l&rsquo;\u00e9dition 2015. A la suite des \u00e9changes, un groupe de travail a \u00e9t\u00e9 constitu\u00e9 pour avancer entre ... Read More\" \/>\n<meta property=\"og:url\" content=\"https:\/\/www.altercampagne.net\/?p=601\" \/>\n<meta property=\"og:site_name\" content=\"AlterTour\" \/>\n<meta property=\"article:published_time\" content=\"2014-10-20T10:01:15+00:00\" \/>\n<meta property=\"article:modified_time\" content=\"2020-02-24T16:30:54+00:00\" \/>\n<meta property=\"og:image\" content=\"http:\/\/www.altercampagne.net\/wp-content\/uploads\/2015\/02\/1erepleniere.jpg\" \/>\n<meta name=\"author\" content=\"Mathieu\" \/>\n<meta name=\"twitter:card\" content=\"summary_large_image\" \/>\n<meta name=\"twitter:label1\" content=\"\u00c9crit par\" \/>\n\t<meta name=\"twitter:data1\" content=\"Mathieu\" \/>\n\t<meta name=\"twitter:label2\" content=\"Dur\u00e9e de lecture estim\u00e9e\" \/>\n\t<meta name=\"twitter:data2\" content=\"1 minute\" \/>\n<script type=\"application\/ld+json\" class=\"yoast-schema-graph\">{\"@context\":\"https:\\\/\\\/schema.org\",\"@graph\":[{\"@type\":\"Article\",\"@id\":\"https:\\\/\\\/www.altercampagne.net\\\/?p=601#article\",\"isPartOf\":{\"@id\":\"https:\\\/\\\/www.altercampagne.net\\\/?p=601\"},\"author\":{\"name\":\"Mathieu\",\"@id\":\"https:\\\/\\\/www.altercampagne.net\\\/#\\\/schema\\\/person\\\/0f261460c09e430caa0f9bcffa319109\"},\"headline\":\"1\u00e8re r\u00e9union de pr\u00e9paration de l&rsquo;AlterTour 2015, les prospections commencent !\",\"datePublished\":\"2014-10-20T10:01:15+00:00\",\"dateModified\":\"2020-02-24T16:30:54+00:00\",\"mainEntityOfPage\":{\"@id\":\"https:\\\/\\\/www.altercampagne.net\\\/?p=601\"},\"wordCount\":320,\"image\":{\"@id\":\"https:\\\/\\\/www.altercampagne.net\\\/?p=601#primaryimage\"},\"thumbnailUrl\":\"http:\\\/\\\/www.altercampagne.net\\\/wp-content\\\/uploads\\\/2015\\\/02\\\/1erepleniere.jpg\",\"keywords\":[\"alternatiba\",\"revue Silence\",\"parcours 2015\",\"marmites volantes\",\"paris\",\"1\u00e8re pl\u00e9ni\u00e8re\",\"AlterTour 2015\"],\"articleSection\":[\"WE de pr\u00e9paration\"],\"inLanguage\":\"fr-FR\"},{\"@type\":\"WebPage\",\"@id\":\"https:\\\/\\\/www.altercampagne.net\\\/?p=601\",\"url\":\"https:\\\/\\\/www.altercampagne.net\\\/?p=601\",\"name\":\"1\u00e8re r\u00e9union de pr\u00e9paration de l'AlterTour 2015, les prospections commencent ! - AlterTour\",\"isPartOf\":{\"@id\":\"https:\\\/\\\/www.altercampagne.net\\\/#website\"},\"primaryImageOfPage\":{\"@id\":\"https:\\\/\\\/www.altercampagne.net\\\/?p=601#primaryimage\"},\"image\":{\"@id\":\"https:\\\/\\\/www.altercampagne.net\\\/?p=601#primaryimage\"},\"thumbnailUrl\":\"http:\\\/\\\/www.altercampagne.net\\\/wp-content\\\/uploads\\\/2015\\\/02\\\/1erepleniere.jpg\",\"datePublished\":\"2014-10-20T10:01:15+00:00\",\"dateModified\":\"2020-02-24T16:30:54+00:00\",\"author\":{\"@id\":\"https:\\\/\\\/www.altercampagne.net\\\/#\\\/schema\\\/person\\\/0f261460c09e430caa0f9bcffa319109\"},\"breadcrumb\":{\"@id\":\"https:\\\/\\\/www.altercampagne.net\\\/?p=601#breadcrumb\"},\"inLanguage\":\"fr-FR\",\"potentialAction\":[{\"@type\":\"ReadAction\",\"target\":[\"https:\\\/\\\/www.altercampagne.net\\\/?p=601\"]}]},{\"@type\":\"ImageObject\",\"inLanguage\":\"fr-FR\",\"@id\":\"https:\\\/\\\/www.altercampagne.net\\\/?p=601#primaryimage\",\"url\":\"https:\\\/\\\/www.altercampagne.net\\\/wp-content\\\/uploads\\\/2015\\\/02\\\/1erepleniere.jpg\",\"contentUrl\":\"https:\\\/\\\/www.altercampagne.net\\\/wp-content\\\/uploads\\\/2015\\\/02\\\/1erepleniere.jpg\",\"width\":900,\"height\":600},{\"@type\":\"BreadcrumbList\",\"@id\":\"https:\\\/\\\/www.altercampagne.net\\\/?p=601#breadcrumb\",\"itemListElement\":[{\"@type\":\"ListItem\",\"position\":1,\"name\":\"Accueil\",\"item\":\"https:\\\/\\\/www.altercampagne.net\\\/\"},{\"@type\":\"ListItem\",\"position\":2,\"name\":\"1\u00e8re r\u00e9union de pr\u00e9paration de l&rsquo;AlterTour 2015, les prospections commencent !\"}]},{\"@type\":\"WebSite\",\"@id\":\"https:\\\/\\\/www.altercampagne.net\\\/#website\",\"url\":\"https:\\\/\\\/www.altercampagne.net\\\/\",\"name\":\"AlterTour\",\"description\":\"Reliez les Alternatives \u00e0 v\u00e9lo\",\"potentialAction\":[{\"@type\":\"SearchAction\",\"target\":{\"@type\":\"EntryPoint\",\"urlTemplate\":\"https:\\\/\\\/www.altercampagne.net\\\/?s={search_term_string}\"},\"query-input\":{\"@type\":\"PropertyValueSpecification\",\"valueRequired\":true,\"valueName\":\"search_term_string\"}}],\"inLanguage\":\"fr-FR\"},{\"@type\":\"Person\",\"@id\":\"https:\\\/\\\/www.altercampagne.net\\\/#\\\/schema\\\/person\\\/0f261460c09e430caa0f9bcffa319109\",\"name\":\"Mathieu\",\"image\":{\"@type\":\"ImageObject\",\"inLanguage\":\"fr-FR\",\"@id\":\"https:\\\/\\\/secure.gravatar.com\\\/avatar\\\/aa9d3d24c83f2141e5e2709d0f63d09a99f6be6bb7a50abc4915838d9f54501a?s=96&d=mm&r=g\",\"url\":\"https:\\\/\\\/secure.gravatar.com\\\/avatar\\\/aa9d3d24c83f2141e5e2709d0f63d09a99f6be6bb7a50abc4915838d9f54501a?s=96&d=mm&r=g\",\"contentUrl\":\"https:\\\/\\\/secure.gravatar.com\\\/avatar\\\/aa9d3d24c83f2141e5e2709d0f63d09a99f6be6bb7a50abc4915838d9f54501a?s=96&d=mm&r=g\",\"caption\":\"Mathieu\"},\"url\":\"https:\\\/\\\/www.altercampagne.net\\\/?author=214\"}]}<\/script>\n<!-- \/ Yoast SEO plugin. -->","yoast_head_json":{"title":"1\u00e8re r\u00e9union de pr\u00e9paration de l'AlterTour 2015, les prospections commencent ! - AlterTour","robots":{"index":"index","follow":"follow","max-snippet":"max-snippet:-1","max-image-preview":"max-image-preview:large","max-video-preview":"max-video-preview:-1"},"canonical":"https:\/\/www.altercampagne.net\/?p=601","og_locale":"fr_FR","og_type":"article","og_title":"1\u00e8re r\u00e9union de pr\u00e9paration de l'AlterTour 2015, les prospections commencent ! - AlterTour","og_description":"Les 18 et 19 octobre dernier, une 30aine d&rsquo;Altercyclistes \u00e9tait r\u00e9unie au restaurant les Marmites Volantes \u00e0 Paris Nous avons fait le bilan de l&rsquo;AlterTour 2014 et travaill\u00e9 sur notre mode d&rsquo;organisation pour l&rsquo;\u00e9dition 2015. A la suite des \u00e9changes, un groupe de travail a \u00e9t\u00e9 constitu\u00e9 pour avancer entre ... Read More","og_url":"https:\/\/www.altercampagne.net\/?p=601","og_site_name":"AlterTour","article_published_time":"2014-10-20T10:01:15+00:00","article_modified_time":"2020-02-24T16:30:54+00:00","og_image":[{"url":"http:\/\/www.altercampagne.net\/wp-content\/uploads\/2015\/02\/1erepleniere.jpg","type":"","width":"","height":""}],"author":"Mathieu","twitter_card":"summary_large_image","twitter_misc":{"\u00c9crit par":"Mathieu","Dur\u00e9e de lecture estim\u00e9e":"1 minute"},"schema":{"@context":"https:\/\/schema.org","@graph":[{"@type":"Article","@id":"https:\/\/www.altercampagne.net\/?p=601#article","isPartOf":{"@id":"https:\/\/www.altercampagne.net\/?p=601"},"author":{"name":"Mathieu","@id":"https:\/\/www.altercampagne.net\/#\/schema\/person\/0f261460c09e430caa0f9bcffa319109"},"headline":"1\u00e8re r\u00e9union de pr\u00e9paration de l&rsquo;AlterTour 2015, les prospections commencent !","datePublished":"2014-10-20T10:01:15+00:00","dateModified":"2020-02-24T16:30:54+00:00","mainEntityOfPage":{"@id":"https:\/\/www.altercampagne.net\/?p=601"},"wordCount":320,"image":{"@id":"https:\/\/www.altercampagne.net\/?p=601#primaryimage"},"thumbnailUrl":"http:\/\/www.altercampagne.net\/wp-content\/uploads\/2015\/02\/1erepleniere.jpg","keywords":["alternatiba","revue Silence","parcours 2015","marmites volantes","paris","1\u00e8re pl\u00e9ni\u00e8re","AlterTour 2015"],"articleSection":["WE de pr\u00e9paration"],"inLanguage":"fr-FR"},{"@type":"WebPage","@id":"https:\/\/www.altercampagne.net\/?p=601","url":"https:\/\/www.altercampagne.net\/?p=601","name":"1\u00e8re r\u00e9union de pr\u00e9paration de l'AlterTour 2015, les prospections commencent ! - AlterTour","isPartOf":{"@id":"https:\/\/www.altercampagne.net\/#website"},"primaryImageOfPage":{"@id":"https:\/\/www.altercampagne.net\/?p=601#primaryimage"},"image":{"@id":"https:\/\/www.altercampagne.net\/?p=601#primaryimage"},"thumbnailUrl":"http:\/\/www.altercampagne.net\/wp-content\/uploads\/2015\/02\/1erepleniere.jpg","datePublished":"2014-10-20T10:01:15+00:00","dateModified":"2020-02-24T16:30:54+00:00","author":{"@id":"https:\/\/www.altercampagne.net\/#\/schema\/person\/0f261460c09e430caa0f9bcffa319109"},"breadcrumb":{"@id":"https:\/\/www.altercampagne.net\/?p=601#breadcrumb"},"inLanguage":"fr-FR","potentialAction":[{"@type":"ReadAction","target":["https:\/\/www.altercampagne.net\/?p=601"]}]},{"@type":"ImageObject","inLanguage":"fr-FR","@id":"https:\/\/www.altercampagne.net\/?p=601#primaryimage","url":"https:\/\/www.altercampagne.net\/wp-content\/uploads\/2015\/02\/1erepleniere.jpg","contentUrl":"https:\/\/www.altercampagne.net\/wp-content\/uploads\/2015\/02\/1erepleniere.jpg","width":900,"height":600},{"@type":"BreadcrumbList","@id":"https:\/\/www.altercampagne.net\/?p=601#breadcrumb","itemListElement":[{"@type":"ListItem","position":1,"name":"Accueil","item":"https:\/\/www.altercampagne.net\/"},{"@type":"ListItem","position":2,"name":"1\u00e8re r\u00e9union de pr\u00e9paration de l&rsquo;AlterTour 2015, les prospections commencent !"}]},{"@type":"WebSite","@id":"https:\/\/www.altercampagne.net\/#website","url":"https:\/\/www.altercampagne.net\/","name":"AlterTour","description":"Reliez les Alternatives \u00e0 v\u00e9lo","potentialAction":[{"@type":"SearchAction","target":{"@type":"EntryPoint","urlTemplate":"https:\/\/www.altercampagne.net\/?s={search_term_string}"},"query-input":{"@type":"PropertyValueSpecification","valueRequired":true,"valueName":"search_term_string"}}],"inLanguage":"fr-FR"},{"@type":"Person","@id":"https:\/\/www.altercampagne.net\/#\/schema\/person\/0f261460c09e430caa0f9bcffa319109","name":"Mathieu","image":{"@type":"ImageObject","inLanguage":"fr-FR","@id":"https:\/\/secure.gravatar.com\/avatar\/aa9d3d24c83f2141e5e2709d0f63d09a99f6be6bb7a50abc4915838d9f54501a?s=96&d=mm&r=g","url":"https:\/\/secure.gravatar.com\/avatar\/aa9d3d24c83f2141e5e2709d0f63d09a99f6be6bb7a50abc4915838d9f54501a?s=96&d=mm&r=g","contentUrl":"https:\/\/secure.gravatar.com\/avatar\/aa9d3d24c83f2141e5e2709d0f63d09a99f6be6bb7a50abc4915838d9f54501a?s=96&d=mm&r=g","caption":"Mathieu"},"url":"https:\/\/www.altercampagne.net\/?author=214"}]}},"_links":{"self":[{"href":"https:\/\/www.altercampagne.net\/index.php?rest_route=\/wp\/v2\/posts\/601","targetHints":{"allow":["GET"]}}],"collection":[{"href":"https:\/\/www.altercampagne.net\/index.php?rest_route=\/wp\/v2\/posts"}],"about":[{"href":"https:\/\/www.altercampagne.net\/index.php?rest_route=\/wp\/v2\/types\/post"}],"author":[{"embeddable":true,"href":"https:\/\/www.altercampagne.net\/index.php?rest_route=\/wp\/v2\/users\/214"}],"replies":[{"embeddable":true,"href":"https:\/\/www.altercampagne.net\/index.php?rest_route=%2Fwp%2Fv2%2Fcomments&post=601"}],"version-history":[{"count":1,"href":"https:\/\/www.altercampagne.net\/index.php?rest_route=\/wp\/v2\/posts\/601\/revisions"}],"predecessor-version":[{"id":17464,"href":"https:\/\/www.altercampagne.net\/index.php?rest_route=\/wp\/v2\/posts\/601\/revisions\/17464"}],"wp:attachment":[{"href":"https:\/\/www.altercampagne.net\/index.php?rest_route=%2Fwp%2Fv2%2Fmedia&parent=601"}],"wp:term":[{"taxonomy":"category","embeddable":true,"href":"https:\/\/www.altercampagne.net\/index.php?rest_route=%2Fwp%2Fv2%2Fcategories&post=601"},{"taxonomy":"post_tag","embeddable":true,"href":"https:\/\/www.altercampagne.net\/index.php?rest_route=%2Fwp%2Fv2%2Ftags&post=601"}],"curies":[{"name":"wp","href":"https:\/\/api.w.org\/{rel}","templated":true}]}}