{"id":6156,"date":"2016-09-20T09:28:17","date_gmt":"2016-09-20T07:28:17","guid":{"rendered":"http:\/\/www.altercampagne.net\/?p=6156"},"modified":"2020-02-24T17:20:35","modified_gmt":"2020-02-24T16:20:35","slug":"numero-de-silence-doctobre-vivre-avec-la-foret","status":"publish","type":"post","link":"https:\/\/www.altercampagne.net\/?p=6156","title":{"rendered":"Num\u00e9ro de Silence d&rsquo;octobre : Vivre avec la for\u00eat"},"content":{"rendered":"<p><strong><a href=\"http:\/\/www.altercampagne.net\/wp-content\/uploads\/2016\/09\/449bd.jpg\"><img loading=\"lazy\" decoding=\"async\" class=\" size-full wp-image-6188 alignright\" src=\"http:\/\/www.altercampagne.net\/wp-content\/uploads\/2016\/09\/449bd.jpg\" alt=\"449bd\" width=\"678\" height=\"959\" srcset=\"https:\/\/www.altercampagne.net\/wp-content\/uploads\/2016\/09\/449bd.jpg 678w, https:\/\/www.altercampagne.net\/wp-content\/uploads\/2016\/09\/449bd-212x300.jpg 212w\" sizes=\"auto, (max-width: 678px) 100vw, 678px\" \/><\/a>Un dossier : Vivre avec la for\u00eat<\/strong><\/p>\n<p><span style=\"text-decoration: underline;\">Comment se porte la for\u00eat<\/span> ?<br \/>\nQuel est l&rsquo;\u00e9tat de sant\u00e9 des for\u00eats de France ? Quels sont les diff\u00e9rents acteurs de leur gestion et les int\u00e9r\u00eats en jeu ? Quel avenir se profile pour les for\u00eats ? Trois membres du R\u00e9seau pour les alternatives foresti\u00e8res aident \u00e0 \u00e9clairer la situation.<\/p>\n<p><span style=\"text-decoration: underline;\">Jacques Hazera, la diversit\u00e9 sylvicole au c\u0153ur des Landes<\/span><br \/>\nDans les Landes, o\u00f9 r\u00e8gne la monoculture \u00ab\u00a0industrielle\u00a0\u00bb des pins maritimes, Jacques Hazera est un propri\u00e9taire et expert forestier original. D\u00e9fenseur de la sylviculture irr\u00e9guli\u00e8re, proche de la nature, il exp\u00e9rimente des m\u00e9thodes simples de diversification des essences, de r\u00e9g\u00e9n\u00e9ration naturelle et d\u2019abandon du labour.<\/p>\n<p><span style=\"text-decoration: underline;\">Les charpentiers de la BoisBo\u00eete<\/span><br \/>\nLes charpentiers de La BoisBo\u00eete pratiquent la charpente traditionnelle et artisanale. Pour ne pas limiter les beaux ouvrages en bois aux clients ais\u00e9s, ils accompagnent dans leur d\u00e9marche des auto-constructeurs motiv\u00e9s. Comme beaucoup d&rsquo;autres, pour travailler avec des bois locaux, ils remontent d\u00e8s que possible jusqu&rsquo;\u00e0 la for\u00eat ou au gestionnaire.<\/p>\n<p><span style=\"text-decoration: underline;\">Les paysans forestiers de Treynas<\/span><br \/>\nTreynas. C\u2019est un petit hameau de la commune de Chan\u00e9ac, perch\u00e9 en haute Ard\u00e8che. C\u2019est aussi le nom pour d\u00e9signer la vingtaine d\u2019adultes et d\u2019enfants qui vivent l\u00e0 une aventure collective, en cultivant le lien avec la for\u00eat.<\/p>\n<p>\u00ab\u00a0<span style=\"text-decoration: underline;\">Faire des for\u00eats un sujet de soci\u00e9t\u00e9 ouvert<\/span>\u00a0\u00bb<br \/>\nLe R\u00e9seau pour les alternatives foresti\u00e8res cr\u00e9e un espace pour sortir de la pens\u00e9e unique concernant la gestion de la for\u00eat, pour soutenir et f\u00e9d\u00e9rer des acteurs qui pratiquent des alternatives foresti\u00e8res.<\/p>\n<p><strong>Des articles :<\/strong><br \/>\nUn regard contre-h\u00e9g\u00e9monique sur la guerre au Moyen-Orient<br \/>\nAffiches politiques<br \/>\nL&rsquo;\u00e9ducation, une responsabilit\u00e9 \u00e9cologique<br \/>\nFestina lente, toutes voiles d\u00e9croissantes dehors<br \/>\nQuand des jeunes de banlieue prennent la parole<br \/>\nR\u00e9sistances pacifiques \u00e0 Hawa\u00ef<br \/>\nNotre-Dame-des-Landes : la mobilisation se poursuit !<\/p>\n<p><strong>Des Chroniques et des br\u00e8ves :<\/strong><br \/>\nBonnes nouvelles de la Terre : Les vo\u00fbtes nubiennes : la nouvelle vie d&rsquo;une technique de construction ancestrale<br \/>\nCatastrophe de Fukushima : Besoins \u00e9nerg\u00e9tiques du Japon, des r\u00e9sultats qui contredisent pas mal d\u2019id\u00e9es re\u00e7ues<br \/>\nEn direct de nos colonies : Les dessous fran\u00e7ais de la banane camerounaise<br \/>\nNucl\u00e9aire \u00e7a boum ! : Pr\u00e9sidentielle 2017 : o\u00f9 sont pass\u00e9s les dissidents atomiques ?<br \/>\nL&rsquo;\u00e9cologie, c&rsquo;est la sant\u00e9 : Un million de professionnels du secteur agricole menac\u00e9<\/p>\n<p>Belle journ\u00e9e et bonne lecture !<\/p>\n<p>Retrouvez la Revue Silence en Biocoop et\/ou abonnez-vous directement sur leur site : <a href=\"http:\/\/www.revuesilence.net\/\" target=\"_blank\" rel=\"noopener noreferrer\">http:\/\/www.revuesilence.net\/<\/a><\/p>\n","protected":false},"excerpt":{"rendered":"<p>Un dossier : Vivre avec la for\u00eat Comment se porte la for\u00eat ? Quel est l&rsquo;\u00e9tat de sant\u00e9 des for\u00eats de France ? Quels sont les diff\u00e9rents acteurs de leur gestion et les int\u00e9r\u00eats en jeu ? Quel avenir se profile pour les for\u00eats ? Trois membres du R\u00e9seau pour &#8230; <\/p>\n<div><a href=\"https:\/\/www.altercampagne.net\/?p=6156\" class=\"more-link\">Read More<\/a><\/div>\n","protected":false},"author":214,"featured_media":0,"comment_status":"closed","ping_status":"closed","sticky":false,"template":"","format":"standard","meta":{"footnotes":""},"categories":[3248],"tags":[13,730,2724,2732,2733,2734,2735,2736,2737,2738,2739],"class_list":["post-6156","post","type-post","status-publish","format-standard","hentry","category-silence","tag-revue-silence","tag-foret","tag-silence","tag-octobre-2016","tag-reseau-pour-les-alternatives-forestieres","tag-charpentiers-de-la-boisboite","tag-paysans-forestiers","tag-treynas","tag-chaneac","tag-ardeche","tag-festina-lente","no-post-thumbnail"],"yoast_head":"<!-- This site is optimized with the Yoast SEO plugin v27.3 - https:\/\/yoast.com\/product\/yoast-seo-wordpress\/ -->\n<title>Num\u00e9ro de Silence d&#039;octobre : Vivre avec la for\u00eat - AlterTour<\/title>\n<meta name=\"robots\" content=\"index, follow, max-snippet:-1, max-image-preview:large, max-video-preview:-1\" \/>\n<link rel=\"canonical\" href=\"https:\/\/www.altercampagne.net\/?p=6156\" \/>\n<meta property=\"og:locale\" content=\"fr_FR\" \/>\n<meta property=\"og:type\" content=\"article\" \/>\n<meta property=\"og:title\" content=\"Num\u00e9ro de Silence d&#039;octobre : Vivre avec la for\u00eat - AlterTour\" \/>\n<meta property=\"og:description\" content=\"Un dossier : Vivre avec la for\u00eat Comment se porte la for\u00eat ? Quel est l&rsquo;\u00e9tat de sant\u00e9 des for\u00eats de France ? Quels sont les diff\u00e9rents acteurs de leur gestion et les int\u00e9r\u00eats en jeu ? Quel avenir se profile pour les for\u00eats ? Trois membres du R\u00e9seau pour ... Read More\" \/>\n<meta property=\"og:url\" content=\"https:\/\/www.altercampagne.net\/?p=6156\" \/>\n<meta property=\"og:site_name\" content=\"AlterTour\" \/>\n<meta property=\"article:published_time\" content=\"2016-09-20T07:28:17+00:00\" \/>\n<meta property=\"article:modified_time\" content=\"2020-02-24T16:20:35+00:00\" \/>\n<meta property=\"og:image\" content=\"http:\/\/www.altercampagne.net\/wp-content\/uploads\/2016\/09\/449bd.jpg\" \/>\n<meta name=\"author\" content=\"Mathieu\" \/>\n<meta name=\"twitter:card\" content=\"summary_large_image\" \/>\n<meta name=\"twitter:label1\" content=\"\u00c9crit par\" \/>\n\t<meta name=\"twitter:data1\" content=\"Mathieu\" \/>\n\t<meta name=\"twitter:label2\" content=\"Dur\u00e9e de lecture estim\u00e9e\" \/>\n\t<meta name=\"twitter:data2\" content=\"2 minutes\" \/>\n<script type=\"application\/ld+json\" class=\"yoast-schema-graph\">{\"@context\":\"https:\\\/\\\/schema.org\",\"@graph\":[{\"@type\":\"Article\",\"@id\":\"https:\\\/\\\/www.altercampagne.net\\\/?p=6156#article\",\"isPartOf\":{\"@id\":\"https:\\\/\\\/www.altercampagne.net\\\/?p=6156\"},\"author\":{\"name\":\"Mathieu\",\"@id\":\"https:\\\/\\\/www.altercampagne.net\\\/#\\\/schema\\\/person\\\/0f261460c09e430caa0f9bcffa319109\"},\"headline\":\"Num\u00e9ro de Silence d&rsquo;octobre : Vivre avec la for\u00eat\",\"datePublished\":\"2016-09-20T07:28:17+00:00\",\"dateModified\":\"2020-02-24T16:20:35+00:00\",\"mainEntityOfPage\":{\"@id\":\"https:\\\/\\\/www.altercampagne.net\\\/?p=6156\"},\"wordCount\":454,\"image\":{\"@id\":\"https:\\\/\\\/www.altercampagne.net\\\/?p=6156#primaryimage\"},\"thumbnailUrl\":\"http:\\\/\\\/www.altercampagne.net\\\/wp-content\\\/uploads\\\/2016\\\/09\\\/449bd.jpg\",\"keywords\":[\"revue Silence\",\"for\u00eat\",\"silence\",\"octobre 2016\",\"R\u00e9seau pour les alternatives foresti\u00e8res\",\"charpentiers de La BoisBo\u00eete\",\"paysans forestiers\",\"Treynas\",\"Chan\u00e9ac\",\"Ard\u00e8che\",\"Festina lente\"],\"articleSection\":[\"Silence\"],\"inLanguage\":\"fr-FR\"},{\"@type\":\"WebPage\",\"@id\":\"https:\\\/\\\/www.altercampagne.net\\\/?p=6156\",\"url\":\"https:\\\/\\\/www.altercampagne.net\\\/?p=6156\",\"name\":\"Num\u00e9ro de Silence d'octobre : Vivre avec la for\u00eat - AlterTour\",\"isPartOf\":{\"@id\":\"https:\\\/\\\/www.altercampagne.net\\\/#website\"},\"primaryImageOfPage\":{\"@id\":\"https:\\\/\\\/www.altercampagne.net\\\/?p=6156#primaryimage\"},\"image\":{\"@id\":\"https:\\\/\\\/www.altercampagne.net\\\/?p=6156#primaryimage\"},\"thumbnailUrl\":\"http:\\\/\\\/www.altercampagne.net\\\/wp-content\\\/uploads\\\/2016\\\/09\\\/449bd.jpg\",\"datePublished\":\"2016-09-20T07:28:17+00:00\",\"dateModified\":\"2020-02-24T16:20:35+00:00\",\"author\":{\"@id\":\"https:\\\/\\\/www.altercampagne.net\\\/#\\\/schema\\\/person\\\/0f261460c09e430caa0f9bcffa319109\"},\"breadcrumb\":{\"@id\":\"https:\\\/\\\/www.altercampagne.net\\\/?p=6156#breadcrumb\"},\"inLanguage\":\"fr-FR\",\"potentialAction\":[{\"@type\":\"ReadAction\",\"target\":[\"https:\\\/\\\/www.altercampagne.net\\\/?p=6156\"]}]},{\"@type\":\"ImageObject\",\"inLanguage\":\"fr-FR\",\"@id\":\"https:\\\/\\\/www.altercampagne.net\\\/?p=6156#primaryimage\",\"url\":\"http:\\\/\\\/www.altercampagne.net\\\/wp-content\\\/uploads\\\/2016\\\/09\\\/449bd.jpg\",\"contentUrl\":\"http:\\\/\\\/www.altercampagne.net\\\/wp-content\\\/uploads\\\/2016\\\/09\\\/449bd.jpg\"},{\"@type\":\"BreadcrumbList\",\"@id\":\"https:\\\/\\\/www.altercampagne.net\\\/?p=6156#breadcrumb\",\"itemListElement\":[{\"@type\":\"ListItem\",\"position\":1,\"name\":\"Accueil\",\"item\":\"https:\\\/\\\/www.altercampagne.net\\\/\"},{\"@type\":\"ListItem\",\"position\":2,\"name\":\"Num\u00e9ro de Silence d&rsquo;octobre : Vivre avec la for\u00eat\"}]},{\"@type\":\"WebSite\",\"@id\":\"https:\\\/\\\/www.altercampagne.net\\\/#website\",\"url\":\"https:\\\/\\\/www.altercampagne.net\\\/\",\"name\":\"AlterTour\",\"description\":\"Reliez les Alternatives \u00e0 v\u00e9lo\",\"potentialAction\":[{\"@type\":\"SearchAction\",\"target\":{\"@type\":\"EntryPoint\",\"urlTemplate\":\"https:\\\/\\\/www.altercampagne.net\\\/?s={search_term_string}\"},\"query-input\":{\"@type\":\"PropertyValueSpecification\",\"valueRequired\":true,\"valueName\":\"search_term_string\"}}],\"inLanguage\":\"fr-FR\"},{\"@type\":\"Person\",\"@id\":\"https:\\\/\\\/www.altercampagne.net\\\/#\\\/schema\\\/person\\\/0f261460c09e430caa0f9bcffa319109\",\"name\":\"Mathieu\",\"image\":{\"@type\":\"ImageObject\",\"inLanguage\":\"fr-FR\",\"@id\":\"https:\\\/\\\/secure.gravatar.com\\\/avatar\\\/aa9d3d24c83f2141e5e2709d0f63d09a99f6be6bb7a50abc4915838d9f54501a?s=96&d=mm&r=g\",\"url\":\"https:\\\/\\\/secure.gravatar.com\\\/avatar\\\/aa9d3d24c83f2141e5e2709d0f63d09a99f6be6bb7a50abc4915838d9f54501a?s=96&d=mm&r=g\",\"contentUrl\":\"https:\\\/\\\/secure.gravatar.com\\\/avatar\\\/aa9d3d24c83f2141e5e2709d0f63d09a99f6be6bb7a50abc4915838d9f54501a?s=96&d=mm&r=g\",\"caption\":\"Mathieu\"},\"url\":\"https:\\\/\\\/www.altercampagne.net\\\/?author=214\"}]}<\/script>\n<!-- \/ Yoast SEO plugin. -->","yoast_head_json":{"title":"Num\u00e9ro de Silence d'octobre : Vivre avec la for\u00eat - AlterTour","robots":{"index":"index","follow":"follow","max-snippet":"max-snippet:-1","max-image-preview":"max-image-preview:large","max-video-preview":"max-video-preview:-1"},"canonical":"https:\/\/www.altercampagne.net\/?p=6156","og_locale":"fr_FR","og_type":"article","og_title":"Num\u00e9ro de Silence d'octobre : Vivre avec la for\u00eat - AlterTour","og_description":"Un dossier : Vivre avec la for\u00eat Comment se porte la for\u00eat ? Quel est l&rsquo;\u00e9tat de sant\u00e9 des for\u00eats de France ? Quels sont les diff\u00e9rents acteurs de leur gestion et les int\u00e9r\u00eats en jeu ? Quel avenir se profile pour les for\u00eats ? Trois membres du R\u00e9seau pour ... Read More","og_url":"https:\/\/www.altercampagne.net\/?p=6156","og_site_name":"AlterTour","article_published_time":"2016-09-20T07:28:17+00:00","article_modified_time":"2020-02-24T16:20:35+00:00","og_image":[{"url":"http:\/\/www.altercampagne.net\/wp-content\/uploads\/2016\/09\/449bd.jpg","type":"","width":"","height":""}],"author":"Mathieu","twitter_card":"summary_large_image","twitter_misc":{"\u00c9crit par":"Mathieu","Dur\u00e9e de lecture estim\u00e9e":"2 minutes"},"schema":{"@context":"https:\/\/schema.org","@graph":[{"@type":"Article","@id":"https:\/\/www.altercampagne.net\/?p=6156#article","isPartOf":{"@id":"https:\/\/www.altercampagne.net\/?p=6156"},"author":{"name":"Mathieu","@id":"https:\/\/www.altercampagne.net\/#\/schema\/person\/0f261460c09e430caa0f9bcffa319109"},"headline":"Num\u00e9ro de Silence d&rsquo;octobre : Vivre avec la for\u00eat","datePublished":"2016-09-20T07:28:17+00:00","dateModified":"2020-02-24T16:20:35+00:00","mainEntityOfPage":{"@id":"https:\/\/www.altercampagne.net\/?p=6156"},"wordCount":454,"image":{"@id":"https:\/\/www.altercampagne.net\/?p=6156#primaryimage"},"thumbnailUrl":"http:\/\/www.altercampagne.net\/wp-content\/uploads\/2016\/09\/449bd.jpg","keywords":["revue Silence","for\u00eat","silence","octobre 2016","R\u00e9seau pour les alternatives foresti\u00e8res","charpentiers de La BoisBo\u00eete","paysans forestiers","Treynas","Chan\u00e9ac","Ard\u00e8che","Festina lente"],"articleSection":["Silence"],"inLanguage":"fr-FR"},{"@type":"WebPage","@id":"https:\/\/www.altercampagne.net\/?p=6156","url":"https:\/\/www.altercampagne.net\/?p=6156","name":"Num\u00e9ro de Silence d'octobre : Vivre avec la for\u00eat - AlterTour","isPartOf":{"@id":"https:\/\/www.altercampagne.net\/#website"},"primaryImageOfPage":{"@id":"https:\/\/www.altercampagne.net\/?p=6156#primaryimage"},"image":{"@id":"https:\/\/www.altercampagne.net\/?p=6156#primaryimage"},"thumbnailUrl":"http:\/\/www.altercampagne.net\/wp-content\/uploads\/2016\/09\/449bd.jpg","datePublished":"2016-09-20T07:28:17+00:00","dateModified":"2020-02-24T16:20:35+00:00","author":{"@id":"https:\/\/www.altercampagne.net\/#\/schema\/person\/0f261460c09e430caa0f9bcffa319109"},"breadcrumb":{"@id":"https:\/\/www.altercampagne.net\/?p=6156#breadcrumb"},"inLanguage":"fr-FR","potentialAction":[{"@type":"ReadAction","target":["https:\/\/www.altercampagne.net\/?p=6156"]}]},{"@type":"ImageObject","inLanguage":"fr-FR","@id":"https:\/\/www.altercampagne.net\/?p=6156#primaryimage","url":"http:\/\/www.altercampagne.net\/wp-content\/uploads\/2016\/09\/449bd.jpg","contentUrl":"http:\/\/www.altercampagne.net\/wp-content\/uploads\/2016\/09\/449bd.jpg"},{"@type":"BreadcrumbList","@id":"https:\/\/www.altercampagne.net\/?p=6156#breadcrumb","itemListElement":[{"@type":"ListItem","position":1,"name":"Accueil","item":"https:\/\/www.altercampagne.net\/"},{"@type":"ListItem","position":2,"name":"Num\u00e9ro de Silence d&rsquo;octobre : Vivre avec la for\u00eat"}]},{"@type":"WebSite","@id":"https:\/\/www.altercampagne.net\/#website","url":"https:\/\/www.altercampagne.net\/","name":"AlterTour","description":"Reliez les Alternatives \u00e0 v\u00e9lo","potentialAction":[{"@type":"SearchAction","target":{"@type":"EntryPoint","urlTemplate":"https:\/\/www.altercampagne.net\/?s={search_term_string}"},"query-input":{"@type":"PropertyValueSpecification","valueRequired":true,"valueName":"search_term_string"}}],"inLanguage":"fr-FR"},{"@type":"Person","@id":"https:\/\/www.altercampagne.net\/#\/schema\/person\/0f261460c09e430caa0f9bcffa319109","name":"Mathieu","image":{"@type":"ImageObject","inLanguage":"fr-FR","@id":"https:\/\/secure.gravatar.com\/avatar\/aa9d3d24c83f2141e5e2709d0f63d09a99f6be6bb7a50abc4915838d9f54501a?s=96&d=mm&r=g","url":"https:\/\/secure.gravatar.com\/avatar\/aa9d3d24c83f2141e5e2709d0f63d09a99f6be6bb7a50abc4915838d9f54501a?s=96&d=mm&r=g","contentUrl":"https:\/\/secure.gravatar.com\/avatar\/aa9d3d24c83f2141e5e2709d0f63d09a99f6be6bb7a50abc4915838d9f54501a?s=96&d=mm&r=g","caption":"Mathieu"},"url":"https:\/\/www.altercampagne.net\/?author=214"}]}},"_links":{"self":[{"href":"https:\/\/www.altercampagne.net\/index.php?rest_route=\/wp\/v2\/posts\/6156","targetHints":{"allow":["GET"]}}],"collection":[{"href":"https:\/\/www.altercampagne.net\/index.php?rest_route=\/wp\/v2\/posts"}],"about":[{"href":"https:\/\/www.altercampagne.net\/index.php?rest_route=\/wp\/v2\/types\/post"}],"author":[{"embeddable":true,"href":"https:\/\/www.altercampagne.net\/index.php?rest_route=\/wp\/v2\/users\/214"}],"replies":[{"embeddable":true,"href":"https:\/\/www.altercampagne.net\/index.php?rest_route=%2Fwp%2Fv2%2Fcomments&post=6156"}],"version-history":[{"count":1,"href":"https:\/\/www.altercampagne.net\/index.php?rest_route=\/wp\/v2\/posts\/6156\/revisions"}],"predecessor-version":[{"id":17440,"href":"https:\/\/www.altercampagne.net\/index.php?rest_route=\/wp\/v2\/posts\/6156\/revisions\/17440"}],"wp:attachment":[{"href":"https:\/\/www.altercampagne.net\/index.php?rest_route=%2Fwp%2Fv2%2Fmedia&parent=6156"}],"wp:term":[{"taxonomy":"category","embeddable":true,"href":"https:\/\/www.altercampagne.net\/index.php?rest_route=%2Fwp%2Fv2%2Fcategories&post=6156"},{"taxonomy":"post_tag","embeddable":true,"href":"https:\/\/www.altercampagne.net\/index.php?rest_route=%2Fwp%2Fv2%2Ftags&post=6156"}],"curies":[{"name":"wp","href":"https:\/\/api.w.org\/{rel}","templated":true}]}}