{"id":6181,"date":"2016-11-10T10:00:21","date_gmt":"2016-11-10T09:00:21","guid":{"rendered":"http:\/\/www.altercampagne.net\/?p=6181"},"modified":"2020-02-24T17:19:09","modified_gmt":"2020-02-24T16:19:09","slug":"numero-de-silence-de-decembre-handicaps-conquerir-son-autonomie","status":"publish","type":"post","link":"https:\/\/www.altercampagne.net\/?p=6181","title":{"rendered":"Num\u00e9ro de Silence de d\u00e9cembre : Handicaps, conqu\u00e9rir son autonomie"},"content":{"rendered":"<p><strong><a href=\"http:\/\/www.altercampagne.net\/wp-content\/uploads\/2016\/11\/451bd.jpg\"><img loading=\"lazy\" decoding=\"async\" class=\" size-full wp-image-6182 alignright\" src=\"http:\/\/www.altercampagne.net\/wp-content\/uploads\/2016\/11\/451bd.jpg\" alt=\"451bd\" width=\"678\" height=\"959\" srcset=\"https:\/\/www.altercampagne.net\/wp-content\/uploads\/2016\/11\/451bd.jpg 678w, https:\/\/www.altercampagne.net\/wp-content\/uploads\/2016\/11\/451bd-212x300.jpg 212w\" sizes=\"auto, (max-width: 678px) 100vw, 678px\" \/><\/a>Un dossier : Handicaps, conqu\u00e9rir son autonomie<\/strong><\/p>\n<p><span style=\"text-decoration: underline;\">Handicaps : \u00eatre repr\u00e9sent\u00e9-e par soi-m\u00eame, un combat peu connu<\/span><br \/>\nEn se regroupant, des personnes handicap\u00e9es repr\u00e9sentent et d\u00e9fendent, avec ou sans aide ext\u00e9rieure, leurs propres int\u00e9r\u00eats dans divers espaces publics, politiques ou institutionnels. La sociologue Eve Gardien revient sur l\u2019historique de ces groupes de militant-es fran\u00e7ais-es tentant de repr\u00e9senter leurs pairs, malgr\u00e9 leur difficult\u00e9 \u00e0 se faire reconna\u00eetre.<\/p>\n<p><span style=\"text-decoration: underline;\">Eux aussi, ils peuvent<\/span><br \/>\nFond\u00e9e en 2002, l&rsquo;association Nous aussi est la premi\u00e8re en France \u00e0 \u00eatre enti\u00e8rement g\u00e9r\u00e9e par des personnes d\u00e9ficientes intellectuelles. Elles y revendiquent leur droit \u00e0 fonder une famille, \u00e0 avoir une vie de couple, \u00e0 choisir leur logement, etc. En bref, celui d&rsquo;\u00eatre des citoyen-nes \u00e0 part enti\u00e8re, quelles que soient leurs capacit\u00e9s.<\/p>\n<p><span style=\"text-decoration: underline;\">En Su\u00e8de, des polyhandicap\u00e9-es dirigent leur association<\/span><br \/>\nEn 1992, \u00e0 Stockholm, un groupe de parents a cr\u00e9\u00e9 l&rsquo;organisation non gouvernementale (ONG) JAG afin que leurs enfants, tous polyhandicap\u00e9-es, puissent d\u00e9cider librement de leur vie, sans \u00eatre mis en institution par d\u00e9faut. Magnus And\u00e9n, lui-m\u00eame polyhandicap\u00e9, pr\u00e9side JAG depuis ses d\u00e9buts.<\/p>\n<p>\u00ab\u00a0<span style=\"text-decoration: underline;\">\u00c9couter des voix n&rsquo;est pas une maladie<\/span>\u00a0\u00bb<br \/>\nLe r\u00e9seau Hearing Voices (Entendre des voix) est form\u00e9 de centaines de groupes d&rsquo;appui mutuel dans trente pays. Ces groupes auto-organis\u00e9s de mani\u00e8re horizontale entre personnes qui connaissent une m\u00eame exp\u00e9rience, leur permettent de partager des strat\u00e9gies de gestion de leurs voix et de leurs vies.<\/p>\n<p><span style=\"text-decoration: underline;\">Quels handicaps<\/span> ? <span style=\"text-decoration: underline;\">Quelle autonomie<\/span> ?<br \/>\nCe dossier et les exp\u00e9riences qui y sont pr\u00e9sent\u00e9es ont pos\u00e9 \u00e0 la r\u00e9daction de Silence un certain nombre de questions.<\/p>\n<p><strong>Articles<\/strong><br \/>\nArterra, un palace transform\u00e9 en universit\u00e9 de la transition<br \/>\nApprendre \u00e0 voyager d&rsquo;une langue \u00e0 l&rsquo;autre<br \/>\nContre le pu\u00e7age des troupeaux<br \/>\nDu Congo \u00e0 la France, parcours d&rsquo;une migrante<br \/>\nEtendre la garantie \u00e0 10 ans pour \u00e9viter de jeter nos appareils m\u00e9nagers<br \/>\nS&rsquo;engager contre la soci\u00e9t\u00e9 de consommation en la d\u00e9sertant<br \/>\nPour en finir, une fois pour toutes, avec 2016<\/p>\n<p><strong>Chroniques et des br\u00e8ves<\/strong><br \/>\nBonnes nouvelles de la Terre : Ch\u00e8res abeilles, la ruche horizontale est faite pour vous !<br \/>\nCatastrophe de Fukushima : Japon, un \u00e9tat national nucl\u00e9aire au nom de la s\u00e9curit\u00e9<br \/>\n100 dates f\u00e9ministes pour aujourd&rsquo;hui : 6 octobre 1979 : \u00ab\u00a0Si je veux, quand je veux\u00a0\u00bb<br \/>\nNucl\u00e9aire \u00e7a boum ! : Les essais nucl\u00e9aires interdits ?<br \/>\nL&rsquo;\u00e9cologie, c&rsquo;est la sant\u00e9 : Perturbateurs endocriniens : des avanc\u00e9es encourageantes<br \/>\nEn direct de nos colonies : O\u00f9 vont partir les stocks de l\u2019arm\u00e9e fran\u00e7aise ?<\/p>\n<p>Belle journ\u00e9e et bonne lecture !<\/p>\n<p>Retrouvez la Revue Silence en Biocoop et\/ou abonnez-vous directement sur leur site : <a href=\"http:\/\/www.revuesilence.net\/\" target=\"_blank\" rel=\"noopener noreferrer\">http:\/\/www.revuesilence.net\/<\/a><\/p>\n","protected":false},"excerpt":{"rendered":"<p>Un dossier : Handicaps, conqu\u00e9rir son autonomie Handicaps : \u00eatre repr\u00e9sent\u00e9-e par soi-m\u00eame, un combat peu connu En se regroupant, des personnes handicap\u00e9es repr\u00e9sentent et d\u00e9fendent, avec ou sans aide ext\u00e9rieure, leurs propres int\u00e9r\u00eats dans divers espaces publics, politiques ou institutionnels. La sociologue Eve Gardien revient sur l\u2019historique de ces &#8230; <\/p>\n<div><a href=\"https:\/\/www.altercampagne.net\/?p=6181\" class=\"more-link\">Read More<\/a><\/div>\n","protected":false},"author":214,"featured_media":0,"comment_status":"closed","ping_status":"closed","sticky":false,"template":"","format":"standard","meta":{"footnotes":""},"categories":[3248],"tags":[13,73,271,798,2724,2759,2760,2761,2762,2763],"class_list":["post-6181","post","type-post","status-publish","format-standard","hentry","category-silence","tag-revue-silence","tag-transition","tag-autonomie","tag-fukushima","tag-silence","tag-handicap","tag-decembre-2016","tag-nous-aussi","tag-jag","tag-arterra","no-post-thumbnail"],"yoast_head":"<!-- This site is optimized with the Yoast SEO plugin v27.3 - https:\/\/yoast.com\/product\/yoast-seo-wordpress\/ -->\n<title>Num\u00e9ro de Silence de d\u00e9cembre : Handicaps, conqu\u00e9rir son autonomie - AlterTour<\/title>\n<meta name=\"robots\" content=\"index, follow, max-snippet:-1, max-image-preview:large, max-video-preview:-1\" \/>\n<link rel=\"canonical\" href=\"https:\/\/www.altercampagne.net\/?p=6181\" \/>\n<meta property=\"og:locale\" content=\"fr_FR\" \/>\n<meta property=\"og:type\" content=\"article\" \/>\n<meta property=\"og:title\" content=\"Num\u00e9ro de Silence de d\u00e9cembre : Handicaps, conqu\u00e9rir son autonomie - AlterTour\" \/>\n<meta property=\"og:description\" content=\"Un dossier : Handicaps, conqu\u00e9rir son autonomie Handicaps : \u00eatre repr\u00e9sent\u00e9-e par soi-m\u00eame, un combat peu connu En se regroupant, des personnes handicap\u00e9es repr\u00e9sentent et d\u00e9fendent, avec ou sans aide ext\u00e9rieure, leurs propres int\u00e9r\u00eats dans divers espaces publics, politiques ou institutionnels. La sociologue Eve Gardien revient sur l\u2019historique de ces ... Read More\" \/>\n<meta property=\"og:url\" content=\"https:\/\/www.altercampagne.net\/?p=6181\" \/>\n<meta property=\"og:site_name\" content=\"AlterTour\" \/>\n<meta property=\"article:published_time\" content=\"2016-11-10T09:00:21+00:00\" \/>\n<meta property=\"article:modified_time\" content=\"2020-02-24T16:19:09+00:00\" \/>\n<meta property=\"og:image\" content=\"http:\/\/www.altercampagne.net\/wp-content\/uploads\/2016\/11\/451bd.jpg\" \/>\n<meta name=\"author\" content=\"Mathieu\" \/>\n<meta name=\"twitter:card\" content=\"summary_large_image\" \/>\n<meta name=\"twitter:label1\" content=\"\u00c9crit par\" \/>\n\t<meta name=\"twitter:data1\" content=\"Mathieu\" \/>\n\t<meta name=\"twitter:label2\" content=\"Dur\u00e9e de lecture estim\u00e9e\" \/>\n\t<meta name=\"twitter:data2\" content=\"2 minutes\" \/>\n<script type=\"application\/ld+json\" class=\"yoast-schema-graph\">{\"@context\":\"https:\\\/\\\/schema.org\",\"@graph\":[{\"@type\":\"Article\",\"@id\":\"https:\\\/\\\/www.altercampagne.net\\\/?p=6181#article\",\"isPartOf\":{\"@id\":\"https:\\\/\\\/www.altercampagne.net\\\/?p=6181\"},\"author\":{\"name\":\"Mathieu\",\"@id\":\"https:\\\/\\\/www.altercampagne.net\\\/#\\\/schema\\\/person\\\/0f261460c09e430caa0f9bcffa319109\"},\"headline\":\"Num\u00e9ro de Silence de d\u00e9cembre : Handicaps, conqu\u00e9rir son autonomie\",\"datePublished\":\"2016-11-10T09:00:21+00:00\",\"dateModified\":\"2020-02-24T16:19:09+00:00\",\"mainEntityOfPage\":{\"@id\":\"https:\\\/\\\/www.altercampagne.net\\\/?p=6181\"},\"wordCount\":469,\"image\":{\"@id\":\"https:\\\/\\\/www.altercampagne.net\\\/?p=6181#primaryimage\"},\"thumbnailUrl\":\"http:\\\/\\\/www.altercampagne.net\\\/wp-content\\\/uploads\\\/2016\\\/11\\\/451bd.jpg\",\"keywords\":[\"revue Silence\",\"Transition\",\"autonomie\",\"Fukushima\",\"silence\",\"handicap\",\"d\u00e9cembre 2016\",\"Nous aussi\",\"JAG\",\"Arterra\"],\"articleSection\":[\"Silence\"],\"inLanguage\":\"fr-FR\"},{\"@type\":\"WebPage\",\"@id\":\"https:\\\/\\\/www.altercampagne.net\\\/?p=6181\",\"url\":\"https:\\\/\\\/www.altercampagne.net\\\/?p=6181\",\"name\":\"Num\u00e9ro de Silence de d\u00e9cembre : Handicaps, conqu\u00e9rir son autonomie - AlterTour\",\"isPartOf\":{\"@id\":\"https:\\\/\\\/www.altercampagne.net\\\/#website\"},\"primaryImageOfPage\":{\"@id\":\"https:\\\/\\\/www.altercampagne.net\\\/?p=6181#primaryimage\"},\"image\":{\"@id\":\"https:\\\/\\\/www.altercampagne.net\\\/?p=6181#primaryimage\"},\"thumbnailUrl\":\"http:\\\/\\\/www.altercampagne.net\\\/wp-content\\\/uploads\\\/2016\\\/11\\\/451bd.jpg\",\"datePublished\":\"2016-11-10T09:00:21+00:00\",\"dateModified\":\"2020-02-24T16:19:09+00:00\",\"author\":{\"@id\":\"https:\\\/\\\/www.altercampagne.net\\\/#\\\/schema\\\/person\\\/0f261460c09e430caa0f9bcffa319109\"},\"breadcrumb\":{\"@id\":\"https:\\\/\\\/www.altercampagne.net\\\/?p=6181#breadcrumb\"},\"inLanguage\":\"fr-FR\",\"potentialAction\":[{\"@type\":\"ReadAction\",\"target\":[\"https:\\\/\\\/www.altercampagne.net\\\/?p=6181\"]}]},{\"@type\":\"ImageObject\",\"inLanguage\":\"fr-FR\",\"@id\":\"https:\\\/\\\/www.altercampagne.net\\\/?p=6181#primaryimage\",\"url\":\"http:\\\/\\\/www.altercampagne.net\\\/wp-content\\\/uploads\\\/2016\\\/11\\\/451bd.jpg\",\"contentUrl\":\"http:\\\/\\\/www.altercampagne.net\\\/wp-content\\\/uploads\\\/2016\\\/11\\\/451bd.jpg\"},{\"@type\":\"BreadcrumbList\",\"@id\":\"https:\\\/\\\/www.altercampagne.net\\\/?p=6181#breadcrumb\",\"itemListElement\":[{\"@type\":\"ListItem\",\"position\":1,\"name\":\"Accueil\",\"item\":\"https:\\\/\\\/www.altercampagne.net\\\/\"},{\"@type\":\"ListItem\",\"position\":2,\"name\":\"Num\u00e9ro de Silence de d\u00e9cembre : Handicaps, conqu\u00e9rir son autonomie\"}]},{\"@type\":\"WebSite\",\"@id\":\"https:\\\/\\\/www.altercampagne.net\\\/#website\",\"url\":\"https:\\\/\\\/www.altercampagne.net\\\/\",\"name\":\"AlterTour\",\"description\":\"Reliez les Alternatives \u00e0 v\u00e9lo\",\"potentialAction\":[{\"@type\":\"SearchAction\",\"target\":{\"@type\":\"EntryPoint\",\"urlTemplate\":\"https:\\\/\\\/www.altercampagne.net\\\/?s={search_term_string}\"},\"query-input\":{\"@type\":\"PropertyValueSpecification\",\"valueRequired\":true,\"valueName\":\"search_term_string\"}}],\"inLanguage\":\"fr-FR\"},{\"@type\":\"Person\",\"@id\":\"https:\\\/\\\/www.altercampagne.net\\\/#\\\/schema\\\/person\\\/0f261460c09e430caa0f9bcffa319109\",\"name\":\"Mathieu\",\"image\":{\"@type\":\"ImageObject\",\"inLanguage\":\"fr-FR\",\"@id\":\"https:\\\/\\\/secure.gravatar.com\\\/avatar\\\/aa9d3d24c83f2141e5e2709d0f63d09a99f6be6bb7a50abc4915838d9f54501a?s=96&d=mm&r=g\",\"url\":\"https:\\\/\\\/secure.gravatar.com\\\/avatar\\\/aa9d3d24c83f2141e5e2709d0f63d09a99f6be6bb7a50abc4915838d9f54501a?s=96&d=mm&r=g\",\"contentUrl\":\"https:\\\/\\\/secure.gravatar.com\\\/avatar\\\/aa9d3d24c83f2141e5e2709d0f63d09a99f6be6bb7a50abc4915838d9f54501a?s=96&d=mm&r=g\",\"caption\":\"Mathieu\"},\"url\":\"https:\\\/\\\/www.altercampagne.net\\\/?author=214\"}]}<\/script>\n<!-- \/ Yoast SEO plugin. -->","yoast_head_json":{"title":"Num\u00e9ro de Silence de d\u00e9cembre : Handicaps, conqu\u00e9rir son autonomie - AlterTour","robots":{"index":"index","follow":"follow","max-snippet":"max-snippet:-1","max-image-preview":"max-image-preview:large","max-video-preview":"max-video-preview:-1"},"canonical":"https:\/\/www.altercampagne.net\/?p=6181","og_locale":"fr_FR","og_type":"article","og_title":"Num\u00e9ro de Silence de d\u00e9cembre : Handicaps, conqu\u00e9rir son autonomie - AlterTour","og_description":"Un dossier : Handicaps, conqu\u00e9rir son autonomie Handicaps : \u00eatre repr\u00e9sent\u00e9-e par soi-m\u00eame, un combat peu connu En se regroupant, des personnes handicap\u00e9es repr\u00e9sentent et d\u00e9fendent, avec ou sans aide ext\u00e9rieure, leurs propres int\u00e9r\u00eats dans divers espaces publics, politiques ou institutionnels. La sociologue Eve Gardien revient sur l\u2019historique de ces ... Read More","og_url":"https:\/\/www.altercampagne.net\/?p=6181","og_site_name":"AlterTour","article_published_time":"2016-11-10T09:00:21+00:00","article_modified_time":"2020-02-24T16:19:09+00:00","og_image":[{"url":"http:\/\/www.altercampagne.net\/wp-content\/uploads\/2016\/11\/451bd.jpg","type":"","width":"","height":""}],"author":"Mathieu","twitter_card":"summary_large_image","twitter_misc":{"\u00c9crit par":"Mathieu","Dur\u00e9e de lecture estim\u00e9e":"2 minutes"},"schema":{"@context":"https:\/\/schema.org","@graph":[{"@type":"Article","@id":"https:\/\/www.altercampagne.net\/?p=6181#article","isPartOf":{"@id":"https:\/\/www.altercampagne.net\/?p=6181"},"author":{"name":"Mathieu","@id":"https:\/\/www.altercampagne.net\/#\/schema\/person\/0f261460c09e430caa0f9bcffa319109"},"headline":"Num\u00e9ro de Silence de d\u00e9cembre : Handicaps, conqu\u00e9rir son autonomie","datePublished":"2016-11-10T09:00:21+00:00","dateModified":"2020-02-24T16:19:09+00:00","mainEntityOfPage":{"@id":"https:\/\/www.altercampagne.net\/?p=6181"},"wordCount":469,"image":{"@id":"https:\/\/www.altercampagne.net\/?p=6181#primaryimage"},"thumbnailUrl":"http:\/\/www.altercampagne.net\/wp-content\/uploads\/2016\/11\/451bd.jpg","keywords":["revue Silence","Transition","autonomie","Fukushima","silence","handicap","d\u00e9cembre 2016","Nous aussi","JAG","Arterra"],"articleSection":["Silence"],"inLanguage":"fr-FR"},{"@type":"WebPage","@id":"https:\/\/www.altercampagne.net\/?p=6181","url":"https:\/\/www.altercampagne.net\/?p=6181","name":"Num\u00e9ro de Silence de d\u00e9cembre : Handicaps, conqu\u00e9rir son autonomie - AlterTour","isPartOf":{"@id":"https:\/\/www.altercampagne.net\/#website"},"primaryImageOfPage":{"@id":"https:\/\/www.altercampagne.net\/?p=6181#primaryimage"},"image":{"@id":"https:\/\/www.altercampagne.net\/?p=6181#primaryimage"},"thumbnailUrl":"http:\/\/www.altercampagne.net\/wp-content\/uploads\/2016\/11\/451bd.jpg","datePublished":"2016-11-10T09:00:21+00:00","dateModified":"2020-02-24T16:19:09+00:00","author":{"@id":"https:\/\/www.altercampagne.net\/#\/schema\/person\/0f261460c09e430caa0f9bcffa319109"},"breadcrumb":{"@id":"https:\/\/www.altercampagne.net\/?p=6181#breadcrumb"},"inLanguage":"fr-FR","potentialAction":[{"@type":"ReadAction","target":["https:\/\/www.altercampagne.net\/?p=6181"]}]},{"@type":"ImageObject","inLanguage":"fr-FR","@id":"https:\/\/www.altercampagne.net\/?p=6181#primaryimage","url":"http:\/\/www.altercampagne.net\/wp-content\/uploads\/2016\/11\/451bd.jpg","contentUrl":"http:\/\/www.altercampagne.net\/wp-content\/uploads\/2016\/11\/451bd.jpg"},{"@type":"BreadcrumbList","@id":"https:\/\/www.altercampagne.net\/?p=6181#breadcrumb","itemListElement":[{"@type":"ListItem","position":1,"name":"Accueil","item":"https:\/\/www.altercampagne.net\/"},{"@type":"ListItem","position":2,"name":"Num\u00e9ro de Silence de d\u00e9cembre : Handicaps, conqu\u00e9rir son autonomie"}]},{"@type":"WebSite","@id":"https:\/\/www.altercampagne.net\/#website","url":"https:\/\/www.altercampagne.net\/","name":"AlterTour","description":"Reliez les Alternatives \u00e0 v\u00e9lo","potentialAction":[{"@type":"SearchAction","target":{"@type":"EntryPoint","urlTemplate":"https:\/\/www.altercampagne.net\/?s={search_term_string}"},"query-input":{"@type":"PropertyValueSpecification","valueRequired":true,"valueName":"search_term_string"}}],"inLanguage":"fr-FR"},{"@type":"Person","@id":"https:\/\/www.altercampagne.net\/#\/schema\/person\/0f261460c09e430caa0f9bcffa319109","name":"Mathieu","image":{"@type":"ImageObject","inLanguage":"fr-FR","@id":"https:\/\/secure.gravatar.com\/avatar\/aa9d3d24c83f2141e5e2709d0f63d09a99f6be6bb7a50abc4915838d9f54501a?s=96&d=mm&r=g","url":"https:\/\/secure.gravatar.com\/avatar\/aa9d3d24c83f2141e5e2709d0f63d09a99f6be6bb7a50abc4915838d9f54501a?s=96&d=mm&r=g","contentUrl":"https:\/\/secure.gravatar.com\/avatar\/aa9d3d24c83f2141e5e2709d0f63d09a99f6be6bb7a50abc4915838d9f54501a?s=96&d=mm&r=g","caption":"Mathieu"},"url":"https:\/\/www.altercampagne.net\/?author=214"}]}},"_links":{"self":[{"href":"https:\/\/www.altercampagne.net\/index.php?rest_route=\/wp\/v2\/posts\/6181","targetHints":{"allow":["GET"]}}],"collection":[{"href":"https:\/\/www.altercampagne.net\/index.php?rest_route=\/wp\/v2\/posts"}],"about":[{"href":"https:\/\/www.altercampagne.net\/index.php?rest_route=\/wp\/v2\/types\/post"}],"author":[{"embeddable":true,"href":"https:\/\/www.altercampagne.net\/index.php?rest_route=\/wp\/v2\/users\/214"}],"replies":[{"embeddable":true,"href":"https:\/\/www.altercampagne.net\/index.php?rest_route=%2Fwp%2Fv2%2Fcomments&post=6181"}],"version-history":[{"count":1,"href":"https:\/\/www.altercampagne.net\/index.php?rest_route=\/wp\/v2\/posts\/6181\/revisions"}],"predecessor-version":[{"id":17435,"href":"https:\/\/www.altercampagne.net\/index.php?rest_route=\/wp\/v2\/posts\/6181\/revisions\/17435"}],"wp:attachment":[{"href":"https:\/\/www.altercampagne.net\/index.php?rest_route=%2Fwp%2Fv2%2Fmedia&parent=6181"}],"wp:term":[{"taxonomy":"category","embeddable":true,"href":"https:\/\/www.altercampagne.net\/index.php?rest_route=%2Fwp%2Fv2%2Fcategories&post=6181"},{"taxonomy":"post_tag","embeddable":true,"href":"https:\/\/www.altercampagne.net\/index.php?rest_route=%2Fwp%2Fv2%2Ftags&post=6181"}],"curies":[{"name":"wp","href":"https:\/\/api.w.org\/{rel}","templated":true}]}}