{"id":620,"date":"2014-11-26T12:29:34","date_gmt":"2014-11-26T11:29:34","guid":{"rendered":"http:\/\/www.altercampagne.net\/?p=620"},"modified":"2020-02-24T15:28:30","modified_gmt":"2020-02-24T14:28:30","slug":"assemblee-generale-daltercampagne-le-13-decembre-2014-a-andines","status":"publish","type":"post","link":"https:\/\/www.altercampagne.net\/?p=620","title":{"rendered":"Assembl\u00e9e G\u00e9n\u00e9rale d&rsquo;Altercampagne le 13 d\u00e9cembre 2014 \u00e0 Andines"},"content":{"rendered":"<p class=\"Style271 Style138 Style152\" align=\"justify\">L&rsquo;AG d&rsquo;Altercampagne se tiendra \u00e0 <a href=\"http:\/\/www.andines.com\/\" target=\"_blank\" rel=\"noopener noreferrer\">Andines<\/a> (Saint Denis) le 13 d\u00e9cembre 2014. Vous \u00eates cordialement invit\u00e9s \u00e0 cet \u00e9v\u00e9nement majeur et structurant de la vie de notre association.<\/p>\n<p class=\"Style271 Style138 Style152\" align=\"justify\">Ce sera l&rsquo;occasion de faire le point sur l&rsquo;ann\u00e9e 2014 et choisir ensemble les orientations majeures pour l&rsquo;ann\u00e9e \u00e0 venir.<\/p>\n<p class=\"Style271 Style138 Style152\" align=\"justify\">Vous pouvez nous \u00e9crire vos envies de soutien, de luttes contre diff\u00e9rentes formes de dopages locaux que vous aimeriez voir porter \u00e0 la connaissance de l&rsquo;AG.<\/p>\n<p class=\"Style271 Style138 Style152\" style=\"text-align: center;\" align=\"justify\"><a href=\"http:\/\/www.altercampagne.net\/wp-content\/uploads\/2015\/02\/AT2014-ag.jpg\"><img loading=\"lazy\" decoding=\"async\" class=\"alignnone size-full wp-image-621\" src=\"http:\/\/www.altercampagne.net\/wp-content\/uploads\/2015\/02\/AT2014-ag.jpg\" alt=\"AT2014-ag\" width=\"400\" height=\"542\" srcset=\"https:\/\/www.altercampagne.net\/wp-content\/uploads\/2015\/02\/AT2014-ag.jpg 400w, https:\/\/www.altercampagne.net\/wp-content\/uploads\/2015\/02\/AT2014-ag-221x300.jpg 221w\" sizes=\"auto, (max-width: 400px) 100vw, 400px\" \/><\/a><\/p>\n<p class=\"Style271 Style138 Style152\" align=\"justify\">Soutenez l&rsquo;aventure vers un \u00ab\u00a0monde sans dopage$\u00a0\u00bb, en renouvelant votre <a href=\"http:\/\/altercampagne.free.fr\/pages\/2008\/AlterTour\/doc\/AT2014-Bulletin-Adhesion.pdf\" target=\"_blank\" rel=\"noopener noreferrer\">adh\u00e9sion<\/a> \u00e0 l&rsquo;association.<\/p>\n<p class=\"Style271 Style138 Style152\" align=\"justify\">En cas d&rsquo;absence \u00e0 l&rsquo;AG, renvoyez-nous votre <a href=\"http:\/\/altercampagne.free.fr\/pages\/2008\/AlterTour\/doc\/AT2014_invitation_AGO_13-decembre2014.pdf\" target=\"_blank\" rel=\"noopener noreferrer\">bon pour pouvoir<\/a> afin de vous faire repr\u00e9senter.<\/p>\n<p class=\"Style271 Style138 Style152\" align=\"justify\">Rejoignez-nous samedi matin et toute la journ\u00e9e de dimanche pour participer aux \u00e9changes sur la pr\u00e9paration de l&rsquo;AlterTour 2015.<\/p>\n<p class=\"Style271 Style138 Style152\" align=\"justify\"><span style=\"text-decoration: underline;\">Samedi 13 d\u00e9cembre<\/span><\/p>\n<p class=\"Style271 Style138 Style152\" align=\"left\">09h &#8211; 11h : R\u00e9union pl\u00e9ni\u00e8re de pr\u00e9paration de l&rsquo;AlterTour 2015 : point sur le parcours<\/p>\n<p class=\"Style271 Style138 Style152\" align=\"left\">11h &#8211; 12h : Ouverture de l&rsquo;AG : Bilan financier<br \/>\n12h &#8211; 14h : repas partag\u00e9 avec diffusion des photos de l&rsquo;AT 2014<br \/>\n14h &#8211; 15h : Balade ou intervention militante locale<br \/>\n15h &#8211; 18h : Deuxi\u00e8me partie de l&rsquo;AG : Bilan moral et Renouvellement du Coll\u00e8ge solidaire<\/p>\n<p class=\"Style271 Style138 Style152\" align=\"justify\"><span style=\"text-decoration: underline;\">Dimanche 14 d\u00e9cembre<\/span><\/p>\n<p class=\"Style271 Style138 Style152\" align=\"justify\">09h &#8211; 17h : R\u00e9union pl\u00e9ni\u00e8re de pr\u00e9paration de l&rsquo;AlterTour 2015<\/p>\n<p class=\"Style271 Style138 Style152\" align=\"justify\">Acc\u00e8s :<br \/>\nANDINES SCOP &#8211; 5 rue de La Poterie &#8211; 93200 SAINT DENIS<br \/>\nRER D1 Saint Denis ou T1 March\u00e9 de Saint Denis<\/p>\n","protected":false},"excerpt":{"rendered":"<p>L&rsquo;AG d&rsquo;Altercampagne se tiendra \u00e0 Andines (Saint Denis) le 13 d\u00e9cembre 2014. Vous \u00eates cordialement invit\u00e9s \u00e0 cet \u00e9v\u00e9nement majeur et structurant de la vie de notre association. Ce sera l&rsquo;occasion de faire le point sur l&rsquo;ann\u00e9e 2014 et choisir ensemble les orientations majeures pour l&rsquo;ann\u00e9e \u00e0 venir. Vous pouvez &#8230; <\/p>\n<div><a href=\"https:\/\/www.altercampagne.net\/?p=620\" class=\"more-link\">Read More<\/a><\/div>\n","protected":false},"author":214,"featured_media":0,"comment_status":"closed","ping_status":"closed","sticky":false,"template":"","format":"standard","meta":{"footnotes":""},"categories":[3539],"tags":[36,37,48,49,50,51],"class_list":["post-620","post","type-post","status-publish","format-standard","hentry","category-we-de-preparation","tag-college-solidaire","tag-altercampagne","tag-ag","tag-bilan","tag-50","tag-andines","no-post-thumbnail"],"yoast_head":"<!-- This site is optimized with the Yoast SEO plugin v27.3 - https:\/\/yoast.com\/product\/yoast-seo-wordpress\/ -->\n<title>Assembl\u00e9e G\u00e9n\u00e9rale d&#039;Altercampagne le 13 d\u00e9cembre 2014 \u00e0 Andines - AlterTour<\/title>\n<meta name=\"robots\" content=\"index, follow, max-snippet:-1, max-image-preview:large, max-video-preview:-1\" \/>\n<link rel=\"canonical\" href=\"https:\/\/www.altercampagne.net\/?p=620\" \/>\n<meta property=\"og:locale\" content=\"fr_FR\" \/>\n<meta property=\"og:type\" content=\"article\" \/>\n<meta property=\"og:title\" content=\"Assembl\u00e9e G\u00e9n\u00e9rale d&#039;Altercampagne le 13 d\u00e9cembre 2014 \u00e0 Andines - AlterTour\" \/>\n<meta property=\"og:description\" content=\"L&rsquo;AG d&rsquo;Altercampagne se tiendra \u00e0 Andines (Saint Denis) le 13 d\u00e9cembre 2014. Vous \u00eates cordialement invit\u00e9s \u00e0 cet \u00e9v\u00e9nement majeur et structurant de la vie de notre association. Ce sera l&rsquo;occasion de faire le point sur l&rsquo;ann\u00e9e 2014 et choisir ensemble les orientations majeures pour l&rsquo;ann\u00e9e \u00e0 venir. Vous pouvez ... Read More\" \/>\n<meta property=\"og:url\" content=\"https:\/\/www.altercampagne.net\/?p=620\" \/>\n<meta property=\"og:site_name\" content=\"AlterTour\" \/>\n<meta property=\"article:published_time\" content=\"2014-11-26T11:29:34+00:00\" \/>\n<meta property=\"article:modified_time\" content=\"2020-02-24T14:28:30+00:00\" \/>\n<meta property=\"og:image\" content=\"http:\/\/www.altercampagne.net\/wp-content\/uploads\/2015\/02\/AT2014-ag.jpg\" \/>\n<meta name=\"author\" content=\"Mathieu\" \/>\n<meta name=\"twitter:card\" content=\"summary_large_image\" \/>\n<meta name=\"twitter:label1\" content=\"\u00c9crit par\" \/>\n\t<meta name=\"twitter:data1\" content=\"Mathieu\" \/>\n\t<meta name=\"twitter:label2\" content=\"Dur\u00e9e de lecture estim\u00e9e\" \/>\n\t<meta name=\"twitter:data2\" content=\"1 minute\" \/>\n<script type=\"application\/ld+json\" class=\"yoast-schema-graph\">{\"@context\":\"https:\\\/\\\/schema.org\",\"@graph\":[{\"@type\":\"Article\",\"@id\":\"https:\\\/\\\/www.altercampagne.net\\\/?p=620#article\",\"isPartOf\":{\"@id\":\"https:\\\/\\\/www.altercampagne.net\\\/?p=620\"},\"author\":{\"name\":\"Mathieu\",\"@id\":\"https:\\\/\\\/www.altercampagne.net\\\/#\\\/schema\\\/person\\\/0f261460c09e430caa0f9bcffa319109\"},\"headline\":\"Assembl\u00e9e G\u00e9n\u00e9rale d&rsquo;Altercampagne le 13 d\u00e9cembre 2014 \u00e0 Andines\",\"datePublished\":\"2014-11-26T11:29:34+00:00\",\"dateModified\":\"2020-02-24T14:28:30+00:00\",\"mainEntityOfPage\":{\"@id\":\"https:\\\/\\\/www.altercampagne.net\\\/?p=620\"},\"wordCount\":249,\"image\":{\"@id\":\"https:\\\/\\\/www.altercampagne.net\\\/?p=620#primaryimage\"},\"thumbnailUrl\":\"http:\\\/\\\/www.altercampagne.net\\\/wp-content\\\/uploads\\\/2015\\\/02\\\/AT2014-ag.jpg\",\"keywords\":[\"coll\u00e8ge solidaire\",\"altercampagne\",\"AG\",\"bilan\",\"2014\",\"Andines\"],\"articleSection\":[\"WE de pr\u00e9paration\"],\"inLanguage\":\"fr-FR\"},{\"@type\":\"WebPage\",\"@id\":\"https:\\\/\\\/www.altercampagne.net\\\/?p=620\",\"url\":\"https:\\\/\\\/www.altercampagne.net\\\/?p=620\",\"name\":\"Assembl\u00e9e G\u00e9n\u00e9rale d'Altercampagne le 13 d\u00e9cembre 2014 \u00e0 Andines - AlterTour\",\"isPartOf\":{\"@id\":\"https:\\\/\\\/www.altercampagne.net\\\/#website\"},\"primaryImageOfPage\":{\"@id\":\"https:\\\/\\\/www.altercampagne.net\\\/?p=620#primaryimage\"},\"image\":{\"@id\":\"https:\\\/\\\/www.altercampagne.net\\\/?p=620#primaryimage\"},\"thumbnailUrl\":\"http:\\\/\\\/www.altercampagne.net\\\/wp-content\\\/uploads\\\/2015\\\/02\\\/AT2014-ag.jpg\",\"datePublished\":\"2014-11-26T11:29:34+00:00\",\"dateModified\":\"2020-02-24T14:28:30+00:00\",\"author\":{\"@id\":\"https:\\\/\\\/www.altercampagne.net\\\/#\\\/schema\\\/person\\\/0f261460c09e430caa0f9bcffa319109\"},\"breadcrumb\":{\"@id\":\"https:\\\/\\\/www.altercampagne.net\\\/?p=620#breadcrumb\"},\"inLanguage\":\"fr-FR\",\"potentialAction\":[{\"@type\":\"ReadAction\",\"target\":[\"https:\\\/\\\/www.altercampagne.net\\\/?p=620\"]}]},{\"@type\":\"ImageObject\",\"inLanguage\":\"fr-FR\",\"@id\":\"https:\\\/\\\/www.altercampagne.net\\\/?p=620#primaryimage\",\"url\":\"http:\\\/\\\/www.altercampagne.net\\\/wp-content\\\/uploads\\\/2015\\\/02\\\/AT2014-ag.jpg\",\"contentUrl\":\"http:\\\/\\\/www.altercampagne.net\\\/wp-content\\\/uploads\\\/2015\\\/02\\\/AT2014-ag.jpg\"},{\"@type\":\"BreadcrumbList\",\"@id\":\"https:\\\/\\\/www.altercampagne.net\\\/?p=620#breadcrumb\",\"itemListElement\":[{\"@type\":\"ListItem\",\"position\":1,\"name\":\"Accueil\",\"item\":\"https:\\\/\\\/www.altercampagne.net\\\/\"},{\"@type\":\"ListItem\",\"position\":2,\"name\":\"Assembl\u00e9e G\u00e9n\u00e9rale d&rsquo;Altercampagne le 13 d\u00e9cembre 2014 \u00e0 Andines\"}]},{\"@type\":\"WebSite\",\"@id\":\"https:\\\/\\\/www.altercampagne.net\\\/#website\",\"url\":\"https:\\\/\\\/www.altercampagne.net\\\/\",\"name\":\"AlterTour\",\"description\":\"Reliez les Alternatives \u00e0 v\u00e9lo\",\"potentialAction\":[{\"@type\":\"SearchAction\",\"target\":{\"@type\":\"EntryPoint\",\"urlTemplate\":\"https:\\\/\\\/www.altercampagne.net\\\/?s={search_term_string}\"},\"query-input\":{\"@type\":\"PropertyValueSpecification\",\"valueRequired\":true,\"valueName\":\"search_term_string\"}}],\"inLanguage\":\"fr-FR\"},{\"@type\":\"Person\",\"@id\":\"https:\\\/\\\/www.altercampagne.net\\\/#\\\/schema\\\/person\\\/0f261460c09e430caa0f9bcffa319109\",\"name\":\"Mathieu\",\"image\":{\"@type\":\"ImageObject\",\"inLanguage\":\"fr-FR\",\"@id\":\"https:\\\/\\\/secure.gravatar.com\\\/avatar\\\/aa9d3d24c83f2141e5e2709d0f63d09a99f6be6bb7a50abc4915838d9f54501a?s=96&d=mm&r=g\",\"url\":\"https:\\\/\\\/secure.gravatar.com\\\/avatar\\\/aa9d3d24c83f2141e5e2709d0f63d09a99f6be6bb7a50abc4915838d9f54501a?s=96&d=mm&r=g\",\"contentUrl\":\"https:\\\/\\\/secure.gravatar.com\\\/avatar\\\/aa9d3d24c83f2141e5e2709d0f63d09a99f6be6bb7a50abc4915838d9f54501a?s=96&d=mm&r=g\",\"caption\":\"Mathieu\"},\"url\":\"https:\\\/\\\/www.altercampagne.net\\\/?author=214\"}]}<\/script>\n<!-- \/ Yoast SEO plugin. -->","yoast_head_json":{"title":"Assembl\u00e9e G\u00e9n\u00e9rale d'Altercampagne le 13 d\u00e9cembre 2014 \u00e0 Andines - AlterTour","robots":{"index":"index","follow":"follow","max-snippet":"max-snippet:-1","max-image-preview":"max-image-preview:large","max-video-preview":"max-video-preview:-1"},"canonical":"https:\/\/www.altercampagne.net\/?p=620","og_locale":"fr_FR","og_type":"article","og_title":"Assembl\u00e9e G\u00e9n\u00e9rale d'Altercampagne le 13 d\u00e9cembre 2014 \u00e0 Andines - AlterTour","og_description":"L&rsquo;AG d&rsquo;Altercampagne se tiendra \u00e0 Andines (Saint Denis) le 13 d\u00e9cembre 2014. Vous \u00eates cordialement invit\u00e9s \u00e0 cet \u00e9v\u00e9nement majeur et structurant de la vie de notre association. Ce sera l&rsquo;occasion de faire le point sur l&rsquo;ann\u00e9e 2014 et choisir ensemble les orientations majeures pour l&rsquo;ann\u00e9e \u00e0 venir. Vous pouvez ... Read More","og_url":"https:\/\/www.altercampagne.net\/?p=620","og_site_name":"AlterTour","article_published_time":"2014-11-26T11:29:34+00:00","article_modified_time":"2020-02-24T14:28:30+00:00","og_image":[{"url":"http:\/\/www.altercampagne.net\/wp-content\/uploads\/2015\/02\/AT2014-ag.jpg","type":"","width":"","height":""}],"author":"Mathieu","twitter_card":"summary_large_image","twitter_misc":{"\u00c9crit par":"Mathieu","Dur\u00e9e de lecture estim\u00e9e":"1 minute"},"schema":{"@context":"https:\/\/schema.org","@graph":[{"@type":"Article","@id":"https:\/\/www.altercampagne.net\/?p=620#article","isPartOf":{"@id":"https:\/\/www.altercampagne.net\/?p=620"},"author":{"name":"Mathieu","@id":"https:\/\/www.altercampagne.net\/#\/schema\/person\/0f261460c09e430caa0f9bcffa319109"},"headline":"Assembl\u00e9e G\u00e9n\u00e9rale d&rsquo;Altercampagne le 13 d\u00e9cembre 2014 \u00e0 Andines","datePublished":"2014-11-26T11:29:34+00:00","dateModified":"2020-02-24T14:28:30+00:00","mainEntityOfPage":{"@id":"https:\/\/www.altercampagne.net\/?p=620"},"wordCount":249,"image":{"@id":"https:\/\/www.altercampagne.net\/?p=620#primaryimage"},"thumbnailUrl":"http:\/\/www.altercampagne.net\/wp-content\/uploads\/2015\/02\/AT2014-ag.jpg","keywords":["coll\u00e8ge solidaire","altercampagne","AG","bilan","2014","Andines"],"articleSection":["WE de pr\u00e9paration"],"inLanguage":"fr-FR"},{"@type":"WebPage","@id":"https:\/\/www.altercampagne.net\/?p=620","url":"https:\/\/www.altercampagne.net\/?p=620","name":"Assembl\u00e9e G\u00e9n\u00e9rale d'Altercampagne le 13 d\u00e9cembre 2014 \u00e0 Andines - AlterTour","isPartOf":{"@id":"https:\/\/www.altercampagne.net\/#website"},"primaryImageOfPage":{"@id":"https:\/\/www.altercampagne.net\/?p=620#primaryimage"},"image":{"@id":"https:\/\/www.altercampagne.net\/?p=620#primaryimage"},"thumbnailUrl":"http:\/\/www.altercampagne.net\/wp-content\/uploads\/2015\/02\/AT2014-ag.jpg","datePublished":"2014-11-26T11:29:34+00:00","dateModified":"2020-02-24T14:28:30+00:00","author":{"@id":"https:\/\/www.altercampagne.net\/#\/schema\/person\/0f261460c09e430caa0f9bcffa319109"},"breadcrumb":{"@id":"https:\/\/www.altercampagne.net\/?p=620#breadcrumb"},"inLanguage":"fr-FR","potentialAction":[{"@type":"ReadAction","target":["https:\/\/www.altercampagne.net\/?p=620"]}]},{"@type":"ImageObject","inLanguage":"fr-FR","@id":"https:\/\/www.altercampagne.net\/?p=620#primaryimage","url":"http:\/\/www.altercampagne.net\/wp-content\/uploads\/2015\/02\/AT2014-ag.jpg","contentUrl":"http:\/\/www.altercampagne.net\/wp-content\/uploads\/2015\/02\/AT2014-ag.jpg"},{"@type":"BreadcrumbList","@id":"https:\/\/www.altercampagne.net\/?p=620#breadcrumb","itemListElement":[{"@type":"ListItem","position":1,"name":"Accueil","item":"https:\/\/www.altercampagne.net\/"},{"@type":"ListItem","position":2,"name":"Assembl\u00e9e G\u00e9n\u00e9rale d&rsquo;Altercampagne le 13 d\u00e9cembre 2014 \u00e0 Andines"}]},{"@type":"WebSite","@id":"https:\/\/www.altercampagne.net\/#website","url":"https:\/\/www.altercampagne.net\/","name":"AlterTour","description":"Reliez les Alternatives \u00e0 v\u00e9lo","potentialAction":[{"@type":"SearchAction","target":{"@type":"EntryPoint","urlTemplate":"https:\/\/www.altercampagne.net\/?s={search_term_string}"},"query-input":{"@type":"PropertyValueSpecification","valueRequired":true,"valueName":"search_term_string"}}],"inLanguage":"fr-FR"},{"@type":"Person","@id":"https:\/\/www.altercampagne.net\/#\/schema\/person\/0f261460c09e430caa0f9bcffa319109","name":"Mathieu","image":{"@type":"ImageObject","inLanguage":"fr-FR","@id":"https:\/\/secure.gravatar.com\/avatar\/aa9d3d24c83f2141e5e2709d0f63d09a99f6be6bb7a50abc4915838d9f54501a?s=96&d=mm&r=g","url":"https:\/\/secure.gravatar.com\/avatar\/aa9d3d24c83f2141e5e2709d0f63d09a99f6be6bb7a50abc4915838d9f54501a?s=96&d=mm&r=g","contentUrl":"https:\/\/secure.gravatar.com\/avatar\/aa9d3d24c83f2141e5e2709d0f63d09a99f6be6bb7a50abc4915838d9f54501a?s=96&d=mm&r=g","caption":"Mathieu"},"url":"https:\/\/www.altercampagne.net\/?author=214"}]}},"_links":{"self":[{"href":"https:\/\/www.altercampagne.net\/index.php?rest_route=\/wp\/v2\/posts\/620","targetHints":{"allow":["GET"]}}],"collection":[{"href":"https:\/\/www.altercampagne.net\/index.php?rest_route=\/wp\/v2\/posts"}],"about":[{"href":"https:\/\/www.altercampagne.net\/index.php?rest_route=\/wp\/v2\/types\/post"}],"author":[{"embeddable":true,"href":"https:\/\/www.altercampagne.net\/index.php?rest_route=\/wp\/v2\/users\/214"}],"replies":[{"embeddable":true,"href":"https:\/\/www.altercampagne.net\/index.php?rest_route=%2Fwp%2Fv2%2Fcomments&post=620"}],"version-history":[{"count":1,"href":"https:\/\/www.altercampagne.net\/index.php?rest_route=\/wp\/v2\/posts\/620\/revisions"}],"predecessor-version":[{"id":17372,"href":"https:\/\/www.altercampagne.net\/index.php?rest_route=\/wp\/v2\/posts\/620\/revisions\/17372"}],"wp:attachment":[{"href":"https:\/\/www.altercampagne.net\/index.php?rest_route=%2Fwp%2Fv2%2Fmedia&parent=620"}],"wp:term":[{"taxonomy":"category","embeddable":true,"href":"https:\/\/www.altercampagne.net\/index.php?rest_route=%2Fwp%2Fv2%2Fcategories&post=620"},{"taxonomy":"post_tag","embeddable":true,"href":"https:\/\/www.altercampagne.net\/index.php?rest_route=%2Fwp%2Fv2%2Ftags&post=620"}],"curies":[{"name":"wp","href":"https:\/\/api.w.org\/{rel}","templated":true}]}}