{"id":623,"date":"2014-12-09T12:32:18","date_gmt":"2014-12-09T11:32:18","guid":{"rendered":"http:\/\/www.altercampagne.net\/?p=623"},"modified":"2018-01-10T15:53:54","modified_gmt":"2018-01-10T14:53:54","slug":"coup-de-pouce-au-tour-alternatiba","status":"publish","type":"post","link":"https:\/\/www.altercampagne.net\/?p=623","title":{"rendered":"Coup de pouce au Tour Alternatiba !"},"content":{"rendered":"<p style=\"text-align: justify;\"><span class=\"Style271 Style138 Style152\">Du 5 juin au 26 septembre, <strong>un v\u00e9lo-tandem 4 places va parcourir 5 000 kilom\u00e8tres<\/strong> en passant de ville en village pour montrer que les alternatives au changement climatique existent, qu\u2019elles sont simples, concr\u00e8tes, efficaces, et qu&rsquo;en plus elles contribuent \u00e0 construire un monde meilleur ! Tout au long du parcours, dans 180 territoires-\u00e9tapes, des activit\u00e9s et des animations seront organis\u00e9es pour faire conna\u00eetre ces alternatives aupr\u00e8s de tous les publics, car le changement climatique est l&rsquo;affaire de tous, et que <strong>l&rsquo;avenir de nos enfants en d\u00e9pend<\/strong>. Pour rassembler les 14 900 euros n\u00e9cessaires \u00e0 l&rsquo;achat du v\u00e9lo tandem 4 places Alternatiba, nous lan\u00e7ons cette op\u00e9ration de financement participatif. <\/span><\/p>\n<p style=\"text-align: center;\">[iframe width=\u00a0\u00bb640&Prime; height=\u00a0\u00bb360&Prime; src=\u00a0\u00bbhttps:\/\/www.youtube.com\/embed\/0pCG4TJTGO8&Prime; frameborder=\u00a0\u00bb0&Prime; allowfullscreen]\n<p class=\"Style271 Style138 Style152\" align=\"justify\">Ils ont besoin de vous, d\u00e8s maintenant. Vous aussi, donnez votre <strong><span style=\"text-decoration: underline;\">#coup2pouce<\/span> pour le climat<\/strong>, et participez au financement du Tour Alternatiba !<\/p>\n<p class=\"Style271 Style138 Style152\" align=\"justify\">Le Tour Alternatiba sera un \u201croad-movie climatique\u201d visant \u00e0 mobiliser l\u2019opinion publique en faveur des alternatives au changement climatique. <strong>Le v\u00e9lo 4 places d&rsquo;Alternatiba, symbole de la transition \u00e9cologique, de la solidarit\u00e9 et de l&rsquo;effort collectif<\/strong>, va parcourir 5 000 kilom\u00e8tres \u00e0 travers la France et 5 autres pays europ\u00e9ens. Il partira le 5 juin 2015 de Bayonne, \u00e0 l\u2019occasion de la journ\u00e9e mondiale de l\u2019environnement, et arrivera \u00e0 Paris le 26 septembre 2015, dans le cadre de la Journ\u00e9e de la transition et pour l&rsquo;ouverture d&rsquo;un grand village des alternatives Alternatiba organis\u00e9 \u00e0 Paris. Deux mois plus tard se tiendra \u00e0 Paris la conf\u00e9rence des Nations-Unies sur le Climat (la COP21). C&rsquo;est dans cette perspective historique qu&rsquo;Alternatiba vise \u00e0 mobiliser des dizaines de milliers de citoyens : \u00e0 la fois pour faire conna\u00eetre et grandir toutes les alternatives qui sont d\u00e9j\u00e0 \u00e0 notre port\u00e9e, mais aussi pour faire entendre nos voix par les dirigeants qui devront signer un accord international juste et ambitieux pour le climat.<\/p>\n<p class=\"Style271 Style138 Style152\" align=\"justify\">Pour cela, tout au long de l&rsquo;\u00e9t\u00e9, la quadruplette d&rsquo;Alternatiba entra\u00eenera dans son sillage de nombreuses associations environnementales et sociales, des sections syndicales, mais aussi des clubs de sport, des groupes d\u2019\u00e9tudiants, des collectifs de pompiers, des groupes de musique, de danse, etc. <strong>Des milliers de cyclistes, portant le dossard Alternatiba, suivront ce v\u00e9lo insolite dans son p\u00e9riple, ponctu\u00e9 de 180 \u00e9tapes<\/strong>. 90 r\u00e9unions publiques sont pr\u00e9vues sur ce trajet. Et chaque arriv\u00e9e d\u2019\u00e9tape sera l\u2019occasion d\u2019une grande f\u00eate populaire c\u00e9l\u00e9brant dans la joie l&rsquo;autre monde que nous pouvons construire d\u00e8s maintenant avec les alternatives existantes. Toutes les informations sur le Tour Alternatiba sont ici : <a href=\"http:\/\/www.alternatiba.eu\/tour2015\/\" target=\"_blank\" rel=\"noopener\">www.alternatiba.eu\/tour2015\/<\/a><\/p>\n<p class=\"Style271 Style138 Style152\" align=\"justify\">L&rsquo;op\u00e9ration de financement participatif #coup2pouce servira \u00e0 l&rsquo;achat d&rsquo;une v\u00e9ritable quadruplette, capable de grimper les c\u00f4tes et de parcourir les 5 000 kilom\u00e8tres. Il s&rsquo;agit d&rsquo;un v\u00e9lo de la marque Santana. Le v\u00e9lo est fabriqu\u00e9 \u00e0 la pi\u00e8ce, uniquement sur demande. Il n&rsquo;existe aucune entreprise qui fabrique des v\u00e9los 4 places en quantit\u00e9. Ca sera donc une pi\u00e8ce unique pour un v\u00e9lo qui doit parcourir 5000 km avec 4 personnes dessus. En ajoutant des pi\u00e8ces de rechange n\u00e9cessaire pour s&rsquo;assurer de faire le Tour complet, le prix du v\u00e9lo-tandem est de 14 900 \u20ac.<\/p>\n<p class=\"Style271 Style138 Style152\" align=\"justify\">Pour les d\u00e9tails des frais, les voici :<\/p>\n<p class=\"Style271 Style138 Style152\" align=\"justify\">&#8211; La quadriplette : 12700\u20ac<br \/>\n&#8211; transport Allemagne-France : 440\u20ac<br \/>\n&#8211; 8 p\u00e9dales : 150\u20ac<br \/>\n&#8211; 2 gardes-boue : 30\u20ac<br \/>\n&#8211; porteur-bagages : 100\u20ac<\/p>\n<p class=\"Style271 Style138 Style152\" align=\"justify\">Les pi\u00e8ces de rechange :<br \/>\n&#8211; bo\u00eetier de p\u00e9dalier : 100\u20ac<br \/>\n&#8211; 2 roues : 1000\u20ac<br \/>\n&#8211; manivelle : 200\u20ac<br \/>\n&#8211; freins (frein \u00e0 disque et frein \u00e0 m\u00e2choire) : 180\u20ac<\/p>\n<p class=\"Style271 Style138 Style152\" align=\"justify\">Pour participer au financement du tandem : <a href=\"https:\/\/alternatiba.eu\/crowdfunding\" target=\"_blank\" rel=\"noopener\">https:\/\/alternatiba.eu\/crowdfunding<\/a><\/p>\n","protected":false},"excerpt":{"rendered":"<p>Du 5 juin au 26 septembre, un v\u00e9lo-tandem 4 places va parcourir 5 000 kilom\u00e8tres en passant de ville en village pour montrer que les alternatives au changement climatique existent, qu\u2019elles sont simples, concr\u00e8tes, efficaces, et qu&rsquo;en plus elles contribuent \u00e0 construire un monde meilleur ! Tout au long du &#8230; <\/p>\n<div><a href=\"https:\/\/www.altercampagne.net\/?p=623\" class=\"more-link\">Read More<\/a><\/div>\n","protected":false},"author":214,"featured_media":0,"comment_status":"closed","ping_status":"closed","sticky":false,"template":"","format":"standard","meta":{"footnotes":""},"categories":[1],"tags":[11,45,46,47,218],"class_list":["post-623","post","type-post","status-publish","format-standard","hentry","category-non-classe","tag-alternatiba","tag-tandem","tag-tour","tag-coup-de-pouce","tag-tour-alternatiba","no-post-thumbnail"],"yoast_head":"<!-- This site is optimized with the Yoast SEO plugin v27.3 - https:\/\/yoast.com\/product\/yoast-seo-wordpress\/ -->\n<title>Coup de pouce au Tour Alternatiba ! - AlterTour<\/title>\n<meta name=\"robots\" content=\"index, follow, max-snippet:-1, max-image-preview:large, max-video-preview:-1\" \/>\n<link rel=\"canonical\" href=\"https:\/\/www.altercampagne.net\/?p=623\" \/>\n<meta property=\"og:locale\" content=\"fr_FR\" \/>\n<meta property=\"og:type\" content=\"article\" \/>\n<meta property=\"og:title\" content=\"Coup de pouce au Tour Alternatiba ! - AlterTour\" \/>\n<meta property=\"og:description\" content=\"Du 5 juin au 26 septembre, un v\u00e9lo-tandem 4 places va parcourir 5 000 kilom\u00e8tres en passant de ville en village pour montrer que les alternatives au changement climatique existent, qu\u2019elles sont simples, concr\u00e8tes, efficaces, et qu&rsquo;en plus elles contribuent \u00e0 construire un monde meilleur ! Tout au long du ... Read More\" \/>\n<meta property=\"og:url\" content=\"https:\/\/www.altercampagne.net\/?p=623\" \/>\n<meta property=\"og:site_name\" content=\"AlterTour\" \/>\n<meta property=\"article:published_time\" content=\"2014-12-09T11:32:18+00:00\" \/>\n<meta property=\"article:modified_time\" content=\"2018-01-10T14:53:54+00:00\" \/>\n<meta name=\"author\" content=\"Mathieu\" \/>\n<meta name=\"twitter:card\" content=\"summary_large_image\" \/>\n<meta name=\"twitter:label1\" content=\"\u00c9crit par\" \/>\n\t<meta name=\"twitter:data1\" content=\"Mathieu\" \/>\n\t<meta name=\"twitter:label2\" content=\"Dur\u00e9e de lecture estim\u00e9e\" \/>\n\t<meta name=\"twitter:data2\" content=\"3 minutes\" \/>\n<script type=\"application\/ld+json\" class=\"yoast-schema-graph\">{\"@context\":\"https:\\\/\\\/schema.org\",\"@graph\":[{\"@type\":\"Article\",\"@id\":\"https:\\\/\\\/www.altercampagne.net\\\/?p=623#article\",\"isPartOf\":{\"@id\":\"https:\\\/\\\/www.altercampagne.net\\\/?p=623\"},\"author\":{\"name\":\"Mathieu\",\"@id\":\"https:\\\/\\\/www.altercampagne.net\\\/#\\\/schema\\\/person\\\/0f261460c09e430caa0f9bcffa319109\"},\"headline\":\"Coup de pouce au Tour Alternatiba !\",\"datePublished\":\"2014-12-09T11:32:18+00:00\",\"dateModified\":\"2018-01-10T14:53:54+00:00\",\"mainEntityOfPage\":{\"@id\":\"https:\\\/\\\/www.altercampagne.net\\\/?p=623\"},\"wordCount\":608,\"keywords\":[\"alternatiba\",\"tandem\",\"tour\",\"coup de pouce\",\"Tour Alternatiba\"],\"inLanguage\":\"fr-FR\"},{\"@type\":\"WebPage\",\"@id\":\"https:\\\/\\\/www.altercampagne.net\\\/?p=623\",\"url\":\"https:\\\/\\\/www.altercampagne.net\\\/?p=623\",\"name\":\"Coup de pouce au Tour Alternatiba ! - AlterTour\",\"isPartOf\":{\"@id\":\"https:\\\/\\\/www.altercampagne.net\\\/#website\"},\"datePublished\":\"2014-12-09T11:32:18+00:00\",\"dateModified\":\"2018-01-10T14:53:54+00:00\",\"author\":{\"@id\":\"https:\\\/\\\/www.altercampagne.net\\\/#\\\/schema\\\/person\\\/0f261460c09e430caa0f9bcffa319109\"},\"breadcrumb\":{\"@id\":\"https:\\\/\\\/www.altercampagne.net\\\/?p=623#breadcrumb\"},\"inLanguage\":\"fr-FR\",\"potentialAction\":[{\"@type\":\"ReadAction\",\"target\":[\"https:\\\/\\\/www.altercampagne.net\\\/?p=623\"]}]},{\"@type\":\"BreadcrumbList\",\"@id\":\"https:\\\/\\\/www.altercampagne.net\\\/?p=623#breadcrumb\",\"itemListElement\":[{\"@type\":\"ListItem\",\"position\":1,\"name\":\"Accueil\",\"item\":\"https:\\\/\\\/www.altercampagne.net\\\/\"},{\"@type\":\"ListItem\",\"position\":2,\"name\":\"Coup de pouce au Tour Alternatiba !\"}]},{\"@type\":\"WebSite\",\"@id\":\"https:\\\/\\\/www.altercampagne.net\\\/#website\",\"url\":\"https:\\\/\\\/www.altercampagne.net\\\/\",\"name\":\"AlterTour\",\"description\":\"Reliez les Alternatives \u00e0 v\u00e9lo\",\"potentialAction\":[{\"@type\":\"SearchAction\",\"target\":{\"@type\":\"EntryPoint\",\"urlTemplate\":\"https:\\\/\\\/www.altercampagne.net\\\/?s={search_term_string}\"},\"query-input\":{\"@type\":\"PropertyValueSpecification\",\"valueRequired\":true,\"valueName\":\"search_term_string\"}}],\"inLanguage\":\"fr-FR\"},{\"@type\":\"Person\",\"@id\":\"https:\\\/\\\/www.altercampagne.net\\\/#\\\/schema\\\/person\\\/0f261460c09e430caa0f9bcffa319109\",\"name\":\"Mathieu\",\"image\":{\"@type\":\"ImageObject\",\"inLanguage\":\"fr-FR\",\"@id\":\"https:\\\/\\\/secure.gravatar.com\\\/avatar\\\/aa9d3d24c83f2141e5e2709d0f63d09a99f6be6bb7a50abc4915838d9f54501a?s=96&d=mm&r=g\",\"url\":\"https:\\\/\\\/secure.gravatar.com\\\/avatar\\\/aa9d3d24c83f2141e5e2709d0f63d09a99f6be6bb7a50abc4915838d9f54501a?s=96&d=mm&r=g\",\"contentUrl\":\"https:\\\/\\\/secure.gravatar.com\\\/avatar\\\/aa9d3d24c83f2141e5e2709d0f63d09a99f6be6bb7a50abc4915838d9f54501a?s=96&d=mm&r=g\",\"caption\":\"Mathieu\"},\"url\":\"https:\\\/\\\/www.altercampagne.net\\\/?author=214\"}]}<\/script>\n<!-- \/ Yoast SEO plugin. -->","yoast_head_json":{"title":"Coup de pouce au Tour Alternatiba ! - AlterTour","robots":{"index":"index","follow":"follow","max-snippet":"max-snippet:-1","max-image-preview":"max-image-preview:large","max-video-preview":"max-video-preview:-1"},"canonical":"https:\/\/www.altercampagne.net\/?p=623","og_locale":"fr_FR","og_type":"article","og_title":"Coup de pouce au Tour Alternatiba ! - AlterTour","og_description":"Du 5 juin au 26 septembre, un v\u00e9lo-tandem 4 places va parcourir 5 000 kilom\u00e8tres en passant de ville en village pour montrer que les alternatives au changement climatique existent, qu\u2019elles sont simples, concr\u00e8tes, efficaces, et qu&rsquo;en plus elles contribuent \u00e0 construire un monde meilleur ! Tout au long du ... Read More","og_url":"https:\/\/www.altercampagne.net\/?p=623","og_site_name":"AlterTour","article_published_time":"2014-12-09T11:32:18+00:00","article_modified_time":"2018-01-10T14:53:54+00:00","author":"Mathieu","twitter_card":"summary_large_image","twitter_misc":{"\u00c9crit par":"Mathieu","Dur\u00e9e de lecture estim\u00e9e":"3 minutes"},"schema":{"@context":"https:\/\/schema.org","@graph":[{"@type":"Article","@id":"https:\/\/www.altercampagne.net\/?p=623#article","isPartOf":{"@id":"https:\/\/www.altercampagne.net\/?p=623"},"author":{"name":"Mathieu","@id":"https:\/\/www.altercampagne.net\/#\/schema\/person\/0f261460c09e430caa0f9bcffa319109"},"headline":"Coup de pouce au Tour Alternatiba !","datePublished":"2014-12-09T11:32:18+00:00","dateModified":"2018-01-10T14:53:54+00:00","mainEntityOfPage":{"@id":"https:\/\/www.altercampagne.net\/?p=623"},"wordCount":608,"keywords":["alternatiba","tandem","tour","coup de pouce","Tour Alternatiba"],"inLanguage":"fr-FR"},{"@type":"WebPage","@id":"https:\/\/www.altercampagne.net\/?p=623","url":"https:\/\/www.altercampagne.net\/?p=623","name":"Coup de pouce au Tour Alternatiba ! - AlterTour","isPartOf":{"@id":"https:\/\/www.altercampagne.net\/#website"},"datePublished":"2014-12-09T11:32:18+00:00","dateModified":"2018-01-10T14:53:54+00:00","author":{"@id":"https:\/\/www.altercampagne.net\/#\/schema\/person\/0f261460c09e430caa0f9bcffa319109"},"breadcrumb":{"@id":"https:\/\/www.altercampagne.net\/?p=623#breadcrumb"},"inLanguage":"fr-FR","potentialAction":[{"@type":"ReadAction","target":["https:\/\/www.altercampagne.net\/?p=623"]}]},{"@type":"BreadcrumbList","@id":"https:\/\/www.altercampagne.net\/?p=623#breadcrumb","itemListElement":[{"@type":"ListItem","position":1,"name":"Accueil","item":"https:\/\/www.altercampagne.net\/"},{"@type":"ListItem","position":2,"name":"Coup de pouce au Tour Alternatiba !"}]},{"@type":"WebSite","@id":"https:\/\/www.altercampagne.net\/#website","url":"https:\/\/www.altercampagne.net\/","name":"AlterTour","description":"Reliez les Alternatives \u00e0 v\u00e9lo","potentialAction":[{"@type":"SearchAction","target":{"@type":"EntryPoint","urlTemplate":"https:\/\/www.altercampagne.net\/?s={search_term_string}"},"query-input":{"@type":"PropertyValueSpecification","valueRequired":true,"valueName":"search_term_string"}}],"inLanguage":"fr-FR"},{"@type":"Person","@id":"https:\/\/www.altercampagne.net\/#\/schema\/person\/0f261460c09e430caa0f9bcffa319109","name":"Mathieu","image":{"@type":"ImageObject","inLanguage":"fr-FR","@id":"https:\/\/secure.gravatar.com\/avatar\/aa9d3d24c83f2141e5e2709d0f63d09a99f6be6bb7a50abc4915838d9f54501a?s=96&d=mm&r=g","url":"https:\/\/secure.gravatar.com\/avatar\/aa9d3d24c83f2141e5e2709d0f63d09a99f6be6bb7a50abc4915838d9f54501a?s=96&d=mm&r=g","contentUrl":"https:\/\/secure.gravatar.com\/avatar\/aa9d3d24c83f2141e5e2709d0f63d09a99f6be6bb7a50abc4915838d9f54501a?s=96&d=mm&r=g","caption":"Mathieu"},"url":"https:\/\/www.altercampagne.net\/?author=214"}]}},"_links":{"self":[{"href":"https:\/\/www.altercampagne.net\/index.php?rest_route=\/wp\/v2\/posts\/623","targetHints":{"allow":["GET"]}}],"collection":[{"href":"https:\/\/www.altercampagne.net\/index.php?rest_route=\/wp\/v2\/posts"}],"about":[{"href":"https:\/\/www.altercampagne.net\/index.php?rest_route=\/wp\/v2\/types\/post"}],"author":[{"embeddable":true,"href":"https:\/\/www.altercampagne.net\/index.php?rest_route=\/wp\/v2\/users\/214"}],"replies":[{"embeddable":true,"href":"https:\/\/www.altercampagne.net\/index.php?rest_route=%2Fwp%2Fv2%2Fcomments&post=623"}],"version-history":[{"count":0,"href":"https:\/\/www.altercampagne.net\/index.php?rest_route=\/wp\/v2\/posts\/623\/revisions"}],"wp:attachment":[{"href":"https:\/\/www.altercampagne.net\/index.php?rest_route=%2Fwp%2Fv2%2Fmedia&parent=623"}],"wp:term":[{"taxonomy":"category","embeddable":true,"href":"https:\/\/www.altercampagne.net\/index.php?rest_route=%2Fwp%2Fv2%2Fcategories&post=623"},{"taxonomy":"post_tag","embeddable":true,"href":"https:\/\/www.altercampagne.net\/index.php?rest_route=%2Fwp%2Fv2%2Ftags&post=623"}],"curies":[{"name":"wp","href":"https:\/\/api.w.org\/{rel}","templated":true}]}}